{"id":44693,"date":"2024-01-31T17:15:39","date_gmt":"2024-01-31T16:15:39","guid":{"rendered":"https:\/\/www.alqueria.es\/blogs\/alqueriarojaverde\/?p=44693"},"modified":"2024-01-31T13:22:30","modified_gmt":"2024-01-31T12:22:30","slug":"caminando-hacia-la-paz","status":"publish","type":"post","link":"https:\/\/www.alqueria.es\/blogs\/alqueriarojaverde\/2024\/01\/31\/caminando-hacia-la-paz\/","title":{"rendered":"Celebramos el d\u00eda escolar de la paz"},"content":{"rendered":"<h2>El D\u00eda Escolar de la Paz:<\/h2>\n<p>Cada 30 de enero, en todas las escuelas del pa\u00eds, se celebra el D\u00eda Escolar de la No Violencia y la Paz. Esta fecha, promovida por UNICEF desde 1964, tiene como objetivo fomentar la educaci\u00f3n en valores de paz, solidaridad, respeto y no violencia.<\/p>\n<h6>\u00bfPor qu\u00e9 es importante trabajar el&nbsp;D\u00eda Escolar de la Paz?<\/h6>\n<p>Adem\u00e1s de ser obligatorio seg\u00fan la legislaci\u00f3n educativa, este brinda una oportunidad invaluable para reflexionar sobre la importancia de promover una cultura de paz en nuestras aulas y en el mundo en general. Trabajarlo fomenta la convivencia pac\u00edfica y el respeto hacia los dem\u00e1s, ayudando a crear un ambiente escolar seguro y armonioso.<\/p>\n<ul>\n<li>Hemos celebrado el<strong>&nbsp;D\u00eda&nbsp; Escolar de la Paz<\/strong>, de una forma muy significativa para la comunidad educativa Alquer\u00eda Educaci\u00f3n.<\/li>\n<\/ul>\n<p>Desde hace muchos a\u00f1os este d\u00eda de significaci\u00f3n especial, reflejado como tal en nuestro Plan de Centro, se celebra a trav\u00e9s de la participaci\u00f3n activa de todo el alumnado del colegio en una actividad com\u00fan. La conformaci\u00f3n de grupos interniveles, compuestos por ni\u00f1os y ni\u00f1as de edades heterog\u00e9neas (3 a 12 a\u00f1os), aporta una singular riqueza en cuanto a interacciones sociales, experiencias y por supuesto convivencia. El ciclo 0-3 a\u00f1os participa del \u00abresultado final\u00bb o exposici\u00f3n, con su aportaci\u00f3n creativa particular.<\/p>\n<p>La experiencia llevada a cabo ha tenido por t\u00edtulo:<\/p>\n<div id=\"v1mainscreen\">\n<h1 class=\"v1voice\">\u00abCAMINANDO HACIA LA PAZ\u00bb<\/h1>\n<div id=\"v1mainscreencontent\">\n<div id=\"v1mailview-right\" class=\"v1uibox\">\n<div id=\"v1messagecontent\">\n<div class=\"v1leftcol\">\n<div id=\"v1messagebody\">\n<div id=\"v1message-htmlpart3\" class=\"v1message-htmlpart\">\n<div class=\"v1rcmBody\">\n<p>La propuesta ha sido la elaboraci\u00f3n de&nbsp;<strong>caminos <\/strong>que nos conducen a la PAZ , a trav\u00e9s de&nbsp;<strong>huellas <\/strong>que vamos dejando, llenas de mensajes para conseguir la paz. Caminos compuestos por&nbsp; las huellas impresas (algunas correspondientes a cada uno de las alumnas y alumnos). Elegimos siluetas de &nbsp;huellas o pasos&nbsp; que van dejando mensajes o palabras que &nbsp;definen la paz.<\/p>\n<p>&#8211; Reflexionamos a partir de mensajes &nbsp;y la propia experiencia, sobre el significado y sentido de la paz.<br \/>\n&#8211; Relacionamos con los sentimientos pacifistas y las emociones.<br \/>\n&#8211; Conocemos la exposici\u00f3n visual como recurso para transformar las ideas en imagen.<br \/>\n&#8211; Trabajamos en grupo internivel de manera colaborativa utilizando diferentes recursos.<\/p>\n<p>Nos reunimos en grupos heterog\u00e9neos interniveles, hablamos sobre la paz y c\u00f3mo podemos tenerla en el d\u00eda a d\u00eda para mejorar nuestra convivencia. Conversamos sobre el significado de la palabra paz y qu\u00e9 mensajes pueden llevarnos a evocar sentimientos pac\u00edficos. C\u00f3mo podemos buscar soluciones para eliminar acciones, palabras, mensajes que pueden herir a los dem\u00e1s. En primaria tambi\u00e9n&nbsp; haciendo referencia a personas conocidas que&nbsp; HAN&nbsp; DEJADO SU HUELLA, siendo activistas para la paz mundial, as\u00ed como las&nbsp; acciones se realizan en el ambiente escolar para que la convivencia nos la proporcione.<\/p>\n<p>Estos&nbsp; pasos peque\u00f1os y otros m\u00e1s grandes, nos llevan a diferentes caminos que van hacia los valores , que&nbsp; son el final de cada uno de los caminos.<\/p>\n<p>Para hacer los mensajes&nbsp; ponemos al alumnado en situaci\u00f3n de reflexi\u00f3n, pensando que la paz no es solo ausencia de guerra, la paz tambi\u00e9n est\u00e1 en las peque\u00f1as cosas como una sonrisa, una caricia y las grandes como la igualdad, la tolerancia.<\/p>\n<p>Formamos un recorrido por el colegio de <strong>\u201cCAMINOS DE PAZ\u00bb.<\/strong><\/p>\n<p><img data-recalc-dims=\"1\" decoding=\"async\" data-attachment-id=\"44696\" data-permalink=\"https:\/\/www.alqueria.es\/blogs\/alqueriarojaverde\/2024\/01\/31\/caminando-hacia-la-paz\/pngtree-illustration-of-vector-icon-depicting-footprints-in-a-path-isolated-on-a-white-background-vector-png-image_47603306\/\" data-orig-file=\"https:\/\/i0.wp.com\/cloud.alqueria.es\/wp-content\/uploads\/sites\/8\/2024\/01\/pngtree-illustration-of-vector-icon-depicting-footprints-in-a-path-isolated-on-a-white-background-vector-png-image_47603306.jpg?fit=1920%2C640&amp;ssl=1\" data-orig-size=\"1920,640\" data-comments-opened=\"1\" data-image-meta=\"{&quot;aperture&quot;:&quot;0&quot;,&quot;credit&quot;:&quot;&quot;,&quot;camera&quot;:&quot;&quot;,&quot;caption&quot;:&quot;&quot;,&quot;created_timestamp&quot;:&quot;0&quot;,&quot;copyright&quot;:&quot;&quot;,&quot;focal_length&quot;:&quot;0&quot;,&quot;iso&quot;:&quot;0&quot;,&quot;shutter_speed&quot;:&quot;0&quot;,&quot;title&quot;:&quot;&quot;,&quot;orientation&quot;:&quot;0&quot;}\" data-image-title=\"pngtree-illustration-of-vector-icon-depicting-footprints-in-a-path-isolated-on-a-white-background-vector-png-image_47603306\" data-image-description=\"\" data-image-caption=\"\" data-large-file=\"https:\/\/i0.wp.com\/cloud.alqueria.es\/wp-content\/uploads\/sites\/8\/2024\/01\/pngtree-illustration-of-vector-icon-depicting-footprints-in-a-path-isolated-on-a-white-background-vector-png-image_47603306.jpg?fit=474%2C158&amp;ssl=1\" src=\"https:\/\/i0.wp.com\/cloud.alqueria.es\/wp-content\/uploads\/sites\/8\/2024\/01\/pngtree-illustration-of-vector-icon-depicting-footprints-in-a-path-isolated-on-a-white-background-vector-png-image_47603306-300x100.jpg?resize=300%2C100&#038;ssl=1\" class=\"aligncenter size-medium wp-image-44696\" width=\"300\" height=\"100\" alt=\"\" srcset=\"https:\/\/cloud.alqueria.es\/wp-content\/uploads\/sites\/8\/2024\/01\/pngtree-illustration-of-vector-icon-depicting-footprints-in-a-path-isolated-on-a-white-background-vector-png-image_47603306.jpg 300w, https:\/\/cloud.alqueria.es\/wp-content\/uploads\/sites\/8\/2024\/01\/pngtree-illustration-of-vector-icon-depicting-footprints-in-a-path-isolated-on-a-white-background-vector-png-image_47603306.jpg 1024w, https:\/\/cloud.alqueria.es\/wp-content\/uploads\/sites\/8\/2024\/01\/pngtree-illustration-of-vector-icon-depicting-footprints-in-a-path-isolated-on-a-white-background-vector-png-image_47603306.jpg 768w, https:\/\/cloud.alqueria.es\/wp-content\/uploads\/sites\/8\/2024\/01\/pngtree-illustration-of-vector-icon-depicting-footprints-in-a-path-isolated-on-a-white-background-vector-png-image_47603306.jpg 1536w, https:\/\/cloud.alqueria.es\/wp-content\/uploads\/sites\/8\/2024\/01\/pngtree-illustration-of-vector-icon-depicting-footprints-in-a-path-isolated-on-a-white-background-vector-png-image_47603306.jpg 1920w, https:\/\/cloud.alqueria.es\/wp-content\/uploads\/sites\/8\/2024\/01\/pngtree-illustration-of-vector-icon-depicting-footprints-in-a-path-isolated-on-a-white-background-vector-png-image_47603306.jpg 948w, https:\/\/cloud.alqueria.es\/wp-content\/uploads\/sites\/8\/2024\/01\/pngtree-illustration-of-vector-icon-depicting-footprints-in-a-path-isolated-on-a-white-background-vector-png-image_47603306.jpg 1422w\" sizes=\"(max-width: 300px) 100vw, 300px\" \/><\/p>\n<p>Hemos vivido un&nbsp; d\u00eda de forma muy emotiva al poder disfrutar del intercambio entre grupos y la participaci\u00f3n\/colaboraci\u00f3n de todo el alumnado\/profesorado del centro en una misma actividad, en un clima escolar en PAZ. Se han vivido momentos de encuentro, di\u00e1logo, debate, compa\u00f1erismo, ayuda, cuidado, sorpresa, cooperaci\u00f3n, alegr\u00eda\u2026<\/p>\n<p><strong>\u00a1\u00a1\u00a1DEJA TU HUELLA!!!<\/strong><\/p>\n<p>A continuaci\u00f3n os dejamos un breve documento gr\u00e1fico de algunos momentos vividos, que pensamos os acercar\u00e1 bastante m\u00e1s a la jornada&nbsp; maravillosa que hemos compartido.<\/p>\n<p><div class=\"a25-CTUOC-hidding-box\" data-original-content=\"&lt;iframe loading=&quot;lazy&quot; title=&quot;CAMINANDO HACIA LA PAZ&quot; src=&quot;https:\/\/player.vimeo.com\/video\/908011887?dnt=1&amp;amp;app_id=122963&quot; width=&quot;474&quot; height=&quot;356&quot; frameborder=&quot;0&quot; allow=&quot;autoplay; fullscreen; picture-in-picture; clipboard-write&quot;&gt;&lt;\/iframe&gt;\">Esta p\u00e1gina incluye contenido multimedia que requiere aceptar todas las cookies. Pulse aqu\u00ed para abrir la configuraci\u00f3n de cookies.<\/div><\/p>\n<\/div>\n<p>Un saludo&nbsp; del equipo Alquer\u00eda Educaci\u00f3n<\/p>\n<\/div>\n<\/div>\n<\/div>\n<\/div>\n<\/div>\n<\/div>\n<\/div>\n","protected":false},"excerpt":{"rendered":"<p>El D\u00eda Escolar de la Paz: Cada 30 de enero, en todas las escuelas del pa\u00eds, se celebra el D\u00eda Escolar de la No Violencia y la Paz. Esta fecha, promovida por UNICEF desde 1964, tiene como objetivo fomentar la educaci\u00f3n en valores de paz, solidaridad, respeto y no violencia. \u00bfPor qu\u00e9 es importante trabajar &hellip; <a href=\"https:\/\/www.alqueria.es\/blogs\/alqueriarojaverde\/2024\/01\/31\/caminando-hacia-la-paz\/\" class=\"more-link\">Seguir leyendo <span class=\"screen-reader-text\">Celebramos el d\u00eda escolar de la paz<\/span> <span class=\"meta-nav\">&rarr;<\/span><\/a><\/p>\n","protected":false},"author":19,"featured_media":0,"comment_status":"open","ping_status":"open","sticky":false,"template":"","format":"standard","meta":{"jetpack_post_was_ever_published":false,"_jetpack_newsletter_access":"","_jetpack_dont_email_post_to_subs":false,"_jetpack_newsletter_tier_id":0,"_jetpack_memberships_contains_paywalled_content":false,"_jetpack_memberships_contains_paid_content":false,"footnotes":"","jetpack_publicize_message":"","jetpack_publicize_feature_enabled":true,"jetpack_social_post_already_shared":true,"jetpack_social_options":{"image_generator_settings":{"template":"highway","default_image_id":0,"font":"","enabled":false},"version":2}},"categories":[6,7],"tags":[132,1713],"class_list":["post-44693","post","type-post","status-publish","format-standard","hentry","category-clase-roja-4-5-anos","category-clase-verde-5-6-anos","tag-dia-de-la-paz","tag-dia-significacion-especial"],"jetpack_publicize_connections":[],"jetpack_featured_media_url":"","jetpack_sharing_enabled":true,"jetpack_shortlink":"https:\/\/wp.me\/p4lFbP-bCR","_links":{"self":[{"href":"https:\/\/www.alqueria.es\/blogs\/alqueriarojaverde\/wp-json\/wp\/v2\/posts\/44693","targetHints":{"allow":["GET"]}}],"collection":[{"href":"https:\/\/www.alqueria.es\/blogs\/alqueriarojaverde\/wp-json\/wp\/v2\/posts"}],"about":[{"href":"https:\/\/www.alqueria.es\/blogs\/alqueriarojaverde\/wp-json\/wp\/v2\/types\/post"}],"author":[{"embeddable":true,"href":"https:\/\/www.alqueria.es\/blogs\/alqueriarojaverde\/wp-json\/wp\/v2\/users\/19"}],"replies":[{"embeddable":true,"href":"https:\/\/www.alqueria.es\/blogs\/alqueriarojaverde\/wp-json\/wp\/v2\/comments?post=44693"}],"version-history":[{"count":5,"href":"https:\/\/www.alqueria.es\/blogs\/alqueriarojaverde\/wp-json\/wp\/v2\/posts\/44693\/revisions"}],"predecessor-version":[{"id":44699,"href":"https:\/\/www.alqueria.es\/blogs\/alqueriarojaverde\/wp-json\/wp\/v2\/posts\/44693\/revisions\/44699"}],"wp:attachment":[{"href":"https:\/\/www.alqueria.es\/blogs\/alqueriarojaverde\/wp-json\/wp\/v2\/media?parent=44693"}],"wp:term":[{"taxonomy":"category","embeddable":true,"href":"https:\/\/www.alqueria.es\/blogs\/alqueriarojaverde\/wp-json\/wp\/v2\/categories?post=44693"},{"taxonomy":"post_tag","embeddable":true,"href":"https:\/\/www.alqueria.es\/blogs\/alqueriarojaverde\/wp-json\/wp\/v2\/tags?post=44693"}],"curies":[{"name":"wp","href":"https:\/\/api.w.org\/{rel}","templated":true}]}}