{"id":45446,"date":"2024-02-26T17:58:00","date_gmt":"2024-02-26T16:58:00","guid":{"rendered":"https:\/\/www.alqueria.es\/blogs\/alqueriarojaverde\/?p=45446"},"modified":"2024-02-26T17:58:00","modified_gmt":"2024-02-26T16:58:00","slug":"carnaval-2024-grupos-rojo-y-verde","status":"publish","type":"post","link":"https:\/\/www.alqueria.es\/blogs\/alqueriarojaverde\/2024\/02\/26\/carnaval-2024-grupos-rojo-y-verde\/","title":{"rendered":"\u00a1CARNAVAL 2024! GRUPOS ROJO Y VERDE"},"content":{"rendered":"<p style=\"text-align: center\"><strong>El pasado\u00a0 viernes el tiempo nos concedi\u00f3 una tregua y pudimos<\/strong> <strong>celebrar nuestra tradicional <span style=\"color: #ff0000\">fiesta de Carnaval.<\/span><\/strong><\/p>\n<p>Comenzamos la jornada poniendo en com\u00fan nuestros disfraces y haci\u00e9ndonos unas simp\u00e1ticas fotos de grupo en el jard\u00edn.<\/p>\n<p style=\"text-align: center\"><span style=\"color: #000000\"><strong> \u00a1ESTABAN TODOS GUAP\u00cdSIMOS Y GUAP\u00cdSIMAS!<\/strong><\/span><\/p>\n<p><img data-recalc-dims=\"1\" decoding=\"async\" data-attachment-id=\"45479\" data-permalink=\"https:\/\/www.alqueria.es\/blogs\/alqueriarojaverde\/2024\/02\/26\/carnaval-2024-grupos-rojo-y-verde\/img-20240223-wa0011\/\" data-orig-file=\"https:\/\/i0.wp.com\/cloud.alqueria.es\/wp-content\/uploads\/sites\/8\/2024\/02\/IMG-20240223-WA0011.jpg?fit=1600%2C1200&amp;ssl=1\" data-orig-size=\"1600,1200\" data-comments-opened=\"1\" data-image-meta=\"{&quot;aperture&quot;:&quot;0&quot;,&quot;credit&quot;:&quot;&quot;,&quot;camera&quot;:&quot;&quot;,&quot;caption&quot;:&quot;&quot;,&quot;created_timestamp&quot;:&quot;0&quot;,&quot;copyright&quot;:&quot;&quot;,&quot;focal_length&quot;:&quot;0&quot;,&quot;iso&quot;:&quot;0&quot;,&quot;shutter_speed&quot;:&quot;0&quot;,&quot;title&quot;:&quot;&quot;,&quot;orientation&quot;:&quot;0&quot;}\" data-image-title=\"IMG-20240223-WA0011\" data-image-description=\"\" data-image-caption=\"\" data-large-file=\"https:\/\/i0.wp.com\/cloud.alqueria.es\/wp-content\/uploads\/sites\/8\/2024\/02\/IMG-20240223-WA0011.jpg?fit=474%2C356&amp;ssl=1\" class=\"aligncenter size-full wp-image-45479\" src=\"https:\/\/i0.wp.com\/cloud.alqueria.es\/wp-content\/uploads\/sites\/8\/2024\/02\/IMG-20240223-WA0011.jpg?resize=474%2C356&#038;ssl=1\" alt=\"\" width=\"474\" height=\"356\" srcset=\"https:\/\/cloud.alqueria.es\/wp-content\/uploads\/sites\/8\/2024\/02\/IMG-20240223-WA0011.jpg 1600w, https:\/\/cloud.alqueria.es\/wp-content\/uploads\/sites\/8\/2024\/02\/IMG-20240223-WA0011.jpg 300w, https:\/\/cloud.alqueria.es\/wp-content\/uploads\/sites\/8\/2024\/02\/IMG-20240223-WA0011.jpg 1024w, https:\/\/cloud.alqueria.es\/wp-content\/uploads\/sites\/8\/2024\/02\/IMG-20240223-WA0011.jpg 768w, https:\/\/cloud.alqueria.es\/wp-content\/uploads\/sites\/8\/2024\/02\/IMG-20240223-WA0011.jpg 1536w, https:\/\/cloud.alqueria.es\/wp-content\/uploads\/sites\/8\/2024\/02\/IMG-20240223-WA0011.jpg 948w, https:\/\/cloud.alqueria.es\/wp-content\/uploads\/sites\/8\/2024\/02\/IMG-20240223-WA0011.jpg 1422w\" sizes=\"(max-width: 474px) 100vw, 474px\" \/><\/p>\n<p><img data-recalc-dims=\"1\" decoding=\"async\" data-attachment-id=\"45474\" data-permalink=\"https:\/\/www.alqueria.es\/blogs\/alqueriarojaverde\/2024\/02\/26\/carnaval-2024-grupos-rojo-y-verde\/img-20240225-wa0003\/\" data-orig-file=\"https:\/\/i0.wp.com\/cloud.alqueria.es\/wp-content\/uploads\/sites\/8\/2024\/02\/IMG-20240225-WA0003.jpg?fit=1375%2C540&amp;ssl=1\" data-orig-size=\"1375,540\" data-comments-opened=\"1\" data-image-meta=\"{&quot;aperture&quot;:&quot;0&quot;,&quot;credit&quot;:&quot;&quot;,&quot;camera&quot;:&quot;&quot;,&quot;caption&quot;:&quot;&quot;,&quot;created_timestamp&quot;:&quot;0&quot;,&quot;copyright&quot;:&quot;&quot;,&quot;focal_length&quot;:&quot;0&quot;,&quot;iso&quot;:&quot;0&quot;,&quot;shutter_speed&quot;:&quot;0&quot;,&quot;title&quot;:&quot;&quot;,&quot;orientation&quot;:&quot;0&quot;}\" data-image-title=\"IMG-20240225-WA0003\" data-image-description=\"\" data-image-caption=\"\" data-large-file=\"https:\/\/i0.wp.com\/cloud.alqueria.es\/wp-content\/uploads\/sites\/8\/2024\/02\/IMG-20240225-WA0003.jpg?fit=474%2C186&amp;ssl=1\" class=\"aligncenter size-full wp-image-45474\" src=\"https:\/\/i0.wp.com\/cloud.alqueria.es\/wp-content\/uploads\/sites\/8\/2024\/02\/IMG-20240225-WA0003.jpg?resize=474%2C186&#038;ssl=1\" alt=\"\" width=\"474\" height=\"186\" srcset=\"https:\/\/cloud.alqueria.es\/wp-content\/uploads\/sites\/8\/2024\/02\/IMG-20240225-WA0003.jpg 1375w, https:\/\/cloud.alqueria.es\/wp-content\/uploads\/sites\/8\/2024\/02\/IMG-20240225-WA0003.jpg 300w, https:\/\/cloud.alqueria.es\/wp-content\/uploads\/sites\/8\/2024\/02\/IMG-20240225-WA0003.jpg 1024w, https:\/\/cloud.alqueria.es\/wp-content\/uploads\/sites\/8\/2024\/02\/IMG-20240225-WA0003.jpg 768w, https:\/\/cloud.alqueria.es\/wp-content\/uploads\/sites\/8\/2024\/02\/IMG-20240225-WA0003.jpg 948w\" sizes=\"(max-width: 474px) 100vw, 474px\" \/><\/p>\n<p>Despu\u00e9s, en clase, compartimos bailes y risas, mientras fuimos haciendo algunas fotos m\u00e1s, por peque\u00f1as agrupaciones de disfraces. Este d\u00eda es muy emocionante para los peques, ya que la ilusi\u00f3n est\u00e1 muy presente y tan s\u00f3lo el cambio de rutina es ya motivo de celebraci\u00f3n.<\/p>\n<p><span style=\"color: #ff0000\"><strong>GRUPO ROJO<\/strong><\/span><\/p>\n<p class=\"jetpack-slideshow-noscript robots-nocontent\">El pase de diapositivas requiere JavaScript.<\/p><div id=\"gallery-45446-1-slideshow\" class=\"jetpack-slideshow-window jetpack-slideshow jetpack-slideshow-black\" data-trans=\"fade\" data-autostart=\"1\" data-gallery=\"[{&quot;src&quot;:&quot;https:\\\/\\\/i0.wp.com\\\/cloud.alqueria.es\\\/wp-content\\\/uploads\\\/sites\\\/8\\\/2024\\\/02\\\/IMG_20240223_093524.jpg?fit=1408%2C2500\\u0026ssl=1&quot;,&quot;id&quot;:&quot;45456&quot;,&quot;title&quot;:&quot;IMG_20240223_093524&quot;,&quot;alt&quot;:&quot;&quot;,&quot;caption&quot;:&quot;Diego y Mart\\u00edn&quot;,&quot;itemprop&quot;:&quot;image&quot;},{&quot;src&quot;:&quot;https:\\\/\\\/i0.wp.com\\\/cloud.alqueria.es\\\/wp-content\\\/uploads\\\/sites\\\/8\\\/2024\\\/02\\\/IMG_20240223_093222.jpg?fit=1408%2C2500\\u0026ssl=1&quot;,&quot;id&quot;:&quot;45448&quot;,&quot;title&quot;:&quot;IMG_20240223_093222&quot;,&quot;alt&quot;:&quot;&quot;,&quot;caption&quot;:&quot;Claudia y Fabiola&quot;,&quot;itemprop&quot;:&quot;image&quot;},{&quot;src&quot;:&quot;https:\\\/\\\/i0.wp.com\\\/cloud.alqueria.es\\\/wp-content\\\/uploads\\\/sites\\\/8\\\/2024\\\/02\\\/IMG_20240223_092820.jpg?fit=1408%2C2500\\u0026ssl=1&quot;,&quot;id&quot;:&quot;45450&quot;,&quot;title&quot;:&quot;IMG_20240223_092820&quot;,&quot;alt&quot;:&quot;&quot;,&quot;caption&quot;:&quot;Rio y Charly&quot;,&quot;itemprop&quot;:&quot;image&quot;},{&quot;src&quot;:&quot;https:\\\/\\\/i0.wp.com\\\/cloud.alqueria.es\\\/wp-content\\\/uploads\\\/sites\\\/8\\\/2024\\\/02\\\/IMG_20240223_093105.jpg?fit=1408%2C2500\\u0026ssl=1&quot;,&quot;id&quot;:&quot;45451&quot;,&quot;title&quot;:&quot;IMG_20240223_093105&quot;,&quot;alt&quot;:&quot;&quot;,&quot;caption&quot;:&quot;Daniela y Bruno&quot;,&quot;itemprop&quot;:&quot;image&quot;},{&quot;src&quot;:&quot;https:\\\/\\\/i0.wp.com\\\/cloud.alqueria.es\\\/wp-content\\\/uploads\\\/sites\\\/8\\\/2024\\\/02\\\/IMG-20240224-WA0048.jpg?fit=1126%2C2000\\u0026ssl=1&quot;,&quot;id&quot;:&quot;45464&quot;,&quot;title&quot;:&quot;IMG-20240224-WA0048&quot;,&quot;alt&quot;:&quot;&quot;,&quot;caption&quot;:&quot;Elena y Marco&quot;,&quot;itemprop&quot;:&quot;image&quot;},{&quot;src&quot;:&quot;https:\\\/\\\/i0.wp.com\\\/cloud.alqueria.es\\\/wp-content\\\/uploads\\\/sites\\\/8\\\/2024\\\/02\\\/IMG-20240224-WA0047.jpg?fit=1126%2C2000\\u0026ssl=1&quot;,&quot;id&quot;:&quot;45465&quot;,&quot;title&quot;:&quot;IMG-20240224-WA0047&quot;,&quot;alt&quot;:&quot;&quot;,&quot;caption&quot;:&quot;Megan y Catalina&quot;,&quot;itemprop&quot;:&quot;image&quot;}]\" itemscope itemtype=\"https:\/\/schema.org\/ImageGallery\"><\/div>\n<p><strong><span style=\"color: #00ff00\">GRUPO VERDE<\/span><\/strong><\/p>\n<p class=\"jetpack-slideshow-noscript robots-nocontent\">El pase de diapositivas requiere JavaScript.<\/p><div id=\"gallery-45446-2-slideshow\" class=\"jetpack-slideshow-window jetpack-slideshow jetpack-slideshow-black\" data-trans=\"fade\" data-autostart=\"1\" data-gallery=\"[{&quot;src&quot;:&quot;https:\\\/\\\/i0.wp.com\\\/cloud.alqueria.es\\\/wp-content\\\/uploads\\\/sites\\\/8\\\/2024\\\/02\\\/IMG_20240223_094905.jpg?fit=1408%2C2500\\u0026ssl=1&quot;,&quot;id&quot;:&quot;45457&quot;,&quot;title&quot;:&quot;IMG_20240223_094905&quot;,&quot;alt&quot;:&quot;&quot;,&quot;caption&quot;:&quot;Ezra y Leo&quot;,&quot;itemprop&quot;:&quot;image&quot;},{&quot;src&quot;:&quot;https:\\\/\\\/i0.wp.com\\\/cloud.alqueria.es\\\/wp-content\\\/uploads\\\/sites\\\/8\\\/2024\\\/02\\\/IMG_20240223_094527.jpg?fit=1408%2C2500\\u0026ssl=1&quot;,&quot;id&quot;:&quot;45455&quot;,&quot;title&quot;:&quot;IMG_20240223_094527&quot;,&quot;alt&quot;:&quot;&quot;,&quot;caption&quot;:&quot;Guillem y Hermes&quot;,&quot;itemprop&quot;:&quot;image&quot;},{&quot;src&quot;:&quot;https:\\\/\\\/i0.wp.com\\\/cloud.alqueria.es\\\/wp-content\\\/uploads\\\/sites\\\/8\\\/2024\\\/02\\\/IMG_20240223_094725.jpg?fit=1408%2C2500\\u0026ssl=1&quot;,&quot;id&quot;:&quot;45454&quot;,&quot;title&quot;:&quot;IMG_20240223_094725&quot;,&quot;alt&quot;:&quot;&quot;,&quot;caption&quot;:&quot;Olivia y Max&quot;,&quot;itemprop&quot;:&quot;image&quot;},{&quot;src&quot;:&quot;https:\\\/\\\/i0.wp.com\\\/cloud.alqueria.es\\\/wp-content\\\/uploads\\\/sites\\\/8\\\/2024\\\/02\\\/IMG_20240223_094250.jpg?fit=1408%2C2500\\u0026ssl=1&quot;,&quot;id&quot;:&quot;45453&quot;,&quot;title&quot;:&quot;IMG_20240223_094250&quot;,&quot;alt&quot;:&quot;&quot;,&quot;caption&quot;:&quot;\\u00c1ngela, Anni y Paula&quot;,&quot;itemprop&quot;:&quot;image&quot;},{&quot;src&quot;:&quot;https:\\\/\\\/i0.wp.com\\\/cloud.alqueria.es\\\/wp-content\\\/uploads\\\/sites\\\/8\\\/2024\\\/02\\\/IMG_20240223_094153.jpg?fit=1408%2C2500\\u0026ssl=1&quot;,&quot;id&quot;:&quot;45452&quot;,&quot;title&quot;:&quot;IMG_20240223_094153&quot;,&quot;alt&quot;:&quot;&quot;,&quot;caption&quot;:&quot;Luis y Asier&quot;,&quot;itemprop&quot;:&quot;image&quot;},{&quot;src&quot;:&quot;https:\\\/\\\/i0.wp.com\\\/cloud.alqueria.es\\\/wp-content\\\/uploads\\\/sites\\\/8\\\/2024\\\/02\\\/IMG_20240223_093759.jpg?fit=1408%2C2500\\u0026ssl=1&quot;,&quot;id&quot;:&quot;45449&quot;,&quot;title&quot;:&quot;IMG_20240223_093759&quot;,&quot;alt&quot;:&quot;&quot;,&quot;caption&quot;:&quot;Miguel y Manuel&quot;,&quot;itemprop&quot;:&quot;image&quot;},{&quot;src&quot;:&quot;https:\\\/\\\/i0.wp.com\\\/cloud.alqueria.es\\\/wp-content\\\/uploads\\\/sites\\\/8\\\/2024\\\/02\\\/IMG_20240223_095048.jpg?fit=1408%2C2500\\u0026ssl=1&quot;,&quot;id&quot;:&quot;45447&quot;,&quot;title&quot;:&quot;IMG_20240223_095048&quot;,&quot;alt&quot;:&quot;&quot;,&quot;caption&quot;:&quot;Adri\\u00e1n y Dar\\u00edo&quot;,&quot;itemprop&quot;:&quot;image&quot;}]\" itemscope itemtype=\"https:\/\/schema.org\/ImageGallery\"><\/div>\n<p>Iniciamos la fiesta general con un marchoso<strong> pasacalles,<\/strong> en el que todo el colegio bail\u00f3 al son de una m\u00fasica de lo m\u00e1s animada.<\/p>\n<p class=\"jetpack-slideshow-noscript robots-nocontent\">El pase de diapositivas requiere JavaScript.<\/p><div id=\"gallery-45446-3-slideshow\" class=\"jetpack-slideshow-window jetpack-slideshow jetpack-slideshow-black\" data-trans=\"fade\" data-autostart=\"1\" data-gallery=\"[{&quot;src&quot;:&quot;https:\\\/\\\/i0.wp.com\\\/cloud.alqueria.es\\\/wp-content\\\/uploads\\\/sites\\\/8\\\/2024\\\/02\\\/IMG-20240223-WA0084.jpg?fit=2048%2C1536\\u0026ssl=1&quot;,&quot;id&quot;:&quot;45461&quot;,&quot;title&quot;:&quot;IMG-20240223-WA0084&quot;,&quot;alt&quot;:&quot;&quot;,&quot;caption&quot;:&quot;&quot;,&quot;itemprop&quot;:&quot;image&quot;},{&quot;src&quot;:&quot;https:\\\/\\\/i0.wp.com\\\/cloud.alqueria.es\\\/wp-content\\\/uploads\\\/sites\\\/8\\\/2024\\\/02\\\/IMG_20240225_161431.jpg?fit=2048%2C1303\\u0026ssl=1&quot;,&quot;id&quot;:&quot;45481&quot;,&quot;title&quot;:&quot;IMG_20240225_161431&quot;,&quot;alt&quot;:&quot;&quot;,&quot;caption&quot;:&quot;&quot;,&quot;itemprop&quot;:&quot;image&quot;},{&quot;src&quot;:&quot;https:\\\/\\\/i0.wp.com\\\/cloud.alqueria.es\\\/wp-content\\\/uploads\\\/sites\\\/8\\\/2024\\\/02\\\/IMG-20240223-WA0087.jpg?fit=2048%2C1536\\u0026ssl=1&quot;,&quot;id&quot;:&quot;45460&quot;,&quot;title&quot;:&quot;IMG-20240223-WA0087&quot;,&quot;alt&quot;:&quot;&quot;,&quot;caption&quot;:&quot;&quot;,&quot;itemprop&quot;:&quot;image&quot;},{&quot;src&quot;:&quot;https:\\\/\\\/i0.wp.com\\\/cloud.alqueria.es\\\/wp-content\\\/uploads\\\/sites\\\/8\\\/2024\\\/02\\\/IMG-20240223-WA0096.jpg?fit=2048%2C1536\\u0026ssl=1&quot;,&quot;id&quot;:&quot;45477&quot;,&quot;title&quot;:&quot;IMG-20240223-WA0096&quot;,&quot;alt&quot;:&quot;&quot;,&quot;caption&quot;:&quot;&quot;,&quot;itemprop&quot;:&quot;image&quot;},{&quot;src&quot;:&quot;https:\\\/\\\/i0.wp.com\\\/cloud.alqueria.es\\\/wp-content\\\/uploads\\\/sites\\\/8\\\/2024\\\/02\\\/IMG-20240225-WA0001.jpg?fit=2048%2C1702\\u0026ssl=1&quot;,&quot;id&quot;:&quot;45470&quot;,&quot;title&quot;:&quot;IMG-20240225-WA0001&quot;,&quot;alt&quot;:&quot;&quot;,&quot;caption&quot;:&quot;&quot;,&quot;itemprop&quot;:&quot;image&quot;},{&quot;src&quot;:&quot;https:\\\/\\\/i0.wp.com\\\/cloud.alqueria.es\\\/wp-content\\\/uploads\\\/sites\\\/8\\\/2024\\\/02\\\/IMG-20240225-WA0006.jpg?fit=2048%2C1935\\u0026ssl=1&quot;,&quot;id&quot;:&quot;45471&quot;,&quot;title&quot;:&quot;IMG-20240225-WA0006&quot;,&quot;alt&quot;:&quot;&quot;,&quot;caption&quot;:&quot;&quot;,&quot;itemprop&quot;:&quot;image&quot;},{&quot;src&quot;:&quot;https:\\\/\\\/i0.wp.com\\\/cloud.alqueria.es\\\/wp-content\\\/uploads\\\/sites\\\/8\\\/2024\\\/02\\\/IMG-20240225-WA0008.jpg?fit=2048%2C1514\\u0026ssl=1&quot;,&quot;id&quot;:&quot;45475&quot;,&quot;title&quot;:&quot;IMG-20240225-WA0008&quot;,&quot;alt&quot;:&quot;&quot;,&quot;caption&quot;:&quot;&quot;,&quot;itemprop&quot;:&quot;image&quot;},{&quot;src&quot;:&quot;https:\\\/\\\/i0.wp.com\\\/cloud.alqueria.es\\\/wp-content\\\/uploads\\\/sites\\\/8\\\/2024\\\/02\\\/IMG-20240225-WA0007.jpg?fit=1963%2C1156\\u0026ssl=1&quot;,&quot;id&quot;:&quot;45472&quot;,&quot;title&quot;:&quot;IMG-20240225-WA0007&quot;,&quot;alt&quot;:&quot;&quot;,&quot;caption&quot;:&quot;&quot;,&quot;itemprop&quot;:&quot;image&quot;},{&quot;src&quot;:&quot;https:\\\/\\\/i0.wp.com\\\/cloud.alqueria.es\\\/wp-content\\\/uploads\\\/sites\\\/8\\\/2024\\\/02\\\/IMG-20240225-WA0002.jpg?fit=1979%2C2048\\u0026ssl=1&quot;,&quot;id&quot;:&quot;45473&quot;,&quot;title&quot;:&quot;IMG-20240225-WA0002&quot;,&quot;alt&quot;:&quot;&quot;,&quot;caption&quot;:&quot;&quot;,&quot;itemprop&quot;:&quot;image&quot;},{&quot;src&quot;:&quot;https:\\\/\\\/i0.wp.com\\\/cloud.alqueria.es\\\/wp-content\\\/uploads\\\/sites\\\/8\\\/2024\\\/02\\\/IMG-20240225-WA0005.jpg?fit=1751%2C2048\\u0026ssl=1&quot;,&quot;id&quot;:&quot;45467&quot;,&quot;title&quot;:&quot;IMG-20240225-WA0005&quot;,&quot;alt&quot;:&quot;&quot;,&quot;caption&quot;:&quot;&quot;,&quot;itemprop&quot;:&quot;image&quot;},{&quot;src&quot;:&quot;https:\\\/\\\/i0.wp.com\\\/cloud.alqueria.es\\\/wp-content\\\/uploads\\\/sites\\\/8\\\/2024\\\/02\\\/IMG-20240225-WA0004.jpg?fit=1923%2C1226\\u0026ssl=1&quot;,&quot;id&quot;:&quot;45466&quot;,&quot;title&quot;:&quot;IMG-20240225-WA0004&quot;,&quot;alt&quot;:&quot;&quot;,&quot;caption&quot;:&quot;&quot;,&quot;itemprop&quot;:&quot;image&quot;}]\" itemscope itemtype=\"https:\/\/schema.org\/ImageGallery\"><\/div>\n<p>&nbsp;<\/p>\n<p>Compartir con el resto del colegio las chirigotas, que con tanto esmero han ensayado es una gran responsabilidad a la vez que un privilegio, y lo hicieron<strong><span style=\"color: #ff00ff\">\u00a0\u00a1FENOMENAL!<\/span><\/strong><\/p>\n<p>Aunque tuvisteis oportunidad de verles en directo, os dejamos la grabaci\u00f3n que realizamos por la ma\u00f1ana, en la que no hay tanto p\u00fablico y algunos\/as se muestran m\u00e1s desinhibidos.<\/p>\n<p><div class=\"a25-CTUOC-hidding-box\" data-original-content=\"&lt;iframe loading=&quot;lazy&quot; title=&quot;Chirigota Clase Roja 2024&quot; src=&quot;https:\/\/player.vimeo.com\/video\/916434888?dnt=1&amp;amp;app_id=122963&quot; width=&quot;474&quot; height=&quot;268&quot; frameborder=&quot;0&quot; allow=&quot;autoplay; fullscreen; picture-in-picture; clipboard-write&quot;&gt;&lt;\/iframe&gt;\">Esta p\u00e1gina incluye contenido multimedia que requiere aceptar todas las cookies. Pulse aqu\u00ed para abrir la configuraci\u00f3n de cookies.<\/div><\/p>\n<p><div class=\"a25-CTUOC-hidding-box\" data-original-content=\"&lt;iframe loading=&quot;lazy&quot; title=&quot;Chirigota Clase Verde 2024&quot; src=&quot;https:\/\/player.vimeo.com\/video\/916435345?dnt=1&amp;amp;app_id=122963&quot; width=&quot;474&quot; height=&quot;268&quot; frameborder=&quot;0&quot; allow=&quot;autoplay; fullscreen; picture-in-picture; clipboard-write&quot;&gt;&lt;\/iframe&gt;\">Esta p\u00e1gina incluye contenido multimedia que requiere aceptar todas las cookies. Pulse aqu\u00ed para abrir la configuraci\u00f3n de cookies.<\/div><\/p>\n<p>Un reconocimiento especial nos gustar\u00eda hacer llegar a todos los participantes de la comparsa de familias este a\u00f1o. Cantaron un espl\u00e9ndido repertorio de letrillas, con las que re\u00edmos sin parar.<\/p>\n<div class=\"tiled-gallery type-square tiled-gallery-unresized\" data-original-width=\"474\" data-carousel-extra='{&quot;blog_id&quot;:8,&quot;permalink&quot;:&quot;https:\\\/\\\/www.alqueria.es\\\/blogs\\\/alqueriarojaverde\\\/2024\\\/02\\\/26\\\/carnaval-2024-grupos-rojo-y-verde\\\/&quot;,&quot;likes_blog_id&quot;:64268569}' itemscope itemtype=\"http:\/\/schema.org\/ImageGallery\" > <div class=\"gallery-row\" style=\"width: 474px; height: 237px;\" data-original-width=\"474\" data-original-height=\"237\" > <div class=\"gallery-group\" style=\"width: 237px; height: 237px;\" data-original-width=\"237\" data-original-height=\"237\" > <div class=\"tiled-gallery-item \" itemprop=\"associatedMedia\" itemscope itemtype=\"http:\/\/schema.org\/ImageObject\"> <meta itemprop=\"width\" content=\"233\"> <meta itemprop=\"height\" content=\"233\"> <img decoding=\"async\" class=\"\" data-attachment-id=\"45468\" data-orig-file=\"https:\/\/cloud.alqueria.es\/wp-content\/uploads\/sites\/8\/2024\/02\/IMG-20240225-WA0000.jpg\" data-orig-size=\"2016,1134\" data-comments-opened=\"1\" data-image-meta=\"{&quot;aperture&quot;:&quot;0&quot;,&quot;credit&quot;:&quot;&quot;,&quot;camera&quot;:&quot;&quot;,&quot;caption&quot;:&quot;&quot;,&quot;created_timestamp&quot;:&quot;0&quot;,&quot;copyright&quot;:&quot;&quot;,&quot;focal_length&quot;:&quot;0&quot;,&quot;iso&quot;:&quot;0&quot;,&quot;shutter_speed&quot;:&quot;0&quot;,&quot;title&quot;:&quot;&quot;,&quot;orientation&quot;:&quot;0&quot;}\" data-image-title=\"IMG-20240225-WA0000\" data-image-description=\"\" data-medium-file=\"https:\/\/i0.wp.com\/cloud.alqueria.es\/wp-content\/uploads\/sites\/8\/2024\/02\/IMG-20240225-WA0000.jpg?fit=300%2C169&#038;ssl=1\" data-large-file=\"https:\/\/i0.wp.com\/cloud.alqueria.es\/wp-content\/uploads\/sites\/8\/2024\/02\/IMG-20240225-WA0000.jpg?fit=474%2C267&#038;ssl=1\" src=\"https:\/\/i0.wp.com\/cloud.alqueria.es\/wp-content\/uploads\/sites\/8\/2024\/02\/IMG-20240225-WA0000.jpg?w=233&#038;h=233&#038;crop=1&#038;ssl=1\" srcset=\"https:\/\/cloud.alqueria.es\/wp-content\/uploads\/sites\/8\/2024\/02\/IMG-20240225-WA0000.jpg 150w, https:\/\/cloud.alqueria.es\/wp-content\/uploads\/sites\/8\/2024\/02\/IMG-20240225-WA0000.jpg 466w, https:\/\/cloud.alqueria.es\/wp-content\/uploads\/sites\/8\/2024\/02\/IMG-20240225-WA0000.jpg 699w\" width=\"233\" height=\"233\" loading=\"lazy\" data-original-width=\"233\" data-original-height=\"233\" itemprop=\"http:\/\/schema.org\/image\" title=\"IMG-20240225-WA0000\" alt=\"IMG-20240225-WA0000\" style=\"width: 233px; height: 233px;\" \/> <\/div> <\/div> <div class=\"gallery-group\" style=\"width: 237px; height: 237px;\" data-original-width=\"237\" data-original-height=\"237\" > <div class=\"tiled-gallery-item \" itemprop=\"associatedMedia\" itemscope itemtype=\"http:\/\/schema.org\/ImageObject\"> <meta itemprop=\"width\" content=\"233\"> <meta itemprop=\"height\" content=\"233\"> <img decoding=\"async\" class=\"\" data-attachment-id=\"45476\" data-orig-file=\"https:\/\/cloud.alqueria.es\/wp-content\/uploads\/sites\/8\/2024\/02\/IMG-20240224-WA0021.jpg\" data-orig-size=\"2016,1134\" data-comments-opened=\"1\" data-image-meta=\"{&quot;aperture&quot;:&quot;0&quot;,&quot;credit&quot;:&quot;&quot;,&quot;camera&quot;:&quot;&quot;,&quot;caption&quot;:&quot;&quot;,&quot;created_timestamp&quot;:&quot;0&quot;,&quot;copyright&quot;:&quot;&quot;,&quot;focal_length&quot;:&quot;0&quot;,&quot;iso&quot;:&quot;0&quot;,&quot;shutter_speed&quot;:&quot;0&quot;,&quot;title&quot;:&quot;&quot;,&quot;orientation&quot;:&quot;0&quot;}\" data-image-title=\"IMG-20240224-WA0021\" data-image-description=\"\" data-medium-file=\"https:\/\/i0.wp.com\/cloud.alqueria.es\/wp-content\/uploads\/sites\/8\/2024\/02\/IMG-20240224-WA0021.jpg?fit=300%2C169&#038;ssl=1\" data-large-file=\"https:\/\/i0.wp.com\/cloud.alqueria.es\/wp-content\/uploads\/sites\/8\/2024\/02\/IMG-20240224-WA0021.jpg?fit=474%2C267&#038;ssl=1\" src=\"https:\/\/i0.wp.com\/cloud.alqueria.es\/wp-content\/uploads\/sites\/8\/2024\/02\/IMG-20240224-WA0021.jpg?w=233&#038;h=233&#038;crop=1&#038;ssl=1\" srcset=\"https:\/\/cloud.alqueria.es\/wp-content\/uploads\/sites\/8\/2024\/02\/IMG-20240224-WA0021.jpg 150w, https:\/\/cloud.alqueria.es\/wp-content\/uploads\/sites\/8\/2024\/02\/IMG-20240224-WA0021.jpg 466w, https:\/\/cloud.alqueria.es\/wp-content\/uploads\/sites\/8\/2024\/02\/IMG-20240224-WA0021.jpg 699w\" width=\"233\" height=\"233\" loading=\"lazy\" data-original-width=\"233\" data-original-height=\"233\" itemprop=\"http:\/\/schema.org\/image\" title=\"IMG-20240224-WA0021\" alt=\"IMG-20240224-WA0021\" style=\"width: 233px; height: 233px;\" \/> <\/div> <\/div> <\/div> <\/div>\n<p>Cerramos la fiesta con una entra\u00f1able merienda, compuesta por chocolate calentito y torta de Carnaval, que hizo las delicias de grandes y peque\u00f1os.<\/p>\n<p style=\"text-align: center\"><strong>\u00a1Much\u00edsimas gracias a todos y todas por participar en esta fiesta tan especial!<\/strong><\/p>\n<p><img data-recalc-dims=\"1\" decoding=\"async\" data-attachment-id=\"45463\" data-permalink=\"https:\/\/www.alqueria.es\/blogs\/alqueriarojaverde\/2024\/02\/26\/carnaval-2024-grupos-rojo-y-verde\/img_20240223_192353\/\" data-orig-file=\"https:\/\/i0.wp.com\/cloud.alqueria.es\/wp-content\/uploads\/sites\/8\/2024\/02\/IMG_20240223_192353.jpg?fit=1600%2C793&amp;ssl=1\" data-orig-size=\"1600,793\" data-comments-opened=\"1\" data-image-meta=\"{&quot;aperture&quot;:&quot;0&quot;,&quot;credit&quot;:&quot;&quot;,&quot;camera&quot;:&quot;&quot;,&quot;caption&quot;:&quot;&quot;,&quot;created_timestamp&quot;:&quot;0&quot;,&quot;copyright&quot;:&quot;&quot;,&quot;focal_length&quot;:&quot;0&quot;,&quot;iso&quot;:&quot;0&quot;,&quot;shutter_speed&quot;:&quot;0&quot;,&quot;title&quot;:&quot;&quot;,&quot;orientation&quot;:&quot;1&quot;}\" data-image-title=\"IMG_20240223_192353\" data-image-description=\"\" data-image-caption=\"\" data-large-file=\"https:\/\/i0.wp.com\/cloud.alqueria.es\/wp-content\/uploads\/sites\/8\/2024\/02\/IMG_20240223_192353.jpg?fit=474%2C235&amp;ssl=1\" class=\"aligncenter wp-image-45463 size-large\" src=\"https:\/\/i0.wp.com\/cloud.alqueria.es\/wp-content\/uploads\/sites\/8\/2024\/02\/IMG_20240223_192353-1024x508.jpg?resize=474%2C235&#038;ssl=1\" alt=\"\" width=\"474\" height=\"235\" srcset=\"https:\/\/cloud.alqueria.es\/wp-content\/uploads\/sites\/8\/2024\/02\/IMG_20240223_192353.jpg 1024w, https:\/\/cloud.alqueria.es\/wp-content\/uploads\/sites\/8\/2024\/02\/IMG_20240223_192353.jpg 300w, https:\/\/cloud.alqueria.es\/wp-content\/uploads\/sites\/8\/2024\/02\/IMG_20240223_192353.jpg 768w, https:\/\/cloud.alqueria.es\/wp-content\/uploads\/sites\/8\/2024\/02\/IMG_20240223_192353.jpg 1536w, https:\/\/cloud.alqueria.es\/wp-content\/uploads\/sites\/8\/2024\/02\/IMG_20240223_192353.jpg 1600w, https:\/\/cloud.alqueria.es\/wp-content\/uploads\/sites\/8\/2024\/02\/IMG_20240223_192353.jpg 948w, https:\/\/cloud.alqueria.es\/wp-content\/uploads\/sites\/8\/2024\/02\/IMG_20240223_192353.jpg 1422w\" sizes=\"(max-width: 474px) 100vw, 474px\" \/><\/p>\n<p>Hoy en nuestra asamblea de la ma\u00f1ana hemos puesto en com\u00fan lo que m\u00e1s nos gust\u00f3 de la fiesta a cada uno\/a. La torta, el chocolate, cantar o TODO, han sido las verbalizaciones mayoritarias.<\/p>\n<p>Intentamos trasladar nuestras vivencias de ese d\u00eda realizando un dibujo alusivo a la fiesta.<\/p>\n<p><img data-recalc-dims=\"1\" decoding=\"async\" data-attachment-id=\"45488\" data-permalink=\"https:\/\/www.alqueria.es\/blogs\/alqueriarojaverde\/2024\/02\/26\/carnaval-2024-grupos-rojo-y-verde\/20240226_175403\/\" data-orig-file=\"https:\/\/i0.wp.com\/cloud.alqueria.es\/wp-content\/uploads\/sites\/8\/2024\/02\/20240226_175403.jpg?fit=2000%2C1245&amp;ssl=1\" data-orig-size=\"2000,1245\" data-comments-opened=\"1\" data-image-meta=\"{&quot;aperture&quot;:&quot;0&quot;,&quot;credit&quot;:&quot;&quot;,&quot;camera&quot;:&quot;&quot;,&quot;caption&quot;:&quot;&quot;,&quot;created_timestamp&quot;:&quot;0&quot;,&quot;copyright&quot;:&quot;&quot;,&quot;focal_length&quot;:&quot;0&quot;,&quot;iso&quot;:&quot;0&quot;,&quot;shutter_speed&quot;:&quot;0&quot;,&quot;title&quot;:&quot;&quot;,&quot;orientation&quot;:&quot;1&quot;}\" data-image-title=\"20240226_175403\" data-image-description=\"\" data-image-caption=\"\" data-large-file=\"https:\/\/i0.wp.com\/cloud.alqueria.es\/wp-content\/uploads\/sites\/8\/2024\/02\/20240226_175403.jpg?fit=474%2C295&amp;ssl=1\" class=\"aligncenter size-full wp-image-45488\" src=\"https:\/\/i0.wp.com\/cloud.alqueria.es\/wp-content\/uploads\/sites\/8\/2024\/02\/20240226_175403.jpg?resize=474%2C295&#038;ssl=1\" alt=\"\" width=\"474\" height=\"295\" srcset=\"https:\/\/cloud.alqueria.es\/wp-content\/uploads\/sites\/8\/2024\/02\/20240226_175403.jpg 2000w, https:\/\/cloud.alqueria.es\/wp-content\/uploads\/sites\/8\/2024\/02\/20240226_175403.jpg 300w, https:\/\/cloud.alqueria.es\/wp-content\/uploads\/sites\/8\/2024\/02\/20240226_175403.jpg 1024w, https:\/\/cloud.alqueria.es\/wp-content\/uploads\/sites\/8\/2024\/02\/20240226_175403.jpg 768w, https:\/\/cloud.alqueria.es\/wp-content\/uploads\/sites\/8\/2024\/02\/20240226_175403.jpg 1536w, https:\/\/cloud.alqueria.es\/wp-content\/uploads\/sites\/8\/2024\/02\/20240226_175403.jpg 948w, https:\/\/cloud.alqueria.es\/wp-content\/uploads\/sites\/8\/2024\/02\/20240226_175403.jpg 1422w\" sizes=\"(max-width: 474px) 100vw, 474px\" \/><\/p>\n<p><img data-recalc-dims=\"1\" decoding=\"async\" data-attachment-id=\"45487\" data-permalink=\"https:\/\/www.alqueria.es\/blogs\/alqueriarojaverde\/2024\/02\/26\/carnaval-2024-grupos-rojo-y-verde\/20240226_175421\/\" data-orig-file=\"https:\/\/i0.wp.com\/cloud.alqueria.es\/wp-content\/uploads\/sites\/8\/2024\/02\/20240226_175421.jpg?fit=2500%2C1496&amp;ssl=1\" data-orig-size=\"2500,1496\" data-comments-opened=\"1\" data-image-meta=\"{&quot;aperture&quot;:&quot;0&quot;,&quot;credit&quot;:&quot;&quot;,&quot;camera&quot;:&quot;&quot;,&quot;caption&quot;:&quot;&quot;,&quot;created_timestamp&quot;:&quot;0&quot;,&quot;copyright&quot;:&quot;&quot;,&quot;focal_length&quot;:&quot;0&quot;,&quot;iso&quot;:&quot;0&quot;,&quot;shutter_speed&quot;:&quot;0&quot;,&quot;title&quot;:&quot;&quot;,&quot;orientation&quot;:&quot;1&quot;}\" data-image-title=\"20240226_175421\" data-image-description=\"\" data-image-caption=\"\" data-large-file=\"https:\/\/i0.wp.com\/cloud.alqueria.es\/wp-content\/uploads\/sites\/8\/2024\/02\/20240226_175421.jpg?fit=474%2C284&amp;ssl=1\" class=\"aligncenter size-full wp-image-45487\" src=\"https:\/\/i0.wp.com\/cloud.alqueria.es\/wp-content\/uploads\/sites\/8\/2024\/02\/20240226_175421.jpg?resize=474%2C284&#038;ssl=1\" alt=\"\" width=\"474\" height=\"284\" srcset=\"https:\/\/cloud.alqueria.es\/wp-content\/uploads\/sites\/8\/2024\/02\/20240226_175421.jpg 2500w, https:\/\/cloud.alqueria.es\/wp-content\/uploads\/sites\/8\/2024\/02\/20240226_175421.jpg 300w, https:\/\/cloud.alqueria.es\/wp-content\/uploads\/sites\/8\/2024\/02\/20240226_175421.jpg 1024w, https:\/\/cloud.alqueria.es\/wp-content\/uploads\/sites\/8\/2024\/02\/20240226_175421.jpg 768w, https:\/\/cloud.alqueria.es\/wp-content\/uploads\/sites\/8\/2024\/02\/20240226_175421.jpg 1536w, https:\/\/cloud.alqueria.es\/wp-content\/uploads\/sites\/8\/2024\/02\/20240226_175421.jpg 2048w, https:\/\/cloud.alqueria.es\/wp-content\/uploads\/sites\/8\/2024\/02\/20240226_175421.jpg 948w, https:\/\/cloud.alqueria.es\/wp-content\/uploads\/sites\/8\/2024\/02\/20240226_175421.jpg 1422w\" sizes=\"(max-width: 474px) 100vw, 474px\" \/><\/p>\n<p>Aprovechamos esta entradas para recordar o notificar algunas <em><strong><span style=\"color: #800080\">cosas a tener en cuenta en los pr\u00f3ximos d\u00ed<\/span><\/strong><strong><span style=\"color: #800080\">as<\/span><\/strong><\/em>:<\/p>\n<ol>\n<li>Esta semana <em><span style=\"color: #800080\">tan s\u00f3lo hay clase el lunes y martes<\/span><\/em>, el resto de d\u00edas el colegio permanecer\u00e1 cerrado por festividad y puente.<\/li>\n<li>La <em><span style=\"color: #800080\">excursi\u00f3n a la vega<\/span><\/em> que ten\u00edamos aplazada a ma\u00f1ana, finalmente <em><span style=\"color: #800080\">se suspende debido a las inclemencias del tiempo<\/span><\/em> y el estado del terreno.<\/li>\n<li>A la vuelta de estos d\u00edas de fiesta <em><span style=\"color: #800080\">los grupos rojo y verde disfrutar\u00e1n conjuntamente de una propuesta de juego-aprendizaje \u00abChina\u00bb<\/span><\/em>, que en pr\u00f3ximas entradas os detallaremos m\u00e1s. Aprovechad para buscar por casa cualquier material, objeto, libro, men\u00fa, etc. relacionado con la misma, cuantas m\u00e1s aportaciones m\u00e1s significativa ser\u00e1 \u00e9sta.<\/li>\n<\/ol>\n<p><strong>Un fuerte abrazo,<\/strong><\/p>\n<p>Silvia Ram\u00edrez y Esther Justicia.<\/p>\n","protected":false},"excerpt":{"rendered":"<p>El pasado\u00a0 viernes el tiempo nos concedi\u00f3 una tregua y pudimos celebrar nuestra tradicional fiesta de Carnaval. Comenzamos la jornada poniendo en com\u00fan nuestros disfraces y haci\u00e9ndonos unas simp\u00e1ticas fotos de grupo en el jard\u00edn. \u00a1ESTABAN TODOS GUAP\u00cdSIMOS Y GUAP\u00cdSIMAS! Despu\u00e9s, en clase, compartimos bailes y risas, mientras fuimos haciendo algunas fotos m\u00e1s, por peque\u00f1as &hellip; <a href=\"https:\/\/www.alqueria.es\/blogs\/alqueriarojaverde\/2024\/02\/26\/carnaval-2024-grupos-rojo-y-verde\/\" class=\"more-link\">Seguir leyendo <span class=\"screen-reader-text\">\u00a1CARNAVAL 2024! GRUPOS ROJO Y VERDE<\/span> <span class=\"meta-nav\">&rarr;<\/span><\/a><\/p>\n","protected":false},"author":19,"featured_media":0,"comment_status":"open","ping_status":"open","sticky":false,"template":"","format":"standard","meta":{"jetpack_post_was_ever_published":false,"_jetpack_newsletter_access":"","_jetpack_dont_email_post_to_subs":false,"_jetpack_newsletter_tier_id":0,"_jetpack_memberships_contains_paywalled_content":false,"_jetpack_memberships_contains_paid_content":false,"footnotes":"","jetpack_publicize_message":"","jetpack_publicize_feature_enabled":true,"jetpack_social_post_already_shared":true,"jetpack_social_options":{"image_generator_settings":{"template":"highway","default_image_id":0,"font":"","enabled":false},"version":2}},"categories":[22,6,7,13],"tags":[88],"class_list":["post-45446","post","type-post","status-publish","format-standard","hentry","category-actividades-especiales-y-salidas-clase-roja","category-clase-roja-4-5-anos","category-clase-verde-5-6-anos","category-inicio","tag-fiesta-de-carnaval"],"jetpack_publicize_connections":[],"jetpack_featured_media_url":"","jetpack_sharing_enabled":true,"jetpack_shortlink":"https:\/\/wp.me\/p4lFbP-bP0","_links":{"self":[{"href":"https:\/\/www.alqueria.es\/blogs\/alqueriarojaverde\/wp-json\/wp\/v2\/posts\/45446","targetHints":{"allow":["GET"]}}],"collection":[{"href":"https:\/\/www.alqueria.es\/blogs\/alqueriarojaverde\/wp-json\/wp\/v2\/posts"}],"about":[{"href":"https:\/\/www.alqueria.es\/blogs\/alqueriarojaverde\/wp-json\/wp\/v2\/types\/post"}],"author":[{"embeddable":true,"href":"https:\/\/www.alqueria.es\/blogs\/alqueriarojaverde\/wp-json\/wp\/v2\/users\/19"}],"replies":[{"embeddable":true,"href":"https:\/\/www.alqueria.es\/blogs\/alqueriarojaverde\/wp-json\/wp\/v2\/comments?post=45446"}],"version-history":[{"count":5,"href":"https:\/\/www.alqueria.es\/blogs\/alqueriarojaverde\/wp-json\/wp\/v2\/posts\/45446\/revisions"}],"predecessor-version":[{"id":45489,"href":"https:\/\/www.alqueria.es\/blogs\/alqueriarojaverde\/wp-json\/wp\/v2\/posts\/45446\/revisions\/45489"}],"wp:attachment":[{"href":"https:\/\/www.alqueria.es\/blogs\/alqueriarojaverde\/wp-json\/wp\/v2\/media?parent=45446"}],"wp:term":[{"taxonomy":"category","embeddable":true,"href":"https:\/\/www.alqueria.es\/blogs\/alqueriarojaverde\/wp-json\/wp\/v2\/categories?post=45446"},{"taxonomy":"post_tag","embeddable":true,"href":"https:\/\/www.alqueria.es\/blogs\/alqueriarojaverde\/wp-json\/wp\/v2\/tags?post=45446"}],"curies":[{"name":"wp","href":"https:\/\/api.w.org\/{rel}","templated":true}]}}