{"id":4572,"date":"2014-01-31T10:22:50","date_gmt":"2014-01-31T09:22:50","guid":{"rendered":"http:\/\/alqueriarojaverde.wordpress.com\/?p=4572"},"modified":"2014-01-31T10:22:50","modified_gmt":"2014-01-31T09:22:50","slug":"dia-de-significacion-especial","status":"publish","type":"post","link":"https:\/\/www.alqueria.es\/blogs\/alqueriarojaverde\/2014\/01\/31\/dia-de-significacion-especial\/","title":{"rendered":"D\u00cdA DE SIGNIFICACION ESPECIAL:\u00bbD\u00eda de la Paz\u00bb"},"content":{"rendered":"<p><a href=\"https:\/\/i0.wp.com\/cloud.alqueria.es\/wp-content\/uploads\/sites\/8\/2014\/01\/dia-de-la-paz.jpg?ssl=1\"><img data-recalc-dims=\"1\" decoding=\"async\" data-attachment-id=\"4575\" data-permalink=\"https:\/\/www.alqueria.es\/blogs\/alqueriarojaverde\/2014\/01\/31\/dia-de-significacion-especial\/dia-de-la-paz\/\" data-orig-file=\"https:\/\/i0.wp.com\/www.alqueria.es\/blogs\/alqueriarojaverde\/wp-content\/uploads\/sites\/8\/2014\/01\/dia-de-la-paz.jpg?fit=267%2C169&amp;ssl=1\" data-orig-size=\"267,169\" data-comments-opened=\"1\" data-image-meta=\"{&quot;aperture&quot;:&quot;0&quot;,&quot;credit&quot;:&quot;&quot;,&quot;camera&quot;:&quot;&quot;,&quot;caption&quot;:&quot;&quot;,&quot;created_timestamp&quot;:&quot;0&quot;,&quot;copyright&quot;:&quot;&quot;,&quot;focal_length&quot;:&quot;0&quot;,&quot;iso&quot;:&quot;0&quot;,&quot;shutter_speed&quot;:&quot;0&quot;,&quot;title&quot;:&quot;&quot;}\" data-image-title=\"dia de la paz\" data-image-description=\"\" data-image-caption=\"\" data-large-file=\"https:\/\/i0.wp.com\/www.alqueria.es\/blogs\/alqueriarojaverde\/wp-content\/uploads\/sites\/8\/2014\/01\/dia-de-la-paz.jpg?fit=267%2C169&amp;ssl=1\" class=\"alignleft size-full wp-image-4575\" alt=\"dia de la paz\" src=\"https:\/\/i0.wp.com\/cloud.alqueria.es\/wp-content\/uploads\/sites\/8\/2014\/01\/dia-de-la-paz.jpg?resize=267%2C169&#038;ssl=1\" width=\"267\" height=\"169\" \/><\/a>Ayer celebramos en el centro el <span style=\"color:#0000ff\">d\u00eda de la Paz<\/span>, a trav\u00e9s de una actividad cooperativa en la que particip\u00f3 todo el alumnado de ambas etapas.<\/p>\n<p>En d\u00edas anteriores, cada aula ha llevado a cabo un trabajo pl\u00e1stico y \u00e9tico en que se fabricaron las huellas de los pies, se decoraron libremente y se incluy\u00f3 un mensaje que se identificara con la paz.<\/p>\n<p>El d\u00eda en cuesti\u00f3n, los\/as alumnos\/as se distribuyeron en equipos de trabajo formados por edades heterog\u00e9neas y debatieron acerca de los mensajes que cada uno\/a hab\u00eda incluido en su \u00abhuella\u00bb. Tambi\u00e9n visionamos un \u00abcorto\u00bb alusivo al tema en cuesti\u00f3n y que dio lugar a muchas interpretaciones y debates.<\/p>\n<p>Una vez finalizada la sesi\u00f3n y anotadas las conclusiones por los representantes de cada grupo (alumnos\/as de 6\u00ba EPO), construimos un gran mural en el que las huellas nos llevan hasta la palabra PAZ.<\/p>\n<p>Aqu\u00ed os dejamos el \u00abcorto\u00bb, para que lo disfrut\u00e9is en familia.<\/p>\n<div class=\"embed-vimeo\" style=\"text-align: center;\"><div class=\"a25-CTUOC-hidding-box\" data-original-content=\"&lt;iframe loading=&quot;lazy&quot; src=&quot;https:\/\/player.vimeo.com\/video\/82308532&quot; width=&quot;474&quot; height=&quot;267&quot; frameborder=&quot;0&quot; webkitallowfullscreen mozallowfullscreen allowfullscreen&gt;&lt;\/iframe&gt;\">Esta p\u00e1gina incluye contenido multimedia que requiere aceptar todas las cookies. Pulse aqu\u00ed para abrir la configuraci\u00f3n de cookies.<\/div><\/div>\n<p>Rosario Garc\u00eda-Valenzuela Morell y Esther Justicia<\/p>\n","protected":false},"excerpt":{"rendered":"<p>Ayer celebramos en el centro el d\u00eda de la Paz, a trav\u00e9s de una actividad cooperativa en la que particip\u00f3 todo el alumnado de ambas etapas. En d\u00edas anteriores, cada aula ha llevado a cabo un trabajo pl\u00e1stico y \u00e9tico en que se fabricaron las huellas de los pies, se decoraron libremente y se incluy\u00f3 &hellip; <a href=\"https:\/\/www.alqueria.es\/blogs\/alqueriarojaverde\/2014\/01\/31\/dia-de-significacion-especial\/\" class=\"more-link\">Seguir leyendo <span class=\"screen-reader-text\">D\u00cdA DE SIGNIFICACION ESPECIAL:\u00bbD\u00eda de la Paz\u00bb<\/span> <span class=\"meta-nav\">&rarr;<\/span><\/a><\/p>\n","protected":false},"author":19,"featured_media":0,"comment_status":"open","ping_status":"open","sticky":false,"template":"","format":"standard","meta":{"jetpack_post_was_ever_published":false,"_jetpack_newsletter_access":"","_jetpack_dont_email_post_to_subs":false,"_jetpack_newsletter_tier_id":0,"_jetpack_memberships_contains_paywalled_content":false,"_jetpack_memberships_contains_paid_content":false,"footnotes":"","jetpack_publicize_message":"","jetpack_publicize_feature_enabled":true,"jetpack_social_post_already_shared":false,"jetpack_social_options":{"image_generator_settings":{"template":"highway","default_image_id":0,"font":"","enabled":false},"version":2}},"categories":[22,23,6,7,13],"tags":[],"class_list":["post-4572","post","type-post","status-publish","format-standard","hentry","category-actividades-especiales-y-salidas-clase-roja","category-actividades-especiales-y-salidas-clase-verde","category-clase-roja-4-5-anos","category-clase-verde-5-6-anos","category-inicio"],"jetpack_publicize_connections":[],"jetpack_featured_media_url":"","jetpack_sharing_enabled":true,"jetpack_shortlink":"https:\/\/wp.me\/p4lFbP-1bK","_links":{"self":[{"href":"https:\/\/www.alqueria.es\/blogs\/alqueriarojaverde\/wp-json\/wp\/v2\/posts\/4572","targetHints":{"allow":["GET"]}}],"collection":[{"href":"https:\/\/www.alqueria.es\/blogs\/alqueriarojaverde\/wp-json\/wp\/v2\/posts"}],"about":[{"href":"https:\/\/www.alqueria.es\/blogs\/alqueriarojaverde\/wp-json\/wp\/v2\/types\/post"}],"author":[{"embeddable":true,"href":"https:\/\/www.alqueria.es\/blogs\/alqueriarojaverde\/wp-json\/wp\/v2\/users\/19"}],"replies":[{"embeddable":true,"href":"https:\/\/www.alqueria.es\/blogs\/alqueriarojaverde\/wp-json\/wp\/v2\/comments?post=4572"}],"version-history":[{"count":0,"href":"https:\/\/www.alqueria.es\/blogs\/alqueriarojaverde\/wp-json\/wp\/v2\/posts\/4572\/revisions"}],"wp:attachment":[{"href":"https:\/\/www.alqueria.es\/blogs\/alqueriarojaverde\/wp-json\/wp\/v2\/media?parent=4572"}],"wp:term":[{"taxonomy":"category","embeddable":true,"href":"https:\/\/www.alqueria.es\/blogs\/alqueriarojaverde\/wp-json\/wp\/v2\/categories?post=4572"},{"taxonomy":"post_tag","embeddable":true,"href":"https:\/\/www.alqueria.es\/blogs\/alqueriarojaverde\/wp-json\/wp\/v2\/tags?post=4572"}],"curies":[{"name":"wp","href":"https:\/\/api.w.org\/{rel}","templated":true}]}}