{"id":46158,"date":"2024-03-22T15:40:54","date_gmt":"2024-03-22T14:40:54","guid":{"rendered":"https:\/\/www.alqueria.es\/blogs\/alqueriarojaverde\/?p=46158"},"modified":"2024-03-22T15:40:54","modified_gmt":"2024-03-22T14:40:54","slug":"se-ha-terminado-el-trimestre","status":"publish","type":"post","link":"https:\/\/www.alqueria.es\/blogs\/alqueriarojaverde\/2024\/03\/22\/se-ha-terminado-el-trimestre\/","title":{"rendered":"\u00a1SE HA TERMINADO EL TRIMESTRE!"},"content":{"rendered":"<p>Bueno familias, tras unas semanas intensas en cuanto a comunicaciones por este medio, no es mi intenci\u00f3n extenderme demasiado.<\/p>\n<p>Tan s\u00f3lo deciros que es un placer haber vuelto a estar al frente de la tutor\u00eda del grupo, tras alg\u00fan tiempo de ausencia forzada. En este tiempo que he compartido con vuestros peques, han sido muchas las experiencias disfrutadas, los aprendizajes llevados a cabo y las satisfacciones que me han proporcionado.<\/p>\n<p>Os deseo a todos y todas unos d\u00edas de descanso y disfrute en familia, recargando energ\u00eda para la vuelta. Afrontaremos el tercer trimestre con ganas, ilusi\u00f3n, motivaci\u00f3n y dispuestos\/as a dar lo mejor de nosotros.<\/p>\n<p><img data-recalc-dims=\"1\" decoding=\"async\" data-attachment-id=\"46159\" data-permalink=\"https:\/\/www.alqueria.es\/blogs\/alqueriarojaverde\/2024\/03\/22\/se-ha-terminado-el-trimestre\/56a3e095bdfb1a57ac64a29dbc2f2bb4\/\" data-orig-file=\"https:\/\/i0.wp.com\/cloud.alqueria.es\/wp-content\/uploads\/sites\/8\/2024\/03\/56a3e095bdfb1a57ac64a29dbc2f2bb4.jpg?fit=344%2C344&amp;ssl=1\" data-orig-size=\"344,344\" data-comments-opened=\"1\" data-image-meta=\"{&quot;aperture&quot;:&quot;0&quot;,&quot;credit&quot;:&quot;&quot;,&quot;camera&quot;:&quot;&quot;,&quot;caption&quot;:&quot;&quot;,&quot;created_timestamp&quot;:&quot;0&quot;,&quot;copyright&quot;:&quot;&quot;,&quot;focal_length&quot;:&quot;0&quot;,&quot;iso&quot;:&quot;0&quot;,&quot;shutter_speed&quot;:&quot;0&quot;,&quot;title&quot;:&quot;&quot;,&quot;orientation&quot;:&quot;0&quot;}\" data-image-title=\"56a3e095bdfb1a57ac64a29dbc2f2bb4\" data-image-description=\"\" data-image-caption=\"\" data-large-file=\"https:\/\/i0.wp.com\/cloud.alqueria.es\/wp-content\/uploads\/sites\/8\/2024\/03\/56a3e095bdfb1a57ac64a29dbc2f2bb4.jpg?fit=344%2C344&amp;ssl=1\" class=\"aligncenter size-medium wp-image-46159\" src=\"https:\/\/i0.wp.com\/cloud.alqueria.es\/wp-content\/uploads\/sites\/8\/2024\/03\/56a3e095bdfb1a57ac64a29dbc2f2bb4-300x300.jpg?resize=300%2C300&#038;ssl=1\" alt=\"\" width=\"300\" height=\"300\" srcset=\"https:\/\/cloud.alqueria.es\/wp-content\/uploads\/sites\/8\/2024\/03\/56a3e095bdfb1a57ac64a29dbc2f2bb4.jpg 300w, https:\/\/cloud.alqueria.es\/wp-content\/uploads\/sites\/8\/2024\/03\/56a3e095bdfb1a57ac64a29dbc2f2bb4.jpg 150w, https:\/\/cloud.alqueria.es\/wp-content\/uploads\/sites\/8\/2024\/03\/56a3e095bdfb1a57ac64a29dbc2f2bb4.jpg 344w\" sizes=\"(max-width: 300px) 100vw, 300px\" \/><\/p>\n<p>A la nueva incorporaci\u00f3n de la que os habl\u00e9 en una entrada anterior, vamos a sumar otra m\u00e1s. Elisa tambi\u00e9n se unir\u00e1 a nuestro grupo, a la vuelta de las vacaciones, para compartir con nosotros la aventura de aprender a aprender.<\/p>\n<p><strong>Un fuerte abrazo y nos vemos a la vuelta.<\/strong><\/p>\n<p>Esther Justicia.<\/p>\n","protected":false},"excerpt":{"rendered":"<p>Bueno familias, tras unas semanas intensas en cuanto a comunicaciones por este medio, no es mi intenci\u00f3n extenderme demasiado. Tan s\u00f3lo deciros que es un placer haber vuelto a estar al frente de la tutor\u00eda del grupo, tras alg\u00fan tiempo de ausencia forzada. En este tiempo que he compartido con vuestros peques, han sido muchas &hellip; <a href=\"https:\/\/www.alqueria.es\/blogs\/alqueriarojaverde\/2024\/03\/22\/se-ha-terminado-el-trimestre\/\" class=\"more-link\">Seguir leyendo <span class=\"screen-reader-text\">\u00a1SE HA TERMINADO EL TRIMESTRE!<\/span> <span class=\"meta-nav\">&rarr;<\/span><\/a><\/p>\n","protected":false},"author":19,"featured_media":0,"comment_status":"open","ping_status":"open","sticky":false,"template":"","format":"standard","meta":{"jetpack_post_was_ever_published":false,"_jetpack_newsletter_access":"","_jetpack_dont_email_post_to_subs":false,"_jetpack_newsletter_tier_id":0,"_jetpack_memberships_contains_paywalled_content":false,"_jetpack_memberships_contains_paid_content":false,"footnotes":"","jetpack_publicize_message":"","jetpack_publicize_feature_enabled":true,"jetpack_social_post_already_shared":true,"jetpack_social_options":{"image_generator_settings":{"template":"highway","default_image_id":0,"font":"","enabled":false},"version":2}},"categories":[7,13],"tags":[1214],"class_list":["post-46158","post","type-post","status-publish","format-standard","hentry","category-clase-verde-5-6-anos","category-inicio","tag-fin-del-segundo-trimestre"],"jetpack_publicize_connections":[],"jetpack_featured_media_url":"","jetpack_sharing_enabled":true,"jetpack_shortlink":"https:\/\/wp.me\/p4lFbP-c0u","_links":{"self":[{"href":"https:\/\/www.alqueria.es\/blogs\/alqueriarojaverde\/wp-json\/wp\/v2\/posts\/46158","targetHints":{"allow":["GET"]}}],"collection":[{"href":"https:\/\/www.alqueria.es\/blogs\/alqueriarojaverde\/wp-json\/wp\/v2\/posts"}],"about":[{"href":"https:\/\/www.alqueria.es\/blogs\/alqueriarojaverde\/wp-json\/wp\/v2\/types\/post"}],"author":[{"embeddable":true,"href":"https:\/\/www.alqueria.es\/blogs\/alqueriarojaverde\/wp-json\/wp\/v2\/users\/19"}],"replies":[{"embeddable":true,"href":"https:\/\/www.alqueria.es\/blogs\/alqueriarojaverde\/wp-json\/wp\/v2\/comments?post=46158"}],"version-history":[{"count":2,"href":"https:\/\/www.alqueria.es\/blogs\/alqueriarojaverde\/wp-json\/wp\/v2\/posts\/46158\/revisions"}],"predecessor-version":[{"id":46161,"href":"https:\/\/www.alqueria.es\/blogs\/alqueriarojaverde\/wp-json\/wp\/v2\/posts\/46158\/revisions\/46161"}],"wp:attachment":[{"href":"https:\/\/www.alqueria.es\/blogs\/alqueriarojaverde\/wp-json\/wp\/v2\/media?parent=46158"}],"wp:term":[{"taxonomy":"category","embeddable":true,"href":"https:\/\/www.alqueria.es\/blogs\/alqueriarojaverde\/wp-json\/wp\/v2\/categories?post=46158"},{"taxonomy":"post_tag","embeddable":true,"href":"https:\/\/www.alqueria.es\/blogs\/alqueriarojaverde\/wp-json\/wp\/v2\/tags?post=46158"}],"curies":[{"name":"wp","href":"https:\/\/api.w.org\/{rel}","templated":true}]}}