{"id":46172,"date":"2024-04-01T19:43:40","date_gmt":"2024-04-01T17:43:40","guid":{"rendered":"https:\/\/www.alqueria.es\/blogs\/alqueriarojaverde\/?p=46172"},"modified":"2024-04-01T19:43:40","modified_gmt":"2024-04-01T17:43:40","slug":"a-por-el-ultimo-trimestre-2","status":"publish","type":"post","link":"https:\/\/www.alqueria.es\/blogs\/alqueriarojaverde\/2024\/04\/01\/a-por-el-ultimo-trimestre-2\/","title":{"rendered":"\u00a1A por el \u00faltimo trimestre!"},"content":{"rendered":"<p><strong>Buenas familias,<\/strong><\/p>\n<p><img data-recalc-dims=\"1\" decoding=\"async\" class=\"alignleft\" src=\"https:\/\/i0.wp.com\/1.bp.blogspot.com\/-GnnjvEjGz6g\/XpQpfID6NjI\/AAAAAAAAARs\/r0ZRYgrwKN4_h9YYr6yacjeU0L4DuOYIwCLcBGAsYHQ\/s1600\/ercer%2Btrimestre.jpg?resize=213%2C139&#038;ssl=1\" alt=\"CEIP SAN IGNACIO DEL VIAR INFANTIL: INF 5A Comenzamos el 3er Trimestre\" width=\"213\" height=\"139\" \/><strong>Una vez superados los \u00abproblemas t\u00e9cnicos\u00bb que me impidieron despedir el trimestre, hoy volvemos a reencontrarnos con much\u00edsimas ganas de contarnos todo lo que hemos hecho durante estos d\u00edas de Semana Santa. Han contado sus viajes, las visitas a familiares, procesiones, comidas especiales, cine&#8230;.un poco de todo.<\/strong><\/p>\n<p><strong>Este trimestre nuestros rojitos van a seguir experimentando una gran necesidad de desarrollar su identidad. Lo seguir\u00e1n haciendo a trav\u00e9s del juego, la toma de decisiones y sus propias preferencias.<\/strong><\/p>\n<p><strong>Aprender jugando y compartiendo es divertido, as\u00ed que no dejamos de proponer, compartir y aprender.<\/strong><\/p>\n<p><strong>Nuestros nuevos grupos de trabajo para el tercer trimestre han quedado as\u00ed:<\/strong><\/p>\n<div class=\"tiled-gallery type-circle tiled-gallery-unresized\" data-original-width=\"474\" data-carousel-extra='{&quot;blog_id&quot;:8,&quot;permalink&quot;:&quot;https:\\\/\\\/www.alqueria.es\\\/blogs\\\/alqueriarojaverde\\\/2024\\\/04\\\/01\\\/a-por-el-ultimo-trimestre-2\\\/&quot;,&quot;likes_blog_id&quot;:64268569}' itemscope itemtype=\"http:\/\/schema.org\/ImageGallery\" > <div class=\"gallery-row\" style=\"width: 474px; height: 474px;\" data-original-width=\"474\" data-original-height=\"474\" > <div class=\"gallery-group\" style=\"width: 474px; height: 474px;\" data-original-width=\"474\" data-original-height=\"474\" > <div class=\"tiled-gallery-item \" itemprop=\"associatedMedia\" itemscope itemtype=\"http:\/\/schema.org\/ImageObject\"> <a href=\"https:\/\/www.alqueria.es\/blogs\/alqueriarojaverde\/2024\/04\/01\/a-por-el-ultimo-trimestre-2\/img_20240401_121457\/\" border=\"0\" itemprop=\"url\"> <meta itemprop=\"width\" content=\"470\"> <meta itemprop=\"height\" content=\"470\"> <img decoding=\"async\" class=\"\" data-attachment-id=\"46174\" data-orig-file=\"https:\/\/cloud.alqueria.es\/wp-content\/uploads\/sites\/8\/2024\/04\/IMG_20240401_121457.jpg\" data-orig-size=\"2500,1968\" data-comments-opened=\"1\" data-image-meta=\"{&quot;aperture&quot;:&quot;1.89&quot;,&quot;credit&quot;:&quot;&quot;,&quot;camera&quot;:&quot;M2101K6G&quot;,&quot;caption&quot;:&quot;&quot;,&quot;created_timestamp&quot;:&quot;1711973679&quot;,&quot;copyright&quot;:&quot;&quot;,&quot;focal_length&quot;:&quot;5.89&quot;,&quot;iso&quot;:&quot;198&quot;,&quot;shutter_speed&quot;:&quot;0.03030303030303&quot;,&quot;title&quot;:&quot;&quot;,&quot;orientation&quot;:&quot;1&quot;}\" data-image-title=\"IMG_20240401_121457\" data-image-description=\"\" data-medium-file=\"https:\/\/i0.wp.com\/cloud.alqueria.es\/wp-content\/uploads\/sites\/8\/2024\/04\/IMG_20240401_121457.jpg?fit=300%2C236&#038;ssl=1\" data-large-file=\"https:\/\/i0.wp.com\/cloud.alqueria.es\/wp-content\/uploads\/sites\/8\/2024\/04\/IMG_20240401_121457.jpg?fit=474%2C373&#038;ssl=1\" src=\"https:\/\/i0.wp.com\/cloud.alqueria.es\/wp-content\/uploads\/sites\/8\/2024\/04\/IMG_20240401_121457.jpg?w=470&#038;h=470&#038;crop=1&#038;ssl=1\" srcset=\"https:\/\/cloud.alqueria.es\/wp-content\/uploads\/sites\/8\/2024\/04\/IMG_20240401_121457.jpg 150w, https:\/\/cloud.alqueria.es\/wp-content\/uploads\/sites\/8\/2024\/04\/IMG_20240401_121457.jpg 940w, https:\/\/cloud.alqueria.es\/wp-content\/uploads\/sites\/8\/2024\/04\/IMG_20240401_121457.jpg 1410w\" width=\"470\" height=\"470\" loading=\"lazy\" data-original-width=\"470\" data-original-height=\"470\" itemprop=\"http:\/\/schema.org\/image\" title=\"IMG_20240401_121457\" alt=\"IMG_20240401_121457\" style=\"width: 470px; height: 470px;\" \/> <\/a> <\/div> <\/div> <\/div> <\/div>\n<p><strong>Tras\u00a0 una larga asamblea en la que todos intervienen gustosos, decidimos que las propuestas ser\u00e1n:<\/strong><\/p>\n<ul>\n<li><strong>Coches.<\/strong><\/li>\n<li><strong>Disfraces y familia.<\/strong><\/li>\n<\/ul>\n<p><strong>Al final las dos propuestas han derivado\u00a0 en un cole de beb\u00e9s, una \u00abclase azulita\u00bb, en la que reparten roles entre beb\u00e9s y profes. Les han dado rienda suelta a la imaginaci\u00f3n y muchos de los compa\u00f1eros que un principio se hab\u00edan decantado por el taller de coches, se han ido incluyendo cuando han visto lo bien que los pasaban en el segundo grupo.<\/strong><\/p>\n<p class=\"jetpack-slideshow-noscript robots-nocontent\">El pase de diapositivas requiere JavaScript.<\/p><div id=\"gallery-46172-1-slideshow\" class=\"jetpack-slideshow-window jetpack-slideshow jetpack-slideshow-black\" data-trans=\"fade\" data-autostart=\"1\" data-gallery=\"[{&quot;src&quot;:&quot;https:\\\/\\\/i0.wp.com\\\/cloud.alqueria.es\\\/wp-content\\\/uploads\\\/sites\\\/8\\\/2024\\\/04\\\/IMG_20240401_102042.jpg?fit=1408%2C2500\\u0026ssl=1&quot;,&quot;id&quot;:&quot;46178&quot;,&quot;title&quot;:&quot;IMG_20240401_102042&quot;,&quot;alt&quot;:&quot;&quot;,&quot;caption&quot;:&quot;&quot;,&quot;itemprop&quot;:&quot;image&quot;},{&quot;src&quot;:&quot;https:\\\/\\\/i0.wp.com\\\/cloud.alqueria.es\\\/wp-content\\\/uploads\\\/sites\\\/8\\\/2024\\\/04\\\/IMG_20240401_103109.jpg?fit=1408%2C2500\\u0026ssl=1&quot;,&quot;id&quot;:&quot;46180&quot;,&quot;title&quot;:&quot;IMG_20240401_103109&quot;,&quot;alt&quot;:&quot;&quot;,&quot;caption&quot;:&quot;&quot;,&quot;itemprop&quot;:&quot;image&quot;},{&quot;src&quot;:&quot;https:\\\/\\\/i0.wp.com\\\/cloud.alqueria.es\\\/wp-content\\\/uploads\\\/sites\\\/8\\\/2024\\\/04\\\/IMG_20240401_135344.jpg?fit=1647%2C2500\\u0026ssl=1&quot;,&quot;id&quot;:&quot;46177&quot;,&quot;title&quot;:&quot;IMG_20240401_135344&quot;,&quot;alt&quot;:&quot;&quot;,&quot;caption&quot;:&quot;&quot;,&quot;itemprop&quot;:&quot;image&quot;},{&quot;src&quot;:&quot;https:\\\/\\\/i0.wp.com\\\/cloud.alqueria.es\\\/wp-content\\\/uploads\\\/sites\\\/8\\\/2024\\\/04\\\/IMG_20240401_105049.jpg?fit=2500%2C1408\\u0026ssl=1&quot;,&quot;id&quot;:&quot;46175&quot;,&quot;title&quot;:&quot;IMG_20240401_105049&quot;,&quot;alt&quot;:&quot;&quot;,&quot;caption&quot;:&quot;&quot;,&quot;itemprop&quot;:&quot;image&quot;},{&quot;src&quot;:&quot;https:\\\/\\\/i0.wp.com\\\/cloud.alqueria.es\\\/wp-content\\\/uploads\\\/sites\\\/8\\\/2024\\\/04\\\/IMG_20240401_104707.jpg?fit=1408%2C2500\\u0026ssl=1&quot;,&quot;id&quot;:&quot;46176&quot;,&quot;title&quot;:&quot;IMG_20240401_104707&quot;,&quot;alt&quot;:&quot;&quot;,&quot;caption&quot;:&quot;&quot;,&quot;itemprop&quot;:&quot;image&quot;},{&quot;src&quot;:&quot;https:\\\/\\\/i0.wp.com\\\/cloud.alqueria.es\\\/wp-content\\\/uploads\\\/sites\\\/8\\\/2024\\\/04\\\/IMG_20240401_135310.jpg?fit=2500%2C751\\u0026ssl=1&quot;,&quot;id&quot;:&quot;46179&quot;,&quot;title&quot;:&quot;IMG_20240401_135310&quot;,&quot;alt&quot;:&quot;&quot;,&quot;caption&quot;:&quot;&quot;,&quot;itemprop&quot;:&quot;image&quot;}]\" itemscope itemtype=\"https:\/\/schema.org\/ImageGallery\"><\/div>\n<p><strong>Por otro lado, hemos hablado un poquito acerca de lo que nos depara el trimestre: <\/strong><\/p>\n<ul>\n<li><strong>El pr\u00f3ximo lunes, <span style=\"color: #ff00ff\">d\u00eda 8<\/span> tendr\u00e1 lugar la salida del segundo trimestre. Acudiremos al auditorio de la Caja Rural de Granada para ver el espect\u00e1culo del cuento musical <span style=\"color: #ff00ff\">\u00abArbolito y la Abubilla\u00bb.<\/span><\/strong><\/li>\n<li><strong>El <span style=\"color: #ff00ff\">d\u00eda 16<\/span>, tendr\u00e1 lugar el <span style=\"color: #ff00ff\">vivero<\/span> de la clase roja. Venderemos toda la variedad de plantas que hemos sembrado\/plantado a lo largo del segundo trimestre. Comenzaremos con los preparativos a lo largo de la semana.<\/strong><\/li>\n<li><strong>En la semana del <span style=\"color: #ff00ff\">22<\/span> al <span style=\"color: #ff00ff\">26<\/span> se celebrar\u00e1 nuestra tradicional y m\u00e1gica<span style=\"color: #ff00ff\"> Semana de la Lectura.<\/span> Aquellas familias que teng\u00e1is intenci\u00f3n y muchas ganas de participar, hac\u00e9dmelo saber. El viernes cuadraremos organizaci\u00f3n espacio-temporal.\u00a0<\/strong><\/li>\n<li><strong>Tambi\u00e9n hablamos de nuestra salida a la granja-escuela, el curso de nataci\u00f3n o de la fiesta fin de curso, pero de todo ello, os ir\u00e9 informando poco a poco, \u00a1Cu\u00e1ntas cosas!<\/strong><\/li>\n<\/ul>\n<p><strong><img data-recalc-dims=\"1\" decoding=\"async\" data-attachment-id=\"46184\" data-permalink=\"https:\/\/www.alqueria.es\/blogs\/alqueriarojaverde\/2024\/04\/01\/a-por-el-ultimo-trimestre-2\/img_20240401_152712\/\" data-orig-file=\"https:\/\/i0.wp.com\/cloud.alqueria.es\/wp-content\/uploads\/sites\/8\/2024\/04\/IMG_20240401_152712.jpg?fit=2500%2C1408&amp;ssl=1\" data-orig-size=\"2500,1408\" data-comments-opened=\"1\" data-image-meta=\"{&quot;aperture&quot;:&quot;1.89&quot;,&quot;credit&quot;:&quot;&quot;,&quot;camera&quot;:&quot;M2101K6G&quot;,&quot;caption&quot;:&quot;&quot;,&quot;created_timestamp&quot;:&quot;1711985233&quot;,&quot;copyright&quot;:&quot;&quot;,&quot;focal_length&quot;:&quot;5.89&quot;,&quot;iso&quot;:&quot;684&quot;,&quot;shutter_speed&quot;:&quot;0.03030303030303&quot;,&quot;title&quot;:&quot;&quot;,&quot;orientation&quot;:&quot;1&quot;}\" data-image-title=\"IMG_20240401_152712\" data-image-description=\"\" data-image-caption=\"\" data-large-file=\"https:\/\/i0.wp.com\/cloud.alqueria.es\/wp-content\/uploads\/sites\/8\/2024\/04\/IMG_20240401_152712.jpg?fit=474%2C267&amp;ssl=1\" class=\"size-medium wp-image-46184 alignleft\" src=\"https:\/\/i0.wp.com\/cloud.alqueria.es\/wp-content\/uploads\/sites\/8\/2024\/04\/IMG_20240401_152712-300x169.jpg?resize=300%2C169&#038;ssl=1\" alt=\"\" width=\"300\" height=\"169\" srcset=\"https:\/\/cloud.alqueria.es\/wp-content\/uploads\/sites\/8\/2024\/04\/IMG_20240401_152712.jpg 300w, https:\/\/cloud.alqueria.es\/wp-content\/uploads\/sites\/8\/2024\/04\/IMG_20240401_152712.jpg 1024w, https:\/\/cloud.alqueria.es\/wp-content\/uploads\/sites\/8\/2024\/04\/IMG_20240401_152712.jpg 768w, https:\/\/cloud.alqueria.es\/wp-content\/uploads\/sites\/8\/2024\/04\/IMG_20240401_152712.jpg 1536w, https:\/\/cloud.alqueria.es\/wp-content\/uploads\/sites\/8\/2024\/04\/IMG_20240401_152712.jpg 2048w, https:\/\/cloud.alqueria.es\/wp-content\/uploads\/sites\/8\/2024\/04\/IMG_20240401_152712.jpg 948w, https:\/\/cloud.alqueria.es\/wp-content\/uploads\/sites\/8\/2024\/04\/IMG_20240401_152712.jpg 1422w\" sizes=\"(max-width: 300px) 100vw, 300px\" \/>Por la tarde, acudimos a la <span style=\"color: #ff00ff\">Biblioteca<\/span> del centro para realizar el intercambio de libros. La biblioteca representa un universo m\u00e1gico lleno de historias creativas. El intercambio ofrece la oportunidad de acceder a material nuevo cada semana, adem\u00e1s de potenciar los v\u00ednculos afectivos por medio del mantenimiento de una afici\u00f3n compartida: la lectura y el inter\u00e9s por ella.<\/strong><\/p>\n<p><strong>\u00bfPor qu\u00e9 limitarnos a fomentar la lectura dentro del aula?\u00a0<\/strong><\/p>\n<p><img data-recalc-dims=\"1\" decoding=\"async\" data-attachment-id=\"46183\" data-permalink=\"https:\/\/www.alqueria.es\/blogs\/alqueriarojaverde\/2024\/04\/01\/a-por-el-ultimo-trimestre-2\/img_20240401_154830\/\" data-orig-file=\"https:\/\/i0.wp.com\/cloud.alqueria.es\/wp-content\/uploads\/sites\/8\/2024\/04\/IMG_20240401_154830.jpg?fit=2500%2C1408&amp;ssl=1\" data-orig-size=\"2500,1408\" data-comments-opened=\"1\" data-image-meta=\"{&quot;aperture&quot;:&quot;1.89&quot;,&quot;credit&quot;:&quot;&quot;,&quot;camera&quot;:&quot;M2101K6G&quot;,&quot;caption&quot;:&quot;&quot;,&quot;created_timestamp&quot;:&quot;1711986510&quot;,&quot;copyright&quot;:&quot;&quot;,&quot;focal_length&quot;:&quot;5.89&quot;,&quot;iso&quot;:&quot;50&quot;,&quot;shutter_speed&quot;:&quot;0.0013262599469496&quot;,&quot;title&quot;:&quot;&quot;,&quot;orientation&quot;:&quot;1&quot;}\" data-image-title=\"IMG_20240401_154830\" data-image-description=\"\" data-image-caption=\"\" data-large-file=\"https:\/\/i0.wp.com\/cloud.alqueria.es\/wp-content\/uploads\/sites\/8\/2024\/04\/IMG_20240401_154830.jpg?fit=474%2C267&amp;ssl=1\" class=\"aligncenter size-medium wp-image-46183\" src=\"https:\/\/i0.wp.com\/cloud.alqueria.es\/wp-content\/uploads\/sites\/8\/2024\/04\/IMG_20240401_154830-300x169.jpg?resize=300%2C169&#038;ssl=1\" alt=\"\" width=\"300\" height=\"169\" srcset=\"https:\/\/cloud.alqueria.es\/wp-content\/uploads\/sites\/8\/2024\/04\/IMG_20240401_154830.jpg 300w, https:\/\/cloud.alqueria.es\/wp-content\/uploads\/sites\/8\/2024\/04\/IMG_20240401_154830.jpg 1024w, https:\/\/cloud.alqueria.es\/wp-content\/uploads\/sites\/8\/2024\/04\/IMG_20240401_154830.jpg 768w, https:\/\/cloud.alqueria.es\/wp-content\/uploads\/sites\/8\/2024\/04\/IMG_20240401_154830.jpg 1536w, https:\/\/cloud.alqueria.es\/wp-content\/uploads\/sites\/8\/2024\/04\/IMG_20240401_154830.jpg 2048w, https:\/\/cloud.alqueria.es\/wp-content\/uploads\/sites\/8\/2024\/04\/IMG_20240401_154830.jpg 948w, https:\/\/cloud.alqueria.es\/wp-content\/uploads\/sites\/8\/2024\/04\/IMG_20240401_154830.jpg 1422w\" sizes=\"(max-width: 300px) 100vw, 300px\" \/><\/p>\n<p><strong>Escuchamos \u00abPollosaurio\u00bb en el porche del jard\u00edn, excusa perfecta\u00a0 para descubrir m\u00e1s rincones de lectura al aire libre durante la primavera.<\/strong><\/p>\n<p><strong>Feliz semana.<\/strong><\/p>\n<p><strong>Silvia.<\/strong><\/p>\n<p>&nbsp;<\/p>\n<p>&nbsp;<\/p>\n<p>&nbsp;<\/p>\n<p>&nbsp;<\/p>\n","protected":false},"excerpt":{"rendered":"<p>Buenas familias, Una vez superados los \u00abproblemas t\u00e9cnicos\u00bb que me impidieron despedir el trimestre, hoy volvemos a reencontrarnos con much\u00edsimas ganas de contarnos todo lo que hemos hecho durante estos d\u00edas de Semana Santa. Han contado sus viajes, las visitas a familiares, procesiones, comidas especiales, cine&#8230;.un poco de todo. Este trimestre nuestros rojitos van a &hellip; <a href=\"https:\/\/www.alqueria.es\/blogs\/alqueriarojaverde\/2024\/04\/01\/a-por-el-ultimo-trimestre-2\/\" class=\"more-link\">Seguir leyendo <span class=\"screen-reader-text\">\u00a1A por el \u00faltimo trimestre!<\/span> <span class=\"meta-nav\">&rarr;<\/span><\/a><\/p>\n","protected":false},"author":19,"featured_media":0,"comment_status":"open","ping_status":"open","sticky":false,"template":"","format":"standard","meta":{"jetpack_post_was_ever_published":false,"_jetpack_newsletter_access":"","_jetpack_dont_email_post_to_subs":false,"_jetpack_newsletter_tier_id":0,"_jetpack_memberships_contains_paywalled_content":false,"_jetpack_memberships_contains_paid_content":false,"footnotes":"","jetpack_publicize_message":"","jetpack_publicize_feature_enabled":true,"jetpack_social_post_already_shared":true,"jetpack_social_options":{"image_generator_settings":{"template":"highway","default_image_id":0,"font":"","enabled":false},"version":2}},"categories":[6,13],"tags":[1469,1753],"class_list":["post-46172","post","type-post","status-publish","format-standard","hentry","category-clase-roja-4-5-anos","category-inicio","tag-biblioteca-escolar","tag-tercer-trimestre-del-curso-23-24"],"jetpack_publicize_connections":[],"jetpack_featured_media_url":"","jetpack_sharing_enabled":true,"jetpack_shortlink":"https:\/\/wp.me\/p4lFbP-c0I","_links":{"self":[{"href":"https:\/\/www.alqueria.es\/blogs\/alqueriarojaverde\/wp-json\/wp\/v2\/posts\/46172","targetHints":{"allow":["GET"]}}],"collection":[{"href":"https:\/\/www.alqueria.es\/blogs\/alqueriarojaverde\/wp-json\/wp\/v2\/posts"}],"about":[{"href":"https:\/\/www.alqueria.es\/blogs\/alqueriarojaverde\/wp-json\/wp\/v2\/types\/post"}],"author":[{"embeddable":true,"href":"https:\/\/www.alqueria.es\/blogs\/alqueriarojaverde\/wp-json\/wp\/v2\/users\/19"}],"replies":[{"embeddable":true,"href":"https:\/\/www.alqueria.es\/blogs\/alqueriarojaverde\/wp-json\/wp\/v2\/comments?post=46172"}],"version-history":[{"count":3,"href":"https:\/\/www.alqueria.es\/blogs\/alqueriarojaverde\/wp-json\/wp\/v2\/posts\/46172\/revisions"}],"predecessor-version":[{"id":46197,"href":"https:\/\/www.alqueria.es\/blogs\/alqueriarojaverde\/wp-json\/wp\/v2\/posts\/46172\/revisions\/46197"}],"wp:attachment":[{"href":"https:\/\/www.alqueria.es\/blogs\/alqueriarojaverde\/wp-json\/wp\/v2\/media?parent=46172"}],"wp:term":[{"taxonomy":"category","embeddable":true,"href":"https:\/\/www.alqueria.es\/blogs\/alqueriarojaverde\/wp-json\/wp\/v2\/categories?post=46172"},{"taxonomy":"post_tag","embeddable":true,"href":"https:\/\/www.alqueria.es\/blogs\/alqueriarojaverde\/wp-json\/wp\/v2\/tags?post=46172"}],"curies":[{"name":"wp","href":"https:\/\/api.w.org\/{rel}","templated":true}]}}