{"id":46182,"date":"2024-04-01T19:01:15","date_gmt":"2024-04-01T17:01:15","guid":{"rendered":"https:\/\/www.alqueria.es\/blogs\/alqueriarojaverde\/?p=46182"},"modified":"2024-04-01T19:01:15","modified_gmt":"2024-04-01T17:01:15","slug":"comienza-la-recta-final-del-curso","status":"publish","type":"post","link":"https:\/\/www.alqueria.es\/blogs\/alqueriarojaverde\/2024\/04\/01\/comienza-la-recta-final-del-curso\/","title":{"rendered":"\u00a1COMIENZA LA RECTA FINAL DEL CURSO!"},"content":{"rendered":"<p><img data-recalc-dims=\"1\" decoding=\"async\" data-attachment-id=\"46194\" data-permalink=\"https:\/\/www.alqueria.es\/blogs\/alqueriarojaverde\/2024\/04\/01\/comienza-la-recta-final-del-curso\/tercer-trimestre\/\" data-orig-file=\"https:\/\/i0.wp.com\/cloud.alqueria.es\/wp-content\/uploads\/sites\/8\/2024\/04\/tercer-trimestre.jpg?fit=900%2C691&amp;ssl=1\" data-orig-size=\"900,691\" data-comments-opened=\"1\" data-image-meta=\"{&quot;aperture&quot;:&quot;0&quot;,&quot;credit&quot;:&quot;&quot;,&quot;camera&quot;:&quot;&quot;,&quot;caption&quot;:&quot;&quot;,&quot;created_timestamp&quot;:&quot;0&quot;,&quot;copyright&quot;:&quot;&quot;,&quot;focal_length&quot;:&quot;0&quot;,&quot;iso&quot;:&quot;0&quot;,&quot;shutter_speed&quot;:&quot;0&quot;,&quot;title&quot;:&quot;&quot;,&quot;orientation&quot;:&quot;0&quot;}\" data-image-title=\"tercer-trimestre\" data-image-description=\"\" data-image-caption=\"\" data-large-file=\"https:\/\/i0.wp.com\/cloud.alqueria.es\/wp-content\/uploads\/sites\/8\/2024\/04\/tercer-trimestre.jpg?fit=474%2C364&amp;ssl=1\" class=\"alignleft size-medium wp-image-46194\" src=\"https:\/\/i0.wp.com\/cloud.alqueria.es\/wp-content\/uploads\/sites\/8\/2024\/04\/tercer-trimestre-300x230.jpg?resize=300%2C230&#038;ssl=1\" alt=\"\" width=\"300\" height=\"230\" srcset=\"https:\/\/cloud.alqueria.es\/wp-content\/uploads\/sites\/8\/2024\/04\/tercer-trimestre.jpg 300w, https:\/\/cloud.alqueria.es\/wp-content\/uploads\/sites\/8\/2024\/04\/tercer-trimestre.jpg 768w, https:\/\/cloud.alqueria.es\/wp-content\/uploads\/sites\/8\/2024\/04\/tercer-trimestre.jpg 900w\" sizes=\"(max-width: 300px) 100vw, 300px\" \/><span style=\"color: #00ff00\"><strong>Damos comienzo hoy a un nuevo trimestre. <\/strong><span style=\"color: #333333\">L<\/span><\/span>o hacemos con muchas ganas de reencontrarnos, tras unos d\u00edas de vacaciones.<\/p>\n<p>En la <strong><span style=\"color: #ff6600\">asamblea de inicio<\/span><\/strong> las participaciones han sido m\u00faltiples y muy extensas. Cada uno\/a ha ido interviniendo para contar lo que ha hecho en estos d\u00edas y lo han hecho con todo lujo de detalles. <span><span style=\"color: #ff6600\"><i>Visitas a casa de los abuelos y abuelas, viajes a Valencia, Almer\u00eda, Madrid o Do\u00f1ana, juegos compartidos en \u00abisla tortuga\u00bb, celebraci\u00f3n de la Pascua, recetas de cocina, diversi\u00f3n en familia, asistencia a teatros o Micr\u00f3polis,\u00a0<\/i><\/span><\/span>\u00a0han sido algunas de las cosas que hemos podido compartir.<\/p>\n<p><img data-recalc-dims=\"1\" decoding=\"async\" data-attachment-id=\"46195\" data-permalink=\"https:\/\/www.alqueria.es\/blogs\/alqueriarojaverde\/2024\/04\/01\/comienza-la-recta-final-del-curso\/calendario-abril-2024-2-scaled\/\" data-orig-file=\"https:\/\/i0.wp.com\/cloud.alqueria.es\/wp-content\/uploads\/sites\/8\/2024\/04\/calendario-abril-2024-2-scaled-1.jpg?fit=2500%2C1761&amp;ssl=1\" data-orig-size=\"2500,1761\" data-comments-opened=\"1\" data-image-meta=\"{&quot;aperture&quot;:&quot;0&quot;,&quot;credit&quot;:&quot;&quot;,&quot;camera&quot;:&quot;&quot;,&quot;caption&quot;:&quot;&quot;,&quot;created_timestamp&quot;:&quot;0&quot;,&quot;copyright&quot;:&quot;&quot;,&quot;focal_length&quot;:&quot;0&quot;,&quot;iso&quot;:&quot;0&quot;,&quot;shutter_speed&quot;:&quot;0&quot;,&quot;title&quot;:&quot;&quot;,&quot;orientation&quot;:&quot;0&quot;}\" data-image-title=\"calendario-abril-2024-2-scaled\" data-image-description=\"\" data-image-caption=\"\" data-large-file=\"https:\/\/i0.wp.com\/cloud.alqueria.es\/wp-content\/uploads\/sites\/8\/2024\/04\/calendario-abril-2024-2-scaled-1.jpg?fit=474%2C334&amp;ssl=1\" class=\"alignright size-medium wp-image-46195\" src=\"https:\/\/i0.wp.com\/cloud.alqueria.es\/wp-content\/uploads\/sites\/8\/2024\/04\/calendario-abril-2024-2-scaled-1-300x211.jpg?resize=300%2C211&#038;ssl=1\" alt=\"\" width=\"300\" height=\"211\" srcset=\"https:\/\/cloud.alqueria.es\/wp-content\/uploads\/sites\/8\/2024\/04\/calendario-abril-2024-2-scaled-1.jpg 300w, https:\/\/cloud.alqueria.es\/wp-content\/uploads\/sites\/8\/2024\/04\/calendario-abril-2024-2-scaled-1.jpg 1024w, https:\/\/cloud.alqueria.es\/wp-content\/uploads\/sites\/8\/2024\/04\/calendario-abril-2024-2-scaled-1.jpg 768w, https:\/\/cloud.alqueria.es\/wp-content\/uploads\/sites\/8\/2024\/04\/calendario-abril-2024-2-scaled-1.jpg 1536w, https:\/\/cloud.alqueria.es\/wp-content\/uploads\/sites\/8\/2024\/04\/calendario-abril-2024-2-scaled-1.jpg 2048w, https:\/\/cloud.alqueria.es\/wp-content\/uploads\/sites\/8\/2024\/04\/calendario-abril-2024-2-scaled-1.jpg 948w, https:\/\/cloud.alqueria.es\/wp-content\/uploads\/sites\/8\/2024\/04\/calendario-abril-2024-2-scaled-1.jpg 1422w\" sizes=\"(max-width: 300px) 100vw, 300px\" \/>Adem\u00e1s de comenzar nuevo trimestre hoy coincide que iniciamos un nuevo mes, as\u00ed que la tarea del s\u00faper-ayudante se han complicado un poquito. A partir de ma\u00f1ana se complicar\u00e1 algo m\u00e1s, ya os contar\u00e9. Tambi\u00e9n ma\u00f1ana cambiaremos los equipos de trabajo, de cara a lo que resta de curso.<\/p>\n<p>Este mes trae consigo m\u00faltiples experiencias de aprendizaje, proyectos de trabajo, talleres complementarios y un sinf\u00edn de oportunidades, para seguir adentr\u00e1ndonos en la aventura de aprender a aprender. Os dejo los <strong><span style=\"color: #993366\">hitos m\u00e1s significativos de este mes<\/span><\/strong>, que poco a poco ir\u00e9 detallando por aqu\u00ed.<\/p>\n<ul>\n<li>Asistiremos a cuatro <span style=\"color: #993366\">conferencias-experto<\/span>, a cargo de Ezra, Luis, Leo y Adri\u00e1n.<\/li>\n<li>El <span style=\"color: #993366\">d\u00eda 8<\/span> tendr\u00e1 lugar nuestra <span style=\"color: #993366\">salida trimestral<\/span> (del segundo trimestre). Visitaremos la sede central de Caja Rural, para asistir a un espect\u00e1culo de <span style=\"color: #993366\">cuento musical, titulado \u00abArbolito y Abubilla\u00bb.<\/span><\/li>\n<li>El <span style=\"color: #993366\">d\u00eda 15<\/span> montaremos la <span style=\"color: #993366\">tienda-vivero<\/span>, en la puerta de clase, para vender los ejemplares que hemos sembrado\/plantado y cuidado todos estos meses. Ma\u00f1ana iniciaremos el proyecto de trabajo asociado a la misma y os ir\u00e9 relatando los detalles.<\/li>\n<li>En la s<span style=\"color: #993366\">emana del 22 al 26<\/span>, celebraremos nuestra tradicional <span style=\"color: #993366\">Semana de la Lectura<\/span>. Todas aquellas familias interesadas en colaborar deb\u00e9is hac\u00e9rmelo saber a lo largo de esta semana, en la que estamos, para poder ir configurando el programa did\u00e1ctico \u00a1OS ANIMOS A TODOS\/AS A PARTICIPAR!<\/li>\n<li>De manera paralela a nuestro proyecto de trabajo del \u00abVivero\u00bb, vamos a ir realizando el <span style=\"color: #993366\">proyecto alfab\u00e9tico-creativo<\/span>, que el grupo verde hace cada a\u00f1o, con motivo de la celebraci\u00f3n de la Semana de la lectura. <span style=\"color: #993366\">Inventaremos, escribiremos e ilustraremos poes\u00edas.<\/span><\/li>\n<\/ul>\n<p>Como hab\u00e9is podido comprobar, a partir de ma\u00f1ana empezamos de manera intensa la recta final del curso. Hoy hacemos la \u00abtoma de contacto\u00bb contando todo ello en la asamblea (ha durado m\u00e1s de una hora) y dejando un tiempo significativo para el<strong><span style=\"color: #800000\"> juego libre<\/span><\/strong> en el aula. Tiempo en el que las interacciones se han dado con bastante tranquilidad, disfrutando de nuevo de la compa\u00f1\u00eda de nuestros compa\u00f1eros\/as y compartiendo tambi\u00e9n con <span style=\"color: #808000\">An\u00edbal<\/span> nuestro d\u00eda a d\u00eda <strong><span style=\"color: #808000\">\u00a1Bienvenido al grupo verde!<\/span><\/strong><\/p>\n<p class=\"jetpack-slideshow-noscript robots-nocontent\">El pase de diapositivas requiere JavaScript.<\/p><div id=\"gallery-46182-1-slideshow\" class=\"jetpack-slideshow-window jetpack-slideshow jetpack-slideshow-black\" data-trans=\"fade\" data-autostart=\"1\" data-gallery=\"[{&quot;src&quot;:&quot;https:\\\/\\\/i0.wp.com\\\/cloud.alqueria.es\\\/wp-content\\\/uploads\\\/sites\\\/8\\\/2024\\\/04\\\/20240401_104915.jpg?fit=2000%2C1500\\u0026ssl=1&quot;,&quot;id&quot;:&quot;46185&quot;,&quot;title&quot;:&quot;20240401_104915&quot;,&quot;alt&quot;:&quot;&quot;,&quot;caption&quot;:&quot;&quot;,&quot;itemprop&quot;:&quot;image&quot;},{&quot;src&quot;:&quot;https:\\\/\\\/i0.wp.com\\\/cloud.alqueria.es\\\/wp-content\\\/uploads\\\/sites\\\/8\\\/2024\\\/04\\\/20240401_105356.jpg?fit=2000%2C1500\\u0026ssl=1&quot;,&quot;id&quot;:&quot;46186&quot;,&quot;title&quot;:&quot;20240401_105356&quot;,&quot;alt&quot;:&quot;&quot;,&quot;caption&quot;:&quot;&quot;,&quot;itemprop&quot;:&quot;image&quot;},{&quot;src&quot;:&quot;https:\\\/\\\/i0.wp.com\\\/cloud.alqueria.es\\\/wp-content\\\/uploads\\\/sites\\\/8\\\/2024\\\/04\\\/20240401_105409.jpg?fit=2000%2C1500\\u0026ssl=1&quot;,&quot;id&quot;:&quot;46187&quot;,&quot;title&quot;:&quot;20240401_105409&quot;,&quot;alt&quot;:&quot;&quot;,&quot;caption&quot;:&quot;&quot;,&quot;itemprop&quot;:&quot;image&quot;},{&quot;src&quot;:&quot;https:\\\/\\\/i0.wp.com\\\/cloud.alqueria.es\\\/wp-content\\\/uploads\\\/sites\\\/8\\\/2024\\\/04\\\/20240401_105431.jpg?fit=2000%2C1500\\u0026ssl=1&quot;,&quot;id&quot;:&quot;46188&quot;,&quot;title&quot;:&quot;20240401_105431&quot;,&quot;alt&quot;:&quot;&quot;,&quot;caption&quot;:&quot;&quot;,&quot;itemprop&quot;:&quot;image&quot;},{&quot;src&quot;:&quot;https:\\\/\\\/i0.wp.com\\\/cloud.alqueria.es\\\/wp-content\\\/uploads\\\/sites\\\/8\\\/2024\\\/04\\\/20240401_105457.jpg?fit=2000%2C1500\\u0026ssl=1&quot;,&quot;id&quot;:&quot;46189&quot;,&quot;title&quot;:&quot;20240401_105457&quot;,&quot;alt&quot;:&quot;&quot;,&quot;caption&quot;:&quot;&quot;,&quot;itemprop&quot;:&quot;image&quot;},{&quot;src&quot;:&quot;https:\\\/\\\/i0.wp.com\\\/cloud.alqueria.es\\\/wp-content\\\/uploads\\\/sites\\\/8\\\/2024\\\/04\\\/20240401_105547.jpg?fit=1488%2C2000\\u0026ssl=1&quot;,&quot;id&quot;:&quot;46190&quot;,&quot;title&quot;:&quot;20240401_105547&quot;,&quot;alt&quot;:&quot;&quot;,&quot;caption&quot;:&quot;&quot;,&quot;itemprop&quot;:&quot;image&quot;},{&quot;src&quot;:&quot;https:\\\/\\\/i0.wp.com\\\/cloud.alqueria.es\\\/wp-content\\\/uploads\\\/sites\\\/8\\\/2024\\\/04\\\/20240401_105558.jpg?fit=2000%2C1500\\u0026ssl=1&quot;,&quot;id&quot;:&quot;46191&quot;,&quot;title&quot;:&quot;20240401_105558&quot;,&quot;alt&quot;:&quot;&quot;,&quot;caption&quot;:&quot;&quot;,&quot;itemprop&quot;:&quot;image&quot;},{&quot;src&quot;:&quot;https:\\\/\\\/i0.wp.com\\\/cloud.alqueria.es\\\/wp-content\\\/uploads\\\/sites\\\/8\\\/2024\\\/04\\\/20240401_105638.jpg?fit=2000%2C1500\\u0026ssl=1&quot;,&quot;id&quot;:&quot;46192&quot;,&quot;title&quot;:&quot;20240401_105638&quot;,&quot;alt&quot;:&quot;&quot;,&quot;caption&quot;:&quot;&quot;,&quot;itemprop&quot;:&quot;image&quot;},{&quot;src&quot;:&quot;https:\\\/\\\/i0.wp.com\\\/cloud.alqueria.es\\\/wp-content\\\/uploads\\\/sites\\\/8\\\/2024\\\/04\\\/20240401_105704.jpg?fit=2000%2C1500\\u0026ssl=1&quot;,&quot;id&quot;:&quot;46193&quot;,&quot;title&quot;:&quot;20240401_105704&quot;,&quot;alt&quot;:&quot;&quot;,&quot;caption&quot;:&quot;&quot;,&quot;itemprop&quot;:&quot;image&quot;}]\" itemscope itemtype=\"https:\/\/schema.org\/ImageGallery\"><\/div>\n<p><strong>\u00a1Hasta ma\u00f1ana!<\/strong><\/p>\n<p>Esther Justicia.<\/p>\n","protected":false},"excerpt":{"rendered":"<p>Damos comienzo hoy a un nuevo trimestre. Lo hacemos con muchas ganas de reencontrarnos, tras unos d\u00edas de vacaciones. En la asamblea de inicio las participaciones han sido m\u00faltiples y muy extensas. Cada uno\/a ha ido interviniendo para contar lo que ha hecho en estos d\u00edas y lo han hecho con todo lujo de detalles. &hellip; <a href=\"https:\/\/www.alqueria.es\/blogs\/alqueriarojaverde\/2024\/04\/01\/comienza-la-recta-final-del-curso\/\" class=\"more-link\">Seguir leyendo <span class=\"screen-reader-text\">\u00a1COMIENZA LA RECTA FINAL DEL CURSO!<\/span> <span class=\"meta-nav\">&rarr;<\/span><\/a><\/p>\n","protected":false},"author":19,"featured_media":0,"comment_status":"open","ping_status":"open","sticky":false,"template":"","format":"standard","meta":{"jetpack_post_was_ever_published":false,"_jetpack_newsletter_access":"","_jetpack_dont_email_post_to_subs":false,"_jetpack_newsletter_tier_id":0,"_jetpack_memberships_contains_paywalled_content":false,"_jetpack_memberships_contains_paid_content":false,"footnotes":"","jetpack_publicize_message":"","jetpack_publicize_feature_enabled":true,"jetpack_social_post_already_shared":true,"jetpack_social_options":{"image_generator_settings":{"template":"highway","default_image_id":0,"font":"","enabled":false},"version":2}},"categories":[7,13],"tags":[1752],"class_list":["post-46182","post","type-post","status-publish","format-standard","hentry","category-clase-verde-5-6-anos","category-inicio","tag-tercer-trimestre-del-curso"],"jetpack_publicize_connections":[],"jetpack_featured_media_url":"","jetpack_sharing_enabled":true,"jetpack_shortlink":"https:\/\/wp.me\/p4lFbP-c0S","_links":{"self":[{"href":"https:\/\/www.alqueria.es\/blogs\/alqueriarojaverde\/wp-json\/wp\/v2\/posts\/46182","targetHints":{"allow":["GET"]}}],"collection":[{"href":"https:\/\/www.alqueria.es\/blogs\/alqueriarojaverde\/wp-json\/wp\/v2\/posts"}],"about":[{"href":"https:\/\/www.alqueria.es\/blogs\/alqueriarojaverde\/wp-json\/wp\/v2\/types\/post"}],"author":[{"embeddable":true,"href":"https:\/\/www.alqueria.es\/blogs\/alqueriarojaverde\/wp-json\/wp\/v2\/users\/19"}],"replies":[{"embeddable":true,"href":"https:\/\/www.alqueria.es\/blogs\/alqueriarojaverde\/wp-json\/wp\/v2\/comments?post=46182"}],"version-history":[{"count":1,"href":"https:\/\/www.alqueria.es\/blogs\/alqueriarojaverde\/wp-json\/wp\/v2\/posts\/46182\/revisions"}],"predecessor-version":[{"id":46196,"href":"https:\/\/www.alqueria.es\/blogs\/alqueriarojaverde\/wp-json\/wp\/v2\/posts\/46182\/revisions\/46196"}],"wp:attachment":[{"href":"https:\/\/www.alqueria.es\/blogs\/alqueriarojaverde\/wp-json\/wp\/v2\/media?parent=46182"}],"wp:term":[{"taxonomy":"category","embeddable":true,"href":"https:\/\/www.alqueria.es\/blogs\/alqueriarojaverde\/wp-json\/wp\/v2\/categories?post=46182"},{"taxonomy":"post_tag","embeddable":true,"href":"https:\/\/www.alqueria.es\/blogs\/alqueriarojaverde\/wp-json\/wp\/v2\/tags?post=46182"}],"curies":[{"name":"wp","href":"https:\/\/api.w.org\/{rel}","templated":true}]}}