{"id":48292,"date":"2024-06-11T00:25:02","date_gmt":"2024-06-10T22:25:02","guid":{"rendered":"https:\/\/www.alqueria.es\/blogs\/alqueriarojaverde\/?p=48292"},"modified":"2024-06-11T00:30:34","modified_gmt":"2024-06-10T22:30:34","slug":"gran-fiesta-de-la-prehistoria-en-alqueria-educacion","status":"publish","type":"post","link":"https:\/\/www.alqueria.es\/blogs\/alqueriarojaverde\/2024\/06\/11\/gran-fiesta-de-la-prehistoria-en-alqueria-educacion\/","title":{"rendered":"Gran fiesta de \u00abLa Prehistoria\u00bb en Alquer\u00eda Educaci\u00f3n"},"content":{"rendered":"<p><strong>A lo largo de la pasada semana los rojitos participaron en los preparativos de la fiesta de fin de curso.<img decoding=\"async\" class=\"aligncenter\" src=\"https:\/\/media.istockphoto.com\/vectors\/caveman-and-family-vector-id165759317?k=6&amp;m=165759317&amp;s=170667a&amp;w=0&amp;h=dkOP4KOcM2ftEiifV984jRBu9-1U5A-QP0dHo7U5pxU=\" alt=\"Caveman And Family Stock Illustration - Download Image Now - iStock\" width=\"236\" height=\"234\" \/><\/strong><\/p>\n<p><strong>Disfrutaron mucho con la propuesta de juego sobre la Prehistoria. Nuestras sesiones de\u00a0 juego han estado llenas de creatividad para la recreaci\u00f3n de espacios con el material disponible en el aula.<\/strong><\/p>\n<p class=\"jetpack-slideshow-noscript robots-nocontent\">El pase de diapositivas requiere JavaScript.<\/p><div id=\"gallery-48292-1-slideshow\" class=\"jetpack-slideshow-window jetpack-slideshow jetpack-slideshow-black\" data-trans=\"fade\" data-autostart=\"1\" data-gallery=\"[{&quot;src&quot;:&quot;https:\\\/\\\/i0.wp.com\\\/cloud.alqueria.es\\\/wp-content\\\/uploads\\\/sites\\\/8\\\/2024\\\/06\\\/IMG_20240605_095618.jpg?fit=1125%2C2500\\u0026ssl=1&quot;,&quot;id&quot;:&quot;48317&quot;,&quot;title&quot;:&quot;IMG_20240605_095618&quot;,&quot;alt&quot;:&quot;&quot;,&quot;caption&quot;:&quot;&quot;,&quot;itemprop&quot;:&quot;image&quot;},{&quot;src&quot;:&quot;https:\\\/\\\/i0.wp.com\\\/cloud.alqueria.es\\\/wp-content\\\/uploads\\\/sites\\\/8\\\/2024\\\/06\\\/IMG_20240605_100650.jpg?fit=2500%2C1125\\u0026ssl=1&quot;,&quot;id&quot;:&quot;48319&quot;,&quot;title&quot;:&quot;IMG_20240605_100650&quot;,&quot;alt&quot;:&quot;&quot;,&quot;caption&quot;:&quot;&quot;,&quot;itemprop&quot;:&quot;image&quot;},{&quot;src&quot;:&quot;https:\\\/\\\/i0.wp.com\\\/cloud.alqueria.es\\\/wp-content\\\/uploads\\\/sites\\\/8\\\/2024\\\/06\\\/IMG_20240605_100806.jpg?fit=2500%2C1125\\u0026ssl=1&quot;,&quot;id&quot;:&quot;48305&quot;,&quot;title&quot;:&quot;IMG_20240605_100806&quot;,&quot;alt&quot;:&quot;&quot;,&quot;caption&quot;:&quot;&quot;,&quot;itemprop&quot;:&quot;image&quot;},{&quot;src&quot;:&quot;https:\\\/\\\/i0.wp.com\\\/cloud.alqueria.es\\\/wp-content\\\/uploads\\\/sites\\\/8\\\/2024\\\/06\\\/IMG_20240606_095705.jpg?fit=2500%2C1125\\u0026ssl=1&quot;,&quot;id&quot;:&quot;48298&quot;,&quot;title&quot;:&quot;IMG_20240606_095705&quot;,&quot;alt&quot;:&quot;&quot;,&quot;caption&quot;:&quot;&quot;,&quot;itemprop&quot;:&quot;image&quot;},{&quot;src&quot;:&quot;https:\\\/\\\/i0.wp.com\\\/cloud.alqueria.es\\\/wp-content\\\/uploads\\\/sites\\\/8\\\/2024\\\/06\\\/IMG_20240605_100632.jpg?fit=2500%2C1125\\u0026ssl=1&quot;,&quot;id&quot;:&quot;48301&quot;,&quot;title&quot;:&quot;IMG_20240605_100632&quot;,&quot;alt&quot;:&quot;&quot;,&quot;caption&quot;:&quot;&quot;,&quot;itemprop&quot;:&quot;image&quot;},{&quot;src&quot;:&quot;https:\\\/\\\/i0.wp.com\\\/cloud.alqueria.es\\\/wp-content\\\/uploads\\\/sites\\\/8\\\/2024\\\/06\\\/IMG_20240606_095646.jpg?fit=1125%2C2500\\u0026ssl=1&quot;,&quot;id&quot;:&quot;48303&quot;,&quot;title&quot;:&quot;IMG_20240606_095646&quot;,&quot;alt&quot;:&quot;&quot;,&quot;caption&quot;:&quot;&quot;,&quot;itemprop&quot;:&quot;image&quot;}]\" itemscope itemtype=\"https:\/\/schema.org\/ImageGallery\"><\/div>\n<p><strong>En nuestras asambleas hemos le\u00eddo los ejemplares de investigaci\u00f3n, descubriendo datos realmente interesantes sobre c\u00f3mo era la vida en la prehistoria.<\/strong><\/p>\n<div class=\"tiled-gallery type-rectangular tiled-gallery-unresized\" data-original-width=\"474\" data-carousel-extra='{&quot;blog_id&quot;:8,&quot;permalink&quot;:&quot;https:\\\/\\\/www.alqueria.es\\\/blogs\\\/alqueriarojaverde\\\/2024\\\/06\\\/11\\\/gran-fiesta-de-la-prehistoria-en-alqueria-educacion\\\/&quot;,&quot;likes_blog_id&quot;:64268569}' itemscope itemtype=\"http:\/\/schema.org\/ImageGallery\" > <div class=\"gallery-row\" style=\"width: 474px; height: 177px;\" data-original-width=\"474\" data-original-height=\"177\" > <div class=\"gallery-group images-2\" style=\"width: 85px; height: 177px;\" data-original-width=\"85\" data-original-height=\"177\" > <div class=\"tiled-gallery-item tiled-gallery-item-small\" itemprop=\"associatedMedia\" itemscope itemtype=\"http:\/\/schema.org\/ImageObject\"> <a href=\"https:\/\/www.alqueria.es\/blogs\/alqueriarojaverde\/2024\/06\/11\/gran-fiesta-de-la-prehistoria-en-alqueria-educacion\/img_20240606_181717\/\" border=\"0\" itemprop=\"url\"> <meta itemprop=\"width\" content=\"81\"> <meta itemprop=\"height\" content=\"90\"> <img decoding=\"async\" class=\"\" data-attachment-id=\"48325\" data-orig-file=\"https:\/\/cloud.alqueria.es\/wp-content\/uploads\/sites\/8\/2024\/06\/IMG_20240606_181717.jpg\" data-orig-size=\"1675,1853\" data-comments-opened=\"1\" data-image-meta=\"{&quot;aperture&quot;:&quot;1.89&quot;,&quot;credit&quot;:&quot;&quot;,&quot;camera&quot;:&quot;M2101K6G&quot;,&quot;caption&quot;:&quot;&quot;,&quot;created_timestamp&quot;:&quot;1717667502&quot;,&quot;copyright&quot;:&quot;&quot;,&quot;focal_length&quot;:&quot;5.89&quot;,&quot;iso&quot;:&quot;528&quot;,&quot;shutter_speed&quot;:&quot;0.03030303030303&quot;,&quot;title&quot;:&quot;&quot;,&quot;orientation&quot;:&quot;1&quot;}\" data-image-title=\"IMG_20240606_181717\" data-image-description=\"\" data-medium-file=\"https:\/\/i0.wp.com\/cloud.alqueria.es\/wp-content\/uploads\/sites\/8\/2024\/06\/IMG_20240606_181717.jpg?fit=271%2C300&#038;ssl=1\" data-large-file=\"https:\/\/i0.wp.com\/cloud.alqueria.es\/wp-content\/uploads\/sites\/8\/2024\/06\/IMG_20240606_181717.jpg?fit=474%2C524&#038;ssl=1\" src=\"https:\/\/i0.wp.com\/cloud.alqueria.es\/wp-content\/uploads\/sites\/8\/2024\/06\/IMG_20240606_181717.jpg?w=81&#038;h=90&#038;ssl=1\" srcset=\"https:\/\/cloud.alqueria.es\/wp-content\/uploads\/sites\/8\/2024\/06\/IMG_20240606_181717.jpg 1675w, https:\/\/cloud.alqueria.es\/wp-content\/uploads\/sites\/8\/2024\/06\/IMG_20240606_181717.jpg 271w, https:\/\/cloud.alqueria.es\/wp-content\/uploads\/sites\/8\/2024\/06\/IMG_20240606_181717.jpg 926w, https:\/\/cloud.alqueria.es\/wp-content\/uploads\/sites\/8\/2024\/06\/IMG_20240606_181717.jpg 768w, https:\/\/cloud.alqueria.es\/wp-content\/uploads\/sites\/8\/2024\/06\/IMG_20240606_181717.jpg 1388w\" width=\"81\" height=\"90\" loading=\"lazy\" data-original-width=\"81\" data-original-height=\"90\" itemprop=\"http:\/\/schema.org\/image\" title=\"IMG_20240606_181717\" alt=\"IMG_20240606_181717\" style=\"width: 81px; height: 90px;\" \/> <\/a> <\/div> <div class=\"tiled-gallery-item tiled-gallery-item-small\" itemprop=\"associatedMedia\" itemscope itemtype=\"http:\/\/schema.org\/ImageObject\"> <a href=\"https:\/\/www.alqueria.es\/blogs\/alqueriarojaverde\/2024\/06\/11\/gran-fiesta-de-la-prehistoria-en-alqueria-educacion\/img_20240606_181752\/\" border=\"0\" itemprop=\"url\"> <meta itemprop=\"width\" content=\"81\"> <meta itemprop=\"height\" content=\"79\"> <img decoding=\"async\" class=\"\" data-attachment-id=\"48324\" data-orig-file=\"https:\/\/cloud.alqueria.es\/wp-content\/uploads\/sites\/8\/2024\/06\/IMG_20240606_181752.jpg\" data-orig-size=\"1398,1354\" data-comments-opened=\"1\" data-image-meta=\"{&quot;aperture&quot;:&quot;1.89&quot;,&quot;credit&quot;:&quot;&quot;,&quot;camera&quot;:&quot;M2101K6G&quot;,&quot;caption&quot;:&quot;&quot;,&quot;created_timestamp&quot;:&quot;1717667540&quot;,&quot;copyright&quot;:&quot;&quot;,&quot;focal_length&quot;:&quot;5.89&quot;,&quot;iso&quot;:&quot;354&quot;,&quot;shutter_speed&quot;:&quot;0.03030303030303&quot;,&quot;title&quot;:&quot;&quot;,&quot;orientation&quot;:&quot;1&quot;}\" data-image-title=\"IMG_20240606_181752\" data-image-description=\"\" data-medium-file=\"https:\/\/i0.wp.com\/cloud.alqueria.es\/wp-content\/uploads\/sites\/8\/2024\/06\/IMG_20240606_181752.jpg?fit=300%2C291&#038;ssl=1\" data-large-file=\"https:\/\/i0.wp.com\/cloud.alqueria.es\/wp-content\/uploads\/sites\/8\/2024\/06\/IMG_20240606_181752.jpg?fit=474%2C459&#038;ssl=1\" src=\"https:\/\/i0.wp.com\/cloud.alqueria.es\/wp-content\/uploads\/sites\/8\/2024\/06\/IMG_20240606_181752.jpg?w=81&#038;h=79&#038;ssl=1\" srcset=\"https:\/\/cloud.alqueria.es\/wp-content\/uploads\/sites\/8\/2024\/06\/IMG_20240606_181752.jpg 1398w, https:\/\/cloud.alqueria.es\/wp-content\/uploads\/sites\/8\/2024\/06\/IMG_20240606_181752.jpg 300w, https:\/\/cloud.alqueria.es\/wp-content\/uploads\/sites\/8\/2024\/06\/IMG_20240606_181752.jpg 1024w, https:\/\/cloud.alqueria.es\/wp-content\/uploads\/sites\/8\/2024\/06\/IMG_20240606_181752.jpg 768w, https:\/\/cloud.alqueria.es\/wp-content\/uploads\/sites\/8\/2024\/06\/IMG_20240606_181752.jpg 948w\" width=\"81\" height=\"79\" loading=\"lazy\" data-original-width=\"81\" data-original-height=\"79\" itemprop=\"http:\/\/schema.org\/image\" title=\"IMG_20240606_181752\" alt=\"IMG_20240606_181752\" style=\"width: 81px; height: 79px;\" \/> <\/a> <\/div> <\/div> <!-- close group --> <div class=\"gallery-group images-1\" style=\"width: 389px; height: 177px;\" data-original-width=\"389\" data-original-height=\"177\" > <div class=\"tiled-gallery-item tiled-gallery-item-large\" itemprop=\"associatedMedia\" itemscope itemtype=\"http:\/\/schema.org\/ImageObject\"> <a href=\"https:\/\/www.alqueria.es\/blogs\/alqueriarojaverde\/2024\/06\/11\/gran-fiesta-de-la-prehistoria-en-alqueria-educacion\/img_20240606_095156\/\" border=\"0\" itemprop=\"url\"> <meta itemprop=\"width\" content=\"385\"> <meta itemprop=\"height\" content=\"173\"> <img decoding=\"async\" class=\"\" data-attachment-id=\"48327\" data-orig-file=\"https:\/\/cloud.alqueria.es\/wp-content\/uploads\/sites\/8\/2024\/06\/IMG_20240606_095156.jpg\" data-orig-size=\"2500,1125\" data-comments-opened=\"1\" data-image-meta=\"{&quot;aperture&quot;:&quot;1.89&quot;,&quot;credit&quot;:&quot;&quot;,&quot;camera&quot;:&quot;M2101K6G&quot;,&quot;caption&quot;:&quot;&quot;,&quot;created_timestamp&quot;:&quot;1717667517&quot;,&quot;copyright&quot;:&quot;&quot;,&quot;focal_length&quot;:&quot;5.89&quot;,&quot;iso&quot;:&quot;393&quot;,&quot;shutter_speed&quot;:&quot;0.03030303030303&quot;,&quot;title&quot;:&quot;&quot;,&quot;orientation&quot;:&quot;1&quot;}\" data-image-title=\"IMG_20240606_095156\" data-image-description=\"\" data-medium-file=\"https:\/\/i0.wp.com\/cloud.alqueria.es\/wp-content\/uploads\/sites\/8\/2024\/06\/IMG_20240606_095156.jpg?fit=300%2C135&#038;ssl=1\" data-large-file=\"https:\/\/i0.wp.com\/cloud.alqueria.es\/wp-content\/uploads\/sites\/8\/2024\/06\/IMG_20240606_095156.jpg?fit=474%2C213&#038;ssl=1\" src=\"https:\/\/i0.wp.com\/cloud.alqueria.es\/wp-content\/uploads\/sites\/8\/2024\/06\/IMG_20240606_095156.jpg?w=385&#038;h=173&#038;ssl=1\" srcset=\"https:\/\/cloud.alqueria.es\/wp-content\/uploads\/sites\/8\/2024\/06\/IMG_20240606_095156.jpg 2500w, https:\/\/cloud.alqueria.es\/wp-content\/uploads\/sites\/8\/2024\/06\/IMG_20240606_095156.jpg 300w, https:\/\/cloud.alqueria.es\/wp-content\/uploads\/sites\/8\/2024\/06\/IMG_20240606_095156.jpg 1024w, https:\/\/cloud.alqueria.es\/wp-content\/uploads\/sites\/8\/2024\/06\/IMG_20240606_095156.jpg 768w, https:\/\/cloud.alqueria.es\/wp-content\/uploads\/sites\/8\/2024\/06\/IMG_20240606_095156.jpg 1536w, https:\/\/cloud.alqueria.es\/wp-content\/uploads\/sites\/8\/2024\/06\/IMG_20240606_095156.jpg 2048w, https:\/\/cloud.alqueria.es\/wp-content\/uploads\/sites\/8\/2024\/06\/IMG_20240606_095156.jpg 948w, https:\/\/cloud.alqueria.es\/wp-content\/uploads\/sites\/8\/2024\/06\/IMG_20240606_095156.jpg 1422w\" width=\"385\" height=\"173\" loading=\"lazy\" data-original-width=\"385\" data-original-height=\"173\" itemprop=\"http:\/\/schema.org\/image\" title=\"IMG_20240606_095156\" alt=\"IMG_20240606_095156\" style=\"width: 385px; height: 173px;\" \/> <\/a> <\/div> <\/div> <!-- close group --> <\/div> <!-- close row --> <\/div>\n<ul>\n<li><strong>Partiendo de un trozo de papel\u00a0 estampado, creamos hombres y mujeres prehist\u00f3ricos:<\/strong><\/li>\n<\/ul>\n<div class=\"tiled-gallery type-rectangular tiled-gallery-unresized\" data-original-width=\"474\" data-carousel-extra='{&quot;blog_id&quot;:8,&quot;permalink&quot;:&quot;https:\\\/\\\/www.alqueria.es\\\/blogs\\\/alqueriarojaverde\\\/2024\\\/06\\\/11\\\/gran-fiesta-de-la-prehistoria-en-alqueria-educacion\\\/&quot;,&quot;likes_blog_id&quot;:64268569}' itemscope itemtype=\"http:\/\/schema.org\/ImageGallery\" > <div class=\"gallery-row\" style=\"width: 474px; height: 571px;\" data-original-width=\"474\" data-original-height=\"571\" > <div class=\"gallery-group images-2\" style=\"width: 215px; height: 571px;\" data-original-width=\"215\" data-original-height=\"571\" > <div class=\"tiled-gallery-item tiled-gallery-item-small\" itemprop=\"associatedMedia\" itemscope itemtype=\"http:\/\/schema.org\/ImageObject\"> <a href=\"https:\/\/www.alqueria.es\/blogs\/alqueriarojaverde\/2024\/06\/11\/gran-fiesta-de-la-prehistoria-en-alqueria-educacion\/img_20240603_121008-2\/\" border=\"0\" itemprop=\"url\"> <meta itemprop=\"width\" content=\"211\"> <meta itemprop=\"height\" content=\"468\"> <img decoding=\"async\" class=\"\" data-attachment-id=\"48351\" data-orig-file=\"https:\/\/cloud.alqueria.es\/wp-content\/uploads\/sites\/8\/2024\/06\/IMG_20240603_121008-1.jpg\" data-orig-size=\"1125,2500\" data-comments-opened=\"1\" data-image-meta=\"{&quot;aperture&quot;:&quot;1.89&quot;,&quot;credit&quot;:&quot;&quot;,&quot;camera&quot;:&quot;M2101K6G&quot;,&quot;caption&quot;:&quot;&quot;,&quot;created_timestamp&quot;:&quot;1717416608&quot;,&quot;copyright&quot;:&quot;&quot;,&quot;focal_length&quot;:&quot;5.89&quot;,&quot;iso&quot;:&quot;154&quot;,&quot;shutter_speed&quot;:&quot;0.03030303030303&quot;,&quot;title&quot;:&quot;&quot;,&quot;orientation&quot;:&quot;1&quot;}\" data-image-title=\"IMG_20240603_121008\" data-image-description=\"\" data-medium-file=\"https:\/\/i0.wp.com\/cloud.alqueria.es\/wp-content\/uploads\/sites\/8\/2024\/06\/IMG_20240603_121008-1.jpg?fit=135%2C300&#038;ssl=1\" data-large-file=\"https:\/\/i0.wp.com\/cloud.alqueria.es\/wp-content\/uploads\/sites\/8\/2024\/06\/IMG_20240603_121008-1.jpg?fit=461%2C1024&#038;ssl=1\" src=\"https:\/\/i0.wp.com\/cloud.alqueria.es\/wp-content\/uploads\/sites\/8\/2024\/06\/IMG_20240603_121008-1.jpg?w=211&#038;h=468&#038;ssl=1\" srcset=\"https:\/\/cloud.alqueria.es\/wp-content\/uploads\/sites\/8\/2024\/06\/IMG_20240603_121008-1.jpg 1125w, https:\/\/cloud.alqueria.es\/wp-content\/uploads\/sites\/8\/2024\/06\/IMG_20240603_121008-1.jpg 135w, https:\/\/cloud.alqueria.es\/wp-content\/uploads\/sites\/8\/2024\/06\/IMG_20240603_121008-1.jpg 461w, https:\/\/cloud.alqueria.es\/wp-content\/uploads\/sites\/8\/2024\/06\/IMG_20240603_121008-1.jpg 768w, https:\/\/cloud.alqueria.es\/wp-content\/uploads\/sites\/8\/2024\/06\/IMG_20240603_121008-1.jpg 691w, https:\/\/cloud.alqueria.es\/wp-content\/uploads\/sites\/8\/2024\/06\/IMG_20240603_121008-1.jpg 922w\" width=\"211\" height=\"468\" loading=\"lazy\" data-original-width=\"211\" data-original-height=\"468\" itemprop=\"http:\/\/schema.org\/image\" title=\"IMG_20240603_121008\" alt=\"IMG_20240603_121008\" style=\"width: 211px; height: 468px;\" \/> <\/a> <\/div> <div class=\"tiled-gallery-item tiled-gallery-item-small\" itemprop=\"associatedMedia\" itemscope itemtype=\"http:\/\/schema.org\/ImageObject\"> <a href=\"https:\/\/www.alqueria.es\/blogs\/alqueriarojaverde\/2024\/06\/11\/gran-fiesta-de-la-prehistoria-en-alqueria-educacion\/img_20240603_113507-2\/\" border=\"0\" itemprop=\"url\"> <meta itemprop=\"width\" content=\"211\"> <meta itemprop=\"height\" content=\"95\"> <img decoding=\"async\" class=\"\" data-attachment-id=\"48347\" data-orig-file=\"https:\/\/cloud.alqueria.es\/wp-content\/uploads\/sites\/8\/2024\/06\/IMG_20240603_113507-1.jpg\" data-orig-size=\"2500,1125\" data-comments-opened=\"1\" data-image-meta=\"{&quot;aperture&quot;:&quot;1.89&quot;,&quot;credit&quot;:&quot;&quot;,&quot;camera&quot;:&quot;M2101K6G&quot;,&quot;caption&quot;:&quot;&quot;,&quot;created_timestamp&quot;:&quot;1717414507&quot;,&quot;copyright&quot;:&quot;&quot;,&quot;focal_length&quot;:&quot;5.89&quot;,&quot;iso&quot;:&quot;113&quot;,&quot;shutter_speed&quot;:&quot;0.02&quot;,&quot;title&quot;:&quot;&quot;,&quot;orientation&quot;:&quot;1&quot;}\" data-image-title=\"IMG_20240603_113507\" data-image-description=\"\" data-medium-file=\"https:\/\/i0.wp.com\/cloud.alqueria.es\/wp-content\/uploads\/sites\/8\/2024\/06\/IMG_20240603_113507-1.jpg?fit=300%2C135&#038;ssl=1\" data-large-file=\"https:\/\/i0.wp.com\/cloud.alqueria.es\/wp-content\/uploads\/sites\/8\/2024\/06\/IMG_20240603_113507-1.jpg?fit=474%2C213&#038;ssl=1\" src=\"https:\/\/i0.wp.com\/cloud.alqueria.es\/wp-content\/uploads\/sites\/8\/2024\/06\/IMG_20240603_113507-1.jpg?w=211&#038;h=95&#038;ssl=1\" srcset=\"https:\/\/cloud.alqueria.es\/wp-content\/uploads\/sites\/8\/2024\/06\/IMG_20240603_113507-1.jpg 2500w, https:\/\/cloud.alqueria.es\/wp-content\/uploads\/sites\/8\/2024\/06\/IMG_20240603_113507-1.jpg 300w, https:\/\/cloud.alqueria.es\/wp-content\/uploads\/sites\/8\/2024\/06\/IMG_20240603_113507-1.jpg 1024w, https:\/\/cloud.alqueria.es\/wp-content\/uploads\/sites\/8\/2024\/06\/IMG_20240603_113507-1.jpg 768w, https:\/\/cloud.alqueria.es\/wp-content\/uploads\/sites\/8\/2024\/06\/IMG_20240603_113507-1.jpg 1536w, https:\/\/cloud.alqueria.es\/wp-content\/uploads\/sites\/8\/2024\/06\/IMG_20240603_113507-1.jpg 2048w, https:\/\/cloud.alqueria.es\/wp-content\/uploads\/sites\/8\/2024\/06\/IMG_20240603_113507-1.jpg 948w, https:\/\/cloud.alqueria.es\/wp-content\/uploads\/sites\/8\/2024\/06\/IMG_20240603_113507-1.jpg 1422w\" width=\"211\" height=\"95\" loading=\"lazy\" data-original-width=\"211\" data-original-height=\"95\" itemprop=\"http:\/\/schema.org\/image\" title=\"IMG_20240603_113507\" alt=\"IMG_20240603_113507\" style=\"width: 211px; height: 95px;\" \/> <\/a> <\/div> <\/div> <!-- close group --> <div class=\"gallery-group images-1\" style=\"width: 259px; height: 571px;\" data-original-width=\"259\" data-original-height=\"571\" > <div class=\"tiled-gallery-item tiled-gallery-item-large\" itemprop=\"associatedMedia\" itemscope itemtype=\"http:\/\/schema.org\/ImageObject\"> <a href=\"https:\/\/www.alqueria.es\/blogs\/alqueriarojaverde\/2024\/06\/11\/gran-fiesta-de-la-prehistoria-en-alqueria-educacion\/img_20240603_114352-2\/\" border=\"0\" itemprop=\"url\"> <meta itemprop=\"width\" content=\"255\"> <meta itemprop=\"height\" content=\"567\"> <img decoding=\"async\" class=\"\" data-attachment-id=\"48348\" data-orig-file=\"https:\/\/cloud.alqueria.es\/wp-content\/uploads\/sites\/8\/2024\/06\/IMG_20240603_114352-1.jpg\" data-orig-size=\"1125,2500\" data-comments-opened=\"1\" data-image-meta=\"{&quot;aperture&quot;:&quot;1.89&quot;,&quot;credit&quot;:&quot;&quot;,&quot;camera&quot;:&quot;M2101K6G&quot;,&quot;caption&quot;:&quot;&quot;,&quot;created_timestamp&quot;:&quot;1717415032&quot;,&quot;copyright&quot;:&quot;&quot;,&quot;focal_length&quot;:&quot;5.89&quot;,&quot;iso&quot;:&quot;57&quot;,&quot;shutter_speed&quot;:&quot;0.02&quot;,&quot;title&quot;:&quot;&quot;,&quot;orientation&quot;:&quot;1&quot;}\" data-image-title=\"IMG_20240603_114352\" data-image-description=\"\" data-medium-file=\"https:\/\/i0.wp.com\/cloud.alqueria.es\/wp-content\/uploads\/sites\/8\/2024\/06\/IMG_20240603_114352-1.jpg?fit=135%2C300&#038;ssl=1\" data-large-file=\"https:\/\/i0.wp.com\/cloud.alqueria.es\/wp-content\/uploads\/sites\/8\/2024\/06\/IMG_20240603_114352-1.jpg?fit=461%2C1024&#038;ssl=1\" src=\"https:\/\/i0.wp.com\/cloud.alqueria.es\/wp-content\/uploads\/sites\/8\/2024\/06\/IMG_20240603_114352-1.jpg?w=255&#038;h=567&#038;ssl=1\" srcset=\"https:\/\/cloud.alqueria.es\/wp-content\/uploads\/sites\/8\/2024\/06\/IMG_20240603_114352-1.jpg 1125w, https:\/\/cloud.alqueria.es\/wp-content\/uploads\/sites\/8\/2024\/06\/IMG_20240603_114352-1.jpg 135w, https:\/\/cloud.alqueria.es\/wp-content\/uploads\/sites\/8\/2024\/06\/IMG_20240603_114352-1.jpg 461w, https:\/\/cloud.alqueria.es\/wp-content\/uploads\/sites\/8\/2024\/06\/IMG_20240603_114352-1.jpg 768w, https:\/\/cloud.alqueria.es\/wp-content\/uploads\/sites\/8\/2024\/06\/IMG_20240603_114352-1.jpg 691w, https:\/\/cloud.alqueria.es\/wp-content\/uploads\/sites\/8\/2024\/06\/IMG_20240603_114352-1.jpg 922w\" width=\"255\" height=\"567\" loading=\"lazy\" data-original-width=\"255\" data-original-height=\"567\" itemprop=\"http:\/\/schema.org\/image\" title=\"IMG_20240603_114352\" alt=\"IMG_20240603_114352\" style=\"width: 255px; height: 567px;\" \/> <\/a> <\/div> <\/div> <!-- close group --> <\/div> <!-- close row --> <\/div>\n<p><strong><img data-recalc-dims=\"1\" decoding=\"async\" data-attachment-id=\"48300\" data-permalink=\"https:\/\/www.alqueria.es\/blogs\/alqueriarojaverde\/2024\/06\/11\/gran-fiesta-de-la-prehistoria-en-alqueria-educacion\/img_20240604_151126\/\" data-orig-file=\"https:\/\/i0.wp.com\/cloud.alqueria.es\/wp-content\/uploads\/sites\/8\/2024\/06\/IMG_20240604_151126.jpg?fit=2500%2C1125&amp;ssl=1\" data-orig-size=\"2500,1125\" data-comments-opened=\"1\" data-image-meta=\"{&quot;aperture&quot;:&quot;1.89&quot;,&quot;credit&quot;:&quot;&quot;,&quot;camera&quot;:&quot;M2101K6G&quot;,&quot;caption&quot;:&quot;&quot;,&quot;created_timestamp&quot;:&quot;1717513887&quot;,&quot;copyright&quot;:&quot;&quot;,&quot;focal_length&quot;:&quot;5.89&quot;,&quot;iso&quot;:&quot;176&quot;,&quot;shutter_speed&quot;:&quot;0.03030303030303&quot;,&quot;title&quot;:&quot;&quot;,&quot;orientation&quot;:&quot;1&quot;}\" data-image-title=\"IMG_20240604_151126\" data-image-description=\"\" data-image-caption=\"\" data-large-file=\"https:\/\/i0.wp.com\/cloud.alqueria.es\/wp-content\/uploads\/sites\/8\/2024\/06\/IMG_20240604_151126.jpg?fit=474%2C213&amp;ssl=1\" class=\"aligncenter size-full wp-image-48300\" src=\"https:\/\/i0.wp.com\/cloud.alqueria.es\/wp-content\/uploads\/sites\/8\/2024\/06\/IMG_20240604_151126.jpg?resize=474%2C213&#038;ssl=1\" alt=\"\" width=\"474\" height=\"213\" srcset=\"https:\/\/cloud.alqueria.es\/wp-content\/uploads\/sites\/8\/2024\/06\/IMG_20240604_151126.jpg 2500w, https:\/\/cloud.alqueria.es\/wp-content\/uploads\/sites\/8\/2024\/06\/IMG_20240604_151126.jpg 300w, https:\/\/cloud.alqueria.es\/wp-content\/uploads\/sites\/8\/2024\/06\/IMG_20240604_151126.jpg 1024w, https:\/\/cloud.alqueria.es\/wp-content\/uploads\/sites\/8\/2024\/06\/IMG_20240604_151126.jpg 768w, https:\/\/cloud.alqueria.es\/wp-content\/uploads\/sites\/8\/2024\/06\/IMG_20240604_151126.jpg 1536w, https:\/\/cloud.alqueria.es\/wp-content\/uploads\/sites\/8\/2024\/06\/IMG_20240604_151126.jpg 2048w, https:\/\/cloud.alqueria.es\/wp-content\/uploads\/sites\/8\/2024\/06\/IMG_20240604_151126.jpg 948w, https:\/\/cloud.alqueria.es\/wp-content\/uploads\/sites\/8\/2024\/06\/IMG_20240604_151126.jpg 1422w\" sizes=\"(max-width: 474px) 100vw, 474px\" \/><\/strong><\/p>\n<ul>\n<li><strong>Damos color a las cuentas de arcilla para convertirlos en bonitos collares prehist\u00f3ricos. Finalizamos la actividad ensartando las piezas.<\/strong><\/li>\n<\/ul>\n<div class=\"tiled-gallery type-square tiled-gallery-unresized\" data-original-width=\"474\" data-carousel-extra='{&quot;blog_id&quot;:8,&quot;permalink&quot;:&quot;https:\\\/\\\/www.alqueria.es\\\/blogs\\\/alqueriarojaverde\\\/2024\\\/06\\\/11\\\/gran-fiesta-de-la-prehistoria-en-alqueria-educacion\\\/&quot;,&quot;likes_blog_id&quot;:64268569}' itemscope itemtype=\"http:\/\/schema.org\/ImageGallery\" > <div class=\"gallery-row\" style=\"width: 474px; height: 237px;\" data-original-width=\"474\" data-original-height=\"237\" > <div class=\"gallery-group\" style=\"width: 237px; height: 237px;\" data-original-width=\"237\" data-original-height=\"237\" > <div class=\"tiled-gallery-item \" itemprop=\"associatedMedia\" itemscope itemtype=\"http:\/\/schema.org\/ImageObject\"> <a href=\"https:\/\/www.alqueria.es\/blogs\/alqueriarojaverde\/2024\/06\/11\/gran-fiesta-de-la-prehistoria-en-alqueria-educacion\/img_20240603_105627\/\" border=\"0\" itemprop=\"url\"> <meta itemprop=\"width\" content=\"233\"> <meta itemprop=\"height\" content=\"233\"> <img decoding=\"async\" class=\"\" data-attachment-id=\"48311\" data-orig-file=\"https:\/\/cloud.alqueria.es\/wp-content\/uploads\/sites\/8\/2024\/06\/IMG_20240603_105627.jpg\" data-orig-size=\"2500,1125\" data-comments-opened=\"1\" data-image-meta=\"{&quot;aperture&quot;:&quot;1.89&quot;,&quot;credit&quot;:&quot;&quot;,&quot;camera&quot;:&quot;M2101K6G&quot;,&quot;caption&quot;:&quot;&quot;,&quot;created_timestamp&quot;:&quot;1717412187&quot;,&quot;copyright&quot;:&quot;&quot;,&quot;focal_length&quot;:&quot;5.89&quot;,&quot;iso&quot;:&quot;378&quot;,&quot;shutter_speed&quot;:&quot;0.03030303030303&quot;,&quot;title&quot;:&quot;&quot;,&quot;orientation&quot;:&quot;1&quot;}\" data-image-title=\"IMG_20240603_105627\" data-image-description=\"\" data-medium-file=\"https:\/\/i0.wp.com\/cloud.alqueria.es\/wp-content\/uploads\/sites\/8\/2024\/06\/IMG_20240603_105627.jpg?fit=300%2C135&#038;ssl=1\" data-large-file=\"https:\/\/i0.wp.com\/cloud.alqueria.es\/wp-content\/uploads\/sites\/8\/2024\/06\/IMG_20240603_105627.jpg?fit=474%2C213&#038;ssl=1\" src=\"https:\/\/i0.wp.com\/cloud.alqueria.es\/wp-content\/uploads\/sites\/8\/2024\/06\/IMG_20240603_105627.jpg?w=233&#038;h=233&#038;crop=1&#038;ssl=1\" srcset=\"https:\/\/cloud.alqueria.es\/wp-content\/uploads\/sites\/8\/2024\/06\/IMG_20240603_105627.jpg 150w, https:\/\/cloud.alqueria.es\/wp-content\/uploads\/sites\/8\/2024\/06\/IMG_20240603_105627.jpg 466w, https:\/\/cloud.alqueria.es\/wp-content\/uploads\/sites\/8\/2024\/06\/IMG_20240603_105627.jpg 699w\" width=\"233\" height=\"233\" loading=\"lazy\" data-original-width=\"233\" data-original-height=\"233\" itemprop=\"http:\/\/schema.org\/image\" title=\"IMG_20240603_105627\" alt=\"IMG_20240603_105627\" style=\"width: 233px; height: 233px;\" \/> <\/a> <\/div> <\/div> <div class=\"gallery-group\" style=\"width: 237px; height: 237px;\" data-original-width=\"237\" data-original-height=\"237\" > <div class=\"tiled-gallery-item \" itemprop=\"associatedMedia\" itemscope itemtype=\"http:\/\/schema.org\/ImageObject\"> <a href=\"https:\/\/www.alqueria.es\/blogs\/alqueriarojaverde\/2024\/06\/11\/gran-fiesta-de-la-prehistoria-en-alqueria-educacion\/img_20240604_112759\/\" border=\"0\" itemprop=\"url\"> <meta itemprop=\"width\" content=\"233\"> <meta itemprop=\"height\" content=\"233\"> <img decoding=\"async\" class=\"\" data-attachment-id=\"48310\" data-orig-file=\"https:\/\/cloud.alqueria.es\/wp-content\/uploads\/sites\/8\/2024\/06\/IMG_20240604_112759.jpg\" data-orig-size=\"2500,1125\" data-comments-opened=\"1\" data-image-meta=\"{&quot;aperture&quot;:&quot;1.89&quot;,&quot;credit&quot;:&quot;&quot;,&quot;camera&quot;:&quot;M2101K6G&quot;,&quot;caption&quot;:&quot;&quot;,&quot;created_timestamp&quot;:&quot;1717500480&quot;,&quot;copyright&quot;:&quot;&quot;,&quot;focal_length&quot;:&quot;5.89&quot;,&quot;iso&quot;:&quot;119&quot;,&quot;shutter_speed&quot;:&quot;0.02&quot;,&quot;title&quot;:&quot;&quot;,&quot;orientation&quot;:&quot;1&quot;}\" data-image-title=\"IMG_20240604_112759\" data-image-description=\"\" data-medium-file=\"https:\/\/i0.wp.com\/cloud.alqueria.es\/wp-content\/uploads\/sites\/8\/2024\/06\/IMG_20240604_112759.jpg?fit=300%2C135&#038;ssl=1\" data-large-file=\"https:\/\/i0.wp.com\/cloud.alqueria.es\/wp-content\/uploads\/sites\/8\/2024\/06\/IMG_20240604_112759.jpg?fit=474%2C213&#038;ssl=1\" src=\"https:\/\/i0.wp.com\/cloud.alqueria.es\/wp-content\/uploads\/sites\/8\/2024\/06\/IMG_20240604_112759.jpg?w=233&#038;h=233&#038;crop=1&#038;ssl=1\" srcset=\"https:\/\/cloud.alqueria.es\/wp-content\/uploads\/sites\/8\/2024\/06\/IMG_20240604_112759.jpg 150w, https:\/\/cloud.alqueria.es\/wp-content\/uploads\/sites\/8\/2024\/06\/IMG_20240604_112759.jpg 466w, https:\/\/cloud.alqueria.es\/wp-content\/uploads\/sites\/8\/2024\/06\/IMG_20240604_112759.jpg 699w\" width=\"233\" height=\"233\" loading=\"lazy\" data-original-width=\"233\" data-original-height=\"233\" itemprop=\"http:\/\/schema.org\/image\" title=\"IMG_20240604_112759\" alt=\"IMG_20240604_112759\" style=\"width: 233px; height: 233px;\" \/> <\/a> <\/div> <\/div> <\/div> <\/div>\n<ul>\n<li><strong>Reutilizamos unas cajas de fruta para confeccionar un mamut.<\/strong><\/li>\n<\/ul>\n<div class=\"tiled-gallery type-square tiled-gallery-unresized\" data-original-width=\"474\" data-carousel-extra='{&quot;blog_id&quot;:8,&quot;permalink&quot;:&quot;https:\\\/\\\/www.alqueria.es\\\/blogs\\\/alqueriarojaverde\\\/2024\\\/06\\\/11\\\/gran-fiesta-de-la-prehistoria-en-alqueria-educacion\\\/&quot;,&quot;likes_blog_id&quot;:64268569}' itemscope itemtype=\"http:\/\/schema.org\/ImageGallery\" > <div class=\"gallery-row\" style=\"width: 474px; height: 158px;\" data-original-width=\"474\" data-original-height=\"158\" > <div class=\"gallery-group\" style=\"width: 158px; height: 158px;\" data-original-width=\"158\" data-original-height=\"158\" > <div class=\"tiled-gallery-item \" itemprop=\"associatedMedia\" itemscope itemtype=\"http:\/\/schema.org\/ImageObject\"> <a href=\"https:\/\/www.alqueria.es\/blogs\/alqueriarojaverde\/2024\/06\/11\/gran-fiesta-de-la-prehistoria-en-alqueria-educacion\/img_20240606_093753\/\" border=\"0\" itemprop=\"url\"> <meta itemprop=\"width\" content=\"154\"> <meta itemprop=\"height\" content=\"154\"> <img decoding=\"async\" class=\"\" data-attachment-id=\"48314\" data-orig-file=\"https:\/\/cloud.alqueria.es\/wp-content\/uploads\/sites\/8\/2024\/06\/IMG_20240606_093753.jpg\" data-orig-size=\"2500,1125\" data-comments-opened=\"1\" data-image-meta=\"{&quot;aperture&quot;:&quot;1.89&quot;,&quot;credit&quot;:&quot;&quot;,&quot;camera&quot;:&quot;M2101K6G&quot;,&quot;caption&quot;:&quot;&quot;,&quot;created_timestamp&quot;:&quot;1717666673&quot;,&quot;copyright&quot;:&quot;&quot;,&quot;focal_length&quot;:&quot;5.89&quot;,&quot;iso&quot;:&quot;122&quot;,&quot;shutter_speed&quot;:&quot;0.03030303030303&quot;,&quot;title&quot;:&quot;&quot;,&quot;orientation&quot;:&quot;1&quot;}\" data-image-title=\"IMG_20240606_093753\" data-image-description=\"\" data-medium-file=\"https:\/\/i0.wp.com\/cloud.alqueria.es\/wp-content\/uploads\/sites\/8\/2024\/06\/IMG_20240606_093753.jpg?fit=300%2C135&#038;ssl=1\" data-large-file=\"https:\/\/i0.wp.com\/cloud.alqueria.es\/wp-content\/uploads\/sites\/8\/2024\/06\/IMG_20240606_093753.jpg?fit=474%2C213&#038;ssl=1\" src=\"https:\/\/i0.wp.com\/cloud.alqueria.es\/wp-content\/uploads\/sites\/8\/2024\/06\/IMG_20240606_093753.jpg?w=154&#038;h=154&#038;crop=1&#038;ssl=1\" srcset=\"https:\/\/cloud.alqueria.es\/wp-content\/uploads\/sites\/8\/2024\/06\/IMG_20240606_093753.jpg 150w, https:\/\/cloud.alqueria.es\/wp-content\/uploads\/sites\/8\/2024\/06\/IMG_20240606_093753.jpg 308w, https:\/\/cloud.alqueria.es\/wp-content\/uploads\/sites\/8\/2024\/06\/IMG_20240606_093753.jpg 462w\" width=\"154\" height=\"154\" loading=\"lazy\" data-original-width=\"154\" data-original-height=\"154\" itemprop=\"http:\/\/schema.org\/image\" title=\"IMG_20240606_093753\" alt=\"IMG_20240606_093753\" style=\"width: 154px; height: 154px;\" \/> <\/a> <\/div> <\/div> <div class=\"gallery-group\" style=\"width: 158px; height: 158px;\" data-original-width=\"158\" data-original-height=\"158\" > <div class=\"tiled-gallery-item \" itemprop=\"associatedMedia\" itemscope itemtype=\"http:\/\/schema.org\/ImageObject\"> <a href=\"https:\/\/www.alqueria.es\/blogs\/alqueriarojaverde\/2024\/06\/11\/gran-fiesta-de-la-prehistoria-en-alqueria-educacion\/img_20240606_090017\/\" border=\"0\" itemprop=\"url\"> <meta itemprop=\"width\" content=\"154\"> <meta itemprop=\"height\" content=\"154\"> <img decoding=\"async\" class=\"\" data-attachment-id=\"48299\" data-orig-file=\"https:\/\/cloud.alqueria.es\/wp-content\/uploads\/sites\/8\/2024\/06\/IMG_20240606_090017.jpg\" data-orig-size=\"2500,1125\" data-comments-opened=\"1\" data-image-meta=\"{&quot;aperture&quot;:&quot;1.89&quot;,&quot;credit&quot;:&quot;&quot;,&quot;camera&quot;:&quot;M2101K6G&quot;,&quot;caption&quot;:&quot;&quot;,&quot;created_timestamp&quot;:&quot;1717664417&quot;,&quot;copyright&quot;:&quot;&quot;,&quot;focal_length&quot;:&quot;5.89&quot;,&quot;iso&quot;:&quot;299&quot;,&quot;shutter_speed&quot;:&quot;0.03030303030303&quot;,&quot;title&quot;:&quot;&quot;,&quot;orientation&quot;:&quot;1&quot;}\" data-image-title=\"IMG_20240606_090017\" data-image-description=\"\" data-medium-file=\"https:\/\/i0.wp.com\/cloud.alqueria.es\/wp-content\/uploads\/sites\/8\/2024\/06\/IMG_20240606_090017.jpg?fit=300%2C135&#038;ssl=1\" data-large-file=\"https:\/\/i0.wp.com\/cloud.alqueria.es\/wp-content\/uploads\/sites\/8\/2024\/06\/IMG_20240606_090017.jpg?fit=474%2C213&#038;ssl=1\" src=\"https:\/\/i0.wp.com\/cloud.alqueria.es\/wp-content\/uploads\/sites\/8\/2024\/06\/IMG_20240606_090017.jpg?w=154&#038;h=154&#038;crop=1&#038;ssl=1\" srcset=\"https:\/\/cloud.alqueria.es\/wp-content\/uploads\/sites\/8\/2024\/06\/IMG_20240606_090017.jpg 150w, https:\/\/cloud.alqueria.es\/wp-content\/uploads\/sites\/8\/2024\/06\/IMG_20240606_090017.jpg 308w, https:\/\/cloud.alqueria.es\/wp-content\/uploads\/sites\/8\/2024\/06\/IMG_20240606_090017.jpg 462w\" width=\"154\" height=\"154\" loading=\"lazy\" data-original-width=\"154\" data-original-height=\"154\" itemprop=\"http:\/\/schema.org\/image\" title=\"IMG_20240606_090017\" alt=\"IMG_20240606_090017\" style=\"width: 154px; height: 154px;\" \/> <\/a> <\/div> <\/div> <div class=\"gallery-group\" style=\"width: 158px; height: 158px;\" data-original-width=\"158\" data-original-height=\"158\" > <div class=\"tiled-gallery-item \" itemprop=\"associatedMedia\" itemscope itemtype=\"http:\/\/schema.org\/ImageObject\"> <a href=\"https:\/\/www.alqueria.es\/blogs\/alqueriarojaverde\/2024\/06\/11\/gran-fiesta-de-la-prehistoria-en-alqueria-educacion\/img_20240603_105857\/\" border=\"0\" itemprop=\"url\"> <meta itemprop=\"width\" content=\"154\"> <meta itemprop=\"height\" content=\"154\"> <img decoding=\"async\" class=\"\" data-attachment-id=\"48315\" data-orig-file=\"https:\/\/cloud.alqueria.es\/wp-content\/uploads\/sites\/8\/2024\/06\/IMG_20240603_105857.jpg\" data-orig-size=\"1125,2500\" data-comments-opened=\"1\" data-image-meta=\"{&quot;aperture&quot;:&quot;1.89&quot;,&quot;credit&quot;:&quot;&quot;,&quot;camera&quot;:&quot;M2101K6G&quot;,&quot;caption&quot;:&quot;&quot;,&quot;created_timestamp&quot;:&quot;1717412337&quot;,&quot;copyright&quot;:&quot;&quot;,&quot;focal_length&quot;:&quot;5.89&quot;,&quot;iso&quot;:&quot;644&quot;,&quot;shutter_speed&quot;:&quot;0.03030303030303&quot;,&quot;title&quot;:&quot;&quot;,&quot;orientation&quot;:&quot;1&quot;}\" data-image-title=\"IMG_20240603_105857\" data-image-description=\"\" data-medium-file=\"https:\/\/i0.wp.com\/cloud.alqueria.es\/wp-content\/uploads\/sites\/8\/2024\/06\/IMG_20240603_105857.jpg?fit=135%2C300&#038;ssl=1\" data-large-file=\"https:\/\/i0.wp.com\/cloud.alqueria.es\/wp-content\/uploads\/sites\/8\/2024\/06\/IMG_20240603_105857.jpg?fit=461%2C1024&#038;ssl=1\" src=\"https:\/\/i0.wp.com\/cloud.alqueria.es\/wp-content\/uploads\/sites\/8\/2024\/06\/IMG_20240603_105857.jpg?w=154&#038;h=154&#038;crop=1&#038;ssl=1\" srcset=\"https:\/\/cloud.alqueria.es\/wp-content\/uploads\/sites\/8\/2024\/06\/IMG_20240603_105857.jpg 150w, https:\/\/cloud.alqueria.es\/wp-content\/uploads\/sites\/8\/2024\/06\/IMG_20240603_105857.jpg 308w, https:\/\/cloud.alqueria.es\/wp-content\/uploads\/sites\/8\/2024\/06\/IMG_20240603_105857.jpg 462w\" width=\"154\" height=\"154\" loading=\"lazy\" data-original-width=\"154\" data-original-height=\"154\" itemprop=\"http:\/\/schema.org\/image\" title=\"IMG_20240603_105857\" alt=\"IMG_20240603_105857\" style=\"width: 154px; height: 154px;\" \/> <\/a> <\/div> <\/div> <\/div> <\/div>\n<ul>\n<li><strong>Terminamos la reproducci\u00f3n de \u00abla cueva de las manos\u00bb junto a los compa\u00f1eros\/as de la clase verde.<\/strong><\/li>\n<\/ul>\n<div class=\"tiled-gallery type-square tiled-gallery-unresized\" data-original-width=\"474\" data-carousel-extra='{&quot;blog_id&quot;:8,&quot;permalink&quot;:&quot;https:\\\/\\\/www.alqueria.es\\\/blogs\\\/alqueriarojaverde\\\/2024\\\/06\\\/11\\\/gran-fiesta-de-la-prehistoria-en-alqueria-educacion\\\/&quot;,&quot;likes_blog_id&quot;:64268569}' itemscope itemtype=\"http:\/\/schema.org\/ImageGallery\" > <div class=\"gallery-row\" style=\"width: 474px; height: 237px;\" data-original-width=\"474\" data-original-height=\"237\" > <div class=\"gallery-group\" style=\"width: 237px; height: 237px;\" data-original-width=\"237\" data-original-height=\"237\" > <div class=\"tiled-gallery-item \" itemprop=\"associatedMedia\" itemscope itemtype=\"http:\/\/schema.org\/ImageObject\"> <a href=\"https:\/\/www.alqueria.es\/blogs\/alqueriarojaverde\/2024\/06\/11\/gran-fiesta-de-la-prehistoria-en-alqueria-educacion\/img_20240606_131922\/\" border=\"0\" itemprop=\"url\"> <meta itemprop=\"width\" content=\"233\"> <meta itemprop=\"height\" content=\"233\"> <img decoding=\"async\" class=\"\" data-attachment-id=\"48308\" data-orig-file=\"https:\/\/cloud.alqueria.es\/wp-content\/uploads\/sites\/8\/2024\/06\/IMG_20240606_131922.jpg\" data-orig-size=\"1125,2500\" data-comments-opened=\"1\" data-image-meta=\"{&quot;aperture&quot;:&quot;1.89&quot;,&quot;credit&quot;:&quot;&quot;,&quot;camera&quot;:&quot;M2101K6G&quot;,&quot;caption&quot;:&quot;&quot;,&quot;created_timestamp&quot;:&quot;1717679962&quot;,&quot;copyright&quot;:&quot;&quot;,&quot;focal_length&quot;:&quot;5.89&quot;,&quot;iso&quot;:&quot;429&quot;,&quot;shutter_speed&quot;:&quot;0.04&quot;,&quot;title&quot;:&quot;&quot;,&quot;orientation&quot;:&quot;1&quot;}\" data-image-title=\"IMG_20240606_131922\" data-image-description=\"\" data-medium-file=\"https:\/\/i0.wp.com\/cloud.alqueria.es\/wp-content\/uploads\/sites\/8\/2024\/06\/IMG_20240606_131922.jpg?fit=135%2C300&#038;ssl=1\" data-large-file=\"https:\/\/i0.wp.com\/cloud.alqueria.es\/wp-content\/uploads\/sites\/8\/2024\/06\/IMG_20240606_131922.jpg?fit=461%2C1024&#038;ssl=1\" src=\"https:\/\/i0.wp.com\/cloud.alqueria.es\/wp-content\/uploads\/sites\/8\/2024\/06\/IMG_20240606_131922.jpg?w=233&#038;h=233&#038;crop=1&#038;ssl=1\" srcset=\"https:\/\/cloud.alqueria.es\/wp-content\/uploads\/sites\/8\/2024\/06\/IMG_20240606_131922.jpg 150w, https:\/\/cloud.alqueria.es\/wp-content\/uploads\/sites\/8\/2024\/06\/IMG_20240606_131922.jpg 466w, https:\/\/cloud.alqueria.es\/wp-content\/uploads\/sites\/8\/2024\/06\/IMG_20240606_131922.jpg 699w\" width=\"233\" height=\"233\" loading=\"lazy\" data-original-width=\"233\" data-original-height=\"233\" itemprop=\"http:\/\/schema.org\/image\" title=\"IMG_20240606_131922\" alt=\"IMG_20240606_131922\" style=\"width: 233px; height: 233px;\" \/> <\/a> <\/div> <\/div> <div class=\"gallery-group\" style=\"width: 237px; height: 237px;\" data-original-width=\"237\" data-original-height=\"237\" > <div class=\"tiled-gallery-item \" itemprop=\"associatedMedia\" itemscope itemtype=\"http:\/\/schema.org\/ImageObject\"> <a href=\"https:\/\/www.alqueria.es\/blogs\/alqueriarojaverde\/2024\/06\/11\/gran-fiesta-de-la-prehistoria-en-alqueria-educacion\/img_20240606_132311\/\" border=\"0\" itemprop=\"url\"> <meta itemprop=\"width\" content=\"233\"> <meta itemprop=\"height\" content=\"233\"> <img decoding=\"async\" class=\"\" data-attachment-id=\"48323\" data-orig-file=\"https:\/\/cloud.alqueria.es\/wp-content\/uploads\/sites\/8\/2024\/06\/IMG_20240606_132311.jpg\" data-orig-size=\"1125,2500\" data-comments-opened=\"1\" data-image-meta=\"{&quot;aperture&quot;:&quot;1.89&quot;,&quot;credit&quot;:&quot;&quot;,&quot;camera&quot;:&quot;M2101K6G&quot;,&quot;caption&quot;:&quot;&quot;,&quot;created_timestamp&quot;:&quot;1717680191&quot;,&quot;copyright&quot;:&quot;&quot;,&quot;focal_length&quot;:&quot;5.89&quot;,&quot;iso&quot;:&quot;828&quot;,&quot;shutter_speed&quot;:&quot;0.03030303030303&quot;,&quot;title&quot;:&quot;&quot;,&quot;orientation&quot;:&quot;1&quot;}\" data-image-title=\"IMG_20240606_132311\" data-image-description=\"\" data-medium-file=\"https:\/\/i0.wp.com\/cloud.alqueria.es\/wp-content\/uploads\/sites\/8\/2024\/06\/IMG_20240606_132311.jpg?fit=135%2C300&#038;ssl=1\" data-large-file=\"https:\/\/i0.wp.com\/cloud.alqueria.es\/wp-content\/uploads\/sites\/8\/2024\/06\/IMG_20240606_132311.jpg?fit=461%2C1024&#038;ssl=1\" src=\"https:\/\/i0.wp.com\/cloud.alqueria.es\/wp-content\/uploads\/sites\/8\/2024\/06\/IMG_20240606_132311.jpg?w=233&#038;h=233&#038;crop=1&#038;ssl=1\" srcset=\"https:\/\/cloud.alqueria.es\/wp-content\/uploads\/sites\/8\/2024\/06\/IMG_20240606_132311.jpg 150w, https:\/\/cloud.alqueria.es\/wp-content\/uploads\/sites\/8\/2024\/06\/IMG_20240606_132311.jpg 466w, https:\/\/cloud.alqueria.es\/wp-content\/uploads\/sites\/8\/2024\/06\/IMG_20240606_132311.jpg 699w\" width=\"233\" height=\"233\" loading=\"lazy\" data-original-width=\"233\" data-original-height=\"233\" itemprop=\"http:\/\/schema.org\/image\" title=\"IMG_20240606_132311\" alt=\"IMG_20240606_132311\" style=\"width: 233px; height: 233px;\" \/> <\/a> <\/div> <\/div> <\/div> <\/div>\n<p><strong>Durante la tarde del viernes y gran parte de la jornada del s\u00e1bado\u00a0 preparamos toda la decoraci\u00f3n, juegos y actividades&#8230;<\/strong><\/p>\n<p style=\"text-align: center\"><strong> \u00a1Todo listo para la gran fiesta!\u00a0<\/strong><\/p>\n<p style=\"text-align: center\"><strong>FIESTA ALQUER\u00cdA 2024<\/strong><\/p>\n<p><img data-recalc-dims=\"1\" decoding=\"async\" data-attachment-id=\"48391\" data-permalink=\"https:\/\/www.alqueria.es\/blogs\/alqueriarojaverde\/2024\/06\/11\/gran-fiesta-de-la-prehistoria-en-alqueria-educacion\/img-20240609-wa0166\/\" data-orig-file=\"https:\/\/i0.wp.com\/cloud.alqueria.es\/wp-content\/uploads\/sites\/8\/2024\/06\/IMG-20240609-WA0166.jpg?fit=2048%2C1689&amp;ssl=1\" data-orig-size=\"2048,1689\" data-comments-opened=\"1\" data-image-meta=\"{&quot;aperture&quot;:&quot;0&quot;,&quot;credit&quot;:&quot;&quot;,&quot;camera&quot;:&quot;&quot;,&quot;caption&quot;:&quot;&quot;,&quot;created_timestamp&quot;:&quot;0&quot;,&quot;copyright&quot;:&quot;&quot;,&quot;focal_length&quot;:&quot;0&quot;,&quot;iso&quot;:&quot;0&quot;,&quot;shutter_speed&quot;:&quot;0&quot;,&quot;title&quot;:&quot;&quot;,&quot;orientation&quot;:&quot;0&quot;}\" data-image-title=\"IMG-20240609-WA0166\" data-image-description=\"\" data-image-caption=\"\" data-large-file=\"https:\/\/i0.wp.com\/cloud.alqueria.es\/wp-content\/uploads\/sites\/8\/2024\/06\/IMG-20240609-WA0166.jpg?fit=474%2C391&amp;ssl=1\" class=\"aligncenter size-full wp-image-48391\" src=\"https:\/\/i0.wp.com\/cloud.alqueria.es\/wp-content\/uploads\/sites\/8\/2024\/06\/IMG-20240609-WA0166.jpg?resize=474%2C391&#038;ssl=1\" alt=\"\" width=\"474\" height=\"391\" srcset=\"https:\/\/cloud.alqueria.es\/wp-content\/uploads\/sites\/8\/2024\/06\/IMG-20240609-WA0166.jpg 2048w, https:\/\/cloud.alqueria.es\/wp-content\/uploads\/sites\/8\/2024\/06\/IMG-20240609-WA0166.jpg 300w, https:\/\/cloud.alqueria.es\/wp-content\/uploads\/sites\/8\/2024\/06\/IMG-20240609-WA0166.jpg 1024w, https:\/\/cloud.alqueria.es\/wp-content\/uploads\/sites\/8\/2024\/06\/IMG-20240609-WA0166.jpg 768w, https:\/\/cloud.alqueria.es\/wp-content\/uploads\/sites\/8\/2024\/06\/IMG-20240609-WA0166.jpg 1536w, https:\/\/cloud.alqueria.es\/wp-content\/uploads\/sites\/8\/2024\/06\/IMG-20240609-WA0166.jpg 948w, https:\/\/cloud.alqueria.es\/wp-content\/uploads\/sites\/8\/2024\/06\/IMG-20240609-WA0166.jpg 1422w\" sizes=\"(max-width: 474px) 100vw, 474px\" \/><\/p>\n<p>&nbsp;<\/p>\n<p><strong>Lleg\u00f3 el s\u00e1bado y tuvimos la suerte de vivir, junto a toda la comunidad educativa que forma el proyecto Alquer\u00eda Educaci\u00f3n, una fiesta de fin de curso entra\u00f1able.<\/strong><\/p>\n<p><strong>Os dejo algunos detalles de los espacios que conformaban el ciclo 3-6 a\u00f1os:<\/strong><\/p>\n<div data-carousel-extra='{&quot;blog_id&quot;:8,&quot;permalink&quot;:&quot;https:\/\/www.alqueria.es\/blogs\/alqueriarojaverde\/2024\/06\/11\/gran-fiesta-de-la-prehistoria-en-alqueria-educacion\/&quot;}' id='gallery-7' class='gallery galleryid-48292 gallery-columns-3 gallery-size-thumbnail'><figure class='gallery-item'>\n\t\t\t<div class='gallery-icon portrait'>\n\t\t\t\t<a href='https:\/\/www.alqueria.es\/blogs\/alqueriarojaverde\/2024\/06\/11\/gran-fiesta-de-la-prehistoria-en-alqueria-educacion\/photo-2024-06-09-19-44-10-24-768x1024\/'><img data-recalc-dims=\"1\" decoding=\"async\" width=\"150\" height=\"150\" src=\"https:\/\/i0.wp.com\/cloud.alqueria.es\/wp-content\/uploads\/sites\/8\/2024\/06\/PHOTO-2024-06-09-19-44-10-24-768x1024-1-150x150.jpg?resize=150%2C150&#038;ssl=1\" class=\"attachment-thumbnail size-thumbnail\" alt=\"\" srcset=\"https:\/\/cloud.alqueria.es\/wp-content\/uploads\/sites\/8\/2024\/06\/PHOTO-2024-06-09-19-44-10-24-768x1024-1.jpg 150w, https:\/\/cloud.alqueria.es\/wp-content\/uploads\/sites\/8\/2024\/06\/PHOTO-2024-06-09-19-44-10-24-768x1024-1.jpg 300w, https:\/\/cloud.alqueria.es\/wp-content\/uploads\/sites\/8\/2024\/06\/PHOTO-2024-06-09-19-44-10-24-768x1024-1.jpg 450w\" sizes=\"(max-width: 150px) 100vw, 150px\" data-attachment-id=\"48379\" data-permalink=\"https:\/\/www.alqueria.es\/blogs\/alqueriarojaverde\/2024\/06\/11\/gran-fiesta-de-la-prehistoria-en-alqueria-educacion\/photo-2024-06-09-19-44-10-24-768x1024\/\" data-orig-file=\"https:\/\/i0.wp.com\/cloud.alqueria.es\/wp-content\/uploads\/sites\/8\/2024\/06\/PHOTO-2024-06-09-19-44-10-24-768x1024-1.jpg?fit=768%2C1024&amp;ssl=1\" data-orig-size=\"768,1024\" data-comments-opened=\"1\" data-image-meta=\"{&quot;aperture&quot;:&quot;0&quot;,&quot;credit&quot;:&quot;&quot;,&quot;camera&quot;:&quot;&quot;,&quot;caption&quot;:&quot;&quot;,&quot;created_timestamp&quot;:&quot;0&quot;,&quot;copyright&quot;:&quot;&quot;,&quot;focal_length&quot;:&quot;0&quot;,&quot;iso&quot;:&quot;0&quot;,&quot;shutter_speed&quot;:&quot;0&quot;,&quot;title&quot;:&quot;&quot;,&quot;orientation&quot;:&quot;0&quot;}\" data-image-title=\"PHOTO-2024-06-09-19-44-10-24-768&amp;#215;1024\" data-image-description=\"\" data-image-caption=\"\" data-large-file=\"https:\/\/i0.wp.com\/cloud.alqueria.es\/wp-content\/uploads\/sites\/8\/2024\/06\/PHOTO-2024-06-09-19-44-10-24-768x1024-1.jpg?fit=474%2C632&amp;ssl=1\" \/><\/a>\n\t\t\t<\/div><\/figure><figure class='gallery-item'>\n\t\t\t<div class='gallery-icon landscape'>\n\t\t\t\t<a href='https:\/\/www.alqueria.es\/blogs\/alqueriarojaverde\/2024\/06\/11\/gran-fiesta-de-la-prehistoria-en-alqueria-educacion\/photo-2024-06-09-19-44-10-6-1024x768\/'><img data-recalc-dims=\"1\" decoding=\"async\" width=\"150\" height=\"150\" src=\"https:\/\/i0.wp.com\/cloud.alqueria.es\/wp-content\/uploads\/sites\/8\/2024\/06\/PHOTO-2024-06-09-19-44-10-6-1024x768-1-150x150.jpg?resize=150%2C150&#038;ssl=1\" class=\"attachment-thumbnail size-thumbnail\" alt=\"\" srcset=\"https:\/\/cloud.alqueria.es\/wp-content\/uploads\/sites\/8\/2024\/06\/PHOTO-2024-06-09-19-44-10-6-1024x768-1.jpg 150w, https:\/\/cloud.alqueria.es\/wp-content\/uploads\/sites\/8\/2024\/06\/PHOTO-2024-06-09-19-44-10-6-1024x768-1.jpg 300w, https:\/\/cloud.alqueria.es\/wp-content\/uploads\/sites\/8\/2024\/06\/PHOTO-2024-06-09-19-44-10-6-1024x768-1.jpg 450w\" sizes=\"(max-width: 150px) 100vw, 150px\" data-attachment-id=\"48367\" data-permalink=\"https:\/\/www.alqueria.es\/blogs\/alqueriarojaverde\/2024\/06\/11\/gran-fiesta-de-la-prehistoria-en-alqueria-educacion\/photo-2024-06-09-19-44-10-6-1024x768\/\" data-orig-file=\"https:\/\/i0.wp.com\/cloud.alqueria.es\/wp-content\/uploads\/sites\/8\/2024\/06\/PHOTO-2024-06-09-19-44-10-6-1024x768-1.jpg?fit=1024%2C768&amp;ssl=1\" data-orig-size=\"1024,768\" data-comments-opened=\"1\" data-image-meta=\"{&quot;aperture&quot;:&quot;0&quot;,&quot;credit&quot;:&quot;&quot;,&quot;camera&quot;:&quot;&quot;,&quot;caption&quot;:&quot;&quot;,&quot;created_timestamp&quot;:&quot;0&quot;,&quot;copyright&quot;:&quot;&quot;,&quot;focal_length&quot;:&quot;0&quot;,&quot;iso&quot;:&quot;0&quot;,&quot;shutter_speed&quot;:&quot;0&quot;,&quot;title&quot;:&quot;&quot;,&quot;orientation&quot;:&quot;0&quot;}\" data-image-title=\"PHOTO-2024-06-09-19-44-10-6-1024&amp;#215;768\" data-image-description=\"\" data-image-caption=\"\" data-large-file=\"https:\/\/i0.wp.com\/cloud.alqueria.es\/wp-content\/uploads\/sites\/8\/2024\/06\/PHOTO-2024-06-09-19-44-10-6-1024x768-1.jpg?fit=474%2C356&amp;ssl=1\" \/><\/a>\n\t\t\t<\/div><\/figure><figure class='gallery-item'>\n\t\t\t<div class='gallery-icon landscape'>\n\t\t\t\t<a href='https:\/\/www.alqueria.es\/blogs\/alqueriarojaverde\/2024\/06\/11\/gran-fiesta-de-la-prehistoria-en-alqueria-educacion\/photo-2024-06-09-19-44-10-21-1024x768\/'><img data-recalc-dims=\"1\" decoding=\"async\" width=\"150\" height=\"150\" src=\"https:\/\/i0.wp.com\/cloud.alqueria.es\/wp-content\/uploads\/sites\/8\/2024\/06\/PHOTO-2024-06-09-19-44-10-21-1024x768-1-150x150.jpg?resize=150%2C150&#038;ssl=1\" class=\"attachment-thumbnail size-thumbnail\" alt=\"\" srcset=\"https:\/\/cloud.alqueria.es\/wp-content\/uploads\/sites\/8\/2024\/06\/PHOTO-2024-06-09-19-44-10-21-1024x768-1.jpg 150w, https:\/\/cloud.alqueria.es\/wp-content\/uploads\/sites\/8\/2024\/06\/PHOTO-2024-06-09-19-44-10-21-1024x768-1.jpg 300w, https:\/\/cloud.alqueria.es\/wp-content\/uploads\/sites\/8\/2024\/06\/PHOTO-2024-06-09-19-44-10-21-1024x768-1.jpg 450w\" sizes=\"(max-width: 150px) 100vw, 150px\" data-attachment-id=\"48364\" data-permalink=\"https:\/\/www.alqueria.es\/blogs\/alqueriarojaverde\/2024\/06\/11\/gran-fiesta-de-la-prehistoria-en-alqueria-educacion\/photo-2024-06-09-19-44-10-21-1024x768\/\" data-orig-file=\"https:\/\/i0.wp.com\/cloud.alqueria.es\/wp-content\/uploads\/sites\/8\/2024\/06\/PHOTO-2024-06-09-19-44-10-21-1024x768-1.jpg?fit=1024%2C768&amp;ssl=1\" data-orig-size=\"1024,768\" data-comments-opened=\"1\" data-image-meta=\"{&quot;aperture&quot;:&quot;0&quot;,&quot;credit&quot;:&quot;&quot;,&quot;camera&quot;:&quot;&quot;,&quot;caption&quot;:&quot;&quot;,&quot;created_timestamp&quot;:&quot;0&quot;,&quot;copyright&quot;:&quot;&quot;,&quot;focal_length&quot;:&quot;0&quot;,&quot;iso&quot;:&quot;0&quot;,&quot;shutter_speed&quot;:&quot;0&quot;,&quot;title&quot;:&quot;&quot;,&quot;orientation&quot;:&quot;0&quot;}\" data-image-title=\"PHOTO-2024-06-09-19-44-10-21-1024&amp;#215;768\" data-image-description=\"\" data-image-caption=\"\" data-large-file=\"https:\/\/i0.wp.com\/cloud.alqueria.es\/wp-content\/uploads\/sites\/8\/2024\/06\/PHOTO-2024-06-09-19-44-10-21-1024x768-1.jpg?fit=474%2C356&amp;ssl=1\" \/><\/a>\n\t\t\t<\/div><\/figure><figure class='gallery-item'>\n\t\t\t<div class='gallery-icon landscape'>\n\t\t\t\t<a href='https:\/\/www.alqueria.es\/blogs\/alqueriarojaverde\/2024\/06\/11\/gran-fiesta-de-la-prehistoria-en-alqueria-educacion\/photo-2024-06-09-19-44-10-9-1024x768\/'><img data-recalc-dims=\"1\" decoding=\"async\" width=\"150\" height=\"150\" src=\"https:\/\/i0.wp.com\/cloud.alqueria.es\/wp-content\/uploads\/sites\/8\/2024\/06\/PHOTO-2024-06-09-19-44-10-9-1024x768-1-150x150.jpg?resize=150%2C150&#038;ssl=1\" class=\"attachment-thumbnail size-thumbnail\" alt=\"\" srcset=\"https:\/\/cloud.alqueria.es\/wp-content\/uploads\/sites\/8\/2024\/06\/PHOTO-2024-06-09-19-44-10-9-1024x768-1.jpg 150w, https:\/\/cloud.alqueria.es\/wp-content\/uploads\/sites\/8\/2024\/06\/PHOTO-2024-06-09-19-44-10-9-1024x768-1.jpg 300w, https:\/\/cloud.alqueria.es\/wp-content\/uploads\/sites\/8\/2024\/06\/PHOTO-2024-06-09-19-44-10-9-1024x768-1.jpg 450w\" sizes=\"(max-width: 150px) 100vw, 150px\" data-attachment-id=\"48366\" data-permalink=\"https:\/\/www.alqueria.es\/blogs\/alqueriarojaverde\/2024\/06\/11\/gran-fiesta-de-la-prehistoria-en-alqueria-educacion\/photo-2024-06-09-19-44-10-9-1024x768\/\" data-orig-file=\"https:\/\/i0.wp.com\/cloud.alqueria.es\/wp-content\/uploads\/sites\/8\/2024\/06\/PHOTO-2024-06-09-19-44-10-9-1024x768-1.jpg?fit=1024%2C768&amp;ssl=1\" data-orig-size=\"1024,768\" data-comments-opened=\"1\" data-image-meta=\"{&quot;aperture&quot;:&quot;0&quot;,&quot;credit&quot;:&quot;&quot;,&quot;camera&quot;:&quot;&quot;,&quot;caption&quot;:&quot;&quot;,&quot;created_timestamp&quot;:&quot;0&quot;,&quot;copyright&quot;:&quot;&quot;,&quot;focal_length&quot;:&quot;0&quot;,&quot;iso&quot;:&quot;0&quot;,&quot;shutter_speed&quot;:&quot;0&quot;,&quot;title&quot;:&quot;&quot;,&quot;orientation&quot;:&quot;0&quot;}\" data-image-title=\"PHOTO-2024-06-09-19-44-10-9-1024&amp;#215;768\" data-image-description=\"\" data-image-caption=\"\" data-large-file=\"https:\/\/i0.wp.com\/cloud.alqueria.es\/wp-content\/uploads\/sites\/8\/2024\/06\/PHOTO-2024-06-09-19-44-10-9-1024x768-1.jpg?fit=474%2C356&amp;ssl=1\" \/><\/a>\n\t\t\t<\/div><\/figure><figure class='gallery-item'>\n\t\t\t<div class='gallery-icon portrait'>\n\t\t\t\t<a href='https:\/\/www.alqueria.es\/blogs\/alqueriarojaverde\/2024\/06\/11\/gran-fiesta-de-la-prehistoria-en-alqueria-educacion\/photo-2024-06-09-19-44-10-19-768x1024\/'><img data-recalc-dims=\"1\" decoding=\"async\" width=\"150\" height=\"150\" src=\"https:\/\/i0.wp.com\/cloud.alqueria.es\/wp-content\/uploads\/sites\/8\/2024\/06\/PHOTO-2024-06-09-19-44-10-19-768x1024-1-150x150.jpg?resize=150%2C150&#038;ssl=1\" class=\"attachment-thumbnail size-thumbnail\" alt=\"\" srcset=\"https:\/\/cloud.alqueria.es\/wp-content\/uploads\/sites\/8\/2024\/06\/PHOTO-2024-06-09-19-44-10-19-768x1024-1.jpg 150w, https:\/\/cloud.alqueria.es\/wp-content\/uploads\/sites\/8\/2024\/06\/PHOTO-2024-06-09-19-44-10-19-768x1024-1.jpg 300w, https:\/\/cloud.alqueria.es\/wp-content\/uploads\/sites\/8\/2024\/06\/PHOTO-2024-06-09-19-44-10-19-768x1024-1.jpg 450w\" sizes=\"(max-width: 150px) 100vw, 150px\" data-attachment-id=\"48370\" data-permalink=\"https:\/\/www.alqueria.es\/blogs\/alqueriarojaverde\/2024\/06\/11\/gran-fiesta-de-la-prehistoria-en-alqueria-educacion\/photo-2024-06-09-19-44-10-19-768x1024\/\" data-orig-file=\"https:\/\/i0.wp.com\/cloud.alqueria.es\/wp-content\/uploads\/sites\/8\/2024\/06\/PHOTO-2024-06-09-19-44-10-19-768x1024-1.jpg?fit=768%2C1024&amp;ssl=1\" data-orig-size=\"768,1024\" data-comments-opened=\"1\" data-image-meta=\"{&quot;aperture&quot;:&quot;0&quot;,&quot;credit&quot;:&quot;&quot;,&quot;camera&quot;:&quot;&quot;,&quot;caption&quot;:&quot;&quot;,&quot;created_timestamp&quot;:&quot;0&quot;,&quot;copyright&quot;:&quot;&quot;,&quot;focal_length&quot;:&quot;0&quot;,&quot;iso&quot;:&quot;0&quot;,&quot;shutter_speed&quot;:&quot;0&quot;,&quot;title&quot;:&quot;&quot;,&quot;orientation&quot;:&quot;0&quot;}\" data-image-title=\"PHOTO-2024-06-09-19-44-10-19-768&amp;#215;1024\" data-image-description=\"\" data-image-caption=\"\" data-large-file=\"https:\/\/i0.wp.com\/cloud.alqueria.es\/wp-content\/uploads\/sites\/8\/2024\/06\/PHOTO-2024-06-09-19-44-10-19-768x1024-1.jpg?fit=474%2C632&amp;ssl=1\" \/><\/a>\n\t\t\t<\/div><\/figure><figure class='gallery-item'>\n\t\t\t<div class='gallery-icon landscape'>\n\t\t\t\t<a href='https:\/\/www.alqueria.es\/blogs\/alqueriarojaverde\/2024\/06\/11\/gran-fiesta-de-la-prehistoria-en-alqueria-educacion\/photo-2024-06-09-19-44-10-18-1024x768\/'><img data-recalc-dims=\"1\" decoding=\"async\" width=\"150\" height=\"150\" src=\"https:\/\/i0.wp.com\/cloud.alqueria.es\/wp-content\/uploads\/sites\/8\/2024\/06\/PHOTO-2024-06-09-19-44-10-18-1024x768-1-150x150.jpg?resize=150%2C150&#038;ssl=1\" class=\"attachment-thumbnail size-thumbnail\" alt=\"\" srcset=\"https:\/\/cloud.alqueria.es\/wp-content\/uploads\/sites\/8\/2024\/06\/PHOTO-2024-06-09-19-44-10-18-1024x768-1.jpg 150w, https:\/\/cloud.alqueria.es\/wp-content\/uploads\/sites\/8\/2024\/06\/PHOTO-2024-06-09-19-44-10-18-1024x768-1.jpg 300w, https:\/\/cloud.alqueria.es\/wp-content\/uploads\/sites\/8\/2024\/06\/PHOTO-2024-06-09-19-44-10-18-1024x768-1.jpg 450w\" sizes=\"(max-width: 150px) 100vw, 150px\" data-attachment-id=\"48373\" data-permalink=\"https:\/\/www.alqueria.es\/blogs\/alqueriarojaverde\/2024\/06\/11\/gran-fiesta-de-la-prehistoria-en-alqueria-educacion\/photo-2024-06-09-19-44-10-18-1024x768\/\" data-orig-file=\"https:\/\/i0.wp.com\/cloud.alqueria.es\/wp-content\/uploads\/sites\/8\/2024\/06\/PHOTO-2024-06-09-19-44-10-18-1024x768-1.jpg?fit=1024%2C768&amp;ssl=1\" data-orig-size=\"1024,768\" data-comments-opened=\"1\" data-image-meta=\"{&quot;aperture&quot;:&quot;0&quot;,&quot;credit&quot;:&quot;&quot;,&quot;camera&quot;:&quot;&quot;,&quot;caption&quot;:&quot;&quot;,&quot;created_timestamp&quot;:&quot;0&quot;,&quot;copyright&quot;:&quot;&quot;,&quot;focal_length&quot;:&quot;0&quot;,&quot;iso&quot;:&quot;0&quot;,&quot;shutter_speed&quot;:&quot;0&quot;,&quot;title&quot;:&quot;&quot;,&quot;orientation&quot;:&quot;0&quot;}\" data-image-title=\"PHOTO-2024-06-09-19-44-10-18-1024&amp;#215;768\" data-image-description=\"\" data-image-caption=\"\" data-large-file=\"https:\/\/i0.wp.com\/cloud.alqueria.es\/wp-content\/uploads\/sites\/8\/2024\/06\/PHOTO-2024-06-09-19-44-10-18-1024x768-1.jpg?fit=474%2C356&amp;ssl=1\" \/><\/a>\n\t\t\t<\/div><\/figure><figure class='gallery-item'>\n\t\t\t<div class='gallery-icon portrait'>\n\t\t\t\t<a href='https:\/\/www.alqueria.es\/blogs\/alqueriarojaverde\/2024\/06\/11\/gran-fiesta-de-la-prehistoria-en-alqueria-educacion\/photo-2024-06-09-19-44-10-7-768x1024\/'><img data-recalc-dims=\"1\" decoding=\"async\" width=\"150\" height=\"150\" src=\"https:\/\/i0.wp.com\/cloud.alqueria.es\/wp-content\/uploads\/sites\/8\/2024\/06\/PHOTO-2024-06-09-19-44-10-7-768x1024-1-150x150.jpg?resize=150%2C150&#038;ssl=1\" class=\"attachment-thumbnail size-thumbnail\" alt=\"\" srcset=\"https:\/\/cloud.alqueria.es\/wp-content\/uploads\/sites\/8\/2024\/06\/PHOTO-2024-06-09-19-44-10-7-768x1024-1.jpg 150w, https:\/\/cloud.alqueria.es\/wp-content\/uploads\/sites\/8\/2024\/06\/PHOTO-2024-06-09-19-44-10-7-768x1024-1.jpg 300w, https:\/\/cloud.alqueria.es\/wp-content\/uploads\/sites\/8\/2024\/06\/PHOTO-2024-06-09-19-44-10-7-768x1024-1.jpg 450w\" sizes=\"(max-width: 150px) 100vw, 150px\" data-attachment-id=\"48369\" data-permalink=\"https:\/\/www.alqueria.es\/blogs\/alqueriarojaverde\/2024\/06\/11\/gran-fiesta-de-la-prehistoria-en-alqueria-educacion\/photo-2024-06-09-19-44-10-7-768x1024\/\" data-orig-file=\"https:\/\/i0.wp.com\/cloud.alqueria.es\/wp-content\/uploads\/sites\/8\/2024\/06\/PHOTO-2024-06-09-19-44-10-7-768x1024-1.jpg?fit=768%2C1024&amp;ssl=1\" data-orig-size=\"768,1024\" data-comments-opened=\"1\" data-image-meta=\"{&quot;aperture&quot;:&quot;0&quot;,&quot;credit&quot;:&quot;&quot;,&quot;camera&quot;:&quot;&quot;,&quot;caption&quot;:&quot;&quot;,&quot;created_timestamp&quot;:&quot;0&quot;,&quot;copyright&quot;:&quot;&quot;,&quot;focal_length&quot;:&quot;0&quot;,&quot;iso&quot;:&quot;0&quot;,&quot;shutter_speed&quot;:&quot;0&quot;,&quot;title&quot;:&quot;&quot;,&quot;orientation&quot;:&quot;0&quot;}\" data-image-title=\"PHOTO-2024-06-09-19-44-10-7-768&amp;#215;1024\" data-image-description=\"\" data-image-caption=\"\" data-large-file=\"https:\/\/i0.wp.com\/cloud.alqueria.es\/wp-content\/uploads\/sites\/8\/2024\/06\/PHOTO-2024-06-09-19-44-10-7-768x1024-1.jpg?fit=474%2C632&amp;ssl=1\" \/><\/a>\n\t\t\t<\/div><\/figure><figure class='gallery-item'>\n\t\t\t<div class='gallery-icon landscape'>\n\t\t\t\t<a href='https:\/\/www.alqueria.es\/blogs\/alqueriarojaverde\/2024\/06\/11\/gran-fiesta-de-la-prehistoria-en-alqueria-educacion\/photo-2024-06-09-19-44-10-16-1024x768\/'><img data-recalc-dims=\"1\" decoding=\"async\" width=\"150\" height=\"150\" src=\"https:\/\/i0.wp.com\/cloud.alqueria.es\/wp-content\/uploads\/sites\/8\/2024\/06\/PHOTO-2024-06-09-19-44-10-16-1024x768-1-150x150.jpg?resize=150%2C150&#038;ssl=1\" class=\"attachment-thumbnail size-thumbnail\" alt=\"\" srcset=\"https:\/\/cloud.alqueria.es\/wp-content\/uploads\/sites\/8\/2024\/06\/PHOTO-2024-06-09-19-44-10-16-1024x768-1.jpg 150w, https:\/\/cloud.alqueria.es\/wp-content\/uploads\/sites\/8\/2024\/06\/PHOTO-2024-06-09-19-44-10-16-1024x768-1.jpg 300w, https:\/\/cloud.alqueria.es\/wp-content\/uploads\/sites\/8\/2024\/06\/PHOTO-2024-06-09-19-44-10-16-1024x768-1.jpg 450w\" sizes=\"(max-width: 150px) 100vw, 150px\" data-attachment-id=\"48386\" data-permalink=\"https:\/\/www.alqueria.es\/blogs\/alqueriarojaverde\/2024\/06\/11\/gran-fiesta-de-la-prehistoria-en-alqueria-educacion\/photo-2024-06-09-19-44-10-16-1024x768\/\" data-orig-file=\"https:\/\/i0.wp.com\/cloud.alqueria.es\/wp-content\/uploads\/sites\/8\/2024\/06\/PHOTO-2024-06-09-19-44-10-16-1024x768-1.jpg?fit=1024%2C768&amp;ssl=1\" data-orig-size=\"1024,768\" data-comments-opened=\"1\" data-image-meta=\"{&quot;aperture&quot;:&quot;0&quot;,&quot;credit&quot;:&quot;&quot;,&quot;camera&quot;:&quot;&quot;,&quot;caption&quot;:&quot;&quot;,&quot;created_timestamp&quot;:&quot;0&quot;,&quot;copyright&quot;:&quot;&quot;,&quot;focal_length&quot;:&quot;0&quot;,&quot;iso&quot;:&quot;0&quot;,&quot;shutter_speed&quot;:&quot;0&quot;,&quot;title&quot;:&quot;&quot;,&quot;orientation&quot;:&quot;0&quot;}\" data-image-title=\"PHOTO-2024-06-09-19-44-10-16-1024&amp;#215;768\" data-image-description=\"\" data-image-caption=\"\" data-large-file=\"https:\/\/i0.wp.com\/cloud.alqueria.es\/wp-content\/uploads\/sites\/8\/2024\/06\/PHOTO-2024-06-09-19-44-10-16-1024x768-1.jpg?fit=474%2C356&amp;ssl=1\" \/><\/a>\n\t\t\t<\/div><\/figure><figure class='gallery-item'>\n\t\t\t<div class='gallery-icon landscape'>\n\t\t\t\t<a href='https:\/\/www.alqueria.es\/blogs\/alqueriarojaverde\/2024\/06\/11\/gran-fiesta-de-la-prehistoria-en-alqueria-educacion\/photo-2024-06-09-19-44-10-13-1024x768\/'><img data-recalc-dims=\"1\" decoding=\"async\" width=\"150\" height=\"150\" src=\"https:\/\/i0.wp.com\/cloud.alqueria.es\/wp-content\/uploads\/sites\/8\/2024\/06\/PHOTO-2024-06-09-19-44-10-13-1024x768-1-150x150.jpg?resize=150%2C150&#038;ssl=1\" class=\"attachment-thumbnail size-thumbnail\" alt=\"\" srcset=\"https:\/\/cloud.alqueria.es\/wp-content\/uploads\/sites\/8\/2024\/06\/PHOTO-2024-06-09-19-44-10-13-1024x768-1.jpg 150w, https:\/\/cloud.alqueria.es\/wp-content\/uploads\/sites\/8\/2024\/06\/PHOTO-2024-06-09-19-44-10-13-1024x768-1.jpg 300w, https:\/\/cloud.alqueria.es\/wp-content\/uploads\/sites\/8\/2024\/06\/PHOTO-2024-06-09-19-44-10-13-1024x768-1.jpg 450w\" sizes=\"(max-width: 150px) 100vw, 150px\" data-attachment-id=\"48384\" data-permalink=\"https:\/\/www.alqueria.es\/blogs\/alqueriarojaverde\/2024\/06\/11\/gran-fiesta-de-la-prehistoria-en-alqueria-educacion\/photo-2024-06-09-19-44-10-13-1024x768\/\" data-orig-file=\"https:\/\/i0.wp.com\/cloud.alqueria.es\/wp-content\/uploads\/sites\/8\/2024\/06\/PHOTO-2024-06-09-19-44-10-13-1024x768-1.jpg?fit=1024%2C768&amp;ssl=1\" data-orig-size=\"1024,768\" data-comments-opened=\"1\" data-image-meta=\"{&quot;aperture&quot;:&quot;0&quot;,&quot;credit&quot;:&quot;&quot;,&quot;camera&quot;:&quot;&quot;,&quot;caption&quot;:&quot;&quot;,&quot;created_timestamp&quot;:&quot;0&quot;,&quot;copyright&quot;:&quot;&quot;,&quot;focal_length&quot;:&quot;0&quot;,&quot;iso&quot;:&quot;0&quot;,&quot;shutter_speed&quot;:&quot;0&quot;,&quot;title&quot;:&quot;&quot;,&quot;orientation&quot;:&quot;0&quot;}\" data-image-title=\"PHOTO-2024-06-09-19-44-10-13-1024&amp;#215;768\" data-image-description=\"\" data-image-caption=\"\" data-large-file=\"https:\/\/i0.wp.com\/cloud.alqueria.es\/wp-content\/uploads\/sites\/8\/2024\/06\/PHOTO-2024-06-09-19-44-10-13-1024x768-1.jpg?fit=474%2C356&amp;ssl=1\" \/><\/a>\n\t\t\t<\/div><\/figure><figure class='gallery-item'>\n\t\t\t<div class='gallery-icon landscape'>\n\t\t\t\t<a href='https:\/\/www.alqueria.es\/blogs\/alqueriarojaverde\/2024\/06\/11\/gran-fiesta-de-la-prehistoria-en-alqueria-educacion\/photo-2024-06-09-19-44-10-17-1024x768\/'><img data-recalc-dims=\"1\" decoding=\"async\" width=\"150\" height=\"150\" src=\"https:\/\/i0.wp.com\/cloud.alqueria.es\/wp-content\/uploads\/sites\/8\/2024\/06\/PHOTO-2024-06-09-19-44-10-17-1024x768-1-150x150.jpg?resize=150%2C150&#038;ssl=1\" class=\"attachment-thumbnail size-thumbnail\" alt=\"\" srcset=\"https:\/\/cloud.alqueria.es\/wp-content\/uploads\/sites\/8\/2024\/06\/PHOTO-2024-06-09-19-44-10-17-1024x768-1.jpg 150w, https:\/\/cloud.alqueria.es\/wp-content\/uploads\/sites\/8\/2024\/06\/PHOTO-2024-06-09-19-44-10-17-1024x768-1.jpg 300w, https:\/\/cloud.alqueria.es\/wp-content\/uploads\/sites\/8\/2024\/06\/PHOTO-2024-06-09-19-44-10-17-1024x768-1.jpg 450w\" sizes=\"(max-width: 150px) 100vw, 150px\" data-attachment-id=\"48368\" data-permalink=\"https:\/\/www.alqueria.es\/blogs\/alqueriarojaverde\/2024\/06\/11\/gran-fiesta-de-la-prehistoria-en-alqueria-educacion\/photo-2024-06-09-19-44-10-17-1024x768\/\" data-orig-file=\"https:\/\/i0.wp.com\/cloud.alqueria.es\/wp-content\/uploads\/sites\/8\/2024\/06\/PHOTO-2024-06-09-19-44-10-17-1024x768-1.jpg?fit=1024%2C768&amp;ssl=1\" data-orig-size=\"1024,768\" data-comments-opened=\"1\" data-image-meta=\"{&quot;aperture&quot;:&quot;0&quot;,&quot;credit&quot;:&quot;&quot;,&quot;camera&quot;:&quot;&quot;,&quot;caption&quot;:&quot;&quot;,&quot;created_timestamp&quot;:&quot;0&quot;,&quot;copyright&quot;:&quot;&quot;,&quot;focal_length&quot;:&quot;0&quot;,&quot;iso&quot;:&quot;0&quot;,&quot;shutter_speed&quot;:&quot;0&quot;,&quot;title&quot;:&quot;&quot;,&quot;orientation&quot;:&quot;0&quot;}\" data-image-title=\"PHOTO-2024-06-09-19-44-10-17-1024&amp;#215;768\" data-image-description=\"\" data-image-caption=\"\" data-large-file=\"https:\/\/i0.wp.com\/cloud.alqueria.es\/wp-content\/uploads\/sites\/8\/2024\/06\/PHOTO-2024-06-09-19-44-10-17-1024x768-1.jpg?fit=474%2C356&amp;ssl=1\" \/><\/a>\n\t\t\t<\/div><\/figure><figure class='gallery-item'>\n\t\t\t<div class='gallery-icon landscape'>\n\t\t\t\t<a href='https:\/\/www.alqueria.es\/blogs\/alqueriarojaverde\/2024\/06\/11\/gran-fiesta-de-la-prehistoria-en-alqueria-educacion\/photo-2024-06-09-19-44-10-15-1024x768\/'><img data-recalc-dims=\"1\" decoding=\"async\" width=\"150\" height=\"150\" src=\"https:\/\/i0.wp.com\/cloud.alqueria.es\/wp-content\/uploads\/sites\/8\/2024\/06\/PHOTO-2024-06-09-19-44-10-15-1024x768-1-150x150.jpg?resize=150%2C150&#038;ssl=1\" class=\"attachment-thumbnail size-thumbnail\" alt=\"\" srcset=\"https:\/\/cloud.alqueria.es\/wp-content\/uploads\/sites\/8\/2024\/06\/PHOTO-2024-06-09-19-44-10-15-1024x768-1.jpg 150w, https:\/\/cloud.alqueria.es\/wp-content\/uploads\/sites\/8\/2024\/06\/PHOTO-2024-06-09-19-44-10-15-1024x768-1.jpg 300w, https:\/\/cloud.alqueria.es\/wp-content\/uploads\/sites\/8\/2024\/06\/PHOTO-2024-06-09-19-44-10-15-1024x768-1.jpg 450w\" sizes=\"(max-width: 150px) 100vw, 150px\" data-attachment-id=\"48382\" data-permalink=\"https:\/\/www.alqueria.es\/blogs\/alqueriarojaverde\/2024\/06\/11\/gran-fiesta-de-la-prehistoria-en-alqueria-educacion\/photo-2024-06-09-19-44-10-15-1024x768\/\" data-orig-file=\"https:\/\/i0.wp.com\/cloud.alqueria.es\/wp-content\/uploads\/sites\/8\/2024\/06\/PHOTO-2024-06-09-19-44-10-15-1024x768-1.jpg?fit=1024%2C768&amp;ssl=1\" data-orig-size=\"1024,768\" data-comments-opened=\"1\" data-image-meta=\"{&quot;aperture&quot;:&quot;0&quot;,&quot;credit&quot;:&quot;&quot;,&quot;camera&quot;:&quot;&quot;,&quot;caption&quot;:&quot;&quot;,&quot;created_timestamp&quot;:&quot;0&quot;,&quot;copyright&quot;:&quot;&quot;,&quot;focal_length&quot;:&quot;0&quot;,&quot;iso&quot;:&quot;0&quot;,&quot;shutter_speed&quot;:&quot;0&quot;,&quot;title&quot;:&quot;&quot;,&quot;orientation&quot;:&quot;0&quot;}\" data-image-title=\"PHOTO-2024-06-09-19-44-10-15-1024&amp;#215;768\" data-image-description=\"\" data-image-caption=\"\" data-large-file=\"https:\/\/i0.wp.com\/cloud.alqueria.es\/wp-content\/uploads\/sites\/8\/2024\/06\/PHOTO-2024-06-09-19-44-10-15-1024x768-1.jpg?fit=474%2C356&amp;ssl=1\" \/><\/a>\n\t\t\t<\/div><\/figure><figure class='gallery-item'>\n\t\t\t<div class='gallery-icon landscape'>\n\t\t\t\t<a href='https:\/\/www.alqueria.es\/blogs\/alqueriarojaverde\/2024\/06\/11\/gran-fiesta-de-la-prehistoria-en-alqueria-educacion\/photo-2024-06-09-19-44-10-14-1024x768\/'><img data-recalc-dims=\"1\" decoding=\"async\" width=\"150\" height=\"150\" src=\"https:\/\/i0.wp.com\/cloud.alqueria.es\/wp-content\/uploads\/sites\/8\/2024\/06\/PHOTO-2024-06-09-19-44-10-14-1024x768-1-150x150.jpg?resize=150%2C150&#038;ssl=1\" class=\"attachment-thumbnail size-thumbnail\" alt=\"\" srcset=\"https:\/\/cloud.alqueria.es\/wp-content\/uploads\/sites\/8\/2024\/06\/PHOTO-2024-06-09-19-44-10-14-1024x768-1.jpg 150w, https:\/\/cloud.alqueria.es\/wp-content\/uploads\/sites\/8\/2024\/06\/PHOTO-2024-06-09-19-44-10-14-1024x768-1.jpg 300w, https:\/\/cloud.alqueria.es\/wp-content\/uploads\/sites\/8\/2024\/06\/PHOTO-2024-06-09-19-44-10-14-1024x768-1.jpg 450w\" sizes=\"(max-width: 150px) 100vw, 150px\" data-attachment-id=\"48371\" data-permalink=\"https:\/\/www.alqueria.es\/blogs\/alqueriarojaverde\/2024\/06\/11\/gran-fiesta-de-la-prehistoria-en-alqueria-educacion\/photo-2024-06-09-19-44-10-14-1024x768\/\" data-orig-file=\"https:\/\/i0.wp.com\/cloud.alqueria.es\/wp-content\/uploads\/sites\/8\/2024\/06\/PHOTO-2024-06-09-19-44-10-14-1024x768-1.jpg?fit=1024%2C768&amp;ssl=1\" data-orig-size=\"1024,768\" data-comments-opened=\"1\" data-image-meta=\"{&quot;aperture&quot;:&quot;0&quot;,&quot;credit&quot;:&quot;&quot;,&quot;camera&quot;:&quot;&quot;,&quot;caption&quot;:&quot;&quot;,&quot;created_timestamp&quot;:&quot;0&quot;,&quot;copyright&quot;:&quot;&quot;,&quot;focal_length&quot;:&quot;0&quot;,&quot;iso&quot;:&quot;0&quot;,&quot;shutter_speed&quot;:&quot;0&quot;,&quot;title&quot;:&quot;&quot;,&quot;orientation&quot;:&quot;0&quot;}\" data-image-title=\"PHOTO-2024-06-09-19-44-10-14-1024&amp;#215;768\" data-image-description=\"\" data-image-caption=\"\" data-large-file=\"https:\/\/i0.wp.com\/cloud.alqueria.es\/wp-content\/uploads\/sites\/8\/2024\/06\/PHOTO-2024-06-09-19-44-10-14-1024x768-1.jpg?fit=474%2C356&amp;ssl=1\" \/><\/a>\n\t\t\t<\/div><\/figure><figure class='gallery-item'>\n\t\t\t<div class='gallery-icon portrait'>\n\t\t\t\t<a href='https:\/\/www.alqueria.es\/blogs\/alqueriarojaverde\/2024\/06\/11\/gran-fiesta-de-la-prehistoria-en-alqueria-educacion\/photo-2024-06-09-19-44-10-8-768x1024\/'><img data-recalc-dims=\"1\" decoding=\"async\" width=\"150\" height=\"150\" src=\"https:\/\/i0.wp.com\/cloud.alqueria.es\/wp-content\/uploads\/sites\/8\/2024\/06\/PHOTO-2024-06-09-19-44-10-8-768x1024-1-150x150.jpg?resize=150%2C150&#038;ssl=1\" class=\"attachment-thumbnail size-thumbnail\" alt=\"\" srcset=\"https:\/\/cloud.alqueria.es\/wp-content\/uploads\/sites\/8\/2024\/06\/PHOTO-2024-06-09-19-44-10-8-768x1024-1.jpg 150w, https:\/\/cloud.alqueria.es\/wp-content\/uploads\/sites\/8\/2024\/06\/PHOTO-2024-06-09-19-44-10-8-768x1024-1.jpg 300w, https:\/\/cloud.alqueria.es\/wp-content\/uploads\/sites\/8\/2024\/06\/PHOTO-2024-06-09-19-44-10-8-768x1024-1.jpg 450w\" sizes=\"(max-width: 150px) 100vw, 150px\" data-attachment-id=\"48381\" data-permalink=\"https:\/\/www.alqueria.es\/blogs\/alqueriarojaverde\/2024\/06\/11\/gran-fiesta-de-la-prehistoria-en-alqueria-educacion\/photo-2024-06-09-19-44-10-8-768x1024\/\" data-orig-file=\"https:\/\/i0.wp.com\/cloud.alqueria.es\/wp-content\/uploads\/sites\/8\/2024\/06\/PHOTO-2024-06-09-19-44-10-8-768x1024-1.jpg?fit=768%2C1024&amp;ssl=1\" data-orig-size=\"768,1024\" data-comments-opened=\"1\" data-image-meta=\"{&quot;aperture&quot;:&quot;0&quot;,&quot;credit&quot;:&quot;&quot;,&quot;camera&quot;:&quot;&quot;,&quot;caption&quot;:&quot;&quot;,&quot;created_timestamp&quot;:&quot;0&quot;,&quot;copyright&quot;:&quot;&quot;,&quot;focal_length&quot;:&quot;0&quot;,&quot;iso&quot;:&quot;0&quot;,&quot;shutter_speed&quot;:&quot;0&quot;,&quot;title&quot;:&quot;&quot;,&quot;orientation&quot;:&quot;0&quot;}\" data-image-title=\"PHOTO-2024-06-09-19-44-10-8-768&amp;#215;1024\" data-image-description=\"\" data-image-caption=\"\" data-large-file=\"https:\/\/i0.wp.com\/cloud.alqueria.es\/wp-content\/uploads\/sites\/8\/2024\/06\/PHOTO-2024-06-09-19-44-10-8-768x1024-1.jpg?fit=474%2C632&amp;ssl=1\" \/><\/a>\n\t\t\t<\/div><\/figure><figure class='gallery-item'>\n\t\t\t<div class='gallery-icon landscape'>\n\t\t\t\t<a href='https:\/\/www.alqueria.es\/blogs\/alqueriarojaverde\/2024\/06\/11\/gran-fiesta-de-la-prehistoria-en-alqueria-educacion\/photo-2024-06-09-19-44-10-2-1024x768\/'><img data-recalc-dims=\"1\" decoding=\"async\" width=\"150\" height=\"150\" src=\"https:\/\/i0.wp.com\/cloud.alqueria.es\/wp-content\/uploads\/sites\/8\/2024\/06\/PHOTO-2024-06-09-19-44-10-2-1024x768-1-150x150.jpg?resize=150%2C150&#038;ssl=1\" class=\"attachment-thumbnail size-thumbnail\" alt=\"\" srcset=\"https:\/\/cloud.alqueria.es\/wp-content\/uploads\/sites\/8\/2024\/06\/PHOTO-2024-06-09-19-44-10-2-1024x768-1.jpg 150w, https:\/\/cloud.alqueria.es\/wp-content\/uploads\/sites\/8\/2024\/06\/PHOTO-2024-06-09-19-44-10-2-1024x768-1.jpg 300w, https:\/\/cloud.alqueria.es\/wp-content\/uploads\/sites\/8\/2024\/06\/PHOTO-2024-06-09-19-44-10-2-1024x768-1.jpg 450w\" sizes=\"(max-width: 150px) 100vw, 150px\" data-attachment-id=\"48383\" data-permalink=\"https:\/\/www.alqueria.es\/blogs\/alqueriarojaverde\/2024\/06\/11\/gran-fiesta-de-la-prehistoria-en-alqueria-educacion\/photo-2024-06-09-19-44-10-2-1024x768\/\" data-orig-file=\"https:\/\/i0.wp.com\/cloud.alqueria.es\/wp-content\/uploads\/sites\/8\/2024\/06\/PHOTO-2024-06-09-19-44-10-2-1024x768-1.jpg?fit=1024%2C768&amp;ssl=1\" data-orig-size=\"1024,768\" data-comments-opened=\"1\" data-image-meta=\"{&quot;aperture&quot;:&quot;0&quot;,&quot;credit&quot;:&quot;&quot;,&quot;camera&quot;:&quot;&quot;,&quot;caption&quot;:&quot;&quot;,&quot;created_timestamp&quot;:&quot;0&quot;,&quot;copyright&quot;:&quot;&quot;,&quot;focal_length&quot;:&quot;0&quot;,&quot;iso&quot;:&quot;0&quot;,&quot;shutter_speed&quot;:&quot;0&quot;,&quot;title&quot;:&quot;&quot;,&quot;orientation&quot;:&quot;0&quot;}\" data-image-title=\"PHOTO-2024-06-09-19-44-10-2-1024&amp;#215;768\" data-image-description=\"\" data-image-caption=\"\" data-large-file=\"https:\/\/i0.wp.com\/cloud.alqueria.es\/wp-content\/uploads\/sites\/8\/2024\/06\/PHOTO-2024-06-09-19-44-10-2-1024x768-1.jpg?fit=474%2C356&amp;ssl=1\" \/><\/a>\n\t\t\t<\/div><\/figure>\n\t\t<\/div>\n\n<p><strong>Me gustar\u00eda agradecer, en nombre de todo el equipo, vuestra asistencia, implicaci\u00f3n y muestras de cari\u00f1o.<\/strong><\/p>\n<p><img data-recalc-dims=\"1\" decoding=\"async\" data-attachment-id=\"48380\" data-permalink=\"https:\/\/www.alqueria.es\/blogs\/alqueriarojaverde\/2024\/06\/11\/gran-fiesta-de-la-prehistoria-en-alqueria-educacion\/5d75eebc-bcda-4bc8-be18-907be466ccf2-1024x575\/\" data-orig-file=\"https:\/\/i0.wp.com\/cloud.alqueria.es\/wp-content\/uploads\/sites\/8\/2024\/06\/5d75eebc-bcda-4bc8-be18-907be466ccf2-1024x575-1.jpg?fit=1024%2C575&amp;ssl=1\" data-orig-size=\"1024,575\" data-comments-opened=\"1\" data-image-meta=\"{&quot;aperture&quot;:&quot;0&quot;,&quot;credit&quot;:&quot;&quot;,&quot;camera&quot;:&quot;&quot;,&quot;caption&quot;:&quot;&quot;,&quot;created_timestamp&quot;:&quot;1717926309&quot;,&quot;copyright&quot;:&quot;&quot;,&quot;focal_length&quot;:&quot;0&quot;,&quot;iso&quot;:&quot;0&quot;,&quot;shutter_speed&quot;:&quot;0&quot;,&quot;title&quot;:&quot;&quot;,&quot;orientation&quot;:&quot;1&quot;}\" data-image-title=\"5d75eebc-bcda-4bc8-be18-907be466ccf2-1024&amp;#215;575\" data-image-description=\"\" data-image-caption=\"\" data-large-file=\"https:\/\/i0.wp.com\/cloud.alqueria.es\/wp-content\/uploads\/sites\/8\/2024\/06\/5d75eebc-bcda-4bc8-be18-907be466ccf2-1024x575-1.jpg?fit=474%2C266&amp;ssl=1\" class=\"aligncenter size-full wp-image-48380\" src=\"https:\/\/i0.wp.com\/cloud.alqueria.es\/wp-content\/uploads\/sites\/8\/2024\/06\/5d75eebc-bcda-4bc8-be18-907be466ccf2-1024x575-1.jpg?resize=474%2C266&#038;ssl=1\" alt=\"\" width=\"474\" height=\"266\" srcset=\"https:\/\/cloud.alqueria.es\/wp-content\/uploads\/sites\/8\/2024\/06\/5d75eebc-bcda-4bc8-be18-907be466ccf2-1024x575-1.jpg 1024w, https:\/\/cloud.alqueria.es\/wp-content\/uploads\/sites\/8\/2024\/06\/5d75eebc-bcda-4bc8-be18-907be466ccf2-1024x575-1.jpg 300w, https:\/\/cloud.alqueria.es\/wp-content\/uploads\/sites\/8\/2024\/06\/5d75eebc-bcda-4bc8-be18-907be466ccf2-1024x575-1.jpg 768w, https:\/\/cloud.alqueria.es\/wp-content\/uploads\/sites\/8\/2024\/06\/5d75eebc-bcda-4bc8-be18-907be466ccf2-1024x575-1.jpg 948w\" sizes=\"(max-width: 474px) 100vw, 474px\" \/><\/p>\n<p><strong>A continuaci\u00f3n os dejo algunas im\u00e1genes en las que aparecen la recepci\u00f3n de familias en el jard\u00edn, diversi\u00f3n en los hinchables, juegos de familia, juegos en los stand, teatro por parte del equipo docente, tarta del 45 aniversario del centro, la m\u00fasica en directo o la despedida de los alumnos\/as de sexto, en definitiva, momentos divertid\u00edsimos y entra\u00f1ables de la misma.<\/strong><\/p>\n<p class=\"jetpack-slideshow-noscript robots-nocontent\">El pase de diapositivas requiere JavaScript.<\/p><div id=\"gallery-48292-2-slideshow\" class=\"jetpack-slideshow-window jetpack-slideshow jetpack-slideshow-black\" data-trans=\"fade\" data-autostart=\"1\" data-gallery=\"[{&quot;src&quot;:&quot;https:\\\/\\\/i0.wp.com\\\/cloud.alqueria.es\\\/wp-content\\\/uploads\\\/sites\\\/8\\\/2024\\\/06\\\/IMG-20240609-WA0123.jpg?fit=1600%2C900\\u0026ssl=1&quot;,&quot;id&quot;:&quot;48397&quot;,&quot;title&quot;:&quot;IMG-20240609-WA0123&quot;,&quot;alt&quot;:&quot;&quot;,&quot;caption&quot;:&quot;&quot;,&quot;itemprop&quot;:&quot;image&quot;},{&quot;src&quot;:&quot;https:\\\/\\\/i0.wp.com\\\/cloud.alqueria.es\\\/wp-content\\\/uploads\\\/sites\\\/8\\\/2024\\\/06\\\/f008fb83-10dd-4a0a-bb46-58929d834000-1024x576-1.jpg?fit=1024%2C576\\u0026ssl=1&quot;,&quot;id&quot;:&quot;48362&quot;,&quot;title&quot;:&quot;f008fb83-10dd-4a0a-bb46-58929d834000-1024\\u0026#215;576&quot;,&quot;alt&quot;:&quot;&quot;,&quot;caption&quot;:&quot;&quot;,&quot;itemprop&quot;:&quot;image&quot;},{&quot;src&quot;:&quot;https:\\\/\\\/i0.wp.com\\\/cloud.alqueria.es\\\/wp-content\\\/uploads\\\/sites\\\/8\\\/2024\\\/06\\\/IMG-20240609-WA0277.jpg?fit=1200%2C1600\\u0026ssl=1&quot;,&quot;id&quot;:&quot;48392&quot;,&quot;title&quot;:&quot;IMG-20240609-WA0277&quot;,&quot;alt&quot;:&quot;&quot;,&quot;caption&quot;:&quot;&quot;,&quot;itemprop&quot;:&quot;image&quot;},{&quot;src&quot;:&quot;https:\\\/\\\/i0.wp.com\\\/cloud.alqueria.es\\\/wp-content\\\/uploads\\\/sites\\\/8\\\/2024\\\/06\\\/ecbb32a7-f755-4c23-bafe-6d8c4ab83266-1024x576-1.jpg?fit=1024%2C576\\u0026ssl=1&quot;,&quot;id&quot;:&quot;48372&quot;,&quot;title&quot;:&quot;ecbb32a7-f755-4c23-bafe-6d8c4ab83266-1024\\u0026#215;576&quot;,&quot;alt&quot;:&quot;&quot;,&quot;caption&quot;:&quot;&quot;,&quot;itemprop&quot;:&quot;image&quot;},{&quot;src&quot;:&quot;https:\\\/\\\/i0.wp.com\\\/cloud.alqueria.es\\\/wp-content\\\/uploads\\\/sites\\\/8\\\/2024\\\/06\\\/b8cccfdb-e188-4ac2-8486-c165ab336d06-1024x576-1.jpg?fit=1024%2C576\\u0026ssl=1&quot;,&quot;id&quot;:&quot;48385&quot;,&quot;title&quot;:&quot;b8cccfdb-e188-4ac2-8486-c165ab336d06-1024\\u0026#215;576&quot;,&quot;alt&quot;:&quot;&quot;,&quot;caption&quot;:&quot;&quot;,&quot;itemprop&quot;:&quot;image&quot;},{&quot;src&quot;:&quot;https:\\\/\\\/i0.wp.com\\\/cloud.alqueria.es\\\/wp-content\\\/uploads\\\/sites\\\/8\\\/2024\\\/06\\\/IMG-20240609-WA0018.jpg?fit=1600%2C1204\\u0026ssl=1&quot;,&quot;id&quot;:&quot;48390&quot;,&quot;title&quot;:&quot;IMG-20240609-WA0018&quot;,&quot;alt&quot;:&quot;&quot;,&quot;caption&quot;:&quot;&quot;,&quot;itemprop&quot;:&quot;image&quot;},{&quot;src&quot;:&quot;https:\\\/\\\/i0.wp.com\\\/cloud.alqueria.es\\\/wp-content\\\/uploads\\\/sites\\\/8\\\/2024\\\/06\\\/IMG-20240609-WA0255.jpg?fit=1200%2C1600\\u0026ssl=1&quot;,&quot;id&quot;:&quot;48389&quot;,&quot;title&quot;:&quot;IMG-20240609-WA0255&quot;,&quot;alt&quot;:&quot;&quot;,&quot;caption&quot;:&quot;&quot;,&quot;itemprop&quot;:&quot;image&quot;},{&quot;src&quot;:&quot;https:\\\/\\\/i0.wp.com\\\/cloud.alqueria.es\\\/wp-content\\\/uploads\\\/sites\\\/8\\\/2024\\\/06\\\/IMG-20240609-WA0094.jpg?fit=1600%2C900\\u0026ssl=1&quot;,&quot;id&quot;:&quot;48400&quot;,&quot;title&quot;:&quot;IMG-20240609-WA0094&quot;,&quot;alt&quot;:&quot;&quot;,&quot;caption&quot;:&quot;&quot;,&quot;itemprop&quot;:&quot;image&quot;},{&quot;src&quot;:&quot;https:\\\/\\\/i0.wp.com\\\/cloud.alqueria.es\\\/wp-content\\\/uploads\\\/sites\\\/8\\\/2024\\\/06\\\/IMG-20240609-WA0273.jpg?fit=1600%2C1200\\u0026ssl=1&quot;,&quot;id&quot;:&quot;48394&quot;,&quot;title&quot;:&quot;IMG-20240609-WA0273&quot;,&quot;alt&quot;:&quot;&quot;,&quot;caption&quot;:&quot;&quot;,&quot;itemprop&quot;:&quot;image&quot;},{&quot;src&quot;:&quot;https:\\\/\\\/i0.wp.com\\\/cloud.alqueria.es\\\/wp-content\\\/uploads\\\/sites\\\/8\\\/2024\\\/06\\\/IMG-20240609-WA0031.jpg?fit=1600%2C1200\\u0026ssl=1&quot;,&quot;id&quot;:&quot;48398&quot;,&quot;title&quot;:&quot;IMG-20240609-WA0031&quot;,&quot;alt&quot;:&quot;&quot;,&quot;caption&quot;:&quot;&quot;,&quot;itemprop&quot;:&quot;image&quot;},{&quot;src&quot;:&quot;https:\\\/\\\/i0.wp.com\\\/cloud.alqueria.es\\\/wp-content\\\/uploads\\\/sites\\\/8\\\/2024\\\/06\\\/451a1d7f-d196-4923-9d3a-1cf602d03e96-1024x576-1.jpg?fit=1024%2C576\\u0026ssl=1&quot;,&quot;id&quot;:&quot;48360&quot;,&quot;title&quot;:&quot;451a1d7f-d196-4923-9d3a-1cf602d03e96-1024\\u0026#215;576&quot;,&quot;alt&quot;:&quot;&quot;,&quot;caption&quot;:&quot;&quot;,&quot;itemprop&quot;:&quot;image&quot;},{&quot;src&quot;:&quot;https:\\\/\\\/i0.wp.com\\\/cloud.alqueria.es\\\/wp-content\\\/uploads\\\/sites\\\/8\\\/2024\\\/06\\\/66a05af8-6ed5-4603-ba6a-1d3ad2f29e05-1024x576-1.jpg?fit=1024%2C576\\u0026ssl=1&quot;,&quot;id&quot;:&quot;48378&quot;,&quot;title&quot;:&quot;66a05af8-6ed5-4603-ba6a-1d3ad2f29e05-1024\\u0026#215;576&quot;,&quot;alt&quot;:&quot;&quot;,&quot;caption&quot;:&quot;&quot;,&quot;itemprop&quot;:&quot;image&quot;},{&quot;src&quot;:&quot;https:\\\/\\\/i0.wp.com\\\/cloud.alqueria.es\\\/wp-content\\\/uploads\\\/sites\\\/8\\\/2024\\\/06\\\/04569fb8-2a75-4495-8004-2ded78540d7c-1024x576-1.jpg?fit=1024%2C576\\u0026ssl=1&quot;,&quot;id&quot;:&quot;48363&quot;,&quot;title&quot;:&quot;04569fb8-2a75-4495-8004-2ded78540d7c-1024\\u0026#215;576&quot;,&quot;alt&quot;:&quot;&quot;,&quot;caption&quot;:&quot;&quot;,&quot;itemprop&quot;:&quot;image&quot;},{&quot;src&quot;:&quot;https:\\\/\\\/i0.wp.com\\\/cloud.alqueria.es\\\/wp-content\\\/uploads\\\/sites\\\/8\\\/2024\\\/06\\\/e1c4727b-11a6-400c-bd7f-f59fc9cb8700-1024x576-1.jpg?fit=1024%2C576\\u0026ssl=1&quot;,&quot;id&quot;:&quot;48359&quot;,&quot;title&quot;:&quot;e1c4727b-11a6-400c-bd7f-f59fc9cb8700-1024\\u0026#215;576&quot;,&quot;alt&quot;:&quot;&quot;,&quot;caption&quot;:&quot;&quot;,&quot;itemprop&quot;:&quot;image&quot;},{&quot;src&quot;:&quot;https:\\\/\\\/i0.wp.com\\\/cloud.alqueria.es\\\/wp-content\\\/uploads\\\/sites\\\/8\\\/2024\\\/06\\\/da2e2099-8f2e-4e9d-8df7-b5061c99f6eb-1024x576-1.jpg?fit=1024%2C576\\u0026ssl=1&quot;,&quot;id&quot;:&quot;48374&quot;,&quot;title&quot;:&quot;da2e2099-8f2e-4e9d-8df7-b5061c99f6eb-1024\\u0026#215;576&quot;,&quot;alt&quot;:&quot;&quot;,&quot;caption&quot;:&quot;&quot;,&quot;itemprop&quot;:&quot;image&quot;},{&quot;src&quot;:&quot;https:\\\/\\\/i0.wp.com\\\/cloud.alqueria.es\\\/wp-content\\\/uploads\\\/sites\\\/8\\\/2024\\\/06\\\/IMG-20240609-WA0063.jpg?fit=1600%2C900\\u0026ssl=1&quot;,&quot;id&quot;:&quot;48399&quot;,&quot;title&quot;:&quot;IMG-20240609-WA0063&quot;,&quot;alt&quot;:&quot;&quot;,&quot;caption&quot;:&quot;&quot;,&quot;itemprop&quot;:&quot;image&quot;},{&quot;src&quot;:&quot;https:\\\/\\\/i0.wp.com\\\/cloud.alqueria.es\\\/wp-content\\\/uploads\\\/sites\\\/8\\\/2024\\\/06\\\/8d897842-9904-406c-9191-6180eb2a290a-1024x576-1.jpg?fit=1024%2C576\\u0026ssl=1&quot;,&quot;id&quot;:&quot;48377&quot;,&quot;title&quot;:&quot;8d897842-9904-406c-9191-6180eb2a290a-1024\\u0026#215;576&quot;,&quot;alt&quot;:&quot;&quot;,&quot;caption&quot;:&quot;&quot;,&quot;itemprop&quot;:&quot;image&quot;}]\" itemscope itemtype=\"https:\/\/schema.org\/ImageGallery\"><\/div>\n<p><strong>Esperamos que la fiesta os gustase tanto como a nosotros, nos encant\u00f3 compartirlo junto a todo el alumnado y las familias.<\/strong><\/p>\n<p><strong>\u00a1Viviremos muchas m\u00e1s a lo largo de vuestro paso por Alquer\u00eda!<\/strong><\/p>\n<p><strong>Hoy recordamos en la asamblea, todo cuanto vivimos el s\u00e1bado realizando un dibujo alusivo a la fiesta.<img data-recalc-dims=\"1\" decoding=\"async\" data-attachment-id=\"48358\" data-permalink=\"https:\/\/www.alqueria.es\/blogs\/alqueriarojaverde\/2024\/06\/11\/gran-fiesta-de-la-prehistoria-en-alqueria-educacion\/img_20240610_153100\/\" data-orig-file=\"https:\/\/i0.wp.com\/cloud.alqueria.es\/wp-content\/uploads\/sites\/8\/2024\/06\/IMG_20240610_153100.jpg?fit=2500%2C1125&amp;ssl=1\" data-orig-size=\"2500,1125\" data-comments-opened=\"1\" data-image-meta=\"{&quot;aperture&quot;:&quot;1.89&quot;,&quot;credit&quot;:&quot;&quot;,&quot;camera&quot;:&quot;M2101K6G&quot;,&quot;caption&quot;:&quot;&quot;,&quot;created_timestamp&quot;:&quot;1718033460&quot;,&quot;copyright&quot;:&quot;&quot;,&quot;focal_length&quot;:&quot;5.89&quot;,&quot;iso&quot;:&quot;199&quot;,&quot;shutter_speed&quot;:&quot;0.02&quot;,&quot;title&quot;:&quot;&quot;,&quot;orientation&quot;:&quot;1&quot;}\" data-image-title=\"IMG_20240610_153100\" data-image-description=\"\" data-image-caption=\"\" data-large-file=\"https:\/\/i0.wp.com\/cloud.alqueria.es\/wp-content\/uploads\/sites\/8\/2024\/06\/IMG_20240610_153100.jpg?fit=474%2C213&amp;ssl=1\" class=\"aligncenter size-full wp-image-48358\" src=\"https:\/\/i0.wp.com\/cloud.alqueria.es\/wp-content\/uploads\/sites\/8\/2024\/06\/IMG_20240610_153100.jpg?resize=474%2C213&#038;ssl=1\" alt=\"\" width=\"474\" height=\"213\" srcset=\"https:\/\/cloud.alqueria.es\/wp-content\/uploads\/sites\/8\/2024\/06\/IMG_20240610_153100.jpg 2500w, https:\/\/cloud.alqueria.es\/wp-content\/uploads\/sites\/8\/2024\/06\/IMG_20240610_153100.jpg 300w, https:\/\/cloud.alqueria.es\/wp-content\/uploads\/sites\/8\/2024\/06\/IMG_20240610_153100.jpg 1024w, https:\/\/cloud.alqueria.es\/wp-content\/uploads\/sites\/8\/2024\/06\/IMG_20240610_153100.jpg 768w, https:\/\/cloud.alqueria.es\/wp-content\/uploads\/sites\/8\/2024\/06\/IMG_20240610_153100.jpg 1536w, https:\/\/cloud.alqueria.es\/wp-content\/uploads\/sites\/8\/2024\/06\/IMG_20240610_153100.jpg 2048w, https:\/\/cloud.alqueria.es\/wp-content\/uploads\/sites\/8\/2024\/06\/IMG_20240610_153100.jpg 948w, https:\/\/cloud.alqueria.es\/wp-content\/uploads\/sites\/8\/2024\/06\/IMG_20240610_153100.jpg 1422w\" sizes=\"(max-width: 474px) 100vw, 474px\" \/><\/strong><\/p>\n<p><strong>Feliz semana,<\/strong><\/p>\n<p><strong>Silvia<\/strong><\/p>\n","protected":false},"excerpt":{"rendered":"<p>A lo largo de la pasada semana los rojitos participaron en los preparativos de la fiesta de fin de curso. Disfrutaron mucho con la propuesta de juego sobre la Prehistoria. Nuestras sesiones de\u00a0 juego han estado llenas de creatividad para la recreaci\u00f3n de espacios con el material disponible en el aula. En nuestras asambleas hemos &hellip; <a href=\"https:\/\/www.alqueria.es\/blogs\/alqueriarojaverde\/2024\/06\/11\/gran-fiesta-de-la-prehistoria-en-alqueria-educacion\/\" class=\"more-link\">Seguir leyendo <span class=\"screen-reader-text\">Gran fiesta de \u00abLa Prehistoria\u00bb en Alquer\u00eda Educaci\u00f3n<\/span> <span class=\"meta-nav\">&rarr;<\/span><\/a><\/p>\n","protected":false},"author":19,"featured_media":0,"comment_status":"open","ping_status":"open","sticky":false,"template":"","format":"standard","meta":{"jetpack_post_was_ever_published":false,"_jetpack_newsletter_access":"","_jetpack_dont_email_post_to_subs":false,"_jetpack_newsletter_tier_id":0,"_jetpack_memberships_contains_paywalled_content":false,"_jetpack_memberships_contains_paid_content":false,"footnotes":"","jetpack_publicize_message":"","jetpack_publicize_feature_enabled":true,"jetpack_social_post_already_shared":true,"jetpack_social_options":{"image_generator_settings":{"template":"highway","default_image_id":0,"font":"","enabled":false},"version":2}},"categories":[6],"tags":[1809,1808],"class_list":["post-48292","post","type-post","status-publish","format-standard","hentry","category-clase-roja-4-5-anos","tag-fiesta-prehistoria","tag-fiestas-y-dias-de-significacion-especial"],"jetpack_publicize_connections":[],"jetpack_featured_media_url":"","jetpack_sharing_enabled":true,"jetpack_shortlink":"https:\/\/wp.me\/p4lFbP-cyU","_links":{"self":[{"href":"https:\/\/www.alqueria.es\/blogs\/alqueriarojaverde\/wp-json\/wp\/v2\/posts\/48292","targetHints":{"allow":["GET"]}}],"collection":[{"href":"https:\/\/www.alqueria.es\/blogs\/alqueriarojaverde\/wp-json\/wp\/v2\/posts"}],"about":[{"href":"https:\/\/www.alqueria.es\/blogs\/alqueriarojaverde\/wp-json\/wp\/v2\/types\/post"}],"author":[{"embeddable":true,"href":"https:\/\/www.alqueria.es\/blogs\/alqueriarojaverde\/wp-json\/wp\/v2\/users\/19"}],"replies":[{"embeddable":true,"href":"https:\/\/www.alqueria.es\/blogs\/alqueriarojaverde\/wp-json\/wp\/v2\/comments?post=48292"}],"version-history":[{"count":7,"href":"https:\/\/www.alqueria.es\/blogs\/alqueriarojaverde\/wp-json\/wp\/v2\/posts\/48292\/revisions"}],"predecessor-version":[{"id":48404,"href":"https:\/\/www.alqueria.es\/blogs\/alqueriarojaverde\/wp-json\/wp\/v2\/posts\/48292\/revisions\/48404"}],"wp:attachment":[{"href":"https:\/\/www.alqueria.es\/blogs\/alqueriarojaverde\/wp-json\/wp\/v2\/media?parent=48292"}],"wp:term":[{"taxonomy":"category","embeddable":true,"href":"https:\/\/www.alqueria.es\/blogs\/alqueriarojaverde\/wp-json\/wp\/v2\/categories?post=48292"},{"taxonomy":"post_tag","embeddable":true,"href":"https:\/\/www.alqueria.es\/blogs\/alqueriarojaverde\/wp-json\/wp\/v2\/tags?post=48292"}],"curies":[{"name":"wp","href":"https:\/\/api.w.org\/{rel}","templated":true}]}}