{"id":49787,"date":"2024-10-28T20:13:24","date_gmt":"2024-10-28T19:13:24","guid":{"rendered":"https:\/\/www.alqueria.es\/blogs\/alqueriarojaverde\/?p=49787"},"modified":"2024-10-28T20:13:24","modified_gmt":"2024-10-28T19:13:24","slug":"el-yoga-como-enriquecimeinto-curricular","status":"publish","type":"post","link":"https:\/\/www.alqueria.es\/blogs\/alqueriarojaverde\/2024\/10\/28\/el-yoga-como-enriquecimeinto-curricular\/","title":{"rendered":"EL YOGA COMO ENRIQUECIMEINTO CURRICULAR"},"content":{"rendered":"<p dir=\"ltr\"><span data-olk-copy-source=\"MessageBody\">Entre otros muchos rasgos diferenciadores, <strong>nuestro proyecto educativo<\/strong> cuenta con <strong><span style=\"color: #ff00ff\">\u00abespacios\u00bb en los que tienen cabida la conciencia corporal, mental y emocional<\/span><\/strong>. As\u00ed como con diversas <em><span style=\"color: #ff00ff\">actividades, experiencias y talleres, enfocados a la mejora de la concentraci\u00f3n y la calma, de forma no solo respetuosa sino bastante efectiva<\/span><\/em>.\u00a0<\/span><\/p>\n<p dir=\"ltr\">En el grupo verde, seguimos entrenando de manera cotidiana y espec\u00edfica nuestras <em><strong><span style=\"color: #0000ff\">funciones ejecutivas<\/span><\/strong><\/em>, sabiendo que \u00e9stas no son innatas sino que se entrenan.<\/p>\n<p dir=\"ltr\">Tambi\u00e9n realizamos<em><strong><span style=\"color: #0000ff\"> pr\u00e1cticas formales e informales de Mindfulness<\/span><\/strong><\/em>, que nos permiten ir aumentando la capacidad de atenci\u00f3n al momento presente.<\/p>\n<p dir=\"ltr\">Hemos implementado las<em><strong><span style=\"color: #0000ff\"> \u00abpausas activas\u00bb,<\/span><\/strong><\/em> mediante el movimiento, como forma de aumentar la concentraci\u00f3n, disminuir el estr\u00e9s y favorecer la correcta oxigenaci\u00f3n.<\/p>\n<p dir=\"ltr\">Tambi\u00e9n los <em><strong><span style=\"color: #0000ff\">\u00abmomentos stop\u00bb<\/span> <\/strong><\/em>son algo novedoso este curso. Los utilizamos para distintos objetivos, relacionados con \u00a0energizar o calmar. A trav\u00e9s del movimiento, la respiraci\u00f3n o la atenci\u00f3n plena, pudi\u00e9ndose dar una combinaci\u00f3n de varios o todos ellos.<\/p>\n<p dir=\"ltr\">Todas estas experiencias, herramientas, actividades&#8230; unidas a las <em><strong><span style=\"color: #0000ff\">sesiones mensuales de yoga e inteligencia emocional<\/span><\/strong><\/em>, contribuyen a mejorar el clima escolar, aumentar\/calmar la energ\u00eda del aula, enfatizar la importancia de la higiene postural, trabajar de forma consciente el plano socio-emocional, conformar un buen auto-concepto&#8230;<\/p>\n<p>Hoy hemos tenido la suerte de disfrutar de una de estas sesiones<em><strong><span style=\"color: #008000\">\u00a0\u00a1nuestra\u00a0<\/span><\/strong><strong><span style=\"color: #008000\"><em><strong>primera sesi\u00f3n de yoga del curso!<\/strong><\/em><\/span><\/strong><\/em> <img data-recalc-dims=\"1\" decoding=\"async\" data-attachment-id=\"49792\" data-permalink=\"https:\/\/www.alqueria.es\/blogs\/alqueriarojaverde\/2024\/10\/28\/el-yoga-como-enriquecimeinto-curricular\/ninos-yoga-ninos-practicando-diferentes-posturas-yoga_1322560-54342\/\" data-orig-file=\"https:\/\/i0.wp.com\/cloud.alqueria.es\/wp-content\/uploads\/sites\/8\/2024\/10\/ninos-yoga-ninos-practicando-diferentes-posturas-yoga_1322560-54342.jpg?fit=626%2C351&amp;ssl=1\" data-orig-size=\"626,351\" data-comments-opened=\"1\" data-image-meta=\"{&quot;aperture&quot;:&quot;0&quot;,&quot;credit&quot;:&quot;&quot;,&quot;camera&quot;:&quot;&quot;,&quot;caption&quot;:&quot;&quot;,&quot;created_timestamp&quot;:&quot;0&quot;,&quot;copyright&quot;:&quot;&quot;,&quot;focal_length&quot;:&quot;0&quot;,&quot;iso&quot;:&quot;0&quot;,&quot;shutter_speed&quot;:&quot;0&quot;,&quot;title&quot;:&quot;&quot;,&quot;orientation&quot;:&quot;0&quot;}\" data-image-title=\"ninos-yoga-ninos-practicando-diferentes-posturas-yoga_1322560-54342\" data-image-description=\"\" data-image-caption=\"\" data-large-file=\"https:\/\/i0.wp.com\/cloud.alqueria.es\/wp-content\/uploads\/sites\/8\/2024\/10\/ninos-yoga-ninos-practicando-diferentes-posturas-yoga_1322560-54342.jpg?fit=474%2C266&amp;ssl=1\" class=\"aligncenter wp-image-49792 size-full\" src=\"https:\/\/i0.wp.com\/cloud.alqueria.es\/wp-content\/uploads\/sites\/8\/2024\/10\/ninos-yoga-ninos-practicando-diferentes-posturas-yoga_1322560-54342.jpg?resize=474%2C266&#038;ssl=1\" alt=\"\" width=\"474\" height=\"266\" srcset=\"https:\/\/cloud.alqueria.es\/wp-content\/uploads\/sites\/8\/2024\/10\/ninos-yoga-ninos-practicando-diferentes-posturas-yoga_1322560-54342.jpg 626w, https:\/\/cloud.alqueria.es\/wp-content\/uploads\/sites\/8\/2024\/10\/ninos-yoga-ninos-practicando-diferentes-posturas-yoga_1322560-54342.jpg 300w\" sizes=\"(max-width: 474px) 100vw, 474px\" \/><em><strong>A trav\u00e9s de la pr\u00e1ctica del yoga el alumnado se conecta m\u00e1s con su respiraci\u00f3n y su actitud corporal, a la vez que consigue herramientas de relajaci\u00f3n para su d\u00eda a d\u00eda.<\/strong><\/em> Es una disciplina que en nuestro proyecto educativo est\u00e1 dentro del desarrollo psicof\u00edsico del alumnado. Nos permite descubrir algunas de las posibilidades que posee el cuerpo, como fuente de sensaciones positivas, nos ayuda a identificar emociones y nos presenta la relajaci\u00f3n como medio para el cuidado corporal y mental, entre otras muchas cosas.<\/p>\n<p><span style=\"color: #008000\"><em><strong>Marta<\/strong><\/em><\/span>, nuestra <strong>especialista de yoga<\/strong> este curso, nos ha introducido en la sesi\u00f3n a trav\u00e9s de la <em><span style=\"color: #008000\">pr\u00e1ctica consciente que realizamos al andar<\/span><\/em>. Para ello hemos simulado ser bailarines\/as que caminan sobre delicadas nubes y deben realizar movimientos lentos, suaves y controlados, para no romperlas.<\/p>\n<p><img data-recalc-dims=\"1\" decoding=\"async\" data-attachment-id=\"49797\" data-permalink=\"https:\/\/www.alqueria.es\/blogs\/alqueriarojaverde\/2024\/10\/28\/el-yoga-como-enriquecimeinto-curricular\/20241028_112456\/\" data-orig-file=\"https:\/\/i0.wp.com\/cloud.alqueria.es\/wp-content\/uploads\/sites\/8\/2024\/10\/20241028_112456.jpg?fit=2000%2C1500&amp;ssl=1\" data-orig-size=\"2000,1500\" data-comments-opened=\"1\" data-image-meta=\"{&quot;aperture&quot;:&quot;0&quot;,&quot;credit&quot;:&quot;&quot;,&quot;camera&quot;:&quot;&quot;,&quot;caption&quot;:&quot;&quot;,&quot;created_timestamp&quot;:&quot;0&quot;,&quot;copyright&quot;:&quot;&quot;,&quot;focal_length&quot;:&quot;0&quot;,&quot;iso&quot;:&quot;0&quot;,&quot;shutter_speed&quot;:&quot;0&quot;,&quot;title&quot;:&quot;&quot;,&quot;orientation&quot;:&quot;1&quot;}\" data-image-title=\"20241028_112456\" data-image-description=\"\" data-image-caption=\"\" data-large-file=\"https:\/\/i0.wp.com\/cloud.alqueria.es\/wp-content\/uploads\/sites\/8\/2024\/10\/20241028_112456.jpg?fit=474%2C356&amp;ssl=1\" class=\"aligncenter size-large wp-image-49797\" src=\"https:\/\/i0.wp.com\/cloud.alqueria.es\/wp-content\/uploads\/sites\/8\/2024\/10\/20241028_112456-1024x768.jpg?resize=474%2C356&#038;ssl=1\" alt=\"\" width=\"474\" height=\"356\" srcset=\"https:\/\/cloud.alqueria.es\/wp-content\/uploads\/sites\/8\/2024\/10\/20241028_112456.jpg 1024w, https:\/\/cloud.alqueria.es\/wp-content\/uploads\/sites\/8\/2024\/10\/20241028_112456.jpg 300w, https:\/\/cloud.alqueria.es\/wp-content\/uploads\/sites\/8\/2024\/10\/20241028_112456.jpg 768w, https:\/\/cloud.alqueria.es\/wp-content\/uploads\/sites\/8\/2024\/10\/20241028_112456.jpg 1536w, https:\/\/cloud.alqueria.es\/wp-content\/uploads\/sites\/8\/2024\/10\/20241028_112456.jpg 2000w, https:\/\/cloud.alqueria.es\/wp-content\/uploads\/sites\/8\/2024\/10\/20241028_112456.jpg 948w, https:\/\/cloud.alqueria.es\/wp-content\/uploads\/sites\/8\/2024\/10\/20241028_112456.jpg 1422w\" sizes=\"(max-width: 474px) 100vw, 474px\" \/><\/p>\n<p>Nos ha ense\u00f1ado <em><span style=\"color: #008000\">tres formas distintas para sentarnos en la esterilla,<\/span><\/em> con las que hemos estado experimentando un ratito para ver con cu\u00e1l nos sent\u00edamos m\u00e1s c\u00f3modos\/as. \u00a0Nos permite cambiar de postura cada vez que lo necesitemos, para intentar evitar la incomodidad.<\/p>\n<p><img data-recalc-dims=\"1\" decoding=\"async\" data-attachment-id=\"49798\" data-permalink=\"https:\/\/www.alqueria.es\/blogs\/alqueriarojaverde\/2024\/10\/28\/el-yoga-como-enriquecimeinto-curricular\/20241028_113321\/\" data-orig-file=\"https:\/\/i0.wp.com\/cloud.alqueria.es\/wp-content\/uploads\/sites\/8\/2024\/10\/20241028_113321.jpg?fit=2000%2C1500&amp;ssl=1\" data-orig-size=\"2000,1500\" data-comments-opened=\"1\" data-image-meta=\"{&quot;aperture&quot;:&quot;0&quot;,&quot;credit&quot;:&quot;&quot;,&quot;camera&quot;:&quot;&quot;,&quot;caption&quot;:&quot;&quot;,&quot;created_timestamp&quot;:&quot;0&quot;,&quot;copyright&quot;:&quot;&quot;,&quot;focal_length&quot;:&quot;0&quot;,&quot;iso&quot;:&quot;0&quot;,&quot;shutter_speed&quot;:&quot;0&quot;,&quot;title&quot;:&quot;&quot;,&quot;orientation&quot;:&quot;1&quot;}\" data-image-title=\"20241028_113321\" data-image-description=\"\" data-image-caption=\"\" data-large-file=\"https:\/\/i0.wp.com\/cloud.alqueria.es\/wp-content\/uploads\/sites\/8\/2024\/10\/20241028_113321.jpg?fit=474%2C356&amp;ssl=1\" class=\"aligncenter size-large wp-image-49798\" src=\"https:\/\/i0.wp.com\/cloud.alqueria.es\/wp-content\/uploads\/sites\/8\/2024\/10\/20241028_113321-1024x768.jpg?resize=474%2C356&#038;ssl=1\" alt=\"\" width=\"474\" height=\"356\" srcset=\"https:\/\/cloud.alqueria.es\/wp-content\/uploads\/sites\/8\/2024\/10\/20241028_113321.jpg 1024w, https:\/\/cloud.alqueria.es\/wp-content\/uploads\/sites\/8\/2024\/10\/20241028_113321.jpg 300w, https:\/\/cloud.alqueria.es\/wp-content\/uploads\/sites\/8\/2024\/10\/20241028_113321.jpg 768w, https:\/\/cloud.alqueria.es\/wp-content\/uploads\/sites\/8\/2024\/10\/20241028_113321.jpg 1536w, https:\/\/cloud.alqueria.es\/wp-content\/uploads\/sites\/8\/2024\/10\/20241028_113321.jpg 2000w, https:\/\/cloud.alqueria.es\/wp-content\/uploads\/sites\/8\/2024\/10\/20241028_113321.jpg 948w, https:\/\/cloud.alqueria.es\/wp-content\/uploads\/sites\/8\/2024\/10\/20241028_113321.jpg 1422w\" sizes=\"(max-width: 474px) 100vw, 474px\" \/><\/p>\n<p>Tambi\u00e9n nos ha presentado una nueva <em><span style=\"color: #008000\">respiraci\u00f3n consciente,<\/span><\/em> que nos ayudar\u00e1 a calmar nuestra inquietud corporal, nuestros momentos de rabia, nuestra incertidumbre&#8230; La<em><span style=\"color: #008000\"> \u00abrespiraci\u00f3n de la flor\u00bb,<\/span><\/em> en la que deb\u00edamos juntar nuestras mu\u00f1ecas y conectar nuestros dedos pulgares y me\u00f1iques de ambas manos, para simular un flor. Una flor a la que cada uno\/a ha atribuido un color y un olor particular. Con los ojos cerrados hemos realizado cinco inhalaciones nasales y cinco exhalaciones bucales, que nos han permitido relajarnos bastante.<\/p>\n<div class=\"tiled-gallery type-square tiled-gallery-unresized\" data-original-width=\"474\" data-carousel-extra='{&quot;blog_id&quot;:8,&quot;permalink&quot;:&quot;https:\\\/\\\/www.alqueria.es\\\/blogs\\\/alqueriarojaverde\\\/2024\\\/10\\\/28\\\/el-yoga-como-enriquecimeinto-curricular\\\/&quot;,&quot;likes_blog_id&quot;:64268569}' itemscope itemtype=\"http:\/\/schema.org\/ImageGallery\" > <div class=\"gallery-row\" style=\"width: 474px; height: 237px;\" data-original-width=\"474\" data-original-height=\"237\" > <div class=\"gallery-group\" style=\"width: 237px; height: 237px;\" data-original-width=\"237\" data-original-height=\"237\" > <div class=\"tiled-gallery-item \" itemprop=\"associatedMedia\" itemscope itemtype=\"http:\/\/schema.org\/ImageObject\"> <meta itemprop=\"width\" content=\"233\"> <meta itemprop=\"height\" content=\"233\"> <img decoding=\"async\" class=\"\" data-attachment-id=\"49800\" data-orig-file=\"https:\/\/cloud.alqueria.es\/wp-content\/uploads\/sites\/8\/2024\/10\/20241028_114619.jpg\" data-orig-size=\"1865,1068\" data-comments-opened=\"1\" data-image-meta=\"{&quot;aperture&quot;:&quot;0&quot;,&quot;credit&quot;:&quot;&quot;,&quot;camera&quot;:&quot;&quot;,&quot;caption&quot;:&quot;&quot;,&quot;created_timestamp&quot;:&quot;1730115978&quot;,&quot;copyright&quot;:&quot;&quot;,&quot;focal_length&quot;:&quot;0&quot;,&quot;iso&quot;:&quot;0&quot;,&quot;shutter_speed&quot;:&quot;0&quot;,&quot;title&quot;:&quot;&quot;,&quot;orientation&quot;:&quot;1&quot;}\" data-image-title=\"20241028_114619\" data-image-description=\"\" data-medium-file=\"https:\/\/i0.wp.com\/cloud.alqueria.es\/wp-content\/uploads\/sites\/8\/2024\/10\/20241028_114619.jpg?fit=300%2C172&#038;ssl=1\" data-large-file=\"https:\/\/i0.wp.com\/cloud.alqueria.es\/wp-content\/uploads\/sites\/8\/2024\/10\/20241028_114619.jpg?fit=474%2C271&#038;ssl=1\" src=\"https:\/\/i0.wp.com\/cloud.alqueria.es\/wp-content\/uploads\/sites\/8\/2024\/10\/20241028_114619.jpg?w=233&#038;h=233&#038;crop=1&#038;ssl=1\" srcset=\"https:\/\/cloud.alqueria.es\/wp-content\/uploads\/sites\/8\/2024\/10\/20241028_114619.jpg 150w, https:\/\/cloud.alqueria.es\/wp-content\/uploads\/sites\/8\/2024\/10\/20241028_114619.jpg 466w, https:\/\/cloud.alqueria.es\/wp-content\/uploads\/sites\/8\/2024\/10\/20241028_114619.jpg 699w\" width=\"233\" height=\"233\" loading=\"lazy\" data-original-width=\"233\" data-original-height=\"233\" itemprop=\"http:\/\/schema.org\/image\" title=\"20241028_114619\" alt=\"20241028_114619\" style=\"width: 233px; height: 233px;\" \/> <\/div> <\/div> <div class=\"gallery-group\" style=\"width: 237px; height: 237px;\" data-original-width=\"237\" data-original-height=\"237\" > <div class=\"tiled-gallery-item \" itemprop=\"associatedMedia\" itemscope itemtype=\"http:\/\/schema.org\/ImageObject\"> <meta itemprop=\"width\" content=\"233\"> <meta itemprop=\"height\" content=\"233\"> <img decoding=\"async\" class=\"\" data-attachment-id=\"49799\" data-orig-file=\"https:\/\/cloud.alqueria.es\/wp-content\/uploads\/sites\/8\/2024\/10\/20241028_114553.jpg\" data-orig-size=\"2000,1500\" data-comments-opened=\"1\" data-image-meta=\"{&quot;aperture&quot;:&quot;0&quot;,&quot;credit&quot;:&quot;&quot;,&quot;camera&quot;:&quot;&quot;,&quot;caption&quot;:&quot;&quot;,&quot;created_timestamp&quot;:&quot;0&quot;,&quot;copyright&quot;:&quot;&quot;,&quot;focal_length&quot;:&quot;0&quot;,&quot;iso&quot;:&quot;0&quot;,&quot;shutter_speed&quot;:&quot;0&quot;,&quot;title&quot;:&quot;&quot;,&quot;orientation&quot;:&quot;1&quot;}\" data-image-title=\"20241028_114553\" data-image-description=\"\" data-medium-file=\"https:\/\/i0.wp.com\/cloud.alqueria.es\/wp-content\/uploads\/sites\/8\/2024\/10\/20241028_114553.jpg?fit=300%2C225&#038;ssl=1\" data-large-file=\"https:\/\/i0.wp.com\/cloud.alqueria.es\/wp-content\/uploads\/sites\/8\/2024\/10\/20241028_114553.jpg?fit=474%2C356&#038;ssl=1\" src=\"https:\/\/i0.wp.com\/cloud.alqueria.es\/wp-content\/uploads\/sites\/8\/2024\/10\/20241028_114553.jpg?w=233&#038;h=233&#038;crop=1&#038;ssl=1\" srcset=\"https:\/\/cloud.alqueria.es\/wp-content\/uploads\/sites\/8\/2024\/10\/20241028_114553.jpg 150w, https:\/\/cloud.alqueria.es\/wp-content\/uploads\/sites\/8\/2024\/10\/20241028_114553.jpg 466w, https:\/\/cloud.alqueria.es\/wp-content\/uploads\/sites\/8\/2024\/10\/20241028_114553.jpg 699w\" width=\"233\" height=\"233\" loading=\"lazy\" data-original-width=\"233\" data-original-height=\"233\" itemprop=\"http:\/\/schema.org\/image\" title=\"20241028_114553\" alt=\"20241028_114553\" style=\"width: 233px; height: 233px;\" \/> <\/div> <\/div> <\/div> <\/div>\n<p>Hemos llevado a cabo un <em><span style=\"color: #008000\">ejercicio de autoconocimiento y conciencia corporal<\/span><\/em>, eligiendo una parte de nuestro cuerpo \u00a1la que m\u00e1s nos gustase! y verbalizando porqu\u00e9 nos gusta.<\/p>\n<p><img data-recalc-dims=\"1\" decoding=\"async\" data-attachment-id=\"49793\" data-permalink=\"https:\/\/www.alqueria.es\/blogs\/alqueriarojaverde\/2024\/10\/28\/el-yoga-como-enriquecimeinto-curricular\/yoga-vrikshasana-o-postura-arbol-caracter-positivo-mujer-joven-practicando-estera-yoga-vector-plano_514409-1364\/\" data-orig-file=\"https:\/\/i0.wp.com\/cloud.alqueria.es\/wp-content\/uploads\/sites\/8\/2024\/10\/yoga-vrikshasana-o-postura-arbol-caracter-positivo-mujer-joven-practicando-estera-yoga-vector-plano_514409-1364.jpg?fit=626%2C626&amp;ssl=1\" data-orig-size=\"626,626\" data-comments-opened=\"1\" data-image-meta=\"{&quot;aperture&quot;:&quot;0&quot;,&quot;credit&quot;:&quot;&quot;,&quot;camera&quot;:&quot;&quot;,&quot;caption&quot;:&quot;&quot;,&quot;created_timestamp&quot;:&quot;0&quot;,&quot;copyright&quot;:&quot;&quot;,&quot;focal_length&quot;:&quot;0&quot;,&quot;iso&quot;:&quot;0&quot;,&quot;shutter_speed&quot;:&quot;0&quot;,&quot;title&quot;:&quot;&quot;,&quot;orientation&quot;:&quot;0&quot;}\" data-image-title=\"yoga-vrikshasana-o-postura-arbol-caracter-positivo-mujer-joven-practicando-estera-yoga-vector-plano_514409-1364\" data-image-description=\"\" data-image-caption=\"\" data-large-file=\"https:\/\/i0.wp.com\/cloud.alqueria.es\/wp-content\/uploads\/sites\/8\/2024\/10\/yoga-vrikshasana-o-postura-arbol-caracter-positivo-mujer-joven-practicando-estera-yoga-vector-plano_514409-1364.jpg?fit=474%2C474&amp;ssl=1\" class=\"alignleft size-medium wp-image-49793\" src=\"https:\/\/i0.wp.com\/cloud.alqueria.es\/wp-content\/uploads\/sites\/8\/2024\/10\/yoga-vrikshasana-o-postura-arbol-caracter-positivo-mujer-joven-practicando-estera-yoga-vector-plano_514409-1364-300x300.jpg?resize=300%2C300&#038;ssl=1\" alt=\"\" width=\"300\" height=\"300\" srcset=\"https:\/\/cloud.alqueria.es\/wp-content\/uploads\/sites\/8\/2024\/10\/yoga-vrikshasana-o-postura-arbol-caracter-positivo-mujer-joven-practicando-estera-yoga-vector-plano_514409-1364.jpg 300w, https:\/\/cloud.alqueria.es\/wp-content\/uploads\/sites\/8\/2024\/10\/yoga-vrikshasana-o-postura-arbol-caracter-positivo-mujer-joven-practicando-estera-yoga-vector-plano_514409-1364.jpg 150w, https:\/\/cloud.alqueria.es\/wp-content\/uploads\/sites\/8\/2024\/10\/yoga-vrikshasana-o-postura-arbol-caracter-positivo-mujer-joven-practicando-estera-yoga-vector-plano_514409-1364.jpg 626w\" sizes=\"(max-width: 300px) 100vw, 300px\" \/>Por \u00faltimo hemos probado la <em><span style=\"color: #008000\">postura \u00abel \u00e1rbol\u00bb<\/span><\/em> como forma de entrenar nuestro equilibrio y concentraci\u00f3n. Ni que decir tiene que hemos llevado a cabo adaptaciones de \u00e9sta, mediante la apertura de los brazos, para proporcionar mayor estabilidad y la colocaci\u00f3n del pie en la cara interna de la pierna, m\u00e1s arriba o m\u00e1s abajo (incluso apoyado en el tobillo) para aumentar o disminuir la complejidad de la postura.<\/p>\n<p><img data-recalc-dims=\"1\" decoding=\"async\" data-attachment-id=\"49801\" data-permalink=\"https:\/\/www.alqueria.es\/blogs\/alqueriarojaverde\/2024\/10\/28\/el-yoga-como-enriquecimeinto-curricular\/20241028_115729\/\" data-orig-file=\"https:\/\/i0.wp.com\/cloud.alqueria.es\/wp-content\/uploads\/sites\/8\/2024\/10\/20241028_115729.jpg?fit=2000%2C1500&amp;ssl=1\" data-orig-size=\"2000,1500\" data-comments-opened=\"1\" data-image-meta=\"{&quot;aperture&quot;:&quot;0&quot;,&quot;credit&quot;:&quot;&quot;,&quot;camera&quot;:&quot;&quot;,&quot;caption&quot;:&quot;&quot;,&quot;created_timestamp&quot;:&quot;0&quot;,&quot;copyright&quot;:&quot;&quot;,&quot;focal_length&quot;:&quot;0&quot;,&quot;iso&quot;:&quot;0&quot;,&quot;shutter_speed&quot;:&quot;0&quot;,&quot;title&quot;:&quot;&quot;,&quot;orientation&quot;:&quot;1&quot;}\" data-image-title=\"20241028_115729\" data-image-description=\"\" data-image-caption=\"\" data-large-file=\"https:\/\/i0.wp.com\/cloud.alqueria.es\/wp-content\/uploads\/sites\/8\/2024\/10\/20241028_115729.jpg?fit=474%2C356&amp;ssl=1\" class=\"aligncenter size-large wp-image-49801\" src=\"https:\/\/i0.wp.com\/cloud.alqueria.es\/wp-content\/uploads\/sites\/8\/2024\/10\/20241028_115729-1024x768.jpg?resize=474%2C356&#038;ssl=1\" alt=\"\" width=\"474\" height=\"356\" srcset=\"https:\/\/cloud.alqueria.es\/wp-content\/uploads\/sites\/8\/2024\/10\/20241028_115729.jpg 1024w, https:\/\/cloud.alqueria.es\/wp-content\/uploads\/sites\/8\/2024\/10\/20241028_115729.jpg 300w, https:\/\/cloud.alqueria.es\/wp-content\/uploads\/sites\/8\/2024\/10\/20241028_115729.jpg 768w, https:\/\/cloud.alqueria.es\/wp-content\/uploads\/sites\/8\/2024\/10\/20241028_115729.jpg 1536w, https:\/\/cloud.alqueria.es\/wp-content\/uploads\/sites\/8\/2024\/10\/20241028_115729.jpg 2000w, https:\/\/cloud.alqueria.es\/wp-content\/uploads\/sites\/8\/2024\/10\/20241028_115729.jpg 948w, https:\/\/cloud.alqueria.es\/wp-content\/uploads\/sites\/8\/2024\/10\/20241028_115729.jpg 1422w\" sizes=\"(max-width: 474px) 100vw, 474px\" \/><\/p>\n<p>Finalizamos la sesi\u00f3n con otro \u00abcaminar consciente\u00bb y dando las gracias \u00a1namast\u00e9!<\/p>\n<div class=\"tiled-gallery type-square tiled-gallery-unresized\" data-original-width=\"474\" data-carousel-extra='{&quot;blog_id&quot;:8,&quot;permalink&quot;:&quot;https:\\\/\\\/www.alqueria.es\\\/blogs\\\/alqueriarojaverde\\\/2024\\\/10\\\/28\\\/el-yoga-como-enriquecimeinto-curricular\\\/&quot;,&quot;likes_blog_id&quot;:64268569}' itemscope itemtype=\"http:\/\/schema.org\/ImageGallery\" > <div class=\"gallery-row\" style=\"width: 474px; height: 237px;\" data-original-width=\"474\" data-original-height=\"237\" > <div class=\"gallery-group\" style=\"width: 237px; height: 237px;\" data-original-width=\"237\" data-original-height=\"237\" > <div class=\"tiled-gallery-item \" itemprop=\"associatedMedia\" itemscope itemtype=\"http:\/\/schema.org\/ImageObject\"> <meta itemprop=\"width\" content=\"233\"> <meta itemprop=\"height\" content=\"233\"> <img decoding=\"async\" class=\"\" data-attachment-id=\"49802\" data-orig-file=\"https:\/\/cloud.alqueria.es\/wp-content\/uploads\/sites\/8\/2024\/10\/20241028_120046.jpg\" data-orig-size=\"2000,1500\" data-comments-opened=\"1\" data-image-meta=\"{&quot;aperture&quot;:&quot;0&quot;,&quot;credit&quot;:&quot;&quot;,&quot;camera&quot;:&quot;&quot;,&quot;caption&quot;:&quot;&quot;,&quot;created_timestamp&quot;:&quot;0&quot;,&quot;copyright&quot;:&quot;&quot;,&quot;focal_length&quot;:&quot;0&quot;,&quot;iso&quot;:&quot;0&quot;,&quot;shutter_speed&quot;:&quot;0&quot;,&quot;title&quot;:&quot;&quot;,&quot;orientation&quot;:&quot;1&quot;}\" data-image-title=\"20241028_120046\" data-image-description=\"\" data-medium-file=\"https:\/\/i0.wp.com\/cloud.alqueria.es\/wp-content\/uploads\/sites\/8\/2024\/10\/20241028_120046.jpg?fit=300%2C225&#038;ssl=1\" data-large-file=\"https:\/\/i0.wp.com\/cloud.alqueria.es\/wp-content\/uploads\/sites\/8\/2024\/10\/20241028_120046.jpg?fit=474%2C356&#038;ssl=1\" src=\"https:\/\/i0.wp.com\/cloud.alqueria.es\/wp-content\/uploads\/sites\/8\/2024\/10\/20241028_120046.jpg?w=233&#038;h=233&#038;crop=1&#038;ssl=1\" srcset=\"https:\/\/cloud.alqueria.es\/wp-content\/uploads\/sites\/8\/2024\/10\/20241028_120046.jpg 150w, https:\/\/cloud.alqueria.es\/wp-content\/uploads\/sites\/8\/2024\/10\/20241028_120046.jpg 466w, https:\/\/cloud.alqueria.es\/wp-content\/uploads\/sites\/8\/2024\/10\/20241028_120046.jpg 699w\" width=\"233\" height=\"233\" loading=\"lazy\" data-original-width=\"233\" data-original-height=\"233\" itemprop=\"http:\/\/schema.org\/image\" title=\"20241028_120046\" alt=\"20241028_120046\" style=\"width: 233px; height: 233px;\" \/> <\/div> <\/div> <div class=\"gallery-group\" style=\"width: 237px; height: 237px;\" data-original-width=\"237\" data-original-height=\"237\" > <div class=\"tiled-gallery-item \" itemprop=\"associatedMedia\" itemscope itemtype=\"http:\/\/schema.org\/ImageObject\"> <meta itemprop=\"width\" content=\"233\"> <meta itemprop=\"height\" content=\"233\"> <img decoding=\"async\" class=\"\" data-attachment-id=\"49803\" data-orig-file=\"https:\/\/cloud.alqueria.es\/wp-content\/uploads\/sites\/8\/2024\/10\/20241028_120053.jpg\" data-orig-size=\"2000,1500\" data-comments-opened=\"1\" data-image-meta=\"{&quot;aperture&quot;:&quot;0&quot;,&quot;credit&quot;:&quot;&quot;,&quot;camera&quot;:&quot;&quot;,&quot;caption&quot;:&quot;&quot;,&quot;created_timestamp&quot;:&quot;0&quot;,&quot;copyright&quot;:&quot;&quot;,&quot;focal_length&quot;:&quot;0&quot;,&quot;iso&quot;:&quot;0&quot;,&quot;shutter_speed&quot;:&quot;0&quot;,&quot;title&quot;:&quot;&quot;,&quot;orientation&quot;:&quot;1&quot;}\" data-image-title=\"20241028_120053\" data-image-description=\"\" data-medium-file=\"https:\/\/i0.wp.com\/cloud.alqueria.es\/wp-content\/uploads\/sites\/8\/2024\/10\/20241028_120053.jpg?fit=300%2C225&#038;ssl=1\" data-large-file=\"https:\/\/i0.wp.com\/cloud.alqueria.es\/wp-content\/uploads\/sites\/8\/2024\/10\/20241028_120053.jpg?fit=474%2C356&#038;ssl=1\" src=\"https:\/\/i0.wp.com\/cloud.alqueria.es\/wp-content\/uploads\/sites\/8\/2024\/10\/20241028_120053.jpg?w=233&#038;h=233&#038;crop=1&#038;ssl=1\" srcset=\"https:\/\/cloud.alqueria.es\/wp-content\/uploads\/sites\/8\/2024\/10\/20241028_120053.jpg 150w, https:\/\/cloud.alqueria.es\/wp-content\/uploads\/sites\/8\/2024\/10\/20241028_120053.jpg 466w, https:\/\/cloud.alqueria.es\/wp-content\/uploads\/sites\/8\/2024\/10\/20241028_120053.jpg 699w\" width=\"233\" height=\"233\" loading=\"lazy\" data-original-width=\"233\" data-original-height=\"233\" itemprop=\"http:\/\/schema.org\/image\" title=\"20241028_120053\" alt=\"20241028_120053\" style=\"width: 233px; height: 233px;\" \/> <\/div> <\/div> <\/div> <\/div>\n<p><em><strong>Estas rutinas en relaci\u00f3n a lo corp\u00f3reo y emocional, as\u00ed como las verbalizaciones que surgen despu\u00e9s de ellas, contribuyen a que se genere en el aula un clima de tranquilidad que favorece enormemente el aprendizaje \u00a1Os animo a instaurarlas en el ambiente familiar!<\/strong><\/em><\/p>\n<p><span style=\"color: #ff0000\"><strong>Informaciones varias:<\/strong><\/span><\/p>\n<ul>\n<li>Seguimos a tope con los <strong><span style=\"color: #ff6600\">ensayos del teatro.<\/span><\/strong> Hoy nos hemos desplazado hasta el aula de m\u00fasica para poder ensayar posiciones y librarnos de las distracciones que hay en el aula. Para <em><span style=\"color: #ff6600\">el d\u00eda del teatro deben venir vestidos con un \u00fanico color<\/span> <\/em>(evitando estampados ni serigraf\u00edas) que est\u00e9 dentro de la gama del complemento que se han hecho.<\/li>\n<\/ul>\n<div class=\"tiled-gallery type-square tiled-gallery-unresized\" data-original-width=\"474\" data-carousel-extra='{&quot;blog_id&quot;:8,&quot;permalink&quot;:&quot;https:\\\/\\\/www.alqueria.es\\\/blogs\\\/alqueriarojaverde\\\/2024\\\/10\\\/28\\\/el-yoga-como-enriquecimeinto-curricular\\\/&quot;,&quot;likes_blog_id&quot;:64268569}' itemscope itemtype=\"http:\/\/schema.org\/ImageGallery\" > <div class=\"gallery-row\" style=\"width: 474px; height: 237px;\" data-original-width=\"474\" data-original-height=\"237\" > <div class=\"gallery-group\" style=\"width: 237px; height: 237px;\" data-original-width=\"237\" data-original-height=\"237\" > <div class=\"tiled-gallery-item \" itemprop=\"associatedMedia\" itemscope itemtype=\"http:\/\/schema.org\/ImageObject\"> <meta itemprop=\"width\" content=\"233\"> <meta itemprop=\"height\" content=\"233\"> <img decoding=\"async\" class=\"\" data-attachment-id=\"49794\" data-orig-file=\"https:\/\/cloud.alqueria.es\/wp-content\/uploads\/sites\/8\/2024\/10\/20241028_102246.jpg\" data-orig-size=\"2000,1500\" data-comments-opened=\"1\" data-image-meta=\"{&quot;aperture&quot;:&quot;0&quot;,&quot;credit&quot;:&quot;&quot;,&quot;camera&quot;:&quot;&quot;,&quot;caption&quot;:&quot;&quot;,&quot;created_timestamp&quot;:&quot;0&quot;,&quot;copyright&quot;:&quot;&quot;,&quot;focal_length&quot;:&quot;0&quot;,&quot;iso&quot;:&quot;0&quot;,&quot;shutter_speed&quot;:&quot;0&quot;,&quot;title&quot;:&quot;&quot;,&quot;orientation&quot;:&quot;1&quot;}\" data-image-title=\"20241028_102246\" data-image-description=\"\" data-medium-file=\"https:\/\/i0.wp.com\/cloud.alqueria.es\/wp-content\/uploads\/sites\/8\/2024\/10\/20241028_102246.jpg?fit=300%2C225&#038;ssl=1\" data-large-file=\"https:\/\/i0.wp.com\/cloud.alqueria.es\/wp-content\/uploads\/sites\/8\/2024\/10\/20241028_102246.jpg?fit=474%2C356&#038;ssl=1\" src=\"https:\/\/i0.wp.com\/cloud.alqueria.es\/wp-content\/uploads\/sites\/8\/2024\/10\/20241028_102246.jpg?w=233&#038;h=233&#038;crop=1&#038;ssl=1\" srcset=\"https:\/\/cloud.alqueria.es\/wp-content\/uploads\/sites\/8\/2024\/10\/20241028_102246.jpg 150w, https:\/\/cloud.alqueria.es\/wp-content\/uploads\/sites\/8\/2024\/10\/20241028_102246.jpg 466w, https:\/\/cloud.alqueria.es\/wp-content\/uploads\/sites\/8\/2024\/10\/20241028_102246.jpg 699w\" width=\"233\" height=\"233\" loading=\"lazy\" data-original-width=\"233\" data-original-height=\"233\" itemprop=\"http:\/\/schema.org\/image\" title=\"20241028_102246\" alt=\"20241028_102246\" style=\"width: 233px; height: 233px;\" \/> <\/div> <\/div> <div class=\"gallery-group\" style=\"width: 237px; height: 237px;\" data-original-width=\"237\" data-original-height=\"237\" > <div class=\"tiled-gallery-item \" itemprop=\"associatedMedia\" itemscope itemtype=\"http:\/\/schema.org\/ImageObject\"> <meta itemprop=\"width\" content=\"233\"> <meta itemprop=\"height\" content=\"233\"> <img decoding=\"async\" class=\"\" data-attachment-id=\"49795\" data-orig-file=\"https:\/\/cloud.alqueria.es\/wp-content\/uploads\/sites\/8\/2024\/10\/20241028_103909.jpg\" data-orig-size=\"2000,1500\" data-comments-opened=\"1\" data-image-meta=\"{&quot;aperture&quot;:&quot;0&quot;,&quot;credit&quot;:&quot;&quot;,&quot;camera&quot;:&quot;&quot;,&quot;caption&quot;:&quot;&quot;,&quot;created_timestamp&quot;:&quot;0&quot;,&quot;copyright&quot;:&quot;&quot;,&quot;focal_length&quot;:&quot;0&quot;,&quot;iso&quot;:&quot;0&quot;,&quot;shutter_speed&quot;:&quot;0&quot;,&quot;title&quot;:&quot;&quot;,&quot;orientation&quot;:&quot;1&quot;}\" data-image-title=\"20241028_103909\" data-image-description=\"\" data-medium-file=\"https:\/\/i0.wp.com\/cloud.alqueria.es\/wp-content\/uploads\/sites\/8\/2024\/10\/20241028_103909.jpg?fit=300%2C225&#038;ssl=1\" data-large-file=\"https:\/\/i0.wp.com\/cloud.alqueria.es\/wp-content\/uploads\/sites\/8\/2024\/10\/20241028_103909.jpg?fit=474%2C356&#038;ssl=1\" src=\"https:\/\/i0.wp.com\/cloud.alqueria.es\/wp-content\/uploads\/sites\/8\/2024\/10\/20241028_103909.jpg?w=233&#038;h=233&#038;crop=1&#038;ssl=1\" srcset=\"https:\/\/cloud.alqueria.es\/wp-content\/uploads\/sites\/8\/2024\/10\/20241028_103909.jpg 150w, https:\/\/cloud.alqueria.es\/wp-content\/uploads\/sites\/8\/2024\/10\/20241028_103909.jpg 466w, https:\/\/cloud.alqueria.es\/wp-content\/uploads\/sites\/8\/2024\/10\/20241028_103909.jpg 699w\" width=\"233\" height=\"233\" loading=\"lazy\" data-original-width=\"233\" data-original-height=\"233\" itemprop=\"http:\/\/schema.org\/image\" title=\"20241028_103909\" alt=\"20241028_103909\" style=\"width: 233px; height: 233px;\" \/> <\/div> <\/div> <\/div> <\/div>\n<ul>\n<li><em><span style=\"color: #ff6600\">Ma\u00f1ana<\/span><\/em>, si el tiempo lo permite, <strong><span style=\"color: #ff6600\">sembraremos habas<\/span><\/strong> en nuestro huerto.<\/li>\n<li>El <em><span style=\"color: #ff6600\">mi\u00e9rcoles<\/span><\/em> tenemos la <strong><span style=\"color: #ff6600\">salida trimestral<\/span> <\/strong>junto al grupo de 4\u00ba EPO a <span style=\"color: #ff6600\">Mercagranada.<\/span>\u00a0Os aconsejo que prepar\u00e9is un chubasquero, ya que el tiempo se presenta lluvioso.<\/li>\n<\/ul>\n<p><strong>\u00a1Hasta el mi\u00e9rcoles!<\/strong><\/p>\n<p>Esther Justicia.<\/p>\n","protected":false},"excerpt":{"rendered":"<p>Entre otros muchos rasgos diferenciadores, nuestro proyecto educativo cuenta con \u00abespacios\u00bb en los que tienen cabida la conciencia corporal, mental y emocional. As\u00ed como con diversas actividades, experiencias y talleres, enfocados a la mejora de la concentraci\u00f3n y la calma, de forma no solo respetuosa sino bastante efectiva.\u00a0 En el grupo verde, seguimos entrenando de &hellip; <a href=\"https:\/\/www.alqueria.es\/blogs\/alqueriarojaverde\/2024\/10\/28\/el-yoga-como-enriquecimeinto-curricular\/\" class=\"more-link\">Seguir leyendo <span class=\"screen-reader-text\">EL YOGA COMO ENRIQUECIMEINTO CURRICULAR<\/span> <span class=\"meta-nav\">&rarr;<\/span><\/a><\/p>\n","protected":false},"author":19,"featured_media":0,"comment_status":"open","ping_status":"open","sticky":false,"template":"","format":"standard","meta":{"jetpack_post_was_ever_published":false,"_jetpack_newsletter_access":"","_jetpack_dont_email_post_to_subs":false,"_jetpack_newsletter_tier_id":0,"_jetpack_memberships_contains_paywalled_content":false,"_jetpack_memberships_contains_paid_content":false,"footnotes":"","jetpack_publicize_message":"","jetpack_publicize_feature_enabled":true,"jetpack_social_post_already_shared":true,"jetpack_social_options":{"image_generator_settings":{"template":"highway","default_image_id":0,"font":"","enabled":false},"version":2}},"categories":[7,13],"tags":[1795],"class_list":["post-49787","post","type-post","status-publish","format-standard","hentry","category-clase-verde-5-6-anos","category-inicio","tag-yoga-en-educacion-infantil"],"jetpack_publicize_connections":[],"jetpack_featured_media_url":"","jetpack_sharing_enabled":true,"jetpack_shortlink":"https:\/\/wp.me\/p4lFbP-cX1","_links":{"self":[{"href":"https:\/\/www.alqueria.es\/blogs\/alqueriarojaverde\/wp-json\/wp\/v2\/posts\/49787","targetHints":{"allow":["GET"]}}],"collection":[{"href":"https:\/\/www.alqueria.es\/blogs\/alqueriarojaverde\/wp-json\/wp\/v2\/posts"}],"about":[{"href":"https:\/\/www.alqueria.es\/blogs\/alqueriarojaverde\/wp-json\/wp\/v2\/types\/post"}],"author":[{"embeddable":true,"href":"https:\/\/www.alqueria.es\/blogs\/alqueriarojaverde\/wp-json\/wp\/v2\/users\/19"}],"replies":[{"embeddable":true,"href":"https:\/\/www.alqueria.es\/blogs\/alqueriarojaverde\/wp-json\/wp\/v2\/comments?post=49787"}],"version-history":[{"count":3,"href":"https:\/\/www.alqueria.es\/blogs\/alqueriarojaverde\/wp-json\/wp\/v2\/posts\/49787\/revisions"}],"predecessor-version":[{"id":49804,"href":"https:\/\/www.alqueria.es\/blogs\/alqueriarojaverde\/wp-json\/wp\/v2\/posts\/49787\/revisions\/49804"}],"wp:attachment":[{"href":"https:\/\/www.alqueria.es\/blogs\/alqueriarojaverde\/wp-json\/wp\/v2\/media?parent=49787"}],"wp:term":[{"taxonomy":"category","embeddable":true,"href":"https:\/\/www.alqueria.es\/blogs\/alqueriarojaverde\/wp-json\/wp\/v2\/categories?post=49787"},{"taxonomy":"post_tag","embeddable":true,"href":"https:\/\/www.alqueria.es\/blogs\/alqueriarojaverde\/wp-json\/wp\/v2\/tags?post=49787"}],"curies":[{"name":"wp","href":"https:\/\/api.w.org\/{rel}","templated":true}]}}