{"id":51303,"date":"2025-01-13T21:11:54","date_gmt":"2025-01-13T20:11:54","guid":{"rendered":"https:\/\/www.alqueria.es\/blogs\/alqueriarojaverde\/?p=51303"},"modified":"2025-01-13T21:11:54","modified_gmt":"2025-01-13T20:11:54","slug":"despedimos-a-ruidoso-nuestro-erizo-invitado","status":"publish","type":"post","link":"https:\/\/www.alqueria.es\/blogs\/alqueriarojaverde\/2025\/01\/13\/despedimos-a-ruidoso-nuestro-erizo-invitado\/","title":{"rendered":"Despedimos a Ruidoso, nuestro erizo invitado"},"content":{"rendered":"<p><img data-recalc-dims=\"1\" decoding=\"async\" data-attachment-id=\"51307\" data-permalink=\"https:\/\/www.alqueria.es\/blogs\/alqueriarojaverde\/2025\/01\/13\/despedimos-a-ruidoso-nuestro-erizo-invitado\/img_20250113_092255\/\" data-orig-file=\"https:\/\/i0.wp.com\/cloud.alqueria.es\/wp-content\/uploads\/sites\/8\/2025\/01\/IMG_20250113_092255.jpg?fit=1125%2C2500&amp;ssl=1\" data-orig-size=\"1125,2500\" data-comments-opened=\"1\" data-image-meta=\"{&quot;aperture&quot;:&quot;1.89&quot;,&quot;credit&quot;:&quot;&quot;,&quot;camera&quot;:&quot;M2101K6G&quot;,&quot;caption&quot;:&quot;&quot;,&quot;created_timestamp&quot;:&quot;1736760175&quot;,&quot;copyright&quot;:&quot;&quot;,&quot;focal_length&quot;:&quot;5.89&quot;,&quot;iso&quot;:&quot;219&quot;,&quot;shutter_speed&quot;:&quot;0.03030303030303&quot;,&quot;title&quot;:&quot;&quot;,&quot;orientation&quot;:&quot;1&quot;}\" data-image-title=\"IMG_20250113_092255\" data-image-description=\"\" data-image-caption=\"\" data-large-file=\"https:\/\/i0.wp.com\/cloud.alqueria.es\/wp-content\/uploads\/sites\/8\/2025\/01\/IMG_20250113_092255.jpg?fit=461%2C1024&amp;ssl=1\" class=\"size-medium wp-image-51307 alignright\" src=\"https:\/\/i0.wp.com\/cloud.alqueria.es\/wp-content\/uploads\/sites\/8\/2025\/01\/IMG_20250113_092255-135x300.jpg?resize=135%2C300&#038;ssl=1\" alt=\"\" width=\"135\" height=\"300\" srcset=\"https:\/\/cloud.alqueria.es\/wp-content\/uploads\/sites\/8\/2025\/01\/IMG_20250113_092255.jpg 135w, https:\/\/cloud.alqueria.es\/wp-content\/uploads\/sites\/8\/2025\/01\/IMG_20250113_092255.jpg 461w, https:\/\/cloud.alqueria.es\/wp-content\/uploads\/sites\/8\/2025\/01\/IMG_20250113_092255.jpg 768w, https:\/\/cloud.alqueria.es\/wp-content\/uploads\/sites\/8\/2025\/01\/IMG_20250113_092255.jpg 691w, https:\/\/cloud.alqueria.es\/wp-content\/uploads\/sites\/8\/2025\/01\/IMG_20250113_092255.jpg 922w, https:\/\/cloud.alqueria.es\/wp-content\/uploads\/sites\/8\/2025\/01\/IMG_20250113_092255.jpg 1125w\" sizes=\"(max-width: 135px) 100vw, 135px\" \/><strong>\u00a1Comenzamos una nueva semana llena de entusiasmo! Esta ma\u00f1ana recibimos de vuelta a nuestra rana <span style=\"color: #008000\">Pepita,<\/span> quien ha pasado un fin de semana maravilloso en casa de <span style=\"color: #ff0000\">Lola.<\/span> Con un poco de timidez, <span style=\"color: #ff0000\">Lola<\/span> nos cont\u00f3 todas las actividades divertidas que comparti\u00f3 con <span style=\"color: #008000\">Pepita.<\/span> <\/strong><\/p>\n<p><strong>Adem\u00e1s, hemos dedicado un rato para que cada uno de los rojitos nos contara sobre sus aventuras del fin de semana. \u00a1Quiero felicitarles porque su capacidad de escucha y paciencia est\u00e1 mejorando d\u00eda a d\u00eda! Es un placer ver c\u00f3mo esperan su turno y respetan las historias de sus compa\u00f1eros.<\/strong><\/p>\n<p><strong>\u00a1Bravo, rojitos!<\/strong><\/p>\n<p><strong>Hoy nos hemos despedido de nuestro querido erizo <span style=\"color: #0000ff\">\u00abRuidoso\u00bb.<\/span><\/strong><\/p>\n<div class=\"tiled-gallery type-square tiled-gallery-unresized\" data-original-width=\"474\" data-carousel-extra='{&quot;blog_id&quot;:8,&quot;permalink&quot;:&quot;https:\\\/\\\/www.alqueria.es\\\/blogs\\\/alqueriarojaverde\\\/2025\\\/01\\\/13\\\/despedimos-a-ruidoso-nuestro-erizo-invitado\\\/&quot;,&quot;likes_blog_id&quot;:64268569}' itemscope itemtype=\"http:\/\/schema.org\/ImageGallery\" > <div class=\"gallery-row\" style=\"width: 474px; height: 237px;\" data-original-width=\"474\" data-original-height=\"237\" > <div class=\"gallery-group\" style=\"width: 237px; height: 237px;\" data-original-width=\"237\" data-original-height=\"237\" > <div class=\"tiled-gallery-item \" itemprop=\"associatedMedia\" itemscope itemtype=\"http:\/\/schema.org\/ImageObject\"> <a href=\"https:\/\/www.alqueria.es\/blogs\/alqueriarojaverde\/2025\/01\/13\/despedimos-a-ruidoso-nuestro-erizo-invitado\/img_20250113_095340\/\" border=\"0\" itemprop=\"url\"> <meta itemprop=\"width\" content=\"233\"> <meta itemprop=\"height\" content=\"233\"> <img decoding=\"async\" class=\"\" data-attachment-id=\"51312\" data-orig-file=\"https:\/\/cloud.alqueria.es\/wp-content\/uploads\/sites\/8\/2025\/01\/IMG_20250113_095340.jpg\" data-orig-size=\"1125,2500\" data-comments-opened=\"1\" data-image-meta=\"{&quot;aperture&quot;:&quot;1.89&quot;,&quot;credit&quot;:&quot;&quot;,&quot;camera&quot;:&quot;M2101K6G&quot;,&quot;caption&quot;:&quot;&quot;,&quot;created_timestamp&quot;:&quot;1736762020&quot;,&quot;copyright&quot;:&quot;&quot;,&quot;focal_length&quot;:&quot;5.89&quot;,&quot;iso&quot;:&quot;742&quot;,&quot;shutter_speed&quot;:&quot;0.04&quot;,&quot;title&quot;:&quot;&quot;,&quot;orientation&quot;:&quot;1&quot;}\" data-image-title=\"IMG_20250113_095340\" data-image-description=\"\" data-medium-file=\"https:\/\/i0.wp.com\/cloud.alqueria.es\/wp-content\/uploads\/sites\/8\/2025\/01\/IMG_20250113_095340.jpg?fit=135%2C300&#038;ssl=1\" data-large-file=\"https:\/\/i0.wp.com\/cloud.alqueria.es\/wp-content\/uploads\/sites\/8\/2025\/01\/IMG_20250113_095340.jpg?fit=461%2C1024&#038;ssl=1\" src=\"https:\/\/i0.wp.com\/cloud.alqueria.es\/wp-content\/uploads\/sites\/8\/2025\/01\/IMG_20250113_095340.jpg?w=233&#038;h=233&#038;crop=1&#038;ssl=1\" srcset=\"https:\/\/cloud.alqueria.es\/wp-content\/uploads\/sites\/8\/2025\/01\/IMG_20250113_095340.jpg 150w, https:\/\/cloud.alqueria.es\/wp-content\/uploads\/sites\/8\/2025\/01\/IMG_20250113_095340.jpg 466w, https:\/\/cloud.alqueria.es\/wp-content\/uploads\/sites\/8\/2025\/01\/IMG_20250113_095340.jpg 699w\" width=\"233\" height=\"233\" loading=\"lazy\" data-original-width=\"233\" data-original-height=\"233\" itemprop=\"http:\/\/schema.org\/image\" title=\"IMG_20250113_095340\" alt=\"IMG_20250113_095340\" style=\"width: 233px; height: 233px;\" \/> <\/a> <\/div> <\/div> <div class=\"gallery-group\" style=\"width: 237px; height: 237px;\" data-original-width=\"237\" data-original-height=\"237\" > <div class=\"tiled-gallery-item \" itemprop=\"associatedMedia\" itemscope itemtype=\"http:\/\/schema.org\/ImageObject\"> <a href=\"https:\/\/www.alqueria.es\/blogs\/alqueriarojaverde\/2025\/01\/13\/despedimos-a-ruidoso-nuestro-erizo-invitado\/img_20250113_102643\/\" border=\"0\" itemprop=\"url\"> <meta itemprop=\"width\" content=\"233\"> <meta itemprop=\"height\" content=\"233\"> <img decoding=\"async\" class=\"\" data-attachment-id=\"51309\" data-orig-file=\"https:\/\/cloud.alqueria.es\/wp-content\/uploads\/sites\/8\/2025\/01\/IMG_20250113_102643.jpg\" data-orig-size=\"1125,2500\" data-comments-opened=\"1\" data-image-meta=\"{&quot;aperture&quot;:&quot;1.89&quot;,&quot;credit&quot;:&quot;&quot;,&quot;camera&quot;:&quot;M2101K6G&quot;,&quot;caption&quot;:&quot;&quot;,&quot;created_timestamp&quot;:&quot;1736764003&quot;,&quot;copyright&quot;:&quot;&quot;,&quot;focal_length&quot;:&quot;5.89&quot;,&quot;iso&quot;:&quot;50&quot;,&quot;shutter_speed&quot;:&quot;0.02&quot;,&quot;title&quot;:&quot;&quot;,&quot;orientation&quot;:&quot;1&quot;}\" data-image-title=\"IMG_20250113_102643\" data-image-description=\"\" data-medium-file=\"https:\/\/i0.wp.com\/cloud.alqueria.es\/wp-content\/uploads\/sites\/8\/2025\/01\/IMG_20250113_102643.jpg?fit=135%2C300&#038;ssl=1\" data-large-file=\"https:\/\/i0.wp.com\/cloud.alqueria.es\/wp-content\/uploads\/sites\/8\/2025\/01\/IMG_20250113_102643.jpg?fit=461%2C1024&#038;ssl=1\" src=\"https:\/\/i0.wp.com\/cloud.alqueria.es\/wp-content\/uploads\/sites\/8\/2025\/01\/IMG_20250113_102643.jpg?w=233&#038;h=233&#038;crop=1&#038;ssl=1\" srcset=\"https:\/\/cloud.alqueria.es\/wp-content\/uploads\/sites\/8\/2025\/01\/IMG_20250113_102643.jpg 150w, https:\/\/cloud.alqueria.es\/wp-content\/uploads\/sites\/8\/2025\/01\/IMG_20250113_102643.jpg 466w, https:\/\/cloud.alqueria.es\/wp-content\/uploads\/sites\/8\/2025\/01\/IMG_20250113_102643.jpg 699w\" width=\"233\" height=\"233\" loading=\"lazy\" data-original-width=\"233\" data-original-height=\"233\" itemprop=\"http:\/\/schema.org\/image\" title=\"IMG_20250113_102643\" alt=\"IMG_20250113_102643\" style=\"width: 233px; height: 233px;\" \/> <\/a> <\/div> <\/div> <\/div> <\/div>\n<p><strong>Agradezco a todas las familias por ayudarnos a recopilar tanta informaci\u00f3n sobre los erizos.\u00a0 Me ha encantado escuchar a nuestros rojitos hablar sobre c\u00f3mo viven, qu\u00e9 comen y sus curiosidades.<\/strong><\/p>\n<p><strong>Algunas curiosidades interesantes:<\/strong><\/p>\n<p><strong>&#8211; <\/strong><em>Los erizos son mam\u00edferos peque\u00f1os, <\/em><em>las cr\u00edas se desarrollan dentro de cuerpo de la madre antes de nacer.<\/em><\/p>\n<p>&#8211;<em>Los erizos de tierra suelen habitar en ambientes secos y c\u00e1lidos, como praderas, sabanas, bosques abiertos y matorrales.\u00a0<\/em><\/p>\n<p><em>-Los erizos tienen entre 3,000 y 7,000 p\u00faas en su cuerpo, dependiendo de la especie. Estas p\u00faas no son venenosas ni peligrosas, pero son su principal defensa. Cuando sienten peligro, se enrollan en una bola, mostrando \u00fanicamente sus p\u00faas para protegerse.<\/em><\/p>\n<p><em><img data-recalc-dims=\"1\" decoding=\"async\" data-attachment-id=\"51308\" data-permalink=\"https:\/\/www.alqueria.es\/blogs\/alqueriarojaverde\/2025\/01\/13\/despedimos-a-ruidoso-nuestro-erizo-invitado\/img_20250113_190537\/\" data-orig-file=\"https:\/\/i0.wp.com\/cloud.alqueria.es\/wp-content\/uploads\/sites\/8\/2025\/01\/IMG_20250113_190537.jpg?fit=1496%2C2500&amp;ssl=1\" data-orig-size=\"1496,2500\" data-comments-opened=\"1\" data-image-meta=\"{&quot;aperture&quot;:&quot;1.89&quot;,&quot;credit&quot;:&quot;&quot;,&quot;camera&quot;:&quot;M2101K6G&quot;,&quot;caption&quot;:&quot;&quot;,&quot;created_timestamp&quot;:&quot;1736762306&quot;,&quot;copyright&quot;:&quot;&quot;,&quot;focal_length&quot;:&quot;5.89&quot;,&quot;iso&quot;:&quot;432&quot;,&quot;shutter_speed&quot;:&quot;0.03030303030303&quot;,&quot;title&quot;:&quot;&quot;,&quot;orientation&quot;:&quot;1&quot;}\" data-image-title=\"IMG_20250113_190537\" data-image-description=\"\" data-image-caption=\"\" data-large-file=\"https:\/\/i0.wp.com\/cloud.alqueria.es\/wp-content\/uploads\/sites\/8\/2025\/01\/IMG_20250113_190537.jpg?fit=474%2C792&amp;ssl=1\" class=\"size-medium wp-image-51308 alignright\" src=\"https:\/\/i0.wp.com\/cloud.alqueria.es\/wp-content\/uploads\/sites\/8\/2025\/01\/IMG_20250113_190537-180x300.jpg?resize=180%2C300&#038;ssl=1\" alt=\"\" width=\"180\" height=\"300\" srcset=\"https:\/\/cloud.alqueria.es\/wp-content\/uploads\/sites\/8\/2025\/01\/IMG_20250113_190537.jpg 180w, https:\/\/cloud.alqueria.es\/wp-content\/uploads\/sites\/8\/2025\/01\/IMG_20250113_190537.jpg 613w, https:\/\/cloud.alqueria.es\/wp-content\/uploads\/sites\/8\/2025\/01\/IMG_20250113_190537.jpg 768w, https:\/\/cloud.alqueria.es\/wp-content\/uploads\/sites\/8\/2025\/01\/IMG_20250113_190537.jpg 919w, https:\/\/cloud.alqueria.es\/wp-content\/uploads\/sites\/8\/2025\/01\/IMG_20250113_190537.jpg 1226w, https:\/\/cloud.alqueria.es\/wp-content\/uploads\/sites\/8\/2025\/01\/IMG_20250113_190537.jpg 1496w, https:\/\/cloud.alqueria.es\/wp-content\/uploads\/sites\/8\/2025\/01\/IMG_20250113_190537.jpg 1422w\" sizes=\"(max-width: 180px) 100vw, 180px\" \/>-Los erizos son animales nocturnos, lo que significa que duermen durante el d\u00eda y est\u00e1n activos por la noche. Pasan entre 12 y 14 horas al d\u00eda durmiendo en sus madrigueras o escondites.<\/em><\/p>\n<p><em>-Aunque su vista no es muy buena, tienen un excelente sentido del olfato y del o\u00eddo. Estas habilidades les ayudan a detectar presas como insectos o frutas incluso en la oscuridad.<\/em><\/p>\n<p><em>-Aunque se consideran insect\u00edvoros, los erizos son omn\u00edvoros y comen una gran variedad de alimentos: insectos, frutas, verduras, caracoles e incluso peque\u00f1os vertebrados como ranas o ratones.<\/em><\/p>\n<p><em>-Las p\u00faas de los erizos no son permanentes. Con el tiempo, pueden perder algunas y las reemplazan con nuevas, similar a c\u00f3mo las personas pierden y reemplazan cabellos.<\/em><\/p>\n<p><em>-Prefieren vivir solos y \u00fanicamente se juntan para reproducirse. Despu\u00e9s de eso, vuelven a su vida independiente.<\/em><\/p>\n<p><em>-Los erizos poseen 36 dientes peque\u00f1os y afilados, ideales para masticar insectos y otros alimentos duros.<\/em><\/p>\n<p><strong>Para cerrar esta experiencia, convertimos nuestra clase rojita en un bosque lleno de erizos. Los rojitos han disfrutado much\u00edsimo transform\u00e1ndose en bolitas y \u00abcomiendo\u00bb verduras y frutas de la cesta de clase. La imaginaci\u00f3n y el juego nos han permitido vivir como aut\u00e9nticos erizos por un rato.<img data-recalc-dims=\"1\" decoding=\"async\" data-attachment-id=\"51314\" data-permalink=\"https:\/\/www.alqueria.es\/blogs\/alqueriarojaverde\/2025\/01\/13\/despedimos-a-ruidoso-nuestro-erizo-invitado\/img_20250113_204724\/\" data-orig-file=\"https:\/\/i0.wp.com\/cloud.alqueria.es\/wp-content\/uploads\/sites\/8\/2025\/01\/IMG_20250113_204724.jpg?fit=2500%2C1562&amp;ssl=1\" data-orig-size=\"2500,1562\" data-comments-opened=\"1\" data-image-meta=\"{&quot;aperture&quot;:&quot;1.89&quot;,&quot;credit&quot;:&quot;&quot;,&quot;camera&quot;:&quot;M2101K6G&quot;,&quot;caption&quot;:&quot;&quot;,&quot;created_timestamp&quot;:&quot;1736761954&quot;,&quot;copyright&quot;:&quot;&quot;,&quot;focal_length&quot;:&quot;5.89&quot;,&quot;iso&quot;:&quot;182&quot;,&quot;shutter_speed&quot;:&quot;0.02&quot;,&quot;title&quot;:&quot;&quot;,&quot;orientation&quot;:&quot;1&quot;}\" data-image-title=\"IMG_20250113_204724\" data-image-description=\"\" data-image-caption=\"\" data-large-file=\"https:\/\/i0.wp.com\/cloud.alqueria.es\/wp-content\/uploads\/sites\/8\/2025\/01\/IMG_20250113_204724.jpg?fit=474%2C296&amp;ssl=1\" class=\"aligncenter size-medium wp-image-51314\" src=\"https:\/\/i0.wp.com\/cloud.alqueria.es\/wp-content\/uploads\/sites\/8\/2025\/01\/IMG_20250113_204724-300x187.jpg?resize=300%2C187&#038;ssl=1\" alt=\"\" width=\"300\" height=\"187\" srcset=\"https:\/\/cloud.alqueria.es\/wp-content\/uploads\/sites\/8\/2025\/01\/IMG_20250113_204724.jpg 300w, https:\/\/cloud.alqueria.es\/wp-content\/uploads\/sites\/8\/2025\/01\/IMG_20250113_204724.jpg 1024w, https:\/\/cloud.alqueria.es\/wp-content\/uploads\/sites\/8\/2025\/01\/IMG_20250113_204724.jpg 768w, https:\/\/cloud.alqueria.es\/wp-content\/uploads\/sites\/8\/2025\/01\/IMG_20250113_204724.jpg 1536w, https:\/\/cloud.alqueria.es\/wp-content\/uploads\/sites\/8\/2025\/01\/IMG_20250113_204724.jpg 2048w, https:\/\/cloud.alqueria.es\/wp-content\/uploads\/sites\/8\/2025\/01\/IMG_20250113_204724.jpg 948w, https:\/\/cloud.alqueria.es\/wp-content\/uploads\/sites\/8\/2025\/01\/IMG_20250113_204724.jpg 1422w\" sizes=\"(max-width: 300px) 100vw, 300px\" \/><\/strong><\/p>\n<p><strong>Para finalizar, cada uno ha intentado plasmar su propia versi\u00f3n de <span style=\"color: #0000ff\">Ruidoso<\/span> en el papel,jajaja. Tambi\u00e9n escribimos, copiando la palabra ERIZO.<\/strong><img data-recalc-dims=\"1\" decoding=\"async\" data-attachment-id=\"51304\" data-permalink=\"https:\/\/www.alqueria.es\/blogs\/alqueriarojaverde\/2025\/01\/13\/despedimos-a-ruidoso-nuestro-erizo-invitado\/img_20250113_174345\/\" data-orig-file=\"https:\/\/i0.wp.com\/cloud.alqueria.es\/wp-content\/uploads\/sites\/8\/2025\/01\/IMG_20250113_174345.jpg?fit=2040%2C1020&amp;ssl=1\" data-orig-size=\"2040,1020\" data-comments-opened=\"1\" data-image-meta=\"{&quot;aperture&quot;:&quot;1.89&quot;,&quot;credit&quot;:&quot;&quot;,&quot;camera&quot;:&quot;M2101K6G&quot;,&quot;caption&quot;:&quot;&quot;,&quot;created_timestamp&quot;:&quot;1736790198&quot;,&quot;copyright&quot;:&quot;&quot;,&quot;focal_length&quot;:&quot;5.89&quot;,&quot;iso&quot;:&quot;308&quot;,&quot;shutter_speed&quot;:&quot;0.03030303030303&quot;,&quot;title&quot;:&quot;&quot;,&quot;orientation&quot;:&quot;1&quot;}\" data-image-title=\"IMG_20250113_174345\" data-image-description=\"\" data-image-caption=\"\" data-large-file=\"https:\/\/i0.wp.com\/cloud.alqueria.es\/wp-content\/uploads\/sites\/8\/2025\/01\/IMG_20250113_174345.jpg?fit=474%2C237&amp;ssl=1\" class=\"aligncenter size-medium wp-image-51304\" src=\"https:\/\/i0.wp.com\/cloud.alqueria.es\/wp-content\/uploads\/sites\/8\/2025\/01\/IMG_20250113_174345-300x150.jpg?resize=300%2C150&#038;ssl=1\" alt=\"\" width=\"300\" height=\"150\" srcset=\"https:\/\/cloud.alqueria.es\/wp-content\/uploads\/sites\/8\/2025\/01\/IMG_20250113_174345.jpg 300w, https:\/\/cloud.alqueria.es\/wp-content\/uploads\/sites\/8\/2025\/01\/IMG_20250113_174345.jpg 1024w, https:\/\/cloud.alqueria.es\/wp-content\/uploads\/sites\/8\/2025\/01\/IMG_20250113_174345.jpg 768w, https:\/\/cloud.alqueria.es\/wp-content\/uploads\/sites\/8\/2025\/01\/IMG_20250113_174345.jpg 1536w, https:\/\/cloud.alqueria.es\/wp-content\/uploads\/sites\/8\/2025\/01\/IMG_20250113_174345.jpg 2040w, https:\/\/cloud.alqueria.es\/wp-content\/uploads\/sites\/8\/2025\/01\/IMG_20250113_174345.jpg 948w, https:\/\/cloud.alqueria.es\/wp-content\/uploads\/sites\/8\/2025\/01\/IMG_20250113_174345.jpg 1422w\" sizes=\"(max-width: 300px) 100vw, 300px\" \/><\/p>\n<p><strong>Este tipo de experiencias, donde aprendemos de primera mano, son fundamentales para un aprendizaje significativo. Gracias a Maya por ayudarnos a vivir esta aventura junto a <span style=\"color: #0000ff\">Ruidoso.\u00a0<\/span><\/strong><\/p>\n<p><strong>Hoy iniciamos nuestra primera jornada de intercambio de libros de la <span style=\"color: #ff00ff\">biblioteca.<\/span> Cada rojito se llevar\u00e1 un libro los lunes o martes y deber\u00e1 devolverlo el lunes siguiente. La idea es que, durante la semana, lean el libro en casa y realicen un dibujo sobre lo que m\u00e1s les haya gustado. Tambi\u00e9n tendr\u00e1n que escribir su nombre y la fecha.<\/strong><\/p>\n<div class=\"tiled-gallery type-square tiled-gallery-unresized\" data-original-width=\"474\" data-carousel-extra='{&quot;blog_id&quot;:8,&quot;permalink&quot;:&quot;https:\\\/\\\/www.alqueria.es\\\/blogs\\\/alqueriarojaverde\\\/2025\\\/01\\\/13\\\/despedimos-a-ruidoso-nuestro-erizo-invitado\\\/&quot;,&quot;likes_blog_id&quot;:64268569}' itemscope itemtype=\"http:\/\/schema.org\/ImageGallery\" > <div class=\"gallery-row\" style=\"width: 474px; height: 237px;\" data-original-width=\"474\" data-original-height=\"237\" > <div class=\"gallery-group\" style=\"width: 237px; height: 237px;\" data-original-width=\"237\" data-original-height=\"237\" > <div class=\"tiled-gallery-item \" itemprop=\"associatedMedia\" itemscope itemtype=\"http:\/\/schema.org\/ImageObject\"> <a href=\"https:\/\/www.alqueria.es\/blogs\/alqueriarojaverde\/2025\/01\/13\/despedimos-a-ruidoso-nuestro-erizo-invitado\/img_20250113_153105\/\" border=\"0\" itemprop=\"url\"> <meta itemprop=\"width\" content=\"233\"> <meta itemprop=\"height\" content=\"233\"> <img decoding=\"async\" class=\"\" data-attachment-id=\"51305\" data-orig-file=\"https:\/\/cloud.alqueria.es\/wp-content\/uploads\/sites\/8\/2025\/01\/IMG_20250113_153105.jpg\" data-orig-size=\"2500,1125\" data-comments-opened=\"1\" data-image-meta=\"{&quot;aperture&quot;:&quot;1.89&quot;,&quot;credit&quot;:&quot;&quot;,&quot;camera&quot;:&quot;M2101K6G&quot;,&quot;caption&quot;:&quot;&quot;,&quot;created_timestamp&quot;:&quot;1736782265&quot;,&quot;copyright&quot;:&quot;&quot;,&quot;focal_length&quot;:&quot;5.89&quot;,&quot;iso&quot;:&quot;173&quot;,&quot;shutter_speed&quot;:&quot;0.03030303030303&quot;,&quot;title&quot;:&quot;&quot;,&quot;orientation&quot;:&quot;1&quot;}\" data-image-title=\"IMG_20250113_153105\" data-image-description=\"\" data-medium-file=\"https:\/\/i0.wp.com\/cloud.alqueria.es\/wp-content\/uploads\/sites\/8\/2025\/01\/IMG_20250113_153105.jpg?fit=300%2C135&#038;ssl=1\" data-large-file=\"https:\/\/i0.wp.com\/cloud.alqueria.es\/wp-content\/uploads\/sites\/8\/2025\/01\/IMG_20250113_153105.jpg?fit=474%2C213&#038;ssl=1\" src=\"https:\/\/i0.wp.com\/cloud.alqueria.es\/wp-content\/uploads\/sites\/8\/2025\/01\/IMG_20250113_153105.jpg?w=233&#038;h=233&#038;crop=1&#038;ssl=1\" srcset=\"https:\/\/cloud.alqueria.es\/wp-content\/uploads\/sites\/8\/2025\/01\/IMG_20250113_153105.jpg 150w, https:\/\/cloud.alqueria.es\/wp-content\/uploads\/sites\/8\/2025\/01\/IMG_20250113_153105.jpg 466w, https:\/\/cloud.alqueria.es\/wp-content\/uploads\/sites\/8\/2025\/01\/IMG_20250113_153105.jpg 699w\" width=\"233\" height=\"233\" loading=\"lazy\" data-original-width=\"233\" data-original-height=\"233\" itemprop=\"http:\/\/schema.org\/image\" title=\"IMG_20250113_153105\" alt=\"IMG_20250113_153105\" style=\"width: 233px; height: 233px;\" \/> <\/a> <\/div> <\/div> <div class=\"gallery-group\" style=\"width: 237px; height: 237px;\" data-original-width=\"237\" data-original-height=\"237\" > <div class=\"tiled-gallery-item \" itemprop=\"associatedMedia\" itemscope itemtype=\"http:\/\/schema.org\/ImageObject\"> <a href=\"https:\/\/www.alqueria.es\/blogs\/alqueriarojaverde\/2025\/01\/13\/despedimos-a-ruidoso-nuestro-erizo-invitado\/img_20250113_153840\/\" border=\"0\" itemprop=\"url\"> <meta itemprop=\"width\" content=\"233\"> <meta itemprop=\"height\" content=\"233\"> <img decoding=\"async\" class=\"\" data-attachment-id=\"51306\" data-orig-file=\"https:\/\/cloud.alqueria.es\/wp-content\/uploads\/sites\/8\/2025\/01\/IMG_20250113_153840.jpg\" data-orig-size=\"2500,1125\" data-comments-opened=\"1\" data-image-meta=\"{&quot;aperture&quot;:&quot;1.89&quot;,&quot;credit&quot;:&quot;&quot;,&quot;camera&quot;:&quot;M2101K6G&quot;,&quot;caption&quot;:&quot;&quot;,&quot;created_timestamp&quot;:&quot;1736782720&quot;,&quot;copyright&quot;:&quot;&quot;,&quot;focal_length&quot;:&quot;5.89&quot;,&quot;iso&quot;:&quot;245&quot;,&quot;shutter_speed&quot;:&quot;0.04&quot;,&quot;title&quot;:&quot;&quot;,&quot;orientation&quot;:&quot;1&quot;}\" data-image-title=\"IMG_20250113_153840\" data-image-description=\"\" data-medium-file=\"https:\/\/i0.wp.com\/cloud.alqueria.es\/wp-content\/uploads\/sites\/8\/2025\/01\/IMG_20250113_153840.jpg?fit=300%2C135&#038;ssl=1\" data-large-file=\"https:\/\/i0.wp.com\/cloud.alqueria.es\/wp-content\/uploads\/sites\/8\/2025\/01\/IMG_20250113_153840.jpg?fit=474%2C213&#038;ssl=1\" src=\"https:\/\/i0.wp.com\/cloud.alqueria.es\/wp-content\/uploads\/sites\/8\/2025\/01\/IMG_20250113_153840.jpg?w=233&#038;h=233&#038;crop=1&#038;ssl=1\" srcset=\"https:\/\/cloud.alqueria.es\/wp-content\/uploads\/sites\/8\/2025\/01\/IMG_20250113_153840.jpg 150w, https:\/\/cloud.alqueria.es\/wp-content\/uploads\/sites\/8\/2025\/01\/IMG_20250113_153840.jpg 466w, https:\/\/cloud.alqueria.es\/wp-content\/uploads\/sites\/8\/2025\/01\/IMG_20250113_153840.jpg 699w\" width=\"233\" height=\"233\" loading=\"lazy\" data-original-width=\"233\" data-original-height=\"233\" itemprop=\"http:\/\/schema.org\/image\" title=\"IMG_20250113_153840\" alt=\"IMG_20250113_153840\" style=\"width: 233px; height: 233px;\" \/> <\/a> <\/div> <\/div> <\/div> <\/div>\n<p><strong>Pueden usar cualquier material para el dibujo, \u00a1imaginaci\u00f3n al poder! Esta actividad busca no solo fomentar el gusto por la lectura, sino tambi\u00e9n trabajar la responsabilidad de cuidar el libro y devolverlo a tiempo.<\/strong><\/p>\n<p><strong>Y sobre el taller de juguetes\u2026 \u00a1no nos olvidamos!<\/strong><br \/>\n<strong>Sabemos que est\u00e1is esperando con ilusi\u00f3n el <span style=\"color: #ff00ff\">taller de juguetes.<\/span> \u00a1Prometemos que la pr\u00f3xima semana estar\u00e1 listo! Mientras tanto, seguimos trabajando con energ\u00eda otras actividades.<\/strong><\/p>\n<p><strong>Ma\u00f1ana saldremos a la <span style=\"color: #ff00ff\">vega<\/span> para explorar los cambios de la nueva estaci\u00f3n. El jueves descubriremos una nueva <span style=\"color: #ff00ff\">profesi\u00f3n,<\/span> otra oportunidad para aprender de forma pr\u00e1ctica. <\/strong><\/p>\n<p style=\"text-align: center\"><strong>\u00a1En esta clase no paramos!<\/strong><\/p>\n<p><strong>Feliz semana.<\/strong><\/p>\n<p><strong>Silvia<\/strong><\/p>\n","protected":false},"excerpt":{"rendered":"<p>\u00a1Comenzamos una nueva semana llena de entusiasmo! Esta ma\u00f1ana recibimos de vuelta a nuestra rana Pepita, quien ha pasado un fin de semana maravilloso en casa de Lola. Con un poco de timidez, Lola nos cont\u00f3 todas las actividades divertidas que comparti\u00f3 con Pepita. Adem\u00e1s, hemos dedicado un rato para que cada uno de los &hellip; <a href=\"https:\/\/www.alqueria.es\/blogs\/alqueriarojaverde\/2025\/01\/13\/despedimos-a-ruidoso-nuestro-erizo-invitado\/\" class=\"more-link\">Seguir leyendo <span class=\"screen-reader-text\">Despedimos a Ruidoso, nuestro erizo invitado<\/span> <span class=\"meta-nav\">&rarr;<\/span><\/a><\/p>\n","protected":false},"author":19,"featured_media":0,"comment_status":"open","ping_status":"open","sticky":false,"template":"","format":"standard","meta":{"jetpack_post_was_ever_published":false,"_jetpack_newsletter_access":"","_jetpack_dont_email_post_to_subs":false,"_jetpack_newsletter_tier_id":0,"_jetpack_memberships_contains_paywalled_content":false,"_jetpack_memberships_contains_paid_content":false,"footnotes":"","jetpack_publicize_message":"","jetpack_publicize_feature_enabled":true,"jetpack_social_post_already_shared":true,"jetpack_social_options":{"image_generator_settings":{"template":"highway","default_image_id":0,"font":"","enabled":false},"version":2}},"categories":[6,13],"tags":[1510,1878,1880],"class_list":["post-51303","post","type-post","status-publish","format-standard","hentry","category-clase-roja-4-5-anos","category-inicio","tag-actividad-de-expresion-oral-pepita","tag-erizos","tag-intercambio-de-libros-biblioteca"],"jetpack_publicize_connections":[],"jetpack_featured_media_url":"","jetpack_sharing_enabled":true,"jetpack_shortlink":"https:\/\/wp.me\/p4lFbP-dlt","_links":{"self":[{"href":"https:\/\/www.alqueria.es\/blogs\/alqueriarojaverde\/wp-json\/wp\/v2\/posts\/51303","targetHints":{"allow":["GET"]}}],"collection":[{"href":"https:\/\/www.alqueria.es\/blogs\/alqueriarojaverde\/wp-json\/wp\/v2\/posts"}],"about":[{"href":"https:\/\/www.alqueria.es\/blogs\/alqueriarojaverde\/wp-json\/wp\/v2\/types\/post"}],"author":[{"embeddable":true,"href":"https:\/\/www.alqueria.es\/blogs\/alqueriarojaverde\/wp-json\/wp\/v2\/users\/19"}],"replies":[{"embeddable":true,"href":"https:\/\/www.alqueria.es\/blogs\/alqueriarojaverde\/wp-json\/wp\/v2\/comments?post=51303"}],"version-history":[{"count":2,"href":"https:\/\/www.alqueria.es\/blogs\/alqueriarojaverde\/wp-json\/wp\/v2\/posts\/51303\/revisions"}],"predecessor-version":[{"id":51316,"href":"https:\/\/www.alqueria.es\/blogs\/alqueriarojaverde\/wp-json\/wp\/v2\/posts\/51303\/revisions\/51316"}],"wp:attachment":[{"href":"https:\/\/www.alqueria.es\/blogs\/alqueriarojaverde\/wp-json\/wp\/v2\/media?parent=51303"}],"wp:term":[{"taxonomy":"category","embeddable":true,"href":"https:\/\/www.alqueria.es\/blogs\/alqueriarojaverde\/wp-json\/wp\/v2\/categories?post=51303"},{"taxonomy":"post_tag","embeddable":true,"href":"https:\/\/www.alqueria.es\/blogs\/alqueriarojaverde\/wp-json\/wp\/v2\/tags?post=51303"}],"curies":[{"name":"wp","href":"https:\/\/api.w.org\/{rel}","templated":true}]}}