{"id":53367,"date":"2025-04-11T16:26:57","date_gmt":"2025-04-11T14:26:57","guid":{"rendered":"https:\/\/www.alqueria.es\/blogs\/alqueriarojaverde\/?p=53367"},"modified":"2025-04-11T16:26:57","modified_gmt":"2025-04-11T14:26:57","slug":"ponemos-fin-al-segundo-trimestre-en-el-grupo-verde","status":"publish","type":"post","link":"https:\/\/www.alqueria.es\/blogs\/alqueriarojaverde\/2025\/04\/11\/ponemos-fin-al-segundo-trimestre-en-el-grupo-verde\/","title":{"rendered":"\u00a1PONEMOS FIN AL SEGUNDO TRIMESTRE, EN EL GRUPO VERDE!"},"content":{"rendered":"<p>Estimadas familias,<\/p>\n<p>Hoy damos por concluido este segundo trimestre del curso, que ha estado repleto de aprendizajes y vivencias, no s\u00f3lo enriquecedoras sino bastante significativas para los componentes del grupo verde.<\/p>\n<p><img data-recalc-dims=\"1\" decoding=\"async\" data-attachment-id=\"53372\" data-permalink=\"https:\/\/www.alqueria.es\/blogs\/alqueriarojaverde\/2025\/04\/11\/ponemos-fin-al-segundo-trimestre-en-el-grupo-verde\/20250410_094038\/\" data-orig-file=\"https:\/\/i0.wp.com\/cloud.alqueria.es\/wp-content\/uploads\/sites\/8\/2025\/04\/20250410_094038.jpg?fit=2500%2C2178&amp;ssl=1\" data-orig-size=\"2500,2178\" data-comments-opened=\"1\" data-image-meta=\"{&quot;aperture&quot;:&quot;1.8&quot;,&quot;credit&quot;:&quot;&quot;,&quot;camera&quot;:&quot;Galaxy A55 5G&quot;,&quot;caption&quot;:&quot;&quot;,&quot;created_timestamp&quot;:&quot;1744278038&quot;,&quot;copyright&quot;:&quot;&quot;,&quot;focal_length&quot;:&quot;5.54&quot;,&quot;iso&quot;:&quot;250&quot;,&quot;shutter_speed&quot;:&quot;0.01&quot;,&quot;title&quot;:&quot;&quot;,&quot;orientation&quot;:&quot;1&quot;}\" data-image-title=\"20250410_094038\" data-image-description=\"\" data-image-caption=\"\" data-large-file=\"https:\/\/i0.wp.com\/cloud.alqueria.es\/wp-content\/uploads\/sites\/8\/2025\/04\/20250410_094038.jpg?fit=474%2C413&amp;ssl=1\" class=\"aligncenter size-full wp-image-53372\" src=\"https:\/\/i0.wp.com\/cloud.alqueria.es\/wp-content\/uploads\/sites\/8\/2025\/04\/20250410_094038.jpg?resize=474%2C413&#038;ssl=1\" alt=\"\" width=\"474\" height=\"413\" srcset=\"https:\/\/cloud.alqueria.es\/wp-content\/uploads\/sites\/8\/2025\/04\/20250410_094038.jpg 2500w, https:\/\/cloud.alqueria.es\/wp-content\/uploads\/sites\/8\/2025\/04\/20250410_094038.jpg 300w, https:\/\/cloud.alqueria.es\/wp-content\/uploads\/sites\/8\/2025\/04\/20250410_094038.jpg 1024w, https:\/\/cloud.alqueria.es\/wp-content\/uploads\/sites\/8\/2025\/04\/20250410_094038.jpg 768w, https:\/\/cloud.alqueria.es\/wp-content\/uploads\/sites\/8\/2025\/04\/20250410_094038.jpg 1536w, https:\/\/cloud.alqueria.es\/wp-content\/uploads\/sites\/8\/2025\/04\/20250410_094038.jpg 2048w, https:\/\/cloud.alqueria.es\/wp-content\/uploads\/sites\/8\/2025\/04\/20250410_094038.jpg 948w, https:\/\/cloud.alqueria.es\/wp-content\/uploads\/sites\/8\/2025\/04\/20250410_094038.jpg 1422w\" sizes=\"(max-width: 474px) 100vw, 474px\" \/><\/p>\n<p>A la vuelta de las vacaciones nos espera una Semana de la lectura cargada de actividades, enfocadas al fomento de la lectura. Resaltando por encima de todas la presentaci\u00f3n oficial de nuestro cuento ilustrado \u00abEl fantasma al que se le quit\u00f3 el miedo\u00bb. Os contar\u00e9 detalles del proyecto al completo pr\u00f3ximamente. Como avance anunciaros que la maquetaci\u00f3n est\u00e1 quedando muy bonita y que hemos invitado \u00a0a toda la etapa de primara a colaborar en nuestro proyecto de emprendimiento, mediante la aportaci\u00f3n de un libro a cambio del cual les entregaremos un ejemplar del nuestro. Este proyecto est\u00e1 siendo todo un reto, en muchos sentidos, pero conforme avanza seguimos ideando cosas nuevas \u00a1prometemos sorpresas!<\/p>\n<p>No quiero extenderme en esta entrada, as\u00ed que tan s\u00f3lo me queda deciros que <strong>h<\/strong><em><strong>a sido un verdadero placer acompa\u00f1ar a vuestros peques a lo largo de estos meses y disfrutar de c\u00f3mo han ido recorriendo el camino para la construcci\u00f3n de su aprendizaje e ir conformando algunos rasgos de personalidad, que les acompa\u00f1ar\u00e1n a lo largo de su vida.<\/strong><\/em><\/p>\n<p style=\"text-align: center\"><span style=\"color: #008000\"><strong> \u00a1Gracias por vuestra ayuda, caminar juntos es m\u00e1s agradable!<\/strong><\/span><\/p>\n<p>Os deseo a todos y todas unos d\u00edas de descanso y disfrute en familia, recargando energ\u00eda para la vuelta. Afrontaremos el tercer trimestre con ganas, ilusi\u00f3n, motivaci\u00f3n y dispuestos\/as a dar lo mejor de nosotros.<\/p>\n<p><img data-recalc-dims=\"1\" decoding=\"async\" data-attachment-id=\"46159\" data-permalink=\"https:\/\/www.alqueria.es\/blogs\/alqueriarojaverde\/2024\/03\/22\/se-ha-terminado-el-trimestre\/56a3e095bdfb1a57ac64a29dbc2f2bb4\/\" data-orig-file=\"https:\/\/i0.wp.com\/cloud.alqueria.es\/wp-content\/uploads\/sites\/8\/2024\/03\/56a3e095bdfb1a57ac64a29dbc2f2bb4.jpg?fit=344%2C344&amp;ssl=1\" data-orig-size=\"344,344\" data-comments-opened=\"1\" data-image-meta=\"{&quot;aperture&quot;:&quot;0&quot;,&quot;credit&quot;:&quot;&quot;,&quot;camera&quot;:&quot;&quot;,&quot;caption&quot;:&quot;&quot;,&quot;created_timestamp&quot;:&quot;0&quot;,&quot;copyright&quot;:&quot;&quot;,&quot;focal_length&quot;:&quot;0&quot;,&quot;iso&quot;:&quot;0&quot;,&quot;shutter_speed&quot;:&quot;0&quot;,&quot;title&quot;:&quot;&quot;,&quot;orientation&quot;:&quot;0&quot;}\" data-image-title=\"56a3e095bdfb1a57ac64a29dbc2f2bb4\" data-image-description=\"\" data-image-caption=\"\" data-large-file=\"https:\/\/i0.wp.com\/cloud.alqueria.es\/wp-content\/uploads\/sites\/8\/2024\/03\/56a3e095bdfb1a57ac64a29dbc2f2bb4.jpg?fit=344%2C344&amp;ssl=1\" class=\"aligncenter size-medium wp-image-46159\" src=\"https:\/\/i0.wp.com\/cloud.alqueria.es\/wp-content\/uploads\/sites\/8\/2024\/03\/56a3e095bdfb1a57ac64a29dbc2f2bb4-300x300.jpg?resize=300%2C300&#038;ssl=1\" alt=\"\" width=\"300\" height=\"300\" srcset=\"https:\/\/cloud.alqueria.es\/wp-content\/uploads\/sites\/8\/2024\/03\/56a3e095bdfb1a57ac64a29dbc2f2bb4.jpg 300w, https:\/\/cloud.alqueria.es\/wp-content\/uploads\/sites\/8\/2024\/03\/56a3e095bdfb1a57ac64a29dbc2f2bb4.jpg 150w, https:\/\/cloud.alqueria.es\/wp-content\/uploads\/sites\/8\/2024\/03\/56a3e095bdfb1a57ac64a29dbc2f2bb4.jpg 344w\" sizes=\"(max-width: 300px) 100vw, 300px\" \/><\/p>\n<p><strong>Un fuerte abrazo y nos vemos a la vuelta.<\/strong><\/p>\n<p>Esther Justicia.<\/p>\n","protected":false},"excerpt":{"rendered":"<p>Estimadas familias, Hoy damos por concluido este segundo trimestre del curso, que ha estado repleto de aprendizajes y vivencias, no s\u00f3lo enriquecedoras sino bastante significativas para los componentes del grupo verde. A la vuelta de las vacaciones nos espera una Semana de la lectura cargada de actividades, enfocadas al fomento de la lectura. Resaltando por &hellip; <a href=\"https:\/\/www.alqueria.es\/blogs\/alqueriarojaverde\/2025\/04\/11\/ponemos-fin-al-segundo-trimestre-en-el-grupo-verde\/\" class=\"more-link\">Seguir leyendo <span class=\"screen-reader-text\">\u00a1PONEMOS FIN AL SEGUNDO TRIMESTRE, EN EL GRUPO VERDE!<\/span> <span class=\"meta-nav\">&rarr;<\/span><\/a><\/p>\n","protected":false},"author":19,"featured_media":0,"comment_status":"open","ping_status":"open","sticky":false,"template":"","format":"standard","meta":{"jetpack_post_was_ever_published":false,"_jetpack_newsletter_access":"","_jetpack_dont_email_post_to_subs":false,"_jetpack_newsletter_tier_id":0,"_jetpack_memberships_contains_paywalled_content":false,"_jetpack_memberships_contains_paid_content":false,"footnotes":"","jetpack_publicize_message":"","jetpack_publicize_feature_enabled":true,"jetpack_social_post_already_shared":true,"jetpack_social_options":{"image_generator_settings":{"template":"highway","default_image_id":0,"font":"","enabled":false},"version":2}},"categories":[7,13],"tags":[],"class_list":["post-53367","post","type-post","status-publish","format-standard","hentry","category-clase-verde-5-6-anos","category-inicio"],"jetpack_publicize_connections":[],"jetpack_featured_media_url":"","jetpack_sharing_enabled":true,"jetpack_shortlink":"https:\/\/wp.me\/p4lFbP-dSL","_links":{"self":[{"href":"https:\/\/www.alqueria.es\/blogs\/alqueriarojaverde\/wp-json\/wp\/v2\/posts\/53367","targetHints":{"allow":["GET"]}}],"collection":[{"href":"https:\/\/www.alqueria.es\/blogs\/alqueriarojaverde\/wp-json\/wp\/v2\/posts"}],"about":[{"href":"https:\/\/www.alqueria.es\/blogs\/alqueriarojaverde\/wp-json\/wp\/v2\/types\/post"}],"author":[{"embeddable":true,"href":"https:\/\/www.alqueria.es\/blogs\/alqueriarojaverde\/wp-json\/wp\/v2\/users\/19"}],"replies":[{"embeddable":true,"href":"https:\/\/www.alqueria.es\/blogs\/alqueriarojaverde\/wp-json\/wp\/v2\/comments?post=53367"}],"version-history":[{"count":4,"href":"https:\/\/www.alqueria.es\/blogs\/alqueriarojaverde\/wp-json\/wp\/v2\/posts\/53367\/revisions"}],"predecessor-version":[{"id":53374,"href":"https:\/\/www.alqueria.es\/blogs\/alqueriarojaverde\/wp-json\/wp\/v2\/posts\/53367\/revisions\/53374"}],"wp:attachment":[{"href":"https:\/\/www.alqueria.es\/blogs\/alqueriarojaverde\/wp-json\/wp\/v2\/media?parent=53367"}],"wp:term":[{"taxonomy":"category","embeddable":true,"href":"https:\/\/www.alqueria.es\/blogs\/alqueriarojaverde\/wp-json\/wp\/v2\/categories?post=53367"},{"taxonomy":"post_tag","embeddable":true,"href":"https:\/\/www.alqueria.es\/blogs\/alqueriarojaverde\/wp-json\/wp\/v2\/tags?post=53367"}],"curies":[{"name":"wp","href":"https:\/\/api.w.org\/{rel}","templated":true}]}}