{"id":53418,"date":"2025-04-22T23:00:48","date_gmt":"2025-04-22T21:00:48","guid":{"rendered":"https:\/\/www.alqueria.es\/blogs\/alqueriarojaverde\/?p=53418"},"modified":"2025-04-25T08:25:06","modified_gmt":"2025-04-25T06:25:06","slug":"semana-de-la-lectura-2025-segunda-jornada","status":"publish","type":"post","link":"https:\/\/www.alqueria.es\/blogs\/alqueriarojaverde\/2025\/04\/22\/semana-de-la-lectura-2025-segunda-jornada\/","title":{"rendered":"SEMANA DE LA LECTURA 2025. SEGUNDA JORNADA"},"content":{"rendered":"<p><img data-recalc-dims=\"1\" decoding=\"async\" data-attachment-id=\"53516\" data-permalink=\"https:\/\/www.alqueria.es\/blogs\/alqueriarojaverde\/2025\/04\/22\/semana-de-la-lectura-2025-segunda-jornada\/15d1cb50-5bbe-4c59-a7a3-b5b289d5815f\/\" data-orig-file=\"https:\/\/i0.wp.com\/cloud.alqueria.es\/wp-content\/uploads\/sites\/8\/2025\/04\/15d1cb50-5bbe-4c59-a7a3-b5b289d5815f.jpeg?fit=1536%2C2048&amp;ssl=1\" data-orig-size=\"1536,2048\" data-comments-opened=\"1\" data-image-meta=\"{&quot;aperture&quot;:&quot;0&quot;,&quot;credit&quot;:&quot;&quot;,&quot;camera&quot;:&quot;&quot;,&quot;caption&quot;:&quot;&quot;,&quot;created_timestamp&quot;:&quot;1745340170&quot;,&quot;copyright&quot;:&quot;&quot;,&quot;focal_length&quot;:&quot;0&quot;,&quot;iso&quot;:&quot;0&quot;,&quot;shutter_speed&quot;:&quot;0&quot;,&quot;title&quot;:&quot;&quot;,&quot;orientation&quot;:&quot;0&quot;}\" data-image-title=\"15d1cb50-5bbe-4c59-a7a3-b5b289d5815f\" data-image-description=\"\" data-image-caption=\"\" data-large-file=\"https:\/\/i0.wp.com\/cloud.alqueria.es\/wp-content\/uploads\/sites\/8\/2025\/04\/15d1cb50-5bbe-4c59-a7a3-b5b289d5815f.jpeg?fit=474%2C632&amp;ssl=1\" class=\"alignleft size-medium wp-image-53516\" src=\"https:\/\/i0.wp.com\/cloud.alqueria.es\/wp-content\/uploads\/sites\/8\/2025\/04\/15d1cb50-5bbe-4c59-a7a3-b5b289d5815f-225x300.jpeg?resize=225%2C300&#038;ssl=1\" alt=\"\" width=\"225\" height=\"300\" srcset=\"https:\/\/cloud.alqueria.es\/wp-content\/uploads\/sites\/8\/2025\/04\/15d1cb50-5bbe-4c59-a7a3-b5b289d5815f.jpeg 225w, https:\/\/cloud.alqueria.es\/wp-content\/uploads\/sites\/8\/2025\/04\/15d1cb50-5bbe-4c59-a7a3-b5b289d5815f.jpeg 768w, https:\/\/cloud.alqueria.es\/wp-content\/uploads\/sites\/8\/2025\/04\/15d1cb50-5bbe-4c59-a7a3-b5b289d5815f.jpeg 1152w, https:\/\/cloud.alqueria.es\/wp-content\/uploads\/sites\/8\/2025\/04\/15d1cb50-5bbe-4c59-a7a3-b5b289d5815f.jpeg 1536w, https:\/\/cloud.alqueria.es\/wp-content\/uploads\/sites\/8\/2025\/04\/15d1cb50-5bbe-4c59-a7a3-b5b289d5815f.jpeg 948w, https:\/\/cloud.alqueria.es\/wp-content\/uploads\/sites\/8\/2025\/04\/15d1cb50-5bbe-4c59-a7a3-b5b289d5815f.jpeg 1422w\" sizes=\"(max-width: 225px) 100vw, 225px\" \/>Damos comienzo a esta segunda jornada de la Semana de la Lectura, con un <em><span style=\"color: #0000ff\">\u00abyogui-cuento\u00bb<\/span> <\/em>titulado <span style=\"color: #0000ff\"><strong>\u00abLuna y el tesoro m\u00e1gico\u00bb.<\/strong><\/span><\/p>\n<p>Una forma diferente de acercar al alumnado al mundo de la literatura, en la que se utiliza el yoga, como veh\u00edculo para poder combinar narraci\u00f3n, movimiento, control postural y respiraci\u00f3n consciente. A trav\u00e9s de este tipo de experiencias, se trabajan varias \u00e1reas de desarrollo, \u00a0como son la educaci\u00f3n emocional, la motricidad y conciencia corporal, el lenguaje y la atenci\u00f3n, la relajaci\u00f3n y respiraci\u00f3n o la creatividad e imaginaci\u00f3n.<\/p>\n<p>A trav\u00e9s de una simp\u00e1tica y sencilla historia, <strong><span style=\"color: #0000ff\">Marta<\/span><\/strong>\u00a0<span style=\"color: #0000ff\">(nuestra especialista del yoga del centro)<\/span> nos ha guiado por distintas posturas: gato, rana, barca, \u00e1rbol y savasana (relajaci\u00f3n), que hemos tenido que realizar, para superar varias pruebas. Tambi\u00e9n hemos aprendido un tipo de respiraci\u00f3n \u00abla respiraci\u00f3n del viento\u00bb, hemos identificado e interpretado diferentes emociones y hemos conseguido el ansiado tesoro. Nuevamente un espejo m\u00e1gico nos hace reflexionar sobre lo importante que es valorarnos a nosotros mismos, cuidar y escuchar a nuestro cuerpo, nuestra mente y nuestro coraz\u00f3n. Esta emotiva historia ha culminado con una relajaci\u00f3n en la que la atenci\u00f3n consciente ha estado presente, a trav\u00e9s de la identificaci\u00f3n de diferentes sonidos presentes en la historia.<\/p>\n<p class=\"jetpack-slideshow-noscript robots-nocontent\">El pase de diapositivas requiere JavaScript.<\/p><div id=\"gallery-53418-1-slideshow\" class=\"jetpack-slideshow-window jetpack-slideshow jetpack-slideshow-black\" data-trans=\"fade\" data-autostart=\"1\" data-gallery=\"[{&quot;src&quot;:&quot;https:\\\/\\\/i0.wp.com\\\/cloud.alqueria.es\\\/wp-content\\\/uploads\\\/sites\\\/8\\\/2025\\\/04\\\/559fb59b-bf3e-440c-beaa-99077d98b366.jpeg?fit=1600%2C900\\u0026ssl=1&quot;,&quot;id&quot;:&quot;53502&quot;,&quot;title&quot;:&quot;559fb59b-bf3e-440c-beaa-99077d98b366&quot;,&quot;alt&quot;:&quot;&quot;,&quot;caption&quot;:&quot;&quot;,&quot;itemprop&quot;:&quot;image&quot;},{&quot;src&quot;:&quot;https:\\\/\\\/i0.wp.com\\\/cloud.alqueria.es\\\/wp-content\\\/uploads\\\/sites\\\/8\\\/2025\\\/04\\\/IMG_20250422_092700.jpg?fit=2500%2C1125\\u0026ssl=1&quot;,&quot;id&quot;:&quot;53527&quot;,&quot;title&quot;:&quot;IMG_20250422_092700&quot;,&quot;alt&quot;:&quot;&quot;,&quot;caption&quot;:&quot;&quot;,&quot;itemprop&quot;:&quot;image&quot;},{&quot;src&quot;:&quot;https:\\\/\\\/i0.wp.com\\\/cloud.alqueria.es\\\/wp-content\\\/uploads\\\/sites\\\/8\\\/2025\\\/04\\\/IMG_20250422_093441.jpg?fit=2500%2C1125\\u0026ssl=1&quot;,&quot;id&quot;:&quot;53509&quot;,&quot;title&quot;:&quot;IMG_20250422_093441&quot;,&quot;alt&quot;:&quot;&quot;,&quot;caption&quot;:&quot;&quot;,&quot;itemprop&quot;:&quot;image&quot;},{&quot;src&quot;:&quot;https:\\\/\\\/i0.wp.com\\\/cloud.alqueria.es\\\/wp-content\\\/uploads\\\/sites\\\/8\\\/2025\\\/04\\\/IMG_20250422_093800.jpg?fit=2500%2C1125\\u0026ssl=1&quot;,&quot;id&quot;:&quot;53511&quot;,&quot;title&quot;:&quot;IMG_20250422_093800&quot;,&quot;alt&quot;:&quot;&quot;,&quot;caption&quot;:&quot;&quot;,&quot;itemprop&quot;:&quot;image&quot;},{&quot;src&quot;:&quot;https:\\\/\\\/i0.wp.com\\\/cloud.alqueria.es\\\/wp-content\\\/uploads\\\/sites\\\/8\\\/2025\\\/04\\\/IMG_20250422_093034.jpg?fit=2500%2C1125\\u0026ssl=1&quot;,&quot;id&quot;:&quot;53531&quot;,&quot;title&quot;:&quot;IMG_20250422_093034&quot;,&quot;alt&quot;:&quot;&quot;,&quot;caption&quot;:&quot;&quot;,&quot;itemprop&quot;:&quot;image&quot;},{&quot;src&quot;:&quot;https:\\\/\\\/i0.wp.com\\\/cloud.alqueria.es\\\/wp-content\\\/uploads\\\/sites\\\/8\\\/2025\\\/04\\\/ae5a37d0-ab90-477b-8786-0a6368083e49.jpeg?fit=1600%2C900\\u0026ssl=1&quot;,&quot;id&quot;:&quot;53503&quot;,&quot;title&quot;:&quot;ae5a37d0-ab90-477b-8786-0a6368083e49&quot;,&quot;alt&quot;:&quot;&quot;,&quot;caption&quot;:&quot;&quot;,&quot;itemprop&quot;:&quot;image&quot;},{&quot;src&quot;:&quot;https:\\\/\\\/i0.wp.com\\\/cloud.alqueria.es\\\/wp-content\\\/uploads\\\/sites\\\/8\\\/2025\\\/04\\\/IMG_20250422_094231.jpg?fit=1125%2C2500\\u0026ssl=1&quot;,&quot;id&quot;:&quot;53532&quot;,&quot;title&quot;:&quot;IMG_20250422_094231&quot;,&quot;alt&quot;:&quot;&quot;,&quot;caption&quot;:&quot;&quot;,&quot;itemprop&quot;:&quot;image&quot;},{&quot;src&quot;:&quot;https:\\\/\\\/i0.wp.com\\\/cloud.alqueria.es\\\/wp-content\\\/uploads\\\/sites\\\/8\\\/2025\\\/04\\\/IMG_20250422_094724.jpg?fit=1125%2C2500\\u0026ssl=1&quot;,&quot;id&quot;:&quot;53530&quot;,&quot;title&quot;:&quot;IMG_20250422_094724&quot;,&quot;alt&quot;:&quot;&quot;,&quot;caption&quot;:&quot;&quot;,&quot;itemprop&quot;:&quot;image&quot;},{&quot;src&quot;:&quot;https:\\\/\\\/i0.wp.com\\\/cloud.alqueria.es\\\/wp-content\\\/uploads\\\/sites\\\/8\\\/2025\\\/04\\\/5876a5dc-31b9-49ba-bbd4-c8d9e066d744.jpeg?fit=1600%2C900\\u0026ssl=1&quot;,&quot;id&quot;:&quot;53505&quot;,&quot;title&quot;:&quot;5876a5dc-31b9-49ba-bbd4-c8d9e066d744&quot;,&quot;alt&quot;:&quot;&quot;,&quot;caption&quot;:&quot;&quot;,&quot;itemprop&quot;:&quot;image&quot;},{&quot;src&quot;:&quot;https:\\\/\\\/i0.wp.com\\\/cloud.alqueria.es\\\/wp-content\\\/uploads\\\/sites\\\/8\\\/2025\\\/04\\\/IMG_20250422_093911.jpg?fit=1125%2C2500\\u0026ssl=1&quot;,&quot;id&quot;:&quot;53529&quot;,&quot;title&quot;:&quot;IMG_20250422_093911&quot;,&quot;alt&quot;:&quot;&quot;,&quot;caption&quot;:&quot;&quot;,&quot;itemprop&quot;:&quot;image&quot;}]\" itemscope itemtype=\"https:\/\/schema.org\/ImageGallery\"><\/div>\n<p><img data-recalc-dims=\"1\" decoding=\"async\" data-attachment-id=\"53513\" data-permalink=\"https:\/\/www.alqueria.es\/blogs\/alqueriarojaverde\/2025\/04\/22\/semana-de-la-lectura-2025-segunda-jornada\/627705ee-0b00-44ed-abdb-ebb2c6d4bd6a\/\" data-orig-file=\"https:\/\/i0.wp.com\/cloud.alqueria.es\/wp-content\/uploads\/sites\/8\/2025\/04\/627705ee-0b00-44ed-abdb-ebb2c6d4bd6a.jpeg?fit=1536%2C2048&amp;ssl=1\" data-orig-size=\"1536,2048\" data-comments-opened=\"1\" data-image-meta=\"{&quot;aperture&quot;:&quot;0&quot;,&quot;credit&quot;:&quot;&quot;,&quot;camera&quot;:&quot;&quot;,&quot;caption&quot;:&quot;&quot;,&quot;created_timestamp&quot;:&quot;1745340174&quot;,&quot;copyright&quot;:&quot;&quot;,&quot;focal_length&quot;:&quot;0&quot;,&quot;iso&quot;:&quot;0&quot;,&quot;shutter_speed&quot;:&quot;0&quot;,&quot;title&quot;:&quot;&quot;,&quot;orientation&quot;:&quot;0&quot;}\" data-image-title=\"627705ee-0b00-44ed-abdb-ebb2c6d4bd6a\" data-image-description=\"\" data-image-caption=\"\" data-large-file=\"https:\/\/i0.wp.com\/cloud.alqueria.es\/wp-content\/uploads\/sites\/8\/2025\/04\/627705ee-0b00-44ed-abdb-ebb2c6d4bd6a.jpeg?fit=474%2C632&amp;ssl=1\" class=\"alignright size-medium wp-image-53513\" src=\"https:\/\/i0.wp.com\/cloud.alqueria.es\/wp-content\/uploads\/sites\/8\/2025\/04\/627705ee-0b00-44ed-abdb-ebb2c6d4bd6a-225x300.jpeg?resize=225%2C300&#038;ssl=1\" alt=\"\" width=\"225\" height=\"300\" srcset=\"https:\/\/cloud.alqueria.es\/wp-content\/uploads\/sites\/8\/2025\/04\/627705ee-0b00-44ed-abdb-ebb2c6d4bd6a.jpeg 225w, https:\/\/cloud.alqueria.es\/wp-content\/uploads\/sites\/8\/2025\/04\/627705ee-0b00-44ed-abdb-ebb2c6d4bd6a.jpeg 768w, https:\/\/cloud.alqueria.es\/wp-content\/uploads\/sites\/8\/2025\/04\/627705ee-0b00-44ed-abdb-ebb2c6d4bd6a.jpeg 1152w, https:\/\/cloud.alqueria.es\/wp-content\/uploads\/sites\/8\/2025\/04\/627705ee-0b00-44ed-abdb-ebb2c6d4bd6a.jpeg 1536w, https:\/\/cloud.alqueria.es\/wp-content\/uploads\/sites\/8\/2025\/04\/627705ee-0b00-44ed-abdb-ebb2c6d4bd6a.jpeg 948w, https:\/\/cloud.alqueria.es\/wp-content\/uploads\/sites\/8\/2025\/04\/627705ee-0b00-44ed-abdb-ebb2c6d4bd6a.jpeg 1422w\" sizes=\"(max-width: 225px) 100vw, 225px\" \/>Otra de las actividades principales de la jornada de hoy martes, ha sido la narraci\u00f3n de un <em><span style=\"color: #ff6600\">cuento en pictogramas<\/span><\/em> titulado <strong><span style=\"color: #ff6600\">\u00abUn amigo como t\u00fa\u00bb.\u00a0<\/span><\/strong><span style=\"color: #ff6600\"><span style=\"color: #333333\">La persona encargada de hacernos disfrutar con \u00e9l, ha sido <span style=\"color: #ff6600\"><strong>Ana F.<\/strong> (especialista en logopedia del centro).<\/span><\/span><\/span><\/p>\n<p>En primer lugar Ana nos ha explicado que un cuento adaptado, mediante pictogramas se utiliza principalmente para apoyar la comprensi\u00f3n lectora. Puede estar dirigido a ni\u00f1os y ni\u00f1as que a\u00fan no se hayan iniciado en el proceso lecto-escritor o bien a otros que presenten dificultades con la lectura o posean alguna discapacidad auditiva y\/o comunicativa.<\/p>\n<p>A trav\u00e9s de las im\u00e1genes de los pictogramas, se facilita la comprensi\u00f3n, se estimula el desarrollo del lenguaje, se capta mejor la atenci\u00f3n y se amplia mucho el vocabulario (a trav\u00e9s del trabajo con distintos campos sem\u00e1nticos).<\/p>\n<p class=\"jetpack-slideshow-noscript robots-nocontent\">El pase de diapositivas requiere JavaScript.<\/p><div id=\"gallery-53418-2-slideshow\" class=\"jetpack-slideshow-window jetpack-slideshow jetpack-slideshow-black\" data-trans=\"fade\" data-autostart=\"1\" data-gallery=\"[{&quot;src&quot;:&quot;https:\\\/\\\/i0.wp.com\\\/cloud.alqueria.es\\\/wp-content\\\/uploads\\\/sites\\\/8\\\/2025\\\/04\\\/IMG_20250422_111830.jpg?fit=2500%2C1125\\u0026ssl=1&quot;,&quot;id&quot;:&quot;53512&quot;,&quot;title&quot;:&quot;IMG_20250422_111830&quot;,&quot;alt&quot;:&quot;&quot;,&quot;caption&quot;:&quot;&quot;,&quot;itemprop&quot;:&quot;image&quot;},{&quot;src&quot;:&quot;https:\\\/\\\/i0.wp.com\\\/cloud.alqueria.es\\\/wp-content\\\/uploads\\\/sites\\\/8\\\/2025\\\/04\\\/8881930d-3788-4530-8145-fdebfecbb4f8.jpeg?fit=2048%2C1536\\u0026ssl=1&quot;,&quot;id&quot;:&quot;53514&quot;,&quot;title&quot;:&quot;8881930d-3788-4530-8145-fdebfecbb4f8&quot;,&quot;alt&quot;:&quot;&quot;,&quot;caption&quot;:&quot;&quot;,&quot;itemprop&quot;:&quot;image&quot;},{&quot;src&quot;:&quot;https:\\\/\\\/i0.wp.com\\\/cloud.alqueria.es\\\/wp-content\\\/uploads\\\/sites\\\/8\\\/2025\\\/04\\\/IMG_20250422_111445.jpg?fit=2500%2C1125\\u0026ssl=1&quot;,&quot;id&quot;:&quot;53508&quot;,&quot;title&quot;:&quot;IMG_20250422_111445&quot;,&quot;alt&quot;:&quot;&quot;,&quot;caption&quot;:&quot;&quot;,&quot;itemprop&quot;:&quot;image&quot;},{&quot;src&quot;:&quot;https:\\\/\\\/i0.wp.com\\\/cloud.alqueria.es\\\/wp-content\\\/uploads\\\/sites\\\/8\\\/2025\\\/04\\\/5db9286d-da48-4fa3-8803-723ca428796d.jpeg?fit=1536%2C2048\\u0026ssl=1&quot;,&quot;id&quot;:&quot;53515&quot;,&quot;title&quot;:&quot;5db9286d-da48-4fa3-8803-723ca428796d&quot;,&quot;alt&quot;:&quot;&quot;,&quot;caption&quot;:&quot;&quot;,&quot;itemprop&quot;:&quot;image&quot;},{&quot;src&quot;:&quot;https:\\\/\\\/i0.wp.com\\\/cloud.alqueria.es\\\/wp-content\\\/uploads\\\/sites\\\/8\\\/2025\\\/04\\\/IMG_20250422_111614.jpg?fit=2500%2C1125\\u0026ssl=1&quot;,&quot;id&quot;:&quot;53506&quot;,&quot;title&quot;:&quot;IMG_20250422_111614&quot;,&quot;alt&quot;:&quot;&quot;,&quot;caption&quot;:&quot;&quot;,&quot;itemprop&quot;:&quot;image&quot;},{&quot;src&quot;:&quot;https:\\\/\\\/i0.wp.com\\\/cloud.alqueria.es\\\/wp-content\\\/uploads\\\/sites\\\/8\\\/2025\\\/04\\\/1ce99d67-b5e7-4342-8748-eeb7eb58e4a6.jpeg?fit=2040%2C1148\\u0026ssl=1&quot;,&quot;id&quot;:&quot;53501&quot;,&quot;title&quot;:&quot;1ce99d67-b5e7-4342-8748-eeb7eb58e4a6&quot;,&quot;alt&quot;:&quot;&quot;,&quot;caption&quot;:&quot;&quot;,&quot;itemprop&quot;:&quot;image&quot;},{&quot;src&quot;:&quot;https:\\\/\\\/i0.wp.com\\\/cloud.alqueria.es\\\/wp-content\\\/uploads\\\/sites\\\/8\\\/2025\\\/04\\\/IMG_20250422_112327.jpg?fit=2500%2C1125\\u0026ssl=1&quot;,&quot;id&quot;:&quot;53507&quot;,&quot;title&quot;:&quot;IMG_20250422_112327&quot;,&quot;alt&quot;:&quot;&quot;,&quot;caption&quot;:&quot;&quot;,&quot;itemprop&quot;:&quot;image&quot;}]\" itemscope itemtype=\"https:\/\/schema.org\/ImageGallery\"><\/div>\n<p><strong>Una historia muy entra\u00f1able, que es ideal para trabajar la importancia de la amistad y el valor de la diversidad.<\/strong><\/p>\n<p>Su dos personajes: \u00abArdilla y P\u00e1jaro\u00bb, son bastante diferentes pero les encanta probar cosas nuevas. Juntos viven aventuras inolvidables y poco a poco se convierten en los mejores amigos.<\/p>\n<p>Utilizar la literatura como medio para conocer el mundo que les rodea, transmitir valores y mejorar la educaci\u00f3n, es algo que debemos promocionar desde la infancia.<\/p>\n<p>El <strong><span style=\"color: #008000\">grupo verde<\/span> <\/strong>ha llevado a cabo adem\u00e1s una <strong><span style=\"color: #008000\">actividad de trueque<\/span><\/strong>, con el alumnado de primaria. Una propuesta m\u00e1s de emprendimiento, enmarcada dentro del proyecto <em><span style=\"color: #008000\">\u00abNuestro cuento ilustrado\u00bb.<\/span><\/em><\/p>\n<div class=\"tiled-gallery type-square tiled-gallery-unresized\" data-original-width=\"474\" data-carousel-extra='{&quot;blog_id&quot;:8,&quot;permalink&quot;:&quot;https:\\\/\\\/www.alqueria.es\\\/blogs\\\/alqueriarojaverde\\\/2025\\\/04\\\/22\\\/semana-de-la-lectura-2025-segunda-jornada\\\/&quot;,&quot;likes_blog_id&quot;:64268569}' itemscope itemtype=\"http:\/\/schema.org\/ImageGallery\" > <div class=\"gallery-row\" style=\"width: 474px; height: 237px;\" data-original-width=\"474\" data-original-height=\"237\" > <div class=\"gallery-group\" style=\"width: 237px; height: 237px;\" data-original-width=\"237\" data-original-height=\"237\" > <div class=\"tiled-gallery-item \" itemprop=\"associatedMedia\" itemscope itemtype=\"http:\/\/schema.org\/ImageObject\"> <meta itemprop=\"width\" content=\"233\"> <meta itemprop=\"height\" content=\"233\"> <img decoding=\"async\" class=\"\" data-attachment-id=\"53536\" data-orig-file=\"https:\/\/cloud.alqueria.es\/wp-content\/uploads\/sites\/8\/2025\/04\/IMG-20250421-WA0088.jpg\" data-orig-size=\"1131,1600\" data-comments-opened=\"1\" data-image-meta=\"{&quot;aperture&quot;:&quot;0&quot;,&quot;credit&quot;:&quot;&quot;,&quot;camera&quot;:&quot;&quot;,&quot;caption&quot;:&quot;&quot;,&quot;created_timestamp&quot;:&quot;0&quot;,&quot;copyright&quot;:&quot;&quot;,&quot;focal_length&quot;:&quot;0&quot;,&quot;iso&quot;:&quot;0&quot;,&quot;shutter_speed&quot;:&quot;0&quot;,&quot;title&quot;:&quot;&quot;,&quot;orientation&quot;:&quot;0&quot;}\" data-image-title=\"IMG-20250421-WA0088\" data-image-description=\"\" data-medium-file=\"https:\/\/i0.wp.com\/cloud.alqueria.es\/wp-content\/uploads\/sites\/8\/2025\/04\/IMG-20250421-WA0088.jpg?fit=212%2C300&#038;ssl=1\" data-large-file=\"https:\/\/i0.wp.com\/cloud.alqueria.es\/wp-content\/uploads\/sites\/8\/2025\/04\/IMG-20250421-WA0088.jpg?fit=474%2C670&#038;ssl=1\" src=\"https:\/\/i0.wp.com\/cloud.alqueria.es\/wp-content\/uploads\/sites\/8\/2025\/04\/IMG-20250421-WA0088.jpg?w=233&#038;h=233&#038;crop=1&#038;ssl=1\" srcset=\"https:\/\/cloud.alqueria.es\/wp-content\/uploads\/sites\/8\/2025\/04\/IMG-20250421-WA0088.jpg 150w, https:\/\/cloud.alqueria.es\/wp-content\/uploads\/sites\/8\/2025\/04\/IMG-20250421-WA0088.jpg 466w, https:\/\/cloud.alqueria.es\/wp-content\/uploads\/sites\/8\/2025\/04\/IMG-20250421-WA0088.jpg 699w\" width=\"233\" height=\"233\" loading=\"lazy\" data-original-width=\"233\" data-original-height=\"233\" itemprop=\"http:\/\/schema.org\/image\" title=\"IMG-20250421-WA0088\" alt=\"IMG-20250421-WA0088\" style=\"width: 233px; height: 233px;\" \/> <\/div> <\/div> <div class=\"gallery-group\" style=\"width: 237px; height: 237px;\" data-original-width=\"237\" data-original-height=\"237\" > <div class=\"tiled-gallery-item \" itemprop=\"associatedMedia\" itemscope itemtype=\"http:\/\/schema.org\/ImageObject\"> <meta itemprop=\"width\" content=\"233\"> <meta itemprop=\"height\" content=\"233\"> <img decoding=\"async\" class=\"\" data-attachment-id=\"53537\" data-orig-file=\"https:\/\/cloud.alqueria.es\/wp-content\/uploads\/sites\/8\/2025\/04\/IMG-20250421-WA0106.jpg\" data-orig-size=\"1131,1600\" data-comments-opened=\"1\" data-image-meta=\"{&quot;aperture&quot;:&quot;0&quot;,&quot;credit&quot;:&quot;&quot;,&quot;camera&quot;:&quot;&quot;,&quot;caption&quot;:&quot;&quot;,&quot;created_timestamp&quot;:&quot;0&quot;,&quot;copyright&quot;:&quot;&quot;,&quot;focal_length&quot;:&quot;0&quot;,&quot;iso&quot;:&quot;0&quot;,&quot;shutter_speed&quot;:&quot;0&quot;,&quot;title&quot;:&quot;&quot;,&quot;orientation&quot;:&quot;0&quot;}\" data-image-title=\"IMG-20250421-WA0106\" data-image-description=\"\" data-medium-file=\"https:\/\/i0.wp.com\/cloud.alqueria.es\/wp-content\/uploads\/sites\/8\/2025\/04\/IMG-20250421-WA0106.jpg?fit=212%2C300&#038;ssl=1\" data-large-file=\"https:\/\/i0.wp.com\/cloud.alqueria.es\/wp-content\/uploads\/sites\/8\/2025\/04\/IMG-20250421-WA0106.jpg?fit=474%2C670&#038;ssl=1\" src=\"https:\/\/i0.wp.com\/cloud.alqueria.es\/wp-content\/uploads\/sites\/8\/2025\/04\/IMG-20250421-WA0106.jpg?w=233&#038;h=233&#038;crop=1&#038;ssl=1\" srcset=\"https:\/\/cloud.alqueria.es\/wp-content\/uploads\/sites\/8\/2025\/04\/IMG-20250421-WA0106.jpg 150w, https:\/\/cloud.alqueria.es\/wp-content\/uploads\/sites\/8\/2025\/04\/IMG-20250421-WA0106.jpg 466w, https:\/\/cloud.alqueria.es\/wp-content\/uploads\/sites\/8\/2025\/04\/IMG-20250421-WA0106.jpg 699w\" width=\"233\" height=\"233\" loading=\"lazy\" data-original-width=\"233\" data-original-height=\"233\" itemprop=\"http:\/\/schema.org\/image\" title=\"IMG-20250421-WA0106\" alt=\"IMG-20250421-WA0106\" style=\"width: 233px; height: 233px;\" \/> <\/div> <\/div> <\/div> <\/div>\n<p><img data-recalc-dims=\"1\" decoding=\"async\" data-attachment-id=\"53523\" data-permalink=\"https:\/\/www.alqueria.es\/blogs\/alqueriarojaverde\/2025\/04\/22\/semana-de-la-lectura-2025-segunda-jornada\/img-20250422-wa0069\/\" data-orig-file=\"https:\/\/i0.wp.com\/cloud.alqueria.es\/wp-content\/uploads\/sites\/8\/2025\/04\/IMG-20250422-WA0069.jpg?fit=1148%2C2040&amp;ssl=1\" data-orig-size=\"1148,2040\" data-comments-opened=\"1\" data-image-meta=\"{&quot;aperture&quot;:&quot;0&quot;,&quot;credit&quot;:&quot;&quot;,&quot;camera&quot;:&quot;&quot;,&quot;caption&quot;:&quot;&quot;,&quot;created_timestamp&quot;:&quot;0&quot;,&quot;copyright&quot;:&quot;&quot;,&quot;focal_length&quot;:&quot;0&quot;,&quot;iso&quot;:&quot;0&quot;,&quot;shutter_speed&quot;:&quot;0&quot;,&quot;title&quot;:&quot;&quot;,&quot;orientation&quot;:&quot;0&quot;}\" data-image-title=\"IMG-20250422-WA0069\" data-image-description=\"\" data-image-caption=\"\" data-large-file=\"https:\/\/i0.wp.com\/cloud.alqueria.es\/wp-content\/uploads\/sites\/8\/2025\/04\/IMG-20250422-WA0069.jpg?fit=474%2C843&amp;ssl=1\" class=\"aligncenter size-full wp-image-53523\" src=\"https:\/\/i0.wp.com\/cloud.alqueria.es\/wp-content\/uploads\/sites\/8\/2025\/04\/IMG-20250422-WA0069.jpg?resize=474%2C842&#038;ssl=1\" alt=\"\" width=\"474\" height=\"842\" srcset=\"https:\/\/cloud.alqueria.es\/wp-content\/uploads\/sites\/8\/2025\/04\/IMG-20250422-WA0069.jpg 1148w, https:\/\/cloud.alqueria.es\/wp-content\/uploads\/sites\/8\/2025\/04\/IMG-20250422-WA0069.jpg 169w, https:\/\/cloud.alqueria.es\/wp-content\/uploads\/sites\/8\/2025\/04\/IMG-20250422-WA0069.jpg 576w, https:\/\/cloud.alqueria.es\/wp-content\/uploads\/sites\/8\/2025\/04\/IMG-20250422-WA0069.jpg 768w, https:\/\/cloud.alqueria.es\/wp-content\/uploads\/sites\/8\/2025\/04\/IMG-20250422-WA0069.jpg 864w, https:\/\/cloud.alqueria.es\/wp-content\/uploads\/sites\/8\/2025\/04\/IMG-20250422-WA0069.jpg 948w\" sizes=\"(max-width: 474px) 100vw, 474px\" \/><\/p>\n<p>A trav\u00e9s de esta iniciativa emprendedora, \u00a0hemos conseguido ampliar el fondo bibliogr\u00e1fico de nuestra biblioteca escolar, gracias al intercambio realizado entre ejemplares aportados del entorno familiar y uno de nuestros cuentos. Tal ha sido el \u00e9xito que hemos agotado todos los ejemplares disponibles y tenemos una \u00ablista de pre-order\u00bb de casi una treintena m\u00e1s.<\/p>\n<p style=\"text-align: center\">\u00a0<strong>\u00a1Estamos content\u00edsimos con el \u00e9xito obtenido!<\/strong><\/p>\n<p><img data-recalc-dims=\"1\" decoding=\"async\" data-attachment-id=\"53522\" data-permalink=\"https:\/\/www.alqueria.es\/blogs\/alqueriarojaverde\/2025\/04\/22\/semana-de-la-lectura-2025-segunda-jornada\/img-20250422-wa0066\/\" data-orig-file=\"https:\/\/i0.wp.com\/cloud.alqueria.es\/wp-content\/uploads\/sites\/8\/2025\/04\/IMG-20250422-WA0066.jpg?fit=2040%2C1001&amp;ssl=1\" data-orig-size=\"2040,1001\" data-comments-opened=\"1\" data-image-meta=\"{&quot;aperture&quot;:&quot;0&quot;,&quot;credit&quot;:&quot;&quot;,&quot;camera&quot;:&quot;&quot;,&quot;caption&quot;:&quot;&quot;,&quot;created_timestamp&quot;:&quot;0&quot;,&quot;copyright&quot;:&quot;&quot;,&quot;focal_length&quot;:&quot;0&quot;,&quot;iso&quot;:&quot;0&quot;,&quot;shutter_speed&quot;:&quot;0&quot;,&quot;title&quot;:&quot;&quot;,&quot;orientation&quot;:&quot;0&quot;}\" data-image-title=\"IMG-20250422-WA0066\" data-image-description=\"\" data-image-caption=\"\" data-large-file=\"https:\/\/i0.wp.com\/cloud.alqueria.es\/wp-content\/uploads\/sites\/8\/2025\/04\/IMG-20250422-WA0066.jpg?fit=474%2C232&amp;ssl=1\" class=\"aligncenter size-large wp-image-53522\" src=\"https:\/\/i0.wp.com\/cloud.alqueria.es\/wp-content\/uploads\/sites\/8\/2025\/04\/IMG-20250422-WA0066-1024x502.jpg?resize=474%2C232&#038;ssl=1\" alt=\"\" width=\"474\" height=\"232\" srcset=\"https:\/\/cloud.alqueria.es\/wp-content\/uploads\/sites\/8\/2025\/04\/IMG-20250422-WA0066.jpg 1024w, https:\/\/cloud.alqueria.es\/wp-content\/uploads\/sites\/8\/2025\/04\/IMG-20250422-WA0066.jpg 300w, https:\/\/cloud.alqueria.es\/wp-content\/uploads\/sites\/8\/2025\/04\/IMG-20250422-WA0066.jpg 768w, https:\/\/cloud.alqueria.es\/wp-content\/uploads\/sites\/8\/2025\/04\/IMG-20250422-WA0066.jpg 1536w, https:\/\/cloud.alqueria.es\/wp-content\/uploads\/sites\/8\/2025\/04\/IMG-20250422-WA0066.jpg 2040w, https:\/\/cloud.alqueria.es\/wp-content\/uploads\/sites\/8\/2025\/04\/IMG-20250422-WA0066.jpg 948w, https:\/\/cloud.alqueria.es\/wp-content\/uploads\/sites\/8\/2025\/04\/IMG-20250422-WA0066.jpg 1422w\" sizes=\"(max-width: 474px) 100vw, 474px\" \/><\/p>\n<p>Si quieres conocer m\u00e1s sobre nuestro cuento, no dejes de visitar los <strong>c\u00f3digos QR<\/strong> que os hemos dejado en la imagen de arriba. A trav\u00e9s de ellos puedes leer la <strong>justificaci\u00f3n pedag\u00f3gica<\/strong> en la que se enmarca la elaboraci\u00f3n del cuento y tambi\u00e9n tendr\u00e1s acceso al <strong>book trailer<\/strong> de presentaci\u00f3n del libro.<\/p>\n<p><img data-recalc-dims=\"1\" decoding=\"async\" data-attachment-id=\"53521\" data-permalink=\"https:\/\/www.alqueria.es\/blogs\/alqueriarojaverde\/2025\/04\/22\/semana-de-la-lectura-2025-segunda-jornada\/img-20250422-wa0065\/\" data-orig-file=\"https:\/\/i0.wp.com\/cloud.alqueria.es\/wp-content\/uploads\/sites\/8\/2025\/04\/IMG-20250422-WA0065.jpg?fit=2040%2C1148&amp;ssl=1\" data-orig-size=\"2040,1148\" data-comments-opened=\"1\" data-image-meta=\"{&quot;aperture&quot;:&quot;0&quot;,&quot;credit&quot;:&quot;&quot;,&quot;camera&quot;:&quot;&quot;,&quot;caption&quot;:&quot;&quot;,&quot;created_timestamp&quot;:&quot;0&quot;,&quot;copyright&quot;:&quot;&quot;,&quot;focal_length&quot;:&quot;0&quot;,&quot;iso&quot;:&quot;0&quot;,&quot;shutter_speed&quot;:&quot;0&quot;,&quot;title&quot;:&quot;&quot;,&quot;orientation&quot;:&quot;0&quot;}\" data-image-title=\"IMG-20250422-WA0065\" data-image-description=\"\" data-image-caption=\"\" data-large-file=\"https:\/\/i0.wp.com\/cloud.alqueria.es\/wp-content\/uploads\/sites\/8\/2025\/04\/IMG-20250422-WA0065.jpg?fit=474%2C267&amp;ssl=1\" class=\"aligncenter size-full wp-image-53521\" src=\"https:\/\/i0.wp.com\/cloud.alqueria.es\/wp-content\/uploads\/sites\/8\/2025\/04\/IMG-20250422-WA0065.jpg?resize=474%2C267&#038;ssl=1\" alt=\"\" width=\"474\" height=\"267\" srcset=\"https:\/\/cloud.alqueria.es\/wp-content\/uploads\/sites\/8\/2025\/04\/IMG-20250422-WA0065.jpg 2040w, https:\/\/cloud.alqueria.es\/wp-content\/uploads\/sites\/8\/2025\/04\/IMG-20250422-WA0065.jpg 300w, https:\/\/cloud.alqueria.es\/wp-content\/uploads\/sites\/8\/2025\/04\/IMG-20250422-WA0065.jpg 1024w, https:\/\/cloud.alqueria.es\/wp-content\/uploads\/sites\/8\/2025\/04\/IMG-20250422-WA0065.jpg 768w, https:\/\/cloud.alqueria.es\/wp-content\/uploads\/sites\/8\/2025\/04\/IMG-20250422-WA0065.jpg 1536w, https:\/\/cloud.alqueria.es\/wp-content\/uploads\/sites\/8\/2025\/04\/IMG-20250422-WA0065.jpg 948w, https:\/\/cloud.alqueria.es\/wp-content\/uploads\/sites\/8\/2025\/04\/IMG-20250422-WA0065.jpg 1422w\" sizes=\"(max-width: 474px) 100vw, 474px\" \/><\/p>\n<p><strong>Leer es como so\u00f1ar con los ojos abiertos \u00a1Sigamos so\u00f1ando juntos!<\/strong><\/p>\n<p>Silvia Ram\u00edrez y Esther Justicia<\/p>\n","protected":false},"excerpt":{"rendered":"<p>Damos comienzo a esta segunda jornada de la Semana de la Lectura, con un \u00abyogui-cuento\u00bb titulado \u00abLuna y el tesoro m\u00e1gico\u00bb. Una forma diferente de acercar al alumnado al mundo de la literatura, en la que se utiliza el yoga, como veh\u00edculo para poder combinar narraci\u00f3n, movimiento, control postural y respiraci\u00f3n consciente. A trav\u00e9s de &hellip; <a href=\"https:\/\/www.alqueria.es\/blogs\/alqueriarojaverde\/2025\/04\/22\/semana-de-la-lectura-2025-segunda-jornada\/\" class=\"more-link\">Seguir leyendo <span class=\"screen-reader-text\">SEMANA DE LA LECTURA 2025. SEGUNDA JORNADA<\/span> <span class=\"meta-nav\">&rarr;<\/span><\/a><\/p>\n","protected":false},"author":19,"featured_media":0,"comment_status":"open","ping_status":"open","sticky":false,"template":"","format":"standard","meta":{"jetpack_post_was_ever_published":false,"_jetpack_newsletter_access":"","_jetpack_dont_email_post_to_subs":false,"_jetpack_newsletter_tier_id":0,"_jetpack_memberships_contains_paywalled_content":false,"_jetpack_memberships_contains_paid_content":false,"footnotes":"","jetpack_publicize_message":"","jetpack_publicize_feature_enabled":true,"jetpack_social_post_already_shared":true,"jetpack_social_options":{"image_generator_settings":{"template":"highway","default_image_id":0,"font":"","enabled":false},"version":2}},"categories":[22,23,6,7,13,1611],"tags":[1936,1929,1935],"class_list":["post-53418","post","type-post","status-publish","format-standard","hentry","category-actividades-especiales-y-salidas-clase-roja","category-actividades-especiales-y-salidas-clase-verde","category-clase-roja-4-5-anos","category-clase-verde-5-6-anos","category-inicio","category-semana-de-la-lectura-clase-roja-y-clase-verde","tag-cuento-adaptado-un-amigo-como-tu-pictogramas","tag-semana-de-la-lectura-2025","tag-yoguicuento-luna-y-el-tesoro-magico"],"jetpack_publicize_connections":[],"jetpack_featured_media_url":"","jetpack_sharing_enabled":true,"jetpack_shortlink":"https:\/\/wp.me\/p4lFbP-dTA","_links":{"self":[{"href":"https:\/\/www.alqueria.es\/blogs\/alqueriarojaverde\/wp-json\/wp\/v2\/posts\/53418","targetHints":{"allow":["GET"]}}],"collection":[{"href":"https:\/\/www.alqueria.es\/blogs\/alqueriarojaverde\/wp-json\/wp\/v2\/posts"}],"about":[{"href":"https:\/\/www.alqueria.es\/blogs\/alqueriarojaverde\/wp-json\/wp\/v2\/types\/post"}],"author":[{"embeddable":true,"href":"https:\/\/www.alqueria.es\/blogs\/alqueriarojaverde\/wp-json\/wp\/v2\/users\/19"}],"replies":[{"embeddable":true,"href":"https:\/\/www.alqueria.es\/blogs\/alqueriarojaverde\/wp-json\/wp\/v2\/comments?post=53418"}],"version-history":[{"count":3,"href":"https:\/\/www.alqueria.es\/blogs\/alqueriarojaverde\/wp-json\/wp\/v2\/posts\/53418\/revisions"}],"predecessor-version":[{"id":53538,"href":"https:\/\/www.alqueria.es\/blogs\/alqueriarojaverde\/wp-json\/wp\/v2\/posts\/53418\/revisions\/53538"}],"wp:attachment":[{"href":"https:\/\/www.alqueria.es\/blogs\/alqueriarojaverde\/wp-json\/wp\/v2\/media?parent=53418"}],"wp:term":[{"taxonomy":"category","embeddable":true,"href":"https:\/\/www.alqueria.es\/blogs\/alqueriarojaverde\/wp-json\/wp\/v2\/categories?post=53418"},{"taxonomy":"post_tag","embeddable":true,"href":"https:\/\/www.alqueria.es\/blogs\/alqueriarojaverde\/wp-json\/wp\/v2\/tags?post=53418"}],"curies":[{"name":"wp","href":"https:\/\/api.w.org\/{rel}","templated":true}]}}