{"id":54491,"date":"2025-06-03T19:05:34","date_gmt":"2025-06-03T17:05:34","guid":{"rendered":"https:\/\/www.alqueria.es\/blogs\/alqueriarojaverde\/?p=54491"},"modified":"2025-06-03T19:05:34","modified_gmt":"2025-06-03T17:05:34","slug":"nos-preparamos-para-la-fiesta-de-fin-de-curso-la-musica","status":"publish","type":"post","link":"https:\/\/www.alqueria.es\/blogs\/alqueriarojaverde\/2025\/06\/03\/nos-preparamos-para-la-fiesta-de-fin-de-curso-la-musica\/","title":{"rendered":"\u00a1NOS PREPARAMOS PARA LA FIESTA DE FIN DE CURSO: LA M\u00daSICA\u00bb"},"content":{"rendered":"<p><img data-recalc-dims=\"1\" decoding=\"async\" data-attachment-id=\"54492\" data-permalink=\"https:\/\/www.alqueria.es\/blogs\/alqueriarojaverde\/2025\/06\/03\/nos-preparamos-para-la-fiesta-de-fin-de-curso-la-musica\/images-86\/\" data-orig-file=\"https:\/\/i0.wp.com\/cloud.alqueria.es\/wp-content\/uploads\/sites\/8\/2025\/06\/images.jpg?fit=267%2C188&amp;ssl=1\" data-orig-size=\"267,188\" data-comments-opened=\"1\" data-image-meta=\"{&quot;aperture&quot;:&quot;0&quot;,&quot;credit&quot;:&quot;&quot;,&quot;camera&quot;:&quot;&quot;,&quot;caption&quot;:&quot;&quot;,&quot;created_timestamp&quot;:&quot;0&quot;,&quot;copyright&quot;:&quot;&quot;,&quot;focal_length&quot;:&quot;0&quot;,&quot;iso&quot;:&quot;0&quot;,&quot;shutter_speed&quot;:&quot;0&quot;,&quot;title&quot;:&quot;&quot;,&quot;orientation&quot;:&quot;0&quot;}\" data-image-title=\"images\" data-image-description=\"\" data-image-caption=\"\" data-large-file=\"https:\/\/i0.wp.com\/cloud.alqueria.es\/wp-content\/uploads\/sites\/8\/2025\/06\/images.jpg?fit=267%2C188&amp;ssl=1\" class=\"alignleft size-full wp-image-54492\" src=\"https:\/\/i0.wp.com\/cloud.alqueria.es\/wp-content\/uploads\/sites\/8\/2025\/06\/images.jpg?resize=267%2C188&#038;ssl=1\" alt=\"\" width=\"267\" height=\"188\" \/>Queridas familias,<\/p>\n<p>Se acerca la <strong><span style=\"color: #ff00ff\">fiesta de fin de curso<\/span> <\/strong>de nuestro centro y como no pod\u00eda ser de otra forma, el trabajo en las aulas sobre la tem\u00e1tica en cuesti\u00f3n, pasa a formar parte de la programaci\u00f3n y disfrute de estos d\u00edas previos.<\/p>\n<p>El equipo docente lleva trabajando en su organizaci\u00f3n, decoraci\u00f3n y planificaci\u00f3n varias semanas ya. Los que la hab\u00e9is vivido otros a\u00f1os sab\u00e9is de la envergadura de la misma y tambi\u00e9n del despliegue de decoraci\u00f3n que conlleva. <strong>Qued\u00e1is invitados a colaborar con nosotros en el montaje de la misma, el viernes tarde o el s\u00e1bado por la ma\u00f1ana<\/strong> (los que pod\u00e1is, hac\u00e9dmelo saber para poder organizar tareas).<\/p>\n<p>Tal y como os dije en la anterior entrada, durante esta semana el <em><strong><span style=\"color: #008000\">grupo verde<\/span><\/strong><\/em> se acercar\u00e1 al trabajo de contenidos asociados a la tem\u00e1tica de la fiesta, aunque \u00e9stos se llevan trabajando todo el curso, dentro del \u00e1rea de m\u00fasica.<\/p>\n<p><img data-recalc-dims=\"1\" decoding=\"async\" data-attachment-id=\"54496\" data-permalink=\"https:\/\/www.alqueria.es\/blogs\/alqueriarojaverde\/2025\/06\/03\/nos-preparamos-para-la-fiesta-de-fin-de-curso-la-musica\/img-20250603-wa0037\/\" data-orig-file=\"https:\/\/i0.wp.com\/cloud.alqueria.es\/wp-content\/uploads\/sites\/8\/2025\/06\/IMG-20250603-WA0037.jpg?fit=1904%2C2048&amp;ssl=1\" data-orig-size=\"1904,2048\" data-comments-opened=\"1\" data-image-meta=\"{&quot;aperture&quot;:&quot;0&quot;,&quot;credit&quot;:&quot;&quot;,&quot;camera&quot;:&quot;&quot;,&quot;caption&quot;:&quot;&quot;,&quot;created_timestamp&quot;:&quot;0&quot;,&quot;copyright&quot;:&quot;&quot;,&quot;focal_length&quot;:&quot;0&quot;,&quot;iso&quot;:&quot;0&quot;,&quot;shutter_speed&quot;:&quot;0&quot;,&quot;title&quot;:&quot;&quot;,&quot;orientation&quot;:&quot;0&quot;}\" data-image-title=\"IMG-20250603-WA0037\" data-image-description=\"\" data-image-caption=\"\" data-large-file=\"https:\/\/i0.wp.com\/cloud.alqueria.es\/wp-content\/uploads\/sites\/8\/2025\/06\/IMG-20250603-WA0037.jpg?fit=474%2C510&amp;ssl=1\" class=\"alignright size-medium wp-image-54496\" src=\"https:\/\/i0.wp.com\/cloud.alqueria.es\/wp-content\/uploads\/sites\/8\/2025\/06\/IMG-20250603-WA0037-279x300.jpg?resize=279%2C300&#038;ssl=1\" alt=\"\" width=\"279\" height=\"300\" srcset=\"https:\/\/cloud.alqueria.es\/wp-content\/uploads\/sites\/8\/2025\/06\/IMG-20250603-WA0037.jpg 279w, https:\/\/cloud.alqueria.es\/wp-content\/uploads\/sites\/8\/2025\/06\/IMG-20250603-WA0037.jpg 952w, https:\/\/cloud.alqueria.es\/wp-content\/uploads\/sites\/8\/2025\/06\/IMG-20250603-WA0037.jpg 768w, https:\/\/cloud.alqueria.es\/wp-content\/uploads\/sites\/8\/2025\/06\/IMG-20250603-WA0037.jpg 1428w, https:\/\/cloud.alqueria.es\/wp-content\/uploads\/sites\/8\/2025\/06\/IMG-20250603-WA0037.jpg 1904w\" sizes=\"(max-width: 279px) 100vw, 279px\" \/>Hemos comenzado dando lectura a un<strong><span style=\"color: #0000ff\"> \u00abcuento con sonidos\u00bb,<\/span><\/strong> sobre la tradicional historia de <em><span style=\"color: #0000ff\">\u00abLos tres cerditos\u00bb,<\/span><\/em> que ha aportado\u00a0<strong><span style=\"color: #0000ff\">Rio<\/span><\/strong>. Acompa\u00f1ar la narraci\u00f3n con sonidos, canciones, melod\u00edas, onomatopeyas&#8230; enriquece sin duda alguna tanto <em><strong>la escucha<\/strong><\/em> como <em><strong>la motivaci\u00f3<\/strong><strong>n<\/strong><\/em> y mejora ostensiblemente la <em><strong>atenci\u00f3n sostenida<\/strong><\/em> y la <em><strong>retenci\u00f3n de informaci\u00f3n<\/strong><\/em>. Es un excelente recurso educativo que permite integrar habilidades cognitivas, ling\u00fc\u00edsticas, emocionales y creativas. Entre otras cosas:<\/p>\n<ul>\n<li>Facilita la <em><strong>concentraci\u00f3n<\/strong><\/em>, la escucha atenta y la interiorizaci\u00f3n de la trama del cuento.<\/li>\n<li>Estimula la <em><strong>creatividad<\/strong> <strong>narrativa,<\/strong><\/em> ya que los sonidos evocan distintos escenarios mentales.<\/li>\n<li>Potencia la <em><strong>imaginaci\u00f3n<\/strong><\/em>, ya que nos permite asociar sonidos con acciones y\/o personajes, as\u00ed como participar activamente en el cuento.<\/li>\n<li>Favorece enormemente el <em><strong>desarrollo del lenguaje<\/strong><\/em>, en cuanto a la interiorizaci\u00f3n de la prosodia del habla (entonaci\u00f3n, pausas&#8230;) . Aspectos clave para conseguir fluidez verbal.<\/li>\n<li>Contribuye a la <em><strong>ampliaci\u00f3n de vocabulario<\/strong><\/em>, de una forma contextualizada y significativa.<\/li>\n<li>Trabaja el <em><strong>desarrollo sensorial y cognitivo<\/strong><\/em>, mediante la discriminacion de distintos tipos de sonidos y la consecuente afinaci\u00f3n en cuanto a percepci\u00f3n auditiva.<\/li>\n<\/ul>\n<p>Como veis algo muy sencillo, y alcance de todos, puede convertirse (con el conocimiento y el uso adecuado) en un extraordinario recurso educativo.<\/p>\n<p><img data-recalc-dims=\"1\" decoding=\"async\" data-attachment-id=\"54506\" data-permalink=\"https:\/\/www.alqueria.es\/blogs\/alqueriarojaverde\/2025\/06\/03\/nos-preparamos-para-la-fiesta-de-fin-de-curso-la-musica\/carnaval-animales\/\" data-orig-file=\"https:\/\/i0.wp.com\/cloud.alqueria.es\/wp-content\/uploads\/sites\/8\/2025\/06\/carnaval-animales.jpg?fit=235%2C169&amp;ssl=1\" data-orig-size=\"235,169\" data-comments-opened=\"1\" data-image-meta=\"{&quot;aperture&quot;:&quot;0&quot;,&quot;credit&quot;:&quot;&quot;,&quot;camera&quot;:&quot;&quot;,&quot;caption&quot;:&quot;&quot;,&quot;created_timestamp&quot;:&quot;0&quot;,&quot;copyright&quot;:&quot;&quot;,&quot;focal_length&quot;:&quot;0&quot;,&quot;iso&quot;:&quot;0&quot;,&quot;shutter_speed&quot;:&quot;0&quot;,&quot;title&quot;:&quot;&quot;,&quot;orientation&quot;:&quot;0&quot;}\" data-image-title=\"carnaval animales\" data-image-description=\"\" data-image-caption=\"\" data-large-file=\"https:\/\/i0.wp.com\/cloud.alqueria.es\/wp-content\/uploads\/sites\/8\/2025\/06\/carnaval-animales.jpg?fit=235%2C169&amp;ssl=1\" class=\"alignleft size-full wp-image-54506\" src=\"https:\/\/i0.wp.com\/cloud.alqueria.es\/wp-content\/uploads\/sites\/8\/2025\/06\/carnaval-animales.jpg?resize=235%2C169&#038;ssl=1\" alt=\"\" width=\"235\" height=\"169\" \/>Tambi\u00e9n \u00a0dedicamos un ratito a conocer la obra musical<strong><span style=\"color: #ff00ff\"> \u00abEl carnaval de los animales\u00bb de Camile Saint-Sa\u00ebns \u00a0<\/span><\/strong><span style=\"color: #ff00ff\">a trav\u00e9s <\/span><span style=\"color: #ff00ff\">del espect\u00e1culo multimedia<\/span><span style=\"color: #333333\"> que os enlazo a continuaci\u00f3n.<\/span><\/p>\n<p>Una divertida pieza, muy utilizada tanto para la educaci\u00f3n musical y auditiva, como para la expresi\u00f3n \u00a0corporal, el lenguaje e incluso la educaci\u00f3n emocional.<\/p>\n<p>Nos ha gustado conocer las distintas familias de instrumentos que existen y tambi\u00e9n reconocer los diferentes timbres utilizados para \u00abimitar\u00bb a los animales&#8230;\u00a0La distinci\u00f3n entre piezas r\u00e1pidas y lentas y la asociaci\u00f3n de fragmentos musicales con determinados animales, ha sido otra de las actividades realizadas, a trav\u00e9s de esta audici\u00f3n.<\/p>\n<p><span class=\"embed-youtube\" style=\"text-align:center; display: block;\"><div class=\"a25-CTUOC-hidding-box\" data-original-content=\"&lt;iframe loading=&quot;lazy&quot; class=&quot;youtube-player&quot; width=&quot;474&quot; height=&quot;267&quot; src=&quot;https:\/\/www.youtube.com\/embed\/obzbLu3sLyM?version=3&amp;#038;rel=1&amp;#038;showsearch=0&amp;#038;showinfo=1&amp;#038;iv_load_policy=1&amp;#038;fs=1&amp;#038;hl=es-ES&amp;#038;autohide=2&amp;#038;wmode=transparent&quot; allowfullscreen=&quot;true&quot; style=&quot;border:0;&quot; sandbox=&quot;allow-scripts allow-same-origin allow-popups allow-presentation allow-popups-to-escape-sandbox&quot;&gt;&lt;\/iframe&gt;\">Esta p\u00e1gina incluye contenido multimedia que requiere aceptar todas las cookies. Pulse aqu\u00ed para abrir la configuraci\u00f3n de cookies.<\/div><\/span><\/p>\n<p><img data-recalc-dims=\"1\" decoding=\"async\" data-attachment-id=\"54498\" data-permalink=\"https:\/\/www.alqueria.es\/blogs\/alqueriarojaverde\/2025\/06\/03\/nos-preparamos-para-la-fiesta-de-fin-de-curso-la-musica\/img-20250603-wa0010\/\" data-orig-file=\"https:\/\/i0.wp.com\/cloud.alqueria.es\/wp-content\/uploads\/sites\/8\/2025\/06\/IMG-20250603-WA0010.jpg?fit=2040%2C1148&amp;ssl=1\" data-orig-size=\"2040,1148\" data-comments-opened=\"1\" data-image-meta=\"{&quot;aperture&quot;:&quot;0&quot;,&quot;credit&quot;:&quot;&quot;,&quot;camera&quot;:&quot;&quot;,&quot;caption&quot;:&quot;&quot;,&quot;created_timestamp&quot;:&quot;0&quot;,&quot;copyright&quot;:&quot;&quot;,&quot;focal_length&quot;:&quot;0&quot;,&quot;iso&quot;:&quot;0&quot;,&quot;shutter_speed&quot;:&quot;0&quot;,&quot;title&quot;:&quot;&quot;,&quot;orientation&quot;:&quot;0&quot;}\" data-image-title=\"IMG-20250603-WA0010\" data-image-description=\"\" data-image-caption=\"\" data-large-file=\"https:\/\/i0.wp.com\/cloud.alqueria.es\/wp-content\/uploads\/sites\/8\/2025\/06\/IMG-20250603-WA0010.jpg?fit=474%2C267&amp;ssl=1\" class=\"alignright size-medium wp-image-54498\" src=\"https:\/\/i0.wp.com\/cloud.alqueria.es\/wp-content\/uploads\/sites\/8\/2025\/06\/IMG-20250603-WA0010-300x169.jpg?resize=300%2C169&#038;ssl=1\" alt=\"\" width=\"300\" height=\"169\" srcset=\"https:\/\/cloud.alqueria.es\/wp-content\/uploads\/sites\/8\/2025\/06\/IMG-20250603-WA0010.jpg 300w, https:\/\/cloud.alqueria.es\/wp-content\/uploads\/sites\/8\/2025\/06\/IMG-20250603-WA0010.jpg 1024w, https:\/\/cloud.alqueria.es\/wp-content\/uploads\/sites\/8\/2025\/06\/IMG-20250603-WA0010.jpg 768w, https:\/\/cloud.alqueria.es\/wp-content\/uploads\/sites\/8\/2025\/06\/IMG-20250603-WA0010.jpg 1536w, https:\/\/cloud.alqueria.es\/wp-content\/uploads\/sites\/8\/2025\/06\/IMG-20250603-WA0010.jpg 2040w, https:\/\/cloud.alqueria.es\/wp-content\/uploads\/sites\/8\/2025\/06\/IMG-20250603-WA0010.jpg 948w, https:\/\/cloud.alqueria.es\/wp-content\/uploads\/sites\/8\/2025\/06\/IMG-20250603-WA0010.jpg 1422w\" sizes=\"(max-width: 300px) 100vw, 300px\" \/>El juego en clase se ha enfocado a la <strong><span style=\"color: #ff0000\">escenificaci\u00f3n de \u00abconciertos\u00bb.<\/span> <\/strong>\u00a0Ayer, un peque\u00f1o grupo escogi\u00f3 realizar el concierto (cantantes y m\u00fasicos) y otro grupo prefiri\u00f3 asistir como p\u00fablico. Cantaron y tocaron varias canciones conocidas por todos, de diferentes g\u00e9neros musicales y hasta se atrevieron con algunas en idiomas diferentes al castellano.<\/p>\n<div class=\"tiled-gallery type-rectangular tiled-gallery-unresized\" data-original-width=\"474\" data-carousel-extra='{&quot;blog_id&quot;:8,&quot;permalink&quot;:&quot;https:\\\/\\\/www.alqueria.es\\\/blogs\\\/alqueriarojaverde\\\/2025\\\/06\\\/03\\\/nos-preparamos-para-la-fiesta-de-fin-de-curso-la-musica\\\/&quot;,&quot;likes_blog_id&quot;:64268569}' itemscope itemtype=\"http:\/\/schema.org\/ImageGallery\" > <div class=\"gallery-row\" style=\"width: 474px; height: 135px;\" data-original-width=\"474\" data-original-height=\"135\" > <div class=\"gallery-group images-1\" style=\"width: 237px; height: 135px;\" data-original-width=\"237\" data-original-height=\"135\" > <div class=\"tiled-gallery-item tiled-gallery-item-small\" itemprop=\"associatedMedia\" itemscope itemtype=\"http:\/\/schema.org\/ImageObject\"> <meta itemprop=\"width\" content=\"233\"> <meta itemprop=\"height\" content=\"131\"> <img decoding=\"async\" class=\"\" data-attachment-id=\"54497\" data-orig-file=\"https:\/\/cloud.alqueria.es\/wp-content\/uploads\/sites\/8\/2025\/06\/IMG-20250603-WA0012.jpg\" data-orig-size=\"2040,1148\" data-comments-opened=\"1\" data-image-meta=\"{&quot;aperture&quot;:&quot;0&quot;,&quot;credit&quot;:&quot;&quot;,&quot;camera&quot;:&quot;&quot;,&quot;caption&quot;:&quot;&quot;,&quot;created_timestamp&quot;:&quot;0&quot;,&quot;copyright&quot;:&quot;&quot;,&quot;focal_length&quot;:&quot;0&quot;,&quot;iso&quot;:&quot;0&quot;,&quot;shutter_speed&quot;:&quot;0&quot;,&quot;title&quot;:&quot;&quot;,&quot;orientation&quot;:&quot;0&quot;}\" data-image-title=\"IMG-20250603-WA0012\" data-image-description=\"\" data-medium-file=\"https:\/\/i0.wp.com\/cloud.alqueria.es\/wp-content\/uploads\/sites\/8\/2025\/06\/IMG-20250603-WA0012.jpg?fit=300%2C169&#038;ssl=1\" data-large-file=\"https:\/\/i0.wp.com\/cloud.alqueria.es\/wp-content\/uploads\/sites\/8\/2025\/06\/IMG-20250603-WA0012.jpg?fit=474%2C267&#038;ssl=1\" src=\"https:\/\/i0.wp.com\/cloud.alqueria.es\/wp-content\/uploads\/sites\/8\/2025\/06\/IMG-20250603-WA0012.jpg?w=233&#038;h=131&#038;ssl=1\" srcset=\"https:\/\/cloud.alqueria.es\/wp-content\/uploads\/sites\/8\/2025\/06\/IMG-20250603-WA0012.jpg 2040w, https:\/\/cloud.alqueria.es\/wp-content\/uploads\/sites\/8\/2025\/06\/IMG-20250603-WA0012.jpg 300w, https:\/\/cloud.alqueria.es\/wp-content\/uploads\/sites\/8\/2025\/06\/IMG-20250603-WA0012.jpg 1024w, https:\/\/cloud.alqueria.es\/wp-content\/uploads\/sites\/8\/2025\/06\/IMG-20250603-WA0012.jpg 768w, https:\/\/cloud.alqueria.es\/wp-content\/uploads\/sites\/8\/2025\/06\/IMG-20250603-WA0012.jpg 1536w, https:\/\/cloud.alqueria.es\/wp-content\/uploads\/sites\/8\/2025\/06\/IMG-20250603-WA0012.jpg 948w, https:\/\/cloud.alqueria.es\/wp-content\/uploads\/sites\/8\/2025\/06\/IMG-20250603-WA0012.jpg 1422w\" width=\"233\" height=\"131\" loading=\"lazy\" data-original-width=\"233\" data-original-height=\"131\" itemprop=\"http:\/\/schema.org\/image\" title=\"IMG-20250603-WA0012\" alt=\"IMG-20250603-WA0012\" style=\"width: 233px; height: 131px;\" \/> <\/div> <\/div> <!-- close group --> <div class=\"gallery-group images-1\" style=\"width: 237px; height: 135px;\" data-original-width=\"237\" data-original-height=\"135\" > <div class=\"tiled-gallery-item tiled-gallery-item-small\" itemprop=\"associatedMedia\" itemscope itemtype=\"http:\/\/schema.org\/ImageObject\"> <meta itemprop=\"width\" content=\"233\"> <meta itemprop=\"height\" content=\"131\"> <img decoding=\"async\" class=\"\" data-attachment-id=\"54499\" data-orig-file=\"https:\/\/cloud.alqueria.es\/wp-content\/uploads\/sites\/8\/2025\/06\/IMG-20250603-WA0009.jpg\" data-orig-size=\"2040,1148\" data-comments-opened=\"1\" data-image-meta=\"{&quot;aperture&quot;:&quot;0&quot;,&quot;credit&quot;:&quot;&quot;,&quot;camera&quot;:&quot;&quot;,&quot;caption&quot;:&quot;&quot;,&quot;created_timestamp&quot;:&quot;0&quot;,&quot;copyright&quot;:&quot;&quot;,&quot;focal_length&quot;:&quot;0&quot;,&quot;iso&quot;:&quot;0&quot;,&quot;shutter_speed&quot;:&quot;0&quot;,&quot;title&quot;:&quot;&quot;,&quot;orientation&quot;:&quot;0&quot;}\" data-image-title=\"IMG-20250603-WA0009\" data-image-description=\"\" data-medium-file=\"https:\/\/i0.wp.com\/cloud.alqueria.es\/wp-content\/uploads\/sites\/8\/2025\/06\/IMG-20250603-WA0009.jpg?fit=300%2C169&#038;ssl=1\" data-large-file=\"https:\/\/i0.wp.com\/cloud.alqueria.es\/wp-content\/uploads\/sites\/8\/2025\/06\/IMG-20250603-WA0009.jpg?fit=474%2C267&#038;ssl=1\" src=\"https:\/\/i0.wp.com\/cloud.alqueria.es\/wp-content\/uploads\/sites\/8\/2025\/06\/IMG-20250603-WA0009.jpg?w=233&#038;h=131&#038;ssl=1\" srcset=\"https:\/\/cloud.alqueria.es\/wp-content\/uploads\/sites\/8\/2025\/06\/IMG-20250603-WA0009.jpg 2040w, https:\/\/cloud.alqueria.es\/wp-content\/uploads\/sites\/8\/2025\/06\/IMG-20250603-WA0009.jpg 300w, https:\/\/cloud.alqueria.es\/wp-content\/uploads\/sites\/8\/2025\/06\/IMG-20250603-WA0009.jpg 1024w, https:\/\/cloud.alqueria.es\/wp-content\/uploads\/sites\/8\/2025\/06\/IMG-20250603-WA0009.jpg 768w, https:\/\/cloud.alqueria.es\/wp-content\/uploads\/sites\/8\/2025\/06\/IMG-20250603-WA0009.jpg 1536w, https:\/\/cloud.alqueria.es\/wp-content\/uploads\/sites\/8\/2025\/06\/IMG-20250603-WA0009.jpg 948w, https:\/\/cloud.alqueria.es\/wp-content\/uploads\/sites\/8\/2025\/06\/IMG-20250603-WA0009.jpg 1422w\" width=\"233\" height=\"131\" loading=\"lazy\" data-original-width=\"233\" data-original-height=\"131\" itemprop=\"http:\/\/schema.org\/image\" title=\"IMG-20250603-WA0009\" alt=\"IMG-20250603-WA0009\" style=\"width: 233px; height: 131px;\" \/> <\/div> <\/div> <!-- close group --> <\/div> <!-- close row --> <\/div>\n<p style=\"text-align: center\"><span style=\"color: #ff0000\"><strong>\u00a1Menudo elenco de artistas!<\/strong><\/span><\/p>\n<p><img data-recalc-dims=\"1\" decoding=\"async\" data-attachment-id=\"54500\" data-permalink=\"https:\/\/www.alqueria.es\/blogs\/alqueriarojaverde\/2025\/06\/03\/nos-preparamos-para-la-fiesta-de-fin-de-curso-la-musica\/img-20250603-wa0008\/\" data-orig-file=\"https:\/\/i0.wp.com\/cloud.alqueria.es\/wp-content\/uploads\/sites\/8\/2025\/06\/IMG-20250603-WA0008.jpg?fit=2040%2C1148&amp;ssl=1\" data-orig-size=\"2040,1148\" data-comments-opened=\"1\" data-image-meta=\"{&quot;aperture&quot;:&quot;0&quot;,&quot;credit&quot;:&quot;&quot;,&quot;camera&quot;:&quot;&quot;,&quot;caption&quot;:&quot;&quot;,&quot;created_timestamp&quot;:&quot;0&quot;,&quot;copyright&quot;:&quot;&quot;,&quot;focal_length&quot;:&quot;0&quot;,&quot;iso&quot;:&quot;0&quot;,&quot;shutter_speed&quot;:&quot;0&quot;,&quot;title&quot;:&quot;&quot;,&quot;orientation&quot;:&quot;0&quot;}\" data-image-title=\"IMG-20250603-WA0008\" data-image-description=\"\" data-image-caption=\"\" data-large-file=\"https:\/\/i0.wp.com\/cloud.alqueria.es\/wp-content\/uploads\/sites\/8\/2025\/06\/IMG-20250603-WA0008.jpg?fit=474%2C267&amp;ssl=1\" class=\"alignleft size-medium wp-image-54500\" src=\"https:\/\/i0.wp.com\/cloud.alqueria.es\/wp-content\/uploads\/sites\/8\/2025\/06\/IMG-20250603-WA0008-300x169.jpg?resize=300%2C169&#038;ssl=1\" alt=\"\" width=\"300\" height=\"169\" srcset=\"https:\/\/cloud.alqueria.es\/wp-content\/uploads\/sites\/8\/2025\/06\/IMG-20250603-WA0008.jpg 300w, https:\/\/cloud.alqueria.es\/wp-content\/uploads\/sites\/8\/2025\/06\/IMG-20250603-WA0008.jpg 1024w, https:\/\/cloud.alqueria.es\/wp-content\/uploads\/sites\/8\/2025\/06\/IMG-20250603-WA0008.jpg 768w, https:\/\/cloud.alqueria.es\/wp-content\/uploads\/sites\/8\/2025\/06\/IMG-20250603-WA0008.jpg 1536w, https:\/\/cloud.alqueria.es\/wp-content\/uploads\/sites\/8\/2025\/06\/IMG-20250603-WA0008.jpg 2040w, https:\/\/cloud.alqueria.es\/wp-content\/uploads\/sites\/8\/2025\/06\/IMG-20250603-WA0008.jpg 948w, https:\/\/cloud.alqueria.es\/wp-content\/uploads\/sites\/8\/2025\/06\/IMG-20250603-WA0008.jpg 1422w\" sizes=\"(max-width: 300px) 100vw, 300px\" \/>Aprovecho esta entrada para informaros de una posible colaboraci\u00f3n con el alumnado de <strong><span style=\"color: #800080\">3\u00baEPO<\/span><\/strong> y su proyecto de <em><strong><span style=\"color: #800080\">\u00abemprendimiento social\u00bb<\/span> <\/strong><\/em>de este curso. Ayer nos visitaron para explicarnos que han dise\u00f1ado una actividad de participaci\u00f3n para todo el alumnado del centro, desde la clase naranja hasta sexto de primaria. Consiste en una actividad de trueque, en la que intercambian \u00e1rboles de nuestro colegio (que ellos mismos han transplantado y cuidado durante meses) con zapatos que est\u00e9n en buen estado y ya no se necesiten. El destino de dichas prendas de ropa es el S\u00e1hara y han llamado a la actividad \u00abVamos a calzar al ciempi\u00e9s del S\u00e1hara\u00bb.<\/p>\n<p>Se realizar\u00e1 el <span style=\"color: #800080\">jueves d\u00eda 5 de junio,<\/span> coincidiendo con la celebraci\u00f3n del d\u00eda Mundial del Medioambiente. La participaci\u00f3n es voluntaria, ya que no disponen de ejemplares suficientes para todo el alumnado del colegio.<\/p>\n<div class=\"tiled-gallery type-rectangular tiled-gallery-unresized\" data-original-width=\"474\" data-carousel-extra='{&quot;blog_id&quot;:8,&quot;permalink&quot;:&quot;https:\\\/\\\/www.alqueria.es\\\/blogs\\\/alqueriarojaverde\\\/2025\\\/06\\\/03\\\/nos-preparamos-para-la-fiesta-de-fin-de-curso-la-musica\\\/&quot;,&quot;likes_blog_id&quot;:64268569}' itemscope itemtype=\"http:\/\/schema.org\/ImageGallery\" > <div class=\"gallery-row\" style=\"width: 474px; height: 203px;\" data-original-width=\"474\" data-original-height=\"203\" > <div class=\"gallery-group images-1\" style=\"width: 140px; height: 203px;\" data-original-width=\"140\" data-original-height=\"203\" > <div class=\"tiled-gallery-item tiled-gallery-item-small\" itemprop=\"associatedMedia\" itemscope itemtype=\"http:\/\/schema.org\/ImageObject\"> <meta itemprop=\"width\" content=\"136\"> <meta itemprop=\"height\" content=\"199\"> <img decoding=\"async\" class=\"\" data-attachment-id=\"54501\" data-orig-file=\"https:\/\/cloud.alqueria.es\/wp-content\/uploads\/sites\/8\/2025\/06\/IMG-20250603-WA0006.jpg\" data-orig-size=\"1147,1674\" data-comments-opened=\"1\" data-image-meta=\"{&quot;aperture&quot;:&quot;0&quot;,&quot;credit&quot;:&quot;&quot;,&quot;camera&quot;:&quot;&quot;,&quot;caption&quot;:&quot;&quot;,&quot;created_timestamp&quot;:&quot;0&quot;,&quot;copyright&quot;:&quot;&quot;,&quot;focal_length&quot;:&quot;0&quot;,&quot;iso&quot;:&quot;0&quot;,&quot;shutter_speed&quot;:&quot;0&quot;,&quot;title&quot;:&quot;&quot;,&quot;orientation&quot;:&quot;0&quot;}\" data-image-title=\"IMG-20250603-WA0006\" data-image-description=\"\" data-medium-file=\"https:\/\/i0.wp.com\/cloud.alqueria.es\/wp-content\/uploads\/sites\/8\/2025\/06\/IMG-20250603-WA0006.jpg?fit=206%2C300&#038;ssl=1\" data-large-file=\"https:\/\/i0.wp.com\/cloud.alqueria.es\/wp-content\/uploads\/sites\/8\/2025\/06\/IMG-20250603-WA0006.jpg?fit=474%2C691&#038;ssl=1\" src=\"https:\/\/i0.wp.com\/cloud.alqueria.es\/wp-content\/uploads\/sites\/8\/2025\/06\/IMG-20250603-WA0006.jpg?w=136&#038;h=199&#038;ssl=1\" srcset=\"https:\/\/cloud.alqueria.es\/wp-content\/uploads\/sites\/8\/2025\/06\/IMG-20250603-WA0006.jpg 1147w, https:\/\/cloud.alqueria.es\/wp-content\/uploads\/sites\/8\/2025\/06\/IMG-20250603-WA0006.jpg 206w, https:\/\/cloud.alqueria.es\/wp-content\/uploads\/sites\/8\/2025\/06\/IMG-20250603-WA0006.jpg 702w, https:\/\/cloud.alqueria.es\/wp-content\/uploads\/sites\/8\/2025\/06\/IMG-20250603-WA0006.jpg 768w, https:\/\/cloud.alqueria.es\/wp-content\/uploads\/sites\/8\/2025\/06\/IMG-20250603-WA0006.jpg 1052w, https:\/\/cloud.alqueria.es\/wp-content\/uploads\/sites\/8\/2025\/06\/IMG-20250603-WA0006.jpg 948w\" width=\"136\" height=\"199\" loading=\"lazy\" data-original-width=\"136\" data-original-height=\"199\" itemprop=\"http:\/\/schema.org\/image\" title=\"IMG-20250603-WA0006\" alt=\"IMG-20250603-WA0006\" style=\"width: 136px; height: 199px;\" \/> <\/div> <\/div> <!-- close group --> <div class=\"gallery-group images-1\" style=\"width: 334px; height: 203px;\" data-original-width=\"334\" data-original-height=\"203\" > <div class=\"tiled-gallery-item tiled-gallery-item-large\" itemprop=\"associatedMedia\" itemscope itemtype=\"http:\/\/schema.org\/ImageObject\"> <meta itemprop=\"width\" content=\"330\"> <meta itemprop=\"height\" content=\"199\"> <img decoding=\"async\" class=\"\" data-attachment-id=\"54502\" data-orig-file=\"https:\/\/cloud.alqueria.es\/wp-content\/uploads\/sites\/8\/2025\/06\/IMG-20250603-WA0007.jpg\" data-orig-size=\"1904,1148\" data-comments-opened=\"1\" data-image-meta=\"{&quot;aperture&quot;:&quot;0&quot;,&quot;credit&quot;:&quot;&quot;,&quot;camera&quot;:&quot;&quot;,&quot;caption&quot;:&quot;&quot;,&quot;created_timestamp&quot;:&quot;0&quot;,&quot;copyright&quot;:&quot;&quot;,&quot;focal_length&quot;:&quot;0&quot;,&quot;iso&quot;:&quot;0&quot;,&quot;shutter_speed&quot;:&quot;0&quot;,&quot;title&quot;:&quot;&quot;,&quot;orientation&quot;:&quot;0&quot;}\" data-image-title=\"IMG-20250603-WA0007\" data-image-description=\"\" data-medium-file=\"https:\/\/i0.wp.com\/cloud.alqueria.es\/wp-content\/uploads\/sites\/8\/2025\/06\/IMG-20250603-WA0007.jpg?fit=300%2C181&#038;ssl=1\" data-large-file=\"https:\/\/i0.wp.com\/cloud.alqueria.es\/wp-content\/uploads\/sites\/8\/2025\/06\/IMG-20250603-WA0007.jpg?fit=474%2C286&#038;ssl=1\" src=\"https:\/\/i0.wp.com\/cloud.alqueria.es\/wp-content\/uploads\/sites\/8\/2025\/06\/IMG-20250603-WA0007.jpg?w=330&#038;h=199&#038;ssl=1\" srcset=\"https:\/\/cloud.alqueria.es\/wp-content\/uploads\/sites\/8\/2025\/06\/IMG-20250603-WA0007.jpg 1904w, https:\/\/cloud.alqueria.es\/wp-content\/uploads\/sites\/8\/2025\/06\/IMG-20250603-WA0007.jpg 300w, https:\/\/cloud.alqueria.es\/wp-content\/uploads\/sites\/8\/2025\/06\/IMG-20250603-WA0007.jpg 1024w, https:\/\/cloud.alqueria.es\/wp-content\/uploads\/sites\/8\/2025\/06\/IMG-20250603-WA0007.jpg 768w, https:\/\/cloud.alqueria.es\/wp-content\/uploads\/sites\/8\/2025\/06\/IMG-20250603-WA0007.jpg 1536w, https:\/\/cloud.alqueria.es\/wp-content\/uploads\/sites\/8\/2025\/06\/IMG-20250603-WA0007.jpg 948w, https:\/\/cloud.alqueria.es\/wp-content\/uploads\/sites\/8\/2025\/06\/IMG-20250603-WA0007.jpg 1422w\" width=\"330\" height=\"199\" loading=\"lazy\" data-original-width=\"330\" data-original-height=\"199\" itemprop=\"http:\/\/schema.org\/image\" title=\"IMG-20250603-WA0007\" alt=\"IMG-20250603-WA0007\" style=\"width: 330px; height: 199px;\" \/> <\/div> <\/div> <!-- close group --> <\/div> <!-- close row --> <div class=\"gallery-row\" style=\"width: 474px; height: 709px;\" data-original-width=\"474\" data-original-height=\"709\" > <div class=\"gallery-group images-1\" style=\"width: 474px; height: 709px;\" data-original-width=\"474\" data-original-height=\"709\" > <div class=\"tiled-gallery-item tiled-gallery-item-large\" itemprop=\"associatedMedia\" itemscope itemtype=\"http:\/\/schema.org\/ImageObject\"> <meta itemprop=\"width\" content=\"470\"> <meta itemprop=\"height\" content=\"705\"> <img decoding=\"async\" class=\"\" data-attachment-id=\"54503\" data-orig-file=\"https:\/\/cloud.alqueria.es\/wp-content\/uploads\/sites\/8\/2025\/06\/IMG-20250603-WA0005.jpg\" data-orig-size=\"1148,1722\" data-comments-opened=\"1\" data-image-meta=\"{&quot;aperture&quot;:&quot;0&quot;,&quot;credit&quot;:&quot;&quot;,&quot;camera&quot;:&quot;&quot;,&quot;caption&quot;:&quot;&quot;,&quot;created_timestamp&quot;:&quot;0&quot;,&quot;copyright&quot;:&quot;&quot;,&quot;focal_length&quot;:&quot;0&quot;,&quot;iso&quot;:&quot;0&quot;,&quot;shutter_speed&quot;:&quot;0&quot;,&quot;title&quot;:&quot;&quot;,&quot;orientation&quot;:&quot;0&quot;}\" data-image-title=\"IMG-20250603-WA0005\" data-image-description=\"\" data-medium-file=\"https:\/\/i0.wp.com\/cloud.alqueria.es\/wp-content\/uploads\/sites\/8\/2025\/06\/IMG-20250603-WA0005.jpg?fit=200%2C300&#038;ssl=1\" data-large-file=\"https:\/\/i0.wp.com\/cloud.alqueria.es\/wp-content\/uploads\/sites\/8\/2025\/06\/IMG-20250603-WA0005.jpg?fit=474%2C711&#038;ssl=1\" src=\"https:\/\/i0.wp.com\/cloud.alqueria.es\/wp-content\/uploads\/sites\/8\/2025\/06\/IMG-20250603-WA0005.jpg?w=470&#038;h=705&#038;ssl=1\" srcset=\"https:\/\/cloud.alqueria.es\/wp-content\/uploads\/sites\/8\/2025\/06\/IMG-20250603-WA0005.jpg 1148w, https:\/\/cloud.alqueria.es\/wp-content\/uploads\/sites\/8\/2025\/06\/IMG-20250603-WA0005.jpg 200w, https:\/\/cloud.alqueria.es\/wp-content\/uploads\/sites\/8\/2025\/06\/IMG-20250603-WA0005.jpg 683w, https:\/\/cloud.alqueria.es\/wp-content\/uploads\/sites\/8\/2025\/06\/IMG-20250603-WA0005.jpg 768w, https:\/\/cloud.alqueria.es\/wp-content\/uploads\/sites\/8\/2025\/06\/IMG-20250603-WA0005.jpg 1024w, https:\/\/cloud.alqueria.es\/wp-content\/uploads\/sites\/8\/2025\/06\/IMG-20250603-WA0005.jpg 948w\" width=\"470\" height=\"705\" loading=\"lazy\" data-original-width=\"470\" data-original-height=\"705\" itemprop=\"http:\/\/schema.org\/image\" title=\"IMG-20250603-WA0005\" alt=\"IMG-20250603-WA0005\" style=\"width: 470px; height: 705px;\" \/> <\/div> <\/div> <!-- close group --> <\/div> <!-- close row --> <\/div>\n<p><img data-recalc-dims=\"1\" decoding=\"async\" data-attachment-id=\"54507\" data-permalink=\"https:\/\/www.alqueria.es\/blogs\/alqueriarojaverde\/2025\/06\/03\/nos-preparamos-para-la-fiesta-de-fin-de-curso-la-musica\/ninos-nadando-ninos-ninas-traje-bano_99715-182\/\" data-orig-file=\"https:\/\/i0.wp.com\/cloud.alqueria.es\/wp-content\/uploads\/sites\/8\/2025\/06\/ninos-nadando-ninos-ninas-traje-bano_99715-182.jpg?fit=626%2C372&amp;ssl=1\" data-orig-size=\"626,372\" data-comments-opened=\"1\" data-image-meta=\"{&quot;aperture&quot;:&quot;0&quot;,&quot;credit&quot;:&quot;&quot;,&quot;camera&quot;:&quot;&quot;,&quot;caption&quot;:&quot;&quot;,&quot;created_timestamp&quot;:&quot;0&quot;,&quot;copyright&quot;:&quot;&quot;,&quot;focal_length&quot;:&quot;0&quot;,&quot;iso&quot;:&quot;0&quot;,&quot;shutter_speed&quot;:&quot;0&quot;,&quot;title&quot;:&quot;&quot;,&quot;orientation&quot;:&quot;0&quot;}\" data-image-title=\"ninos-nadando-ninos-ninas-traje-bano_99715-182\" data-image-description=\"\" data-image-caption=\"\" data-large-file=\"https:\/\/i0.wp.com\/cloud.alqueria.es\/wp-content\/uploads\/sites\/8\/2025\/06\/ninos-nadando-ninos-ninas-traje-bano_99715-182.jpg?fit=474%2C282&amp;ssl=1\" class=\"alignright size-medium wp-image-54507\" src=\"https:\/\/i0.wp.com\/cloud.alqueria.es\/wp-content\/uploads\/sites\/8\/2025\/06\/ninos-nadando-ninos-ninas-traje-bano_99715-182-300x178.jpg?resize=300%2C178&#038;ssl=1\" alt=\"\" width=\"300\" height=\"178\" srcset=\"https:\/\/cloud.alqueria.es\/wp-content\/uploads\/sites\/8\/2025\/06\/ninos-nadando-ninos-ninas-traje-bano_99715-182.jpg 300w, https:\/\/cloud.alqueria.es\/wp-content\/uploads\/sites\/8\/2025\/06\/ninos-nadando-ninos-ninas-traje-bano_99715-182.jpg 626w\" sizes=\"(max-width: 300px) 100vw, 300px\" \/>Como tenemos el foco puesto en la celebraci\u00f3n de la fiesta de fin de curso y soy consciente que desde principio de curso que se inform\u00f3 (a trav\u00e9s del planing general enviado tras las reuniones de grupo), es probable que lo hay\u00e1is olvidado, os recuerdo que &#8230;\u00a0<strong><span style=\"color: #ff9900\">\u00a1La semana pr\u00f3xima tendremos nuestra especial semana de nataci\u00f3n!<\/span><\/strong><\/p>\n<p>De lunes a jueves visitaremos las instalaciones de la piscina de Arabial, para llevar a cabo una actividad de relaci\u00f3n con el medio acu\u00e1tico, que se inserta dentro de la programaci\u00f3n espec\u00edfica del \u00e1rea de Educaci\u00f3n f\u00edsica.<\/p>\n<p>Todo lo necesario para esos d\u00edas os llegar\u00e1 mediante comunicaci\u00f3n a trav\u00e9s de email, pero ya os adelanto que realizaremos esta semana un taller alfab\u00e9tico en clase, para hacer nuestra particular lista \u00a1que para eso somos mayores!, je.<\/p>\n<p><strong>\u00a1Nos vemos ma\u00f1ana!<\/strong><\/p>\n<p>Esther Justicia.<\/p>\n<p>&nbsp;<\/p>\n<p>&nbsp;<\/p>\n<p>&nbsp;<\/p>\n<p>&nbsp;<\/p>\n<p>&nbsp;<\/p>\n<p>&nbsp;<\/p>\n<p>&nbsp;<\/p>\n<p>&nbsp;<\/p>\n","protected":false},"excerpt":{"rendered":"<p>Queridas familias, Se acerca la fiesta de fin de curso de nuestro centro y como no pod\u00eda ser de otra forma, el trabajo en las aulas sobre la tem\u00e1tica en cuesti\u00f3n, pasa a formar parte de la programaci\u00f3n y disfrute de estos d\u00edas previos. El equipo docente lleva trabajando en su organizaci\u00f3n, decoraci\u00f3n y planificaci\u00f3n &hellip; <a href=\"https:\/\/www.alqueria.es\/blogs\/alqueriarojaverde\/2025\/06\/03\/nos-preparamos-para-la-fiesta-de-fin-de-curso-la-musica\/\" class=\"more-link\">Seguir leyendo <span class=\"screen-reader-text\">\u00a1NOS PREPARAMOS PARA LA FIESTA DE FIN DE CURSO: LA M\u00daSICA\u00bb<\/span> <span class=\"meta-nav\">&rarr;<\/span><\/a><\/p>\n","protected":false},"author":19,"featured_media":0,"comment_status":"open","ping_status":"open","sticky":false,"template":"","format":"standard","meta":{"jetpack_post_was_ever_published":false,"_jetpack_newsletter_access":"","_jetpack_dont_email_post_to_subs":false,"_jetpack_newsletter_tier_id":0,"_jetpack_memberships_contains_paywalled_content":false,"_jetpack_memberships_contains_paid_content":false,"footnotes":"","jetpack_publicize_message":"","jetpack_publicize_feature_enabled":true,"jetpack_social_post_already_shared":true,"jetpack_social_options":{"image_generator_settings":{"template":"highway","default_image_id":0,"font":"","enabled":false},"version":2}},"categories":[7,13],"tags":[],"class_list":["post-54491","post","type-post","status-publish","format-standard","hentry","category-clase-verde-5-6-anos","category-inicio"],"jetpack_publicize_connections":[],"jetpack_featured_media_url":"","jetpack_sharing_enabled":true,"jetpack_shortlink":"https:\/\/wp.me\/p4lFbP-eaT","_links":{"self":[{"href":"https:\/\/www.alqueria.es\/blogs\/alqueriarojaverde\/wp-json\/wp\/v2\/posts\/54491","targetHints":{"allow":["GET"]}}],"collection":[{"href":"https:\/\/www.alqueria.es\/blogs\/alqueriarojaverde\/wp-json\/wp\/v2\/posts"}],"about":[{"href":"https:\/\/www.alqueria.es\/blogs\/alqueriarojaverde\/wp-json\/wp\/v2\/types\/post"}],"author":[{"embeddable":true,"href":"https:\/\/www.alqueria.es\/blogs\/alqueriarojaverde\/wp-json\/wp\/v2\/users\/19"}],"replies":[{"embeddable":true,"href":"https:\/\/www.alqueria.es\/blogs\/alqueriarojaverde\/wp-json\/wp\/v2\/comments?post=54491"}],"version-history":[{"count":6,"href":"https:\/\/www.alqueria.es\/blogs\/alqueriarojaverde\/wp-json\/wp\/v2\/posts\/54491\/revisions"}],"predecessor-version":[{"id":54508,"href":"https:\/\/www.alqueria.es\/blogs\/alqueriarojaverde\/wp-json\/wp\/v2\/posts\/54491\/revisions\/54508"}],"wp:attachment":[{"href":"https:\/\/www.alqueria.es\/blogs\/alqueriarojaverde\/wp-json\/wp\/v2\/media?parent=54491"}],"wp:term":[{"taxonomy":"category","embeddable":true,"href":"https:\/\/www.alqueria.es\/blogs\/alqueriarojaverde\/wp-json\/wp\/v2\/categories?post=54491"},{"taxonomy":"post_tag","embeddable":true,"href":"https:\/\/www.alqueria.es\/blogs\/alqueriarojaverde\/wp-json\/wp\/v2\/tags?post=54491"}],"curies":[{"name":"wp","href":"https:\/\/api.w.org\/{rel}","templated":true}]}}