{"id":55239,"date":"2025-10-22T16:39:13","date_gmt":"2025-10-22T14:39:13","guid":{"rendered":"https:\/\/www.alqueria.es\/blogs\/alqueriarojaverde\/?p=55239"},"modified":"2025-10-22T16:39:13","modified_gmt":"2025-10-22T14:39:13","slug":"conferencia-experto-de-manuel-sobre-los-rios","status":"publish","type":"post","link":"https:\/\/www.alqueria.es\/blogs\/alqueriarojaverde\/2025\/10\/22\/conferencia-experto-de-manuel-sobre-los-rios\/","title":{"rendered":"Conferencia-experto de Manuel sobre los r\u00edos"},"content":{"rendered":"<div class=\"page\" title=\"Page 1\">\n<div class=\"section\">\n<div class=\"layoutArea\">\n<div class=\"column\">\n<p><img data-recalc-dims=\"1\" decoding=\"async\" data-attachment-id=\"55262\" data-permalink=\"https:\/\/www.alqueria.es\/blogs\/alqueriarojaverde\/2025\/10\/22\/conferencia-experto-de-manuel-sobre-los-rios\/paisaje-lago-diseno-plano_52683-76609\/\" data-orig-file=\"https:\/\/i0.wp.com\/cloud.alqueria.es\/wp-content\/uploads\/sites\/8\/2025\/10\/paisaje-lago-diseno-plano_52683-76609.jpg?fit=740%2C493&amp;ssl=1\" data-orig-size=\"740,493\" data-comments-opened=\"1\" data-image-meta=\"{&quot;aperture&quot;:&quot;0&quot;,&quot;credit&quot;:&quot;&quot;,&quot;camera&quot;:&quot;&quot;,&quot;caption&quot;:&quot;&quot;,&quot;created_timestamp&quot;:&quot;0&quot;,&quot;copyright&quot;:&quot;&quot;,&quot;focal_length&quot;:&quot;0&quot;,&quot;iso&quot;:&quot;0&quot;,&quot;shutter_speed&quot;:&quot;0&quot;,&quot;title&quot;:&quot;&quot;,&quot;orientation&quot;:&quot;0&quot;}\" data-image-title=\"paisaje-lago-diseno-plano_52683-76609\" data-image-description=\"\" data-image-caption=\"\" data-large-file=\"https:\/\/i0.wp.com\/cloud.alqueria.es\/wp-content\/uploads\/sites\/8\/2025\/10\/paisaje-lago-diseno-plano_52683-76609.jpg?fit=474%2C316&amp;ssl=1\" class=\"alignleft size-medium wp-image-55262\" src=\"https:\/\/i0.wp.com\/cloud.alqueria.es\/wp-content\/uploads\/sites\/8\/2025\/10\/paisaje-lago-diseno-plano_52683-76609-300x200.jpg?resize=300%2C200&#038;ssl=1\" alt=\"\" width=\"300\" height=\"200\" srcset=\"https:\/\/cloud.alqueria.es\/wp-content\/uploads\/sites\/8\/2025\/10\/paisaje-lago-diseno-plano_52683-76609.jpg 300w, https:\/\/cloud.alqueria.es\/wp-content\/uploads\/sites\/8\/2025\/10\/paisaje-lago-diseno-plano_52683-76609.jpg 740w\" sizes=\"(max-width: 300px) 100vw, 300px\" \/>El jueves pasado, nuestro compa\u00f1ero <strong><span style=\"color: #00ff00\">Manuel<\/span><\/strong> inaugur\u00f3 la actividad de <strong>\u00abconferencia-experto\u00bb<\/strong> escogiendo la tem\u00e1tica <em><strong><span style=\"color: #00ff00\">\u00ablos r\u00edos\u00bb,\u00a0<\/span><\/strong><\/em>para exponer su investigaci\u00f3n al resto del grupo.<\/p>\n<p>Aunque un poquito nervioso, por la gran responsabilidad que conlleva exponer un tema oralmente frente a un grupo de personas,<em>\u00a0\u00a0<\/em>realiz\u00f3 su exposici\u00f3n apoy\u00e1ndose en el trabajo gr\u00e1fico realizado y con gran soltura. Lo m\u00e1s significativo es que su gran sonrisa estuvo presente durante todo el tiempo y no hay m\u00e1s que ver su semblante para comprobar c\u00f3mo lo disfrut\u00f3. Pensemos por un momento:\u00a0<em>\u00bfcu\u00e1ntos de nosotros no nos ponemos nerviosos en esa situaci\u00f3n?<\/em><\/p>\n<p style=\"text-align: center\"><em><strong>\u00a1Aprender a gestionar (y sobrellevar) las sensaciones corporales que acompa\u00f1an a emociones como la incertidumbre, nos proporciona la posibilidad poder afrontar situaciones de aprendizaje como esta!<\/strong><\/em><\/p>\n<p><img data-recalc-dims=\"1\" decoding=\"async\" data-attachment-id=\"55260\" data-permalink=\"https:\/\/www.alqueria.es\/blogs\/alqueriarojaverde\/2025\/10\/22\/conferencia-experto-de-manuel-sobre-los-rios\/img-20251016-wa0007-2\/\" data-orig-file=\"https:\/\/i0.wp.com\/cloud.alqueria.es\/wp-content\/uploads\/sites\/8\/2025\/10\/IMG-20251016-WA0007-1.jpg?fit=900%2C1600&amp;ssl=1\" data-orig-size=\"900,1600\" data-comments-opened=\"1\" data-image-meta=\"{&quot;aperture&quot;:&quot;0&quot;,&quot;credit&quot;:&quot;&quot;,&quot;camera&quot;:&quot;&quot;,&quot;caption&quot;:&quot;&quot;,&quot;created_timestamp&quot;:&quot;0&quot;,&quot;copyright&quot;:&quot;&quot;,&quot;focal_length&quot;:&quot;0&quot;,&quot;iso&quot;:&quot;0&quot;,&quot;shutter_speed&quot;:&quot;0&quot;,&quot;title&quot;:&quot;&quot;,&quot;orientation&quot;:&quot;0&quot;}\" data-image-title=\"IMG-20251016-WA0007\" data-image-description=\"\" data-image-caption=\"\" data-large-file=\"https:\/\/i0.wp.com\/cloud.alqueria.es\/wp-content\/uploads\/sites\/8\/2025\/10\/IMG-20251016-WA0007-1.jpg?fit=474%2C843&amp;ssl=1\" class=\"aligncenter wp-image-55260\" src=\"https:\/\/i0.wp.com\/cloud.alqueria.es\/wp-content\/uploads\/sites\/8\/2025\/10\/IMG-20251016-WA0007-1-576x1024.jpg?resize=336%2C598&#038;ssl=1\" alt=\"\" width=\"336\" height=\"598\" srcset=\"https:\/\/cloud.alqueria.es\/wp-content\/uploads\/sites\/8\/2025\/10\/IMG-20251016-WA0007-1.jpg 576w, https:\/\/cloud.alqueria.es\/wp-content\/uploads\/sites\/8\/2025\/10\/IMG-20251016-WA0007-1.jpg 169w, https:\/\/cloud.alqueria.es\/wp-content\/uploads\/sites\/8\/2025\/10\/IMG-20251016-WA0007-1.jpg 768w, https:\/\/cloud.alqueria.es\/wp-content\/uploads\/sites\/8\/2025\/10\/IMG-20251016-WA0007-1.jpg 864w, https:\/\/cloud.alqueria.es\/wp-content\/uploads\/sites\/8\/2025\/10\/IMG-20251016-WA0007-1.jpg 900w\" sizes=\"(max-width: 336px) 100vw, 336px\" \/><\/p>\n<p style=\"text-align: center\"><span style=\"color: #00ff00\"><strong>\u00a1Enhorabuena Manuel!<\/strong><\/span><\/p>\n<p><img data-recalc-dims=\"1\" decoding=\"async\" data-attachment-id=\"55265\" data-permalink=\"https:\/\/www.alqueria.es\/blogs\/alqueriarojaverde\/2025\/10\/22\/conferencia-experto-de-manuel-sobre-los-rios\/attachment\/1000162229\/\" data-orig-file=\"https:\/\/i0.wp.com\/cloud.alqueria.es\/wp-content\/uploads\/sites\/8\/2025\/10\/1000162229.jpg?fit=1280%2C972&amp;ssl=1\" data-orig-size=\"1280,972\" data-comments-opened=\"1\" data-image-meta=\"{&quot;aperture&quot;:&quot;1.8&quot;,&quot;credit&quot;:&quot;&quot;,&quot;camera&quot;:&quot;SM-A536B&quot;,&quot;caption&quot;:&quot;&quot;,&quot;created_timestamp&quot;:&quot;1761119050&quot;,&quot;copyright&quot;:&quot;&quot;,&quot;focal_length&quot;:&quot;5.23&quot;,&quot;iso&quot;:&quot;400&quot;,&quot;shutter_speed&quot;:&quot;0.03030303030303&quot;,&quot;title&quot;:&quot;&quot;,&quot;orientation&quot;:&quot;1&quot;}\" data-image-title=\"1000162229\" data-image-description=\"\" data-image-caption=\"\" data-large-file=\"https:\/\/i0.wp.com\/cloud.alqueria.es\/wp-content\/uploads\/sites\/8\/2025\/10\/1000162229.jpg?fit=474%2C360&amp;ssl=1\" class=\"alignright size-medium wp-image-55265\" src=\"https:\/\/i0.wp.com\/cloud.alqueria.es\/wp-content\/uploads\/sites\/8\/2025\/10\/1000162229-300x228.jpg?resize=300%2C228&#038;ssl=1\" alt=\"\" width=\"300\" height=\"228\" srcset=\"https:\/\/cloud.alqueria.es\/wp-content\/uploads\/sites\/8\/2025\/10\/1000162229.jpg 300w, https:\/\/cloud.alqueria.es\/wp-content\/uploads\/sites\/8\/2025\/10\/1000162229.jpg 1024w, https:\/\/cloud.alqueria.es\/wp-content\/uploads\/sites\/8\/2025\/10\/1000162229.jpg 768w, https:\/\/cloud.alqueria.es\/wp-content\/uploads\/sites\/8\/2025\/10\/1000162229.jpg 1280w, https:\/\/cloud.alqueria.es\/wp-content\/uploads\/sites\/8\/2025\/10\/1000162229.jpg 948w\" sizes=\"(max-width: 300px) 100vw, 300px\" \/><\/p>\n<p>Tras presentarse y decir su tema, nos dijo que <em><strong>los r\u00edos son corrientes de agua dulce que se mueven y llegan r\u00e1pidamente hasta el mar, otros r\u00edos o lagos.<\/strong><\/em><\/p>\n<p>En esta primera cartulina nos expuso datos significativos acerca de qu\u00e9 es el <em><strong>cauce de un r\u00edo<\/strong><\/em>, de c\u00f3mo se produce <em><strong>el ciclo del agua<\/strong><\/em> (viaje que hace el agua en la Tierra y la atm\u00f3sfera) explicando con detalle cada una de las fases (evaporaci\u00f3n, condensaci\u00f3n, precipitaci\u00f3n y recolecci\u00f3n) y finalmente nos cont\u00f3 <em><strong>de d\u00f3nde sale el agua de los r\u00edos.\u00a0<\/strong><\/em><\/p>\n<p>El agua de los r\u00edos puede salir: de la lluvia, del deshielo o del agua subterr\u00e1nea (que se ha metido debajo de tierra, formando acu\u00edferos y cuando encuentra un agujero sale a la superficie como un manantial).<\/p>\n<\/div>\n<\/div>\n<\/div>\n<\/div>\n<div class=\"page\" title=\"Page 2\">\n<div class=\"section\">\n<div class=\"layoutArea\">\n<div class=\"column\">\n<p><img data-recalc-dims=\"1\" decoding=\"async\" data-attachment-id=\"55264\" data-permalink=\"https:\/\/www.alqueria.es\/blogs\/alqueriarojaverde\/2025\/10\/22\/conferencia-experto-de-manuel-sobre-los-rios\/attachment\/1000162230\/\" data-orig-file=\"https:\/\/i0.wp.com\/cloud.alqueria.es\/wp-content\/uploads\/sites\/8\/2025\/10\/1000162230.jpg?fit=1024%2C786&amp;ssl=1\" data-orig-size=\"1024,786\" data-comments-opened=\"1\" data-image-meta=\"{&quot;aperture&quot;:&quot;1.8&quot;,&quot;credit&quot;:&quot;&quot;,&quot;camera&quot;:&quot;SM-A536B&quot;,&quot;caption&quot;:&quot;&quot;,&quot;created_timestamp&quot;:&quot;1761119055&quot;,&quot;copyright&quot;:&quot;&quot;,&quot;focal_length&quot;:&quot;5.23&quot;,&quot;iso&quot;:&quot;320&quot;,&quot;shutter_speed&quot;:&quot;0.04&quot;,&quot;title&quot;:&quot;&quot;,&quot;orientation&quot;:&quot;1&quot;}\" data-image-title=\"1000162230\" data-image-description=\"\" data-image-caption=\"\" data-large-file=\"https:\/\/i0.wp.com\/cloud.alqueria.es\/wp-content\/uploads\/sites\/8\/2025\/10\/1000162230.jpg?fit=474%2C364&amp;ssl=1\" class=\"alignleft size-medium wp-image-55264\" src=\"https:\/\/i0.wp.com\/cloud.alqueria.es\/wp-content\/uploads\/sites\/8\/2025\/10\/1000162230-300x230.jpg?resize=300%2C230&#038;ssl=1\" alt=\"\" width=\"300\" height=\"230\" srcset=\"https:\/\/cloud.alqueria.es\/wp-content\/uploads\/sites\/8\/2025\/10\/1000162230.jpg 300w, https:\/\/cloud.alqueria.es\/wp-content\/uploads\/sites\/8\/2025\/10\/1000162230.jpg 768w, https:\/\/cloud.alqueria.es\/wp-content\/uploads\/sites\/8\/2025\/10\/1000162230.jpg 1024w, https:\/\/cloud.alqueria.es\/wp-content\/uploads\/sites\/8\/2025\/10\/1000162230.jpg 948w\" sizes=\"(max-width: 300px) 100vw, 300px\" \/>Ahora toc\u00f3 el turno de conocer<strong> c\u00f3mo se originan los r\u00edos.\u00a0<\/strong><\/p>\n<p>Nos descubre que el inicio de los r\u00edos son las monta\u00f1as, donde est\u00e1n los manantiales. Despu\u00e9s vendr\u00eda la formaci\u00f3n de arroyos, cuando ese agua baja por las pendientes de las monta\u00f1as. Luego se unen varios arroyos convirti\u00e9ndose en corrientes de agua m\u00e1s grandes (mediante la confluencia) y finalmente el caudal crece gracias a la lluvia, otros r\u00edos u otros manantiales. En esta parte fue aclarando cada una de las palabras que no conoc\u00edamos para que pudi\u00e9semos entender bien de qu\u00e9 nos estaba hablando, incluso se apoyo en gesticulaciones para apoyar su discurso.<\/p>\n<p><em><strong>Partes principales del ri\u0301o:\u00a0<\/strong><\/em><\/p>\n<p>El nacimiento, el curso, los afluentes y la desembocadura. Por supuesto con la consiguiente explicaci\u00f3n de cada una de ellas.<\/p>\n<\/div>\n<\/div>\n<\/div>\n<\/div>\n<div class=\"page\" title=\"Page 3\">\n<div class=\"section\">\n<div class=\"layoutArea\">\n<div class=\"column\">\n<p><em><strong>Por que\u0301 son importantes los ri\u0301os:<\/strong><\/em><\/p>\n<p>Nos qued\u00f3 clar\u00edsimo que los r\u00edos son el\u00a0hogar de muchos animales, como peces, ranas, sapos, tortugas y patos. Tambi\u00e9n que nos dan agua para beber en las casas, y los animales tambie\u0301n beben agua en ellos. Sirven para regar las plantas que tienen cerca, como los campos y por eso es importante mantenerlos limpios y sin basura.<\/p>\n<p>Antes de finalizar esta cartulina se detuvo especialmente en esta \u00faltima parte, haciendo hincapi\u00e9 en ella y mostr\u00e1ndonos una foto de c\u00f3mo en una ocasi\u00f3n fue con su familia y amigos a realizar tareas de limpieza en un r\u00edo. Nos anim\u00f3 a apuntarnos a un club de limpieza de r\u00edos y nos ofreci\u00f3 consejos para mantener limpios los r\u00edos.<img data-recalc-dims=\"1\" decoding=\"async\" data-attachment-id=\"55263\" data-permalink=\"https:\/\/www.alqueria.es\/blogs\/alqueriarojaverde\/2025\/10\/22\/conferencia-experto-de-manuel-sobre-los-rios\/attachment\/1000162231\/\" data-orig-file=\"https:\/\/i0.wp.com\/cloud.alqueria.es\/wp-content\/uploads\/sites\/8\/2025\/10\/1000162231.jpg?fit=2500%2C1971&amp;ssl=1\" data-orig-size=\"2500,1971\" data-comments-opened=\"1\" data-image-meta=\"{&quot;aperture&quot;:&quot;1.8&quot;,&quot;credit&quot;:&quot;&quot;,&quot;camera&quot;:&quot;SM-A536B&quot;,&quot;caption&quot;:&quot;&quot;,&quot;created_timestamp&quot;:&quot;1761119064&quot;,&quot;copyright&quot;:&quot;&quot;,&quot;focal_length&quot;:&quot;5.23&quot;,&quot;iso&quot;:&quot;400&quot;,&quot;shutter_speed&quot;:&quot;0.04&quot;,&quot;title&quot;:&quot;&quot;,&quot;orientation&quot;:&quot;1&quot;}\" data-image-title=\"1000162231\" data-image-description=\"\" data-image-caption=\"\" data-large-file=\"https:\/\/i0.wp.com\/cloud.alqueria.es\/wp-content\/uploads\/sites\/8\/2025\/10\/1000162231.jpg?fit=474%2C374&amp;ssl=1\" class=\"alignright size-medium wp-image-55263\" src=\"https:\/\/i0.wp.com\/cloud.alqueria.es\/wp-content\/uploads\/sites\/8\/2025\/10\/1000162231-300x237.jpg?resize=300%2C237&#038;ssl=1\" alt=\"\" width=\"300\" height=\"237\" srcset=\"https:\/\/cloud.alqueria.es\/wp-content\/uploads\/sites\/8\/2025\/10\/1000162231.jpg 300w, https:\/\/cloud.alqueria.es\/wp-content\/uploads\/sites\/8\/2025\/10\/1000162231.jpg 1024w, https:\/\/cloud.alqueria.es\/wp-content\/uploads\/sites\/8\/2025\/10\/1000162231.jpg 768w, https:\/\/cloud.alqueria.es\/wp-content\/uploads\/sites\/8\/2025\/10\/1000162231.jpg 1536w, https:\/\/cloud.alqueria.es\/wp-content\/uploads\/sites\/8\/2025\/10\/1000162231.jpg 2048w, https:\/\/cloud.alqueria.es\/wp-content\/uploads\/sites\/8\/2025\/10\/1000162231.jpg 948w, https:\/\/cloud.alqueria.es\/wp-content\/uploads\/sites\/8\/2025\/10\/1000162231.jpg 1422w\" sizes=\"(max-width: 300px) 100vw, 300px\" \/><\/p>\n<p>Por \u00faltimo pudimos conocer <em><strong>los r\u00edos que pasan por Granada:\u00a0<\/strong><\/em>Darro, Beiro, D\u00edlar, Monachil y Genil.<\/p>\n<p>Tambi\u00e9n conocimos d\u00f3nde nace cada uno de ellos y que los cuatro primeros son afluentes del Genil, que es el r\u00edo m\u00e1s grande de Granada.<\/p>\n<p><em><strong>\u00bfSabi\u0301ais que las desembocaduras del ri\u0301o Beiro y el Di\u0301lar en el ri\u0301o Genil esta\u0301n muy cerca del a\u0301rbol del duende de los cumplean\u0303os?<\/strong><\/em><\/p>\n<p>Un gran aplauso y un \u00aboz\u00fa qu\u00e9 bien\u00bb otorgaron un bonito cierre a la parte de exposici\u00f3n. \u00a0He de decir que el auditorio guard\u00f3 absoluto silencio durante todo el tiempo y escucharon muy atentos las explicaciones de su compa\u00f1ero. Tambi\u00e9n los invitados del grupo rojo.<\/p>\n<p class=\"jetpack-slideshow-noscript robots-nocontent\">El pase de diapositivas requiere JavaScript.<\/p><div id=\"gallery-55239-1-slideshow\" class=\"jetpack-slideshow-window jetpack-slideshow jetpack-slideshow-black\" data-trans=\"fade\" data-autostart=\"1\" data-gallery=\"[{&quot;src&quot;:&quot;https:\\\/\\\/i0.wp.com\\\/cloud.alqueria.es\\\/wp-content\\\/uploads\\\/sites\\\/8\\\/2025\\\/10\\\/IMG-20251021-WA0036.jpg?fit=1600%2C900\\u0026ssl=1&quot;,&quot;id&quot;:&quot;55242&quot;,&quot;title&quot;:&quot;IMG-20251021-WA0036&quot;,&quot;alt&quot;:&quot;&quot;,&quot;caption&quot;:&quot;&quot;,&quot;itemprop&quot;:&quot;image&quot;},{&quot;src&quot;:&quot;https:\\\/\\\/i0.wp.com\\\/cloud.alqueria.es\\\/wp-content\\\/uploads\\\/sites\\\/8\\\/2025\\\/10\\\/IMG-20251021-WA0035.jpg?fit=1600%2C900\\u0026ssl=1&quot;,&quot;id&quot;:&quot;55243&quot;,&quot;title&quot;:&quot;IMG-20251021-WA0035&quot;,&quot;alt&quot;:&quot;&quot;,&quot;caption&quot;:&quot;&quot;,&quot;itemprop&quot;:&quot;image&quot;},{&quot;src&quot;:&quot;https:\\\/\\\/i0.wp.com\\\/cloud.alqueria.es\\\/wp-content\\\/uploads\\\/sites\\\/8\\\/2025\\\/10\\\/IMG-20251021-WA0034.jpg?fit=900%2C1600\\u0026ssl=1&quot;,&quot;id&quot;:&quot;55244&quot;,&quot;title&quot;:&quot;IMG-20251021-WA0034&quot;,&quot;alt&quot;:&quot;&quot;,&quot;caption&quot;:&quot;&quot;,&quot;itemprop&quot;:&quot;image&quot;},{&quot;src&quot;:&quot;https:\\\/\\\/i0.wp.com\\\/cloud.alqueria.es\\\/wp-content\\\/uploads\\\/sites\\\/8\\\/2025\\\/10\\\/IMG-20251021-WA0033.jpg?fit=1600%2C996\\u0026ssl=1&quot;,&quot;id&quot;:&quot;55245&quot;,&quot;title&quot;:&quot;IMG-20251021-WA0033&quot;,&quot;alt&quot;:&quot;&quot;,&quot;caption&quot;:&quot;&quot;,&quot;itemprop&quot;:&quot;image&quot;},{&quot;src&quot;:&quot;https:\\\/\\\/i0.wp.com\\\/cloud.alqueria.es\\\/wp-content\\\/uploads\\\/sites\\\/8\\\/2025\\\/10\\\/IMG-20251021-WA0033-1.jpg?fit=1600%2C996\\u0026ssl=1&quot;,&quot;id&quot;:&quot;55247&quot;,&quot;title&quot;:&quot;IMG-20251021-WA0033&quot;,&quot;alt&quot;:&quot;&quot;,&quot;caption&quot;:&quot;&quot;,&quot;itemprop&quot;:&quot;image&quot;},{&quot;src&quot;:&quot;https:\\\/\\\/i0.wp.com\\\/cloud.alqueria.es\\\/wp-content\\\/uploads\\\/sites\\\/8\\\/2025\\\/10\\\/IMG-20251021-WA0032.jpg?fit=1600%2C832\\u0026ssl=1&quot;,&quot;id&quot;:&quot;55248&quot;,&quot;title&quot;:&quot;IMG-20251021-WA0032&quot;,&quot;alt&quot;:&quot;&quot;,&quot;caption&quot;:&quot;&quot;,&quot;itemprop&quot;:&quot;image&quot;},{&quot;src&quot;:&quot;https:\\\/\\\/i0.wp.com\\\/cloud.alqueria.es\\\/wp-content\\\/uploads\\\/sites\\\/8\\\/2025\\\/10\\\/IMG-20251021-WA0031.jpg?fit=900%2C1600\\u0026ssl=1&quot;,&quot;id&quot;:&quot;55249&quot;,&quot;title&quot;:&quot;IMG-20251021-WA0031&quot;,&quot;alt&quot;:&quot;&quot;,&quot;caption&quot;:&quot;&quot;,&quot;itemprop&quot;:&quot;image&quot;},{&quot;src&quot;:&quot;https:\\\/\\\/i0.wp.com\\\/cloud.alqueria.es\\\/wp-content\\\/uploads\\\/sites\\\/8\\\/2025\\\/10\\\/IMG-20251021-WA0030.jpg?fit=1600%2C900\\u0026ssl=1&quot;,&quot;id&quot;:&quot;55250&quot;,&quot;title&quot;:&quot;IMG-20251021-WA0030&quot;,&quot;alt&quot;:&quot;&quot;,&quot;caption&quot;:&quot;&quot;,&quot;itemprop&quot;:&quot;image&quot;},{&quot;src&quot;:&quot;https:\\\/\\\/i0.wp.com\\\/cloud.alqueria.es\\\/wp-content\\\/uploads\\\/sites\\\/8\\\/2025\\\/10\\\/IMG-20251021-WA0029.jpg?fit=900%2C1600\\u0026ssl=1&quot;,&quot;id&quot;:&quot;55251&quot;,&quot;title&quot;:&quot;IMG-20251021-WA0029&quot;,&quot;alt&quot;:&quot;&quot;,&quot;caption&quot;:&quot;&quot;,&quot;itemprop&quot;:&quot;image&quot;},{&quot;src&quot;:&quot;https:\\\/\\\/i0.wp.com\\\/cloud.alqueria.es\\\/wp-content\\\/uploads\\\/sites\\\/8\\\/2025\\\/10\\\/IMG-20251021-WA0028.jpg?fit=900%2C1600\\u0026ssl=1&quot;,&quot;id&quot;:&quot;55252&quot;,&quot;title&quot;:&quot;IMG-20251021-WA0028&quot;,&quot;alt&quot;:&quot;&quot;,&quot;caption&quot;:&quot;&quot;,&quot;itemprop&quot;:&quot;image&quot;},{&quot;src&quot;:&quot;https:\\\/\\\/i0.wp.com\\\/cloud.alqueria.es\\\/wp-content\\\/uploads\\\/sites\\\/8\\\/2025\\\/10\\\/IMG-20251021-WA0027.jpg?fit=1600%2C1079\\u0026ssl=1&quot;,&quot;id&quot;:&quot;55253&quot;,&quot;title&quot;:&quot;IMG-20251021-WA0027&quot;,&quot;alt&quot;:&quot;&quot;,&quot;caption&quot;:&quot;&quot;,&quot;itemprop&quot;:&quot;image&quot;},{&quot;src&quot;:&quot;https:\\\/\\\/i0.wp.com\\\/cloud.alqueria.es\\\/wp-content\\\/uploads\\\/sites\\\/8\\\/2025\\\/10\\\/IMG-20251021-WA0026.jpg?fit=1600%2C1041\\u0026ssl=1&quot;,&quot;id&quot;:&quot;55254&quot;,&quot;title&quot;:&quot;IMG-20251021-WA0026&quot;,&quot;alt&quot;:&quot;&quot;,&quot;caption&quot;:&quot;&quot;,&quot;itemprop&quot;:&quot;image&quot;},{&quot;src&quot;:&quot;https:\\\/\\\/i0.wp.com\\\/cloud.alqueria.es\\\/wp-content\\\/uploads\\\/sites\\\/8\\\/2025\\\/10\\\/IMG-20251021-WA0025.jpg?fit=1600%2C900\\u0026ssl=1&quot;,&quot;id&quot;:&quot;55255&quot;,&quot;title&quot;:&quot;IMG-20251021-WA0025&quot;,&quot;alt&quot;:&quot;&quot;,&quot;caption&quot;:&quot;&quot;,&quot;itemprop&quot;:&quot;image&quot;},{&quot;src&quot;:&quot;https:\\\/\\\/i0.wp.com\\\/cloud.alqueria.es\\\/wp-content\\\/uploads\\\/sites\\\/8\\\/2025\\\/10\\\/IMG-20251021-WA0024.jpg?fit=1600%2C900\\u0026ssl=1&quot;,&quot;id&quot;:&quot;55256&quot;,&quot;title&quot;:&quot;IMG-20251021-WA0024&quot;,&quot;alt&quot;:&quot;&quot;,&quot;caption&quot;:&quot;&quot;,&quot;itemprop&quot;:&quot;image&quot;},{&quot;src&quot;:&quot;https:\\\/\\\/i0.wp.com\\\/cloud.alqueria.es\\\/wp-content\\\/uploads\\\/sites\\\/8\\\/2025\\\/10\\\/IMG-20251021-WA0023.jpg?fit=900%2C1600\\u0026ssl=1&quot;,&quot;id&quot;:&quot;55257&quot;,&quot;title&quot;:&quot;IMG-20251021-WA0023&quot;,&quot;alt&quot;:&quot;&quot;,&quot;caption&quot;:&quot;&quot;,&quot;itemprop&quot;:&quot;image&quot;},{&quot;src&quot;:&quot;https:\\\/\\\/i0.wp.com\\\/cloud.alqueria.es\\\/wp-content\\\/uploads\\\/sites\\\/8\\\/2025\\\/10\\\/IMG-20251021-WA0022.jpg?fit=1600%2C900\\u0026ssl=1&quot;,&quot;id&quot;:&quot;55258&quot;,&quot;title&quot;:&quot;IMG-20251021-WA0022&quot;,&quot;alt&quot;:&quot;&quot;,&quot;caption&quot;:&quot;&quot;,&quot;itemprop&quot;:&quot;image&quot;}]\" itemscope itemtype=\"https:\/\/schema.org\/ImageGallery\"><\/div>\n<p>En el turno de preguntas, fueron varias las que formularon y adem\u00e1s de resolverlas con elocuencia, demostr\u00f3 dominar el tema y tenerlo interiorizado.<\/p>\n<p><img data-recalc-dims=\"1\" decoding=\"async\" data-attachment-id=\"55259\" data-permalink=\"https:\/\/www.alqueria.es\/blogs\/alqueriarojaverde\/2025\/10\/22\/conferencia-experto-de-manuel-sobre-los-rios\/img-20251021-wa0021\/\" data-orig-file=\"https:\/\/i0.wp.com\/cloud.alqueria.es\/wp-content\/uploads\/sites\/8\/2025\/10\/IMG-20251021-WA0021.jpg?fit=1600%2C900&amp;ssl=1\" data-orig-size=\"1600,900\" data-comments-opened=\"1\" data-image-meta=\"{&quot;aperture&quot;:&quot;0&quot;,&quot;credit&quot;:&quot;&quot;,&quot;camera&quot;:&quot;&quot;,&quot;caption&quot;:&quot;&quot;,&quot;created_timestamp&quot;:&quot;0&quot;,&quot;copyright&quot;:&quot;&quot;,&quot;focal_length&quot;:&quot;0&quot;,&quot;iso&quot;:&quot;0&quot;,&quot;shutter_speed&quot;:&quot;0&quot;,&quot;title&quot;:&quot;&quot;,&quot;orientation&quot;:&quot;0&quot;}\" data-image-title=\"IMG-20251021-WA0021\" data-image-description=\"\" data-image-caption=\"\" data-large-file=\"https:\/\/i0.wp.com\/cloud.alqueria.es\/wp-content\/uploads\/sites\/8\/2025\/10\/IMG-20251021-WA0021.jpg?fit=474%2C267&amp;ssl=1\" class=\"aligncenter wp-image-55259 size-large\" src=\"https:\/\/i0.wp.com\/cloud.alqueria.es\/wp-content\/uploads\/sites\/8\/2025\/10\/IMG-20251021-WA0021-1024x576.jpg?resize=474%2C267&#038;ssl=1\" alt=\"\" width=\"474\" height=\"267\" srcset=\"https:\/\/cloud.alqueria.es\/wp-content\/uploads\/sites\/8\/2025\/10\/IMG-20251021-WA0021.jpg 1024w, https:\/\/cloud.alqueria.es\/wp-content\/uploads\/sites\/8\/2025\/10\/IMG-20251021-WA0021.jpg 300w, https:\/\/cloud.alqueria.es\/wp-content\/uploads\/sites\/8\/2025\/10\/IMG-20251021-WA0021.jpg 768w, https:\/\/cloud.alqueria.es\/wp-content\/uploads\/sites\/8\/2025\/10\/IMG-20251021-WA0021.jpg 1536w, https:\/\/cloud.alqueria.es\/wp-content\/uploads\/sites\/8\/2025\/10\/IMG-20251021-WA0021.jpg 1600w, https:\/\/cloud.alqueria.es\/wp-content\/uploads\/sites\/8\/2025\/10\/IMG-20251021-WA0021.jpg 948w, https:\/\/cloud.alqueria.es\/wp-content\/uploads\/sites\/8\/2025\/10\/IMG-20251021-WA0021.jpg 1422w\" sizes=\"(max-width: 474px) 100vw, 474px\" \/><\/p>\n<p>Para la expresi\u00f3n gr\u00e1fica que realizamos despu\u00e9s, a modo de resumen, utilizaremos siempre l\u00e1piz de grafito. El objetivo es incluir cuantos m\u00e1s detalles mejor y poco a poco ir incluyendo el t\u00edtulo de la conferencia y el nombre del conferenciante, mediante copia. De momento no poseen tanto control del espacio, as\u00ed que nos limitamos a poner nuestro nombre, copiar la fecha y dibujar.<\/p>\n<p style=\"text-align: left\"><strong>\u00a1Ma\u00f1ana tenemos la segunda conferencia del curso, <\/strong><strong>a cargo de Lola!<\/strong><\/p>\n<p>A finales de semana os enlazar\u00e9 otra entrada, cont\u00e1ndoos m\u00e1s cosas sobre nuestras aventuras de aprendizaje.<\/p>\n<p>Esther Justicia.<\/p>\n<\/div>\n<\/div>\n<\/div>\n<\/div>\n","protected":false},"excerpt":{"rendered":"<p>El jueves pasado, nuestro compa\u00f1ero Manuel inaugur\u00f3 la actividad de \u00abconferencia-experto\u00bb escogiendo la tem\u00e1tica \u00ablos r\u00edos\u00bb,\u00a0para exponer su investigaci\u00f3n al resto del grupo. Aunque un poquito nervioso, por la gran responsabilidad que conlleva exponer un tema oralmente frente a un grupo de personas,\u00a0\u00a0realiz\u00f3 su exposici\u00f3n apoy\u00e1ndose en el trabajo gr\u00e1fico realizado y con gran soltura. &hellip; <a href=\"https:\/\/www.alqueria.es\/blogs\/alqueriarojaverde\/2025\/10\/22\/conferencia-experto-de-manuel-sobre-los-rios\/\" class=\"more-link\">Seguir leyendo <span class=\"screen-reader-text\">Conferencia-experto de Manuel sobre los r\u00edos<\/span> <span class=\"meta-nav\">&rarr;<\/span><\/a><\/p>\n","protected":false},"author":19,"featured_media":0,"comment_status":"open","ping_status":"open","sticky":false,"template":"","format":"standard","meta":{"jetpack_post_was_ever_published":false,"_jetpack_newsletter_access":"","_jetpack_dont_email_post_to_subs":false,"_jetpack_newsletter_tier_id":0,"_jetpack_memberships_contains_paywalled_content":false,"_jetpack_memberships_contains_paid_content":false,"footnotes":"","jetpack_publicize_message":"","jetpack_publicize_feature_enabled":true,"jetpack_social_post_already_shared":true,"jetpack_social_options":{"image_generator_settings":{"template":"highway","default_image_id":0,"font":"","enabled":false},"version":2}},"categories":[7,11,13],"tags":[1235,607,1966],"class_list":["post-55239","post","type-post","status-publish","format-standard","hentry","category-clase-verde-5-6-anos","category-expertosas-clase-verde","category-inicio","tag-actividad-de-expresion-oral-en-infantil","tag-actividad-de-expresion-oral-partiendo-del-interes-particular","tag-conferencia-de-expert-en-rios"],"jetpack_publicize_connections":[],"jetpack_featured_media_url":"","jetpack_sharing_enabled":true,"jetpack_shortlink":"https:\/\/wp.me\/p4lFbP-emX","_links":{"self":[{"href":"https:\/\/www.alqueria.es\/blogs\/alqueriarojaverde\/wp-json\/wp\/v2\/posts\/55239","targetHints":{"allow":["GET"]}}],"collection":[{"href":"https:\/\/www.alqueria.es\/blogs\/alqueriarojaverde\/wp-json\/wp\/v2\/posts"}],"about":[{"href":"https:\/\/www.alqueria.es\/blogs\/alqueriarojaverde\/wp-json\/wp\/v2\/types\/post"}],"author":[{"embeddable":true,"href":"https:\/\/www.alqueria.es\/blogs\/alqueriarojaverde\/wp-json\/wp\/v2\/users\/19"}],"replies":[{"embeddable":true,"href":"https:\/\/www.alqueria.es\/blogs\/alqueriarojaverde\/wp-json\/wp\/v2\/comments?post=55239"}],"version-history":[{"count":6,"href":"https:\/\/www.alqueria.es\/blogs\/alqueriarojaverde\/wp-json\/wp\/v2\/posts\/55239\/revisions"}],"predecessor-version":[{"id":55268,"href":"https:\/\/www.alqueria.es\/blogs\/alqueriarojaverde\/wp-json\/wp\/v2\/posts\/55239\/revisions\/55268"}],"wp:attachment":[{"href":"https:\/\/www.alqueria.es\/blogs\/alqueriarojaverde\/wp-json\/wp\/v2\/media?parent=55239"}],"wp:term":[{"taxonomy":"category","embeddable":true,"href":"https:\/\/www.alqueria.es\/blogs\/alqueriarojaverde\/wp-json\/wp\/v2\/categories?post=55239"},{"taxonomy":"post_tag","embeddable":true,"href":"https:\/\/www.alqueria.es\/blogs\/alqueriarojaverde\/wp-json\/wp\/v2\/tags?post=55239"}],"curies":[{"name":"wp","href":"https:\/\/api.w.org\/{rel}","templated":true}]}}