{"id":5526,"date":"2014-03-15T22:15:03","date_gmt":"2014-03-15T22:15:03","guid":{"rendered":"https:\/\/www.alqueria.es\/blogs\/alqueriarojaverde\/?p=5526"},"modified":"2014-03-16T22:34:37","modified_gmt":"2014-03-16T22:34:37","slug":"semanario-clase-verde-semana-del-10-al-14-de-marzo-de-2014","status":"publish","type":"post","link":"https:\/\/www.alqueria.es\/blogs\/alqueriarojaverde\/2014\/03\/15\/semanario-clase-verde-semana-del-10-al-14-de-marzo-de-2014\/","title":{"rendered":"SEMANARIO CLASE VERDE. Semana del 10 al 14 de marzo de 2014"},"content":{"rendered":"<p style=\"text-align: justify\"><a href=\"https:\/\/i0.wp.com\/cloud.alqueria.es\/wp-content\/uploads\/sites\/8\/2014\/03\/aloe-vera.jpg?ssl=1\"><img data-recalc-dims=\"1\" decoding=\"async\" data-attachment-id=\"5527\" data-permalink=\"https:\/\/www.alqueria.es\/blogs\/alqueriarojaverde\/2014\/03\/15\/semanario-clase-verde-semana-del-10-al-14-de-marzo-de-2014\/aloe-vera\/\" data-orig-file=\"https:\/\/i0.wp.com\/www.alqueria.es\/blogs\/alqueriarojaverde\/wp-content\/uploads\/sites\/8\/2014\/03\/aloe-vera.jpg?fit=249%2C202&amp;ssl=1\" data-orig-size=\"249,202\" data-comments-opened=\"1\" data-image-meta=\"{&quot;aperture&quot;:&quot;0&quot;,&quot;credit&quot;:&quot;&quot;,&quot;camera&quot;:&quot;&quot;,&quot;caption&quot;:&quot;&quot;,&quot;created_timestamp&quot;:&quot;0&quot;,&quot;copyright&quot;:&quot;&quot;,&quot;focal_length&quot;:&quot;0&quot;,&quot;iso&quot;:&quot;0&quot;,&quot;shutter_speed&quot;:&quot;0&quot;,&quot;title&quot;:&quot;&quot;}\" data-image-title=\"aloe vera\" data-image-description=\"\" data-image-caption=\"\" data-large-file=\"https:\/\/i0.wp.com\/www.alqueria.es\/blogs\/alqueriarojaverde\/wp-content\/uploads\/sites\/8\/2014\/03\/aloe-vera.jpg?fit=249%2C202&amp;ssl=1\" class=\"alignleft size-full wp-image-5527\" alt=\"aloe vera\" src=\"https:\/\/i0.wp.com\/cloud.alqueria.es\/wp-content\/uploads\/sites\/8\/2014\/03\/aloe-vera.jpg?resize=249%2C202&#038;ssl=1\" width=\"249\" height=\"202\" \/><\/a>Comenzamos la semana con la celebraci\u00f3n del <strong>cumplea\u00f1os de Julia<\/strong> y una estupenda <span style=\"color: #00ff00\">sesi\u00f3n de plantado<\/span> en nuestra tarde cooperativa, en esta ocasi\u00f3n los ejemplares han sido aloe vera y plantas crasas.<\/p>\n<p style=\"text-align: justify\">Hablamos acerca de algunas utilidades de las plantas, de los ejemplares que podemos encontrar en nuestro colegio y para qu\u00e9 sirven y de la diferenciaci\u00f3n entre plantas de interior y de exterior (sus cuidados).<\/p>\n<p style=\"text-align: justify\">Como <span style=\"color: #3366ff\">preparaci\u00f3n de nuestra salida<\/span>, experimentamos con el proyector algunas formas de sombras e inventamos historias cortas, por grupos de tres. Descubrimos cosas como que si acercamos nuestras manos al foco de luz, el objeto es m\u00e1s peque\u00f1o y cuanto m\u00e1s lejos nos situamos, m\u00e1s grande se proyecta.<\/p>\n<p class=\"jetpack-slideshow-noscript robots-nocontent\">El pase de diapositivas requiere JavaScript.<\/p><div id=\"gallery-5526-1-slideshow\" class=\"jetpack-slideshow-window jetpack-slideshow jetpack-slideshow-black\" data-trans=\"fade\" data-autostart=\"1\" data-gallery=\"[{&quot;src&quot;:&quot;https:\\\/\\\/i0.wp.com\\\/www.alqueria.es\\\/blogs\\\/alqueriarojaverde\\\/wp-content\\\/uploads\\\/sites\\\/8\\\/2014\\\/03\\\/IMG_0191.jpg?fit=1024%2C768\\u0026ssl=1&quot;,&quot;id&quot;:&quot;5534&quot;,&quot;title&quot;:&quot;IMG_0191&quot;,&quot;alt&quot;:&quot;&quot;,&quot;caption&quot;:&quot;&quot;,&quot;itemprop&quot;:&quot;image&quot;},{&quot;src&quot;:&quot;https:\\\/\\\/i0.wp.com\\\/www.alqueria.es\\\/blogs\\\/alqueriarojaverde\\\/wp-content\\\/uploads\\\/sites\\\/8\\\/2014\\\/03\\\/IMG_0192.jpg?fit=1024%2C768\\u0026ssl=1&quot;,&quot;id&quot;:&quot;5535&quot;,&quot;title&quot;:&quot;IMG_0192&quot;,&quot;alt&quot;:&quot;&quot;,&quot;caption&quot;:&quot;&quot;,&quot;itemprop&quot;:&quot;image&quot;},{&quot;src&quot;:&quot;https:\\\/\\\/i0.wp.com\\\/www.alqueria.es\\\/blogs\\\/alqueriarojaverde\\\/wp-content\\\/uploads\\\/sites\\\/8\\\/2014\\\/03\\\/IMG_0193.jpg?fit=1024%2C768\\u0026ssl=1&quot;,&quot;id&quot;:&quot;5536&quot;,&quot;title&quot;:&quot;IMG_0193&quot;,&quot;alt&quot;:&quot;&quot;,&quot;caption&quot;:&quot;&quot;,&quot;itemprop&quot;:&quot;image&quot;},{&quot;src&quot;:&quot;https:\\\/\\\/i0.wp.com\\\/www.alqueria.es\\\/blogs\\\/alqueriarojaverde\\\/wp-content\\\/uploads\\\/sites\\\/8\\\/2014\\\/03\\\/IMG_0194.jpg?fit=1024%2C768\\u0026ssl=1&quot;,&quot;id&quot;:&quot;5537&quot;,&quot;title&quot;:&quot;IMG_0194&quot;,&quot;alt&quot;:&quot;&quot;,&quot;caption&quot;:&quot;&quot;,&quot;itemprop&quot;:&quot;image&quot;},{&quot;src&quot;:&quot;https:\\\/\\\/i0.wp.com\\\/www.alqueria.es\\\/blogs\\\/alqueriarojaverde\\\/wp-content\\\/uploads\\\/sites\\\/8\\\/2014\\\/03\\\/IMG_0195.jpg?fit=1024%2C768\\u0026ssl=1&quot;,&quot;id&quot;:&quot;5538&quot;,&quot;title&quot;:&quot;IMG_0195&quot;,&quot;alt&quot;:&quot;&quot;,&quot;caption&quot;:&quot;&quot;,&quot;itemprop&quot;:&quot;image&quot;},{&quot;src&quot;:&quot;https:\\\/\\\/i0.wp.com\\\/www.alqueria.es\\\/blogs\\\/alqueriarojaverde\\\/wp-content\\\/uploads\\\/sites\\\/8\\\/2014\\\/03\\\/IMG_0196.jpg?fit=1024%2C768\\u0026ssl=1&quot;,&quot;id&quot;:&quot;5539&quot;,&quot;title&quot;:&quot;IMG_0196&quot;,&quot;alt&quot;:&quot;&quot;,&quot;caption&quot;:&quot;&quot;,&quot;itemprop&quot;:&quot;image&quot;},{&quot;src&quot;:&quot;https:\\\/\\\/i0.wp.com\\\/www.alqueria.es\\\/blogs\\\/alqueriarojaverde\\\/wp-content\\\/uploads\\\/sites\\\/8\\\/2014\\\/03\\\/IMG_0197.jpg?fit=1024%2C768\\u0026ssl=1&quot;,&quot;id&quot;:&quot;5540&quot;,&quot;title&quot;:&quot;IMG_0197&quot;,&quot;alt&quot;:&quot;&quot;,&quot;caption&quot;:&quot;&quot;,&quot;itemprop&quot;:&quot;image&quot;},{&quot;src&quot;:&quot;https:\\\/\\\/i0.wp.com\\\/www.alqueria.es\\\/blogs\\\/alqueriarojaverde\\\/wp-content\\\/uploads\\\/sites\\\/8\\\/2014\\\/03\\\/IMG_0198.jpg?fit=1024%2C768\\u0026ssl=1&quot;,&quot;id&quot;:&quot;5541&quot;,&quot;title&quot;:&quot;IMG_0198&quot;,&quot;alt&quot;:&quot;&quot;,&quot;caption&quot;:&quot;&quot;,&quot;itemprop&quot;:&quot;image&quot;}]\" itemscope itemtype=\"https:\/\/schema.org\/ImageGallery\"><\/div>\n<p style=\"text-align: justify\">En la <span style=\"color: #ff9900\">representaci\u00f3n gr\u00e1fica<\/span>, intentamos plasmar la sombra de un objeto elegido libremente por cada un@. En un principio la tarea resulta algo complicada, ya que hay un cierto \u00abrechazo\u00bb a \u00abborrar\u00bb todo lo que hay en el interior del objeto representado. Una vez finalizada la producci\u00f3n tos@s quedan content@s con el resultado.<\/p>\n<p style=\"text-align: justify\">Practicamos un nuevo <span style=\"color: #ff00ff\">juego en nuestra PDI<\/span> (enlazado en el apartado de recursos), relacionado con conceptos l\u00f3gico &#8211; matem\u00e1ticos y de atenci\u00f3n.<\/p>\n<p style=\"text-align: justify\">Comenzamos con los seguimientos individuales del trimestre, esta semana realizamos el de la figura humana y la semana pr\u00f3xima estar\u00e1 \u00edntegramente dedicada a la evaluaci\u00f3n de las propuestas de juego (agrupaciones, administraci\u00f3n de roles, organizaci\u00f3n espacial, constancia, tipo de juego, etc.)<\/p>\n<p style=\"text-align: justify\">El jueves disfrutamos a lo grande en nuestra <span style=\"color: #0000ff\">salida al teatro,<\/span> con la obra <span style=\"color: #0000ff\">\u00abEl pr\u00edncipe que no sab\u00eda jugar\u00bb.<\/span> Una experiencia nueva que ya os adelantamos en la entrada de ayer (ver post espec\u00edfico).<\/p>\n<p style=\"text-align: justify\">Para culminar la semana llevamos a casa un nuevo <span style=\"color: #800080\">ejemplar de la biblioteca<\/span> y fabricamos unos preciosos <span style=\"color: #ff0000\">monederos con material reciclado,<\/span> que nos servir\u00e1n para nuestra propuesta del vivero.<\/p>\n<p style=\"text-align: justify\">Buen fin de semana,<\/p>\n<p style=\"text-align: justify\">Esther.<\/p>\n","protected":false},"excerpt":{"rendered":"<p>Comenzamos la semana con la celebraci\u00f3n del cumplea\u00f1os de Julia y una estupenda sesi\u00f3n de plantado en nuestra tarde cooperativa, en esta ocasi\u00f3n los ejemplares han sido aloe vera y plantas crasas. Hablamos acerca de algunas utilidades de las plantas, de los ejemplares que podemos encontrar en nuestro colegio y para qu\u00e9 sirven y de &hellip; <a href=\"https:\/\/www.alqueria.es\/blogs\/alqueriarojaverde\/2014\/03\/15\/semanario-clase-verde-semana-del-10-al-14-de-marzo-de-2014\/\" class=\"more-link\">Seguir leyendo <span class=\"screen-reader-text\">SEMANARIO CLASE VERDE. Semana del 10 al 14 de marzo de 2014<\/span> <span class=\"meta-nav\">&rarr;<\/span><\/a><\/p>\n","protected":false},"author":19,"featured_media":0,"comment_status":"open","ping_status":"open","sticky":false,"template":"","format":"standard","meta":{"jetpack_post_was_ever_published":false,"_jetpack_newsletter_access":"","_jetpack_dont_email_post_to_subs":false,"_jetpack_newsletter_tier_id":0,"_jetpack_memberships_contains_paywalled_content":false,"_jetpack_memberships_contains_paid_content":false,"footnotes":"","jetpack_publicize_message":"","jetpack_publicize_feature_enabled":true,"jetpack_social_post_already_shared":true,"jetpack_social_options":{"image_generator_settings":{"template":"highway","default_image_id":0,"font":"","enabled":false},"version":2}},"categories":[7,13,21],"tags":[],"class_list":["post-5526","post","type-post","status-publish","format-standard","hentry","category-clase-verde-5-6-anos","category-inicio","category-semanario-clase-verde"],"jetpack_publicize_connections":[],"jetpack_featured_media_url":"","jetpack_sharing_enabled":true,"jetpack_shortlink":"https:\/\/wp.me\/p4lFbP-1r8","_links":{"self":[{"href":"https:\/\/www.alqueria.es\/blogs\/alqueriarojaverde\/wp-json\/wp\/v2\/posts\/5526","targetHints":{"allow":["GET"]}}],"collection":[{"href":"https:\/\/www.alqueria.es\/blogs\/alqueriarojaverde\/wp-json\/wp\/v2\/posts"}],"about":[{"href":"https:\/\/www.alqueria.es\/blogs\/alqueriarojaverde\/wp-json\/wp\/v2\/types\/post"}],"author":[{"embeddable":true,"href":"https:\/\/www.alqueria.es\/blogs\/alqueriarojaverde\/wp-json\/wp\/v2\/users\/19"}],"replies":[{"embeddable":true,"href":"https:\/\/www.alqueria.es\/blogs\/alqueriarojaverde\/wp-json\/wp\/v2\/comments?post=5526"}],"version-history":[{"count":0,"href":"https:\/\/www.alqueria.es\/blogs\/alqueriarojaverde\/wp-json\/wp\/v2\/posts\/5526\/revisions"}],"wp:attachment":[{"href":"https:\/\/www.alqueria.es\/blogs\/alqueriarojaverde\/wp-json\/wp\/v2\/media?parent=5526"}],"wp:term":[{"taxonomy":"category","embeddable":true,"href":"https:\/\/www.alqueria.es\/blogs\/alqueriarojaverde\/wp-json\/wp\/v2\/categories?post=5526"},{"taxonomy":"post_tag","embeddable":true,"href":"https:\/\/www.alqueria.es\/blogs\/alqueriarojaverde\/wp-json\/wp\/v2\/tags?post=5526"}],"curies":[{"name":"wp","href":"https:\/\/api.w.org\/{rel}","templated":true}]}}