{"id":57455,"date":"2026-03-16T11:52:21","date_gmt":"2026-03-16T10:52:21","guid":{"rendered":"https:\/\/www.alqueria.es\/blogs\/alqueriarojaverde\/?p=57455"},"modified":"2026-03-16T11:52:21","modified_gmt":"2026-03-16T10:52:21","slug":"salida-trimestral-burak-un-cuento-muy-especial-en-nuestra-visita-a-la-biblioteca","status":"publish","type":"post","link":"https:\/\/www.alqueria.es\/blogs\/alqueriarojaverde\/2026\/03\/16\/salida-trimestral-burak-un-cuento-muy-especial-en-nuestra-visita-a-la-biblioteca\/","title":{"rendered":"Salida trimestral \u00abBurak: un cuento muy especial en nuestra visita a la biblioteca\u00bb"},"content":{"rendered":"<p>El pasado jueves disfrutamos de una salida muy especial, visitando la <strong>biblioteca p\u00fablica de Almanj\u00e1yar,<\/strong> para asistir a la presentaci\u00f3n de un cuento muy especial para nosotros:<strong><span style=\"color: #0000ff\"> \u00abBurak. El burro que so\u00f1aba con la Alhambra\u00bb.<\/span><\/strong><\/p>\n<p><img data-recalc-dims=\"1\" decoding=\"async\" data-attachment-id=\"57472\" data-permalink=\"https:\/\/www.alqueria.es\/blogs\/alqueriarojaverde\/2026\/03\/16\/salida-trimestral-burak-un-cuento-muy-especial-en-nuestra-visita-a-la-biblioteca\/burak\/\" data-orig-file=\"https:\/\/i0.wp.com\/cloud.alqueria.es\/wp-content\/uploads\/sites\/8\/2026\/03\/BURAK.jpg?fit=1195%2C1042&amp;ssl=1\" data-orig-size=\"1195,1042\" data-comments-opened=\"1\" data-image-meta=\"{&quot;aperture&quot;:&quot;0&quot;,&quot;credit&quot;:&quot;&quot;,&quot;camera&quot;:&quot;&quot;,&quot;caption&quot;:&quot;&quot;,&quot;created_timestamp&quot;:&quot;0&quot;,&quot;copyright&quot;:&quot;&quot;,&quot;focal_length&quot;:&quot;0&quot;,&quot;iso&quot;:&quot;0&quot;,&quot;shutter_speed&quot;:&quot;0&quot;,&quot;title&quot;:&quot;&quot;,&quot;orientation&quot;:&quot;0&quot;}\" data-image-title=\"BURAK\" data-image-description=\"\" data-image-caption=\"\" data-large-file=\"https:\/\/i0.wp.com\/cloud.alqueria.es\/wp-content\/uploads\/sites\/8\/2026\/03\/BURAK.jpg?fit=474%2C413&amp;ssl=1\" class=\"aligncenter wp-image-57472 size-medium\" src=\"https:\/\/i0.wp.com\/cloud.alqueria.es\/wp-content\/uploads\/sites\/8\/2026\/03\/BURAK-300x262.jpg?resize=300%2C262&#038;ssl=1\" alt=\"\" width=\"300\" height=\"262\" srcset=\"https:\/\/cloud.alqueria.es\/wp-content\/uploads\/sites\/8\/2026\/03\/BURAK.jpg 300w, https:\/\/cloud.alqueria.es\/wp-content\/uploads\/sites\/8\/2026\/03\/BURAK.jpg 1024w, https:\/\/cloud.alqueria.es\/wp-content\/uploads\/sites\/8\/2026\/03\/BURAK.jpg 768w, https:\/\/cloud.alqueria.es\/wp-content\/uploads\/sites\/8\/2026\/03\/BURAK.jpg 1195w, https:\/\/cloud.alqueria.es\/wp-content\/uploads\/sites\/8\/2026\/03\/BURAK.jpg 948w\" sizes=\"(max-width: 300px) 100vw, 300px\" \/><\/p>\n<p>La presentaci\u00f3n estuvo a cargo de su autor, <em><strong>Jose Antonio Heredia P\u00e9rez<\/strong><\/em>, al que le gusta que identifiquen como<span style=\"color: #0000ff\"><strong> \u00abJose, el jardinero de la Alhambra\u00bb.<\/strong><\/span><\/p>\n<p><img data-recalc-dims=\"1\" decoding=\"async\" data-attachment-id=\"57458\" data-permalink=\"https:\/\/www.alqueria.es\/blogs\/alqueriarojaverde\/2026\/03\/16\/salida-trimestral-burak-un-cuento-muy-especial-en-nuestra-visita-a-la-biblioteca\/img-20260313-wa0014-2\/\" data-orig-file=\"https:\/\/i0.wp.com\/cloud.alqueria.es\/wp-content\/uploads\/sites\/8\/2026\/03\/IMG-20260313-WA0014-1.jpg?fit=1148%2C2040&amp;ssl=1\" data-orig-size=\"1148,2040\" data-comments-opened=\"1\" data-image-meta=\"{&quot;aperture&quot;:&quot;0&quot;,&quot;credit&quot;:&quot;&quot;,&quot;camera&quot;:&quot;&quot;,&quot;caption&quot;:&quot;&quot;,&quot;created_timestamp&quot;:&quot;0&quot;,&quot;copyright&quot;:&quot;&quot;,&quot;focal_length&quot;:&quot;0&quot;,&quot;iso&quot;:&quot;0&quot;,&quot;shutter_speed&quot;:&quot;0&quot;,&quot;title&quot;:&quot;&quot;,&quot;orientation&quot;:&quot;0&quot;}\" data-image-title=\"IMG-20260313-WA0014\" data-image-description=\"\" data-image-caption=\"\" data-large-file=\"https:\/\/i0.wp.com\/cloud.alqueria.es\/wp-content\/uploads\/sites\/8\/2026\/03\/IMG-20260313-WA0014-1.jpg?fit=474%2C843&amp;ssl=1\" class=\"alignright size-medium wp-image-57458\" src=\"https:\/\/i0.wp.com\/cloud.alqueria.es\/wp-content\/uploads\/sites\/8\/2026\/03\/IMG-20260313-WA0014-1-169x300.jpg?resize=169%2C300&#038;ssl=1\" alt=\"\" width=\"169\" height=\"300\" srcset=\"https:\/\/cloud.alqueria.es\/wp-content\/uploads\/sites\/8\/2026\/03\/IMG-20260313-WA0014-1.jpg 169w, https:\/\/cloud.alqueria.es\/wp-content\/uploads\/sites\/8\/2026\/03\/IMG-20260313-WA0014-1.jpg 576w, https:\/\/cloud.alqueria.es\/wp-content\/uploads\/sites\/8\/2026\/03\/IMG-20260313-WA0014-1.jpg 768w, https:\/\/cloud.alqueria.es\/wp-content\/uploads\/sites\/8\/2026\/03\/IMG-20260313-WA0014-1.jpg 864w, https:\/\/cloud.alqueria.es\/wp-content\/uploads\/sites\/8\/2026\/03\/IMG-20260313-WA0014-1.jpg 1148w, https:\/\/cloud.alqueria.es\/wp-content\/uploads\/sites\/8\/2026\/03\/IMG-20260313-WA0014-1.jpg 948w\" sizes=\"(max-width: 169px) 100vw, 169px\" \/>El viaje de ida y vuelta en autob\u00fas fue algo muy celebrado por todos, al parecer es toda una aventura eso de viajar juntos, aunque sea un destino cercano.<\/p>\n<p>Una vez all\u00ed, nos recibi\u00f3 Montse la encargada de la biblioteca y nos present\u00f3 a Jose, que nos cont\u00f3 c\u00f3mo surgi\u00f3 en su vida la idea de escribir este cuento, una verdadera historia de superaci\u00f3n personal, y tambi\u00e9n lo enamorado que est\u00e1 de la Alhambra y del trabajo que realiza all\u00ed, como encargado de los jardines del Generalife.<\/p>\n<p><strong>Fue un verdadero placer conocerle en persona y escuchar c\u00f3mo surgi\u00f3 la historia de este entra\u00f1able personaje y el resto de animales que lo acompa\u00f1an en el libro.<\/strong><\/p>\n<p><img data-recalc-dims=\"1\" decoding=\"async\" data-attachment-id=\"57467\" data-permalink=\"https:\/\/www.alqueria.es\/blogs\/alqueriarojaverde\/2026\/03\/16\/salida-trimestral-burak-un-cuento-muy-especial-en-nuestra-visita-a-la-biblioteca\/img-20260313-wa0018\/\" data-orig-file=\"https:\/\/i0.wp.com\/cloud.alqueria.es\/wp-content\/uploads\/sites\/8\/2026\/03\/IMG-20260313-WA0018.jpg?fit=1148%2C2040&amp;ssl=1\" data-orig-size=\"1148,2040\" data-comments-opened=\"1\" data-image-meta=\"{&quot;aperture&quot;:&quot;0&quot;,&quot;credit&quot;:&quot;&quot;,&quot;camera&quot;:&quot;&quot;,&quot;caption&quot;:&quot;&quot;,&quot;created_timestamp&quot;:&quot;0&quot;,&quot;copyright&quot;:&quot;&quot;,&quot;focal_length&quot;:&quot;0&quot;,&quot;iso&quot;:&quot;0&quot;,&quot;shutter_speed&quot;:&quot;0&quot;,&quot;title&quot;:&quot;&quot;,&quot;orientation&quot;:&quot;0&quot;}\" data-image-title=\"IMG-20260313-WA0018\" data-image-description=\"\" data-image-caption=\"\" data-large-file=\"https:\/\/i0.wp.com\/cloud.alqueria.es\/wp-content\/uploads\/sites\/8\/2026\/03\/IMG-20260313-WA0018.jpg?fit=474%2C843&amp;ssl=1\" class=\"alignleft size-medium wp-image-57467\" src=\"https:\/\/i0.wp.com\/cloud.alqueria.es\/wp-content\/uploads\/sites\/8\/2026\/03\/IMG-20260313-WA0018-169x300.jpg?resize=169%2C300&#038;ssl=1\" alt=\"\" width=\"169\" height=\"300\" srcset=\"https:\/\/cloud.alqueria.es\/wp-content\/uploads\/sites\/8\/2026\/03\/IMG-20260313-WA0018.jpg 169w, https:\/\/cloud.alqueria.es\/wp-content\/uploads\/sites\/8\/2026\/03\/IMG-20260313-WA0018.jpg 576w, https:\/\/cloud.alqueria.es\/wp-content\/uploads\/sites\/8\/2026\/03\/IMG-20260313-WA0018.jpg 768w, https:\/\/cloud.alqueria.es\/wp-content\/uploads\/sites\/8\/2026\/03\/IMG-20260313-WA0018.jpg 864w, https:\/\/cloud.alqueria.es\/wp-content\/uploads\/sites\/8\/2026\/03\/IMG-20260313-WA0018.jpg 1148w, https:\/\/cloud.alqueria.es\/wp-content\/uploads\/sites\/8\/2026\/03\/IMG-20260313-WA0018.jpg 948w\" sizes=\"(max-width: 169px) 100vw, 169px\" \/>El cuento nos result\u00f3 especialmente cercano, ya que est\u00e1 \u00edntimamente relacionado con nuestro proyecto de sobre la Alhambra. Adem\u00e1s, casualmente ya ten\u00edamos un ejemplar del libro en el aula y es una historia que nos hab\u00eda gustado mucho desde el primer momento. Por eso, poder asistir a su presentaci\u00f3n y escuchar al propio autor contarnos m\u00e1s detalles fue una experiencia a\u00fan m\u00e1s significativa para el alumnado.<\/p>\n<p><img data-recalc-dims=\"1\" decoding=\"async\" data-attachment-id=\"57462\" data-permalink=\"https:\/\/www.alqueria.es\/blogs\/alqueriarojaverde\/2026\/03\/16\/salida-trimestral-burak-un-cuento-muy-especial-en-nuestra-visita-a-la-biblioteca\/img-20260313-wa0015\/\" data-orig-file=\"https:\/\/i0.wp.com\/cloud.alqueria.es\/wp-content\/uploads\/sites\/8\/2026\/03\/IMG-20260313-WA0015.jpg?fit=1148%2C2040&amp;ssl=1\" data-orig-size=\"1148,2040\" data-comments-opened=\"1\" data-image-meta=\"{&quot;aperture&quot;:&quot;0&quot;,&quot;credit&quot;:&quot;&quot;,&quot;camera&quot;:&quot;&quot;,&quot;caption&quot;:&quot;&quot;,&quot;created_timestamp&quot;:&quot;0&quot;,&quot;copyright&quot;:&quot;&quot;,&quot;focal_length&quot;:&quot;0&quot;,&quot;iso&quot;:&quot;0&quot;,&quot;shutter_speed&quot;:&quot;0&quot;,&quot;title&quot;:&quot;&quot;,&quot;orientation&quot;:&quot;0&quot;}\" data-image-title=\"IMG-20260313-WA0015\" data-image-description=\"\" data-image-caption=\"\" data-large-file=\"https:\/\/i0.wp.com\/cloud.alqueria.es\/wp-content\/uploads\/sites\/8\/2026\/03\/IMG-20260313-WA0015.jpg?fit=474%2C843&amp;ssl=1\" class=\"alignright size-medium wp-image-57462\" src=\"https:\/\/i0.wp.com\/cloud.alqueria.es\/wp-content\/uploads\/sites\/8\/2026\/03\/IMG-20260313-WA0015-169x300.jpg?resize=169%2C300&#038;ssl=1\" alt=\"\" width=\"169\" height=\"300\" srcset=\"https:\/\/cloud.alqueria.es\/wp-content\/uploads\/sites\/8\/2026\/03\/IMG-20260313-WA0015.jpg 169w, https:\/\/cloud.alqueria.es\/wp-content\/uploads\/sites\/8\/2026\/03\/IMG-20260313-WA0015.jpg 576w, https:\/\/cloud.alqueria.es\/wp-content\/uploads\/sites\/8\/2026\/03\/IMG-20260313-WA0015.jpg 768w, https:\/\/cloud.alqueria.es\/wp-content\/uploads\/sites\/8\/2026\/03\/IMG-20260313-WA0015.jpg 864w, https:\/\/cloud.alqueria.es\/wp-content\/uploads\/sites\/8\/2026\/03\/IMG-20260313-WA0015.jpg 1148w, https:\/\/cloud.alqueria.es\/wp-content\/uploads\/sites\/8\/2026\/03\/IMG-20260313-WA0015.jpg 948w\" sizes=\"(max-width: 169px) 100vw, 169px\" \/>Burak, el burro que so\u00f1aba la Alhambra es una f\u00e1bula en la que los personajes est\u00e1n representados por animales. Est\u00e1 dividido por cap\u00edtulos y cada uno de ellos est\u00e1 ambientado en un espacio de la Alhambra.<\/p>\n<p>Durante la presentaci\u00f3n descubrimos algo que nos encant\u00f3: muchos de esos animales existen realmente y viven en el propio recinto de la Alhambra. Esto despert\u00f3 todav\u00eda m\u00e1s la curiosidad y la imaginaci\u00f3n de los ni\u00f1os y ni\u00f1as.<\/p>\n<div class=\"tiled-gallery type-rectangular tiled-gallery-unresized\" data-original-width=\"474\" data-carousel-extra='{&quot;blog_id&quot;:8,&quot;permalink&quot;:&quot;https:\\\/\\\/www.alqueria.es\\\/blogs\\\/alqueriarojaverde\\\/2026\\\/03\\\/16\\\/salida-trimestral-burak-un-cuento-muy-especial-en-nuestra-visita-a-la-biblioteca\\\/&quot;,&quot;likes_blog_id&quot;:64268569}' itemscope itemtype=\"http:\/\/schema.org\/ImageGallery\" > <div class=\"gallery-row\" style=\"width: 474px; height: 143px;\" data-original-width=\"474\" data-original-height=\"143\" > <div class=\"gallery-group images-1\" style=\"width: 251px; height: 143px;\" data-original-width=\"251\" data-original-height=\"143\" > <div class=\"tiled-gallery-item tiled-gallery-item-small\" itemprop=\"associatedMedia\" itemscope itemtype=\"http:\/\/schema.org\/ImageObject\"> <meta itemprop=\"width\" content=\"247\"> <meta itemprop=\"height\" content=\"139\"> <img decoding=\"async\" class=\"\" data-attachment-id=\"57459\" data-orig-file=\"https:\/\/cloud.alqueria.es\/wp-content\/uploads\/sites\/8\/2026\/03\/IMG-20260316-WA00041.jpg\" data-orig-size=\"1600,900\" data-comments-opened=\"1\" data-image-meta=\"{&quot;aperture&quot;:&quot;0&quot;,&quot;credit&quot;:&quot;&quot;,&quot;camera&quot;:&quot;&quot;,&quot;caption&quot;:&quot;&quot;,&quot;created_timestamp&quot;:&quot;0&quot;,&quot;copyright&quot;:&quot;&quot;,&quot;focal_length&quot;:&quot;0&quot;,&quot;iso&quot;:&quot;0&quot;,&quot;shutter_speed&quot;:&quot;0&quot;,&quot;title&quot;:&quot;&quot;,&quot;orientation&quot;:&quot;0&quot;}\" data-image-title=\"IMG-20260316-WA0004(1)\" data-image-description=\"\" data-medium-file=\"https:\/\/i0.wp.com\/cloud.alqueria.es\/wp-content\/uploads\/sites\/8\/2026\/03\/IMG-20260316-WA00041.jpg?fit=300%2C169&#038;ssl=1\" data-large-file=\"https:\/\/i0.wp.com\/cloud.alqueria.es\/wp-content\/uploads\/sites\/8\/2026\/03\/IMG-20260316-WA00041.jpg?fit=474%2C267&#038;ssl=1\" src=\"https:\/\/i0.wp.com\/cloud.alqueria.es\/wp-content\/uploads\/sites\/8\/2026\/03\/IMG-20260316-WA00041.jpg?w=247&#038;h=139&#038;ssl=1\" srcset=\"https:\/\/cloud.alqueria.es\/wp-content\/uploads\/sites\/8\/2026\/03\/IMG-20260316-WA00041.jpg 1600w, https:\/\/cloud.alqueria.es\/wp-content\/uploads\/sites\/8\/2026\/03\/IMG-20260316-WA00041.jpg 300w, https:\/\/cloud.alqueria.es\/wp-content\/uploads\/sites\/8\/2026\/03\/IMG-20260316-WA00041.jpg 1024w, https:\/\/cloud.alqueria.es\/wp-content\/uploads\/sites\/8\/2026\/03\/IMG-20260316-WA00041.jpg 768w, https:\/\/cloud.alqueria.es\/wp-content\/uploads\/sites\/8\/2026\/03\/IMG-20260316-WA00041.jpg 1536w, https:\/\/cloud.alqueria.es\/wp-content\/uploads\/sites\/8\/2026\/03\/IMG-20260316-WA00041.jpg 948w, https:\/\/cloud.alqueria.es\/wp-content\/uploads\/sites\/8\/2026\/03\/IMG-20260316-WA00041.jpg 1422w\" width=\"247\" height=\"139\" loading=\"lazy\" data-original-width=\"247\" data-original-height=\"139\" itemprop=\"http:\/\/schema.org\/image\" title=\"IMG-20260316-WA0004(1)\" alt=\"IMG-20260316-WA0004(1)\" style=\"width: 247px; height: 139px;\" \/> <\/div> <\/div> <!-- close group --> <div class=\"gallery-group images-1\" style=\"width: 223px; height: 143px;\" data-original-width=\"223\" data-original-height=\"143\" > <div class=\"tiled-gallery-item tiled-gallery-item-small\" itemprop=\"associatedMedia\" itemscope itemtype=\"http:\/\/schema.org\/ImageObject\"> <meta itemprop=\"width\" content=\"219\"> <meta itemprop=\"height\" content=\"139\"> <img decoding=\"async\" class=\"\" data-attachment-id=\"57460\" data-orig-file=\"https:\/\/cloud.alqueria.es\/wp-content\/uploads\/sites\/8\/2026\/03\/IMG-20260316-WA0006.jpg\" data-orig-size=\"1600,1017\" data-comments-opened=\"1\" data-image-meta=\"{&quot;aperture&quot;:&quot;0&quot;,&quot;credit&quot;:&quot;&quot;,&quot;camera&quot;:&quot;&quot;,&quot;caption&quot;:&quot;&quot;,&quot;created_timestamp&quot;:&quot;0&quot;,&quot;copyright&quot;:&quot;&quot;,&quot;focal_length&quot;:&quot;0&quot;,&quot;iso&quot;:&quot;0&quot;,&quot;shutter_speed&quot;:&quot;0&quot;,&quot;title&quot;:&quot;&quot;,&quot;orientation&quot;:&quot;0&quot;}\" data-image-title=\"IMG-20260316-WA0006\" data-image-description=\"\" data-medium-file=\"https:\/\/i0.wp.com\/cloud.alqueria.es\/wp-content\/uploads\/sites\/8\/2026\/03\/IMG-20260316-WA0006.jpg?fit=300%2C191&#038;ssl=1\" data-large-file=\"https:\/\/i0.wp.com\/cloud.alqueria.es\/wp-content\/uploads\/sites\/8\/2026\/03\/IMG-20260316-WA0006.jpg?fit=474%2C301&#038;ssl=1\" src=\"https:\/\/i0.wp.com\/cloud.alqueria.es\/wp-content\/uploads\/sites\/8\/2026\/03\/IMG-20260316-WA0006.jpg?w=219&#038;h=139&#038;ssl=1\" srcset=\"https:\/\/cloud.alqueria.es\/wp-content\/uploads\/sites\/8\/2026\/03\/IMG-20260316-WA0006.jpg 1600w, https:\/\/cloud.alqueria.es\/wp-content\/uploads\/sites\/8\/2026\/03\/IMG-20260316-WA0006.jpg 300w, https:\/\/cloud.alqueria.es\/wp-content\/uploads\/sites\/8\/2026\/03\/IMG-20260316-WA0006.jpg 1024w, https:\/\/cloud.alqueria.es\/wp-content\/uploads\/sites\/8\/2026\/03\/IMG-20260316-WA0006.jpg 768w, https:\/\/cloud.alqueria.es\/wp-content\/uploads\/sites\/8\/2026\/03\/IMG-20260316-WA0006.jpg 1536w, https:\/\/cloud.alqueria.es\/wp-content\/uploads\/sites\/8\/2026\/03\/IMG-20260316-WA0006.jpg 948w, https:\/\/cloud.alqueria.es\/wp-content\/uploads\/sites\/8\/2026\/03\/IMG-20260316-WA0006.jpg 1422w\" width=\"219\" height=\"139\" loading=\"lazy\" data-original-width=\"219\" data-original-height=\"139\" itemprop=\"http:\/\/schema.org\/image\" title=\"IMG-20260316-WA0006\" alt=\"IMG-20260316-WA0006\" style=\"width: 219px; height: 139px;\" \/> <\/div> <\/div> <!-- close group --> <\/div> <!-- close row --> <div class=\"gallery-row\" style=\"width: 474px; height: 135px;\" data-original-width=\"474\" data-original-height=\"135\" > <div class=\"gallery-group images-1\" style=\"width: 237px; height: 135px;\" data-original-width=\"237\" data-original-height=\"135\" > <div class=\"tiled-gallery-item tiled-gallery-item-small\" itemprop=\"associatedMedia\" itemscope itemtype=\"http:\/\/schema.org\/ImageObject\"> <meta itemprop=\"width\" content=\"233\"> <meta itemprop=\"height\" content=\"131\"> <img decoding=\"async\" class=\"\" data-attachment-id=\"57463\" data-orig-file=\"https:\/\/cloud.alqueria.es\/wp-content\/uploads\/sites\/8\/2026\/03\/IMG-20260313-WA0016.jpg\" data-orig-size=\"2040,1148\" data-comments-opened=\"1\" data-image-meta=\"{&quot;aperture&quot;:&quot;0&quot;,&quot;credit&quot;:&quot;&quot;,&quot;camera&quot;:&quot;&quot;,&quot;caption&quot;:&quot;&quot;,&quot;created_timestamp&quot;:&quot;0&quot;,&quot;copyright&quot;:&quot;&quot;,&quot;focal_length&quot;:&quot;0&quot;,&quot;iso&quot;:&quot;0&quot;,&quot;shutter_speed&quot;:&quot;0&quot;,&quot;title&quot;:&quot;&quot;,&quot;orientation&quot;:&quot;0&quot;}\" data-image-title=\"IMG-20260313-WA0016\" data-image-description=\"\" data-medium-file=\"https:\/\/i0.wp.com\/cloud.alqueria.es\/wp-content\/uploads\/sites\/8\/2026\/03\/IMG-20260313-WA0016.jpg?fit=300%2C169&#038;ssl=1\" data-large-file=\"https:\/\/i0.wp.com\/cloud.alqueria.es\/wp-content\/uploads\/sites\/8\/2026\/03\/IMG-20260313-WA0016.jpg?fit=474%2C267&#038;ssl=1\" src=\"https:\/\/i0.wp.com\/cloud.alqueria.es\/wp-content\/uploads\/sites\/8\/2026\/03\/IMG-20260313-WA0016.jpg?w=233&#038;h=131&#038;ssl=1\" srcset=\"https:\/\/cloud.alqueria.es\/wp-content\/uploads\/sites\/8\/2026\/03\/IMG-20260313-WA0016.jpg 2040w, https:\/\/cloud.alqueria.es\/wp-content\/uploads\/sites\/8\/2026\/03\/IMG-20260313-WA0016.jpg 300w, https:\/\/cloud.alqueria.es\/wp-content\/uploads\/sites\/8\/2026\/03\/IMG-20260313-WA0016.jpg 1024w, https:\/\/cloud.alqueria.es\/wp-content\/uploads\/sites\/8\/2026\/03\/IMG-20260313-WA0016.jpg 768w, https:\/\/cloud.alqueria.es\/wp-content\/uploads\/sites\/8\/2026\/03\/IMG-20260313-WA0016.jpg 1536w, https:\/\/cloud.alqueria.es\/wp-content\/uploads\/sites\/8\/2026\/03\/IMG-20260313-WA0016.jpg 948w, https:\/\/cloud.alqueria.es\/wp-content\/uploads\/sites\/8\/2026\/03\/IMG-20260313-WA0016.jpg 1422w\" width=\"233\" height=\"131\" loading=\"lazy\" data-original-width=\"233\" data-original-height=\"131\" itemprop=\"http:\/\/schema.org\/image\" title=\"IMG-20260313-WA0016\" alt=\"IMG-20260313-WA0016\" style=\"width: 233px; height: 131px;\" \/> <\/div> <\/div> <!-- close group --> <div class=\"gallery-group images-1\" style=\"width: 237px; height: 135px;\" data-original-width=\"237\" data-original-height=\"135\" > <div class=\"tiled-gallery-item tiled-gallery-item-small\" itemprop=\"associatedMedia\" itemscope itemtype=\"http:\/\/schema.org\/ImageObject\"> <meta itemprop=\"width\" content=\"233\"> <meta itemprop=\"height\" content=\"131\"> <img decoding=\"async\" class=\"\" data-attachment-id=\"57465\" data-orig-file=\"https:\/\/cloud.alqueria.es\/wp-content\/uploads\/sites\/8\/2026\/03\/IMG-20260313-WA0017.jpg\" data-orig-size=\"2040,1148\" data-comments-opened=\"1\" data-image-meta=\"{&quot;aperture&quot;:&quot;0&quot;,&quot;credit&quot;:&quot;&quot;,&quot;camera&quot;:&quot;&quot;,&quot;caption&quot;:&quot;&quot;,&quot;created_timestamp&quot;:&quot;0&quot;,&quot;copyright&quot;:&quot;&quot;,&quot;focal_length&quot;:&quot;0&quot;,&quot;iso&quot;:&quot;0&quot;,&quot;shutter_speed&quot;:&quot;0&quot;,&quot;title&quot;:&quot;&quot;,&quot;orientation&quot;:&quot;0&quot;}\" data-image-title=\"IMG-20260313-WA0017\" data-image-description=\"\" data-medium-file=\"https:\/\/i0.wp.com\/cloud.alqueria.es\/wp-content\/uploads\/sites\/8\/2026\/03\/IMG-20260313-WA0017.jpg?fit=300%2C169&#038;ssl=1\" data-large-file=\"https:\/\/i0.wp.com\/cloud.alqueria.es\/wp-content\/uploads\/sites\/8\/2026\/03\/IMG-20260313-WA0017.jpg?fit=474%2C267&#038;ssl=1\" src=\"https:\/\/i0.wp.com\/cloud.alqueria.es\/wp-content\/uploads\/sites\/8\/2026\/03\/IMG-20260313-WA0017.jpg?w=233&#038;h=131&#038;ssl=1\" srcset=\"https:\/\/cloud.alqueria.es\/wp-content\/uploads\/sites\/8\/2026\/03\/IMG-20260313-WA0017.jpg 2040w, https:\/\/cloud.alqueria.es\/wp-content\/uploads\/sites\/8\/2026\/03\/IMG-20260313-WA0017.jpg 300w, https:\/\/cloud.alqueria.es\/wp-content\/uploads\/sites\/8\/2026\/03\/IMG-20260313-WA0017.jpg 1024w, https:\/\/cloud.alqueria.es\/wp-content\/uploads\/sites\/8\/2026\/03\/IMG-20260313-WA0017.jpg 768w, https:\/\/cloud.alqueria.es\/wp-content\/uploads\/sites\/8\/2026\/03\/IMG-20260313-WA0017.jpg 1536w, https:\/\/cloud.alqueria.es\/wp-content\/uploads\/sites\/8\/2026\/03\/IMG-20260313-WA0017.jpg 948w, https:\/\/cloud.alqueria.es\/wp-content\/uploads\/sites\/8\/2026\/03\/IMG-20260313-WA0017.jpg 1422w\" width=\"233\" height=\"131\" loading=\"lazy\" data-original-width=\"233\" data-original-height=\"131\" itemprop=\"http:\/\/schema.org\/image\" title=\"IMG-20260313-WA0017\" alt=\"IMG-20260313-WA0017\" style=\"width: 233px; height: 131px;\" \/> <\/div> <\/div> <!-- close group --> <\/div> <!-- close row --> <div class=\"gallery-row\" style=\"width: 474px; height: 135px;\" data-original-width=\"474\" data-original-height=\"135\" > <div class=\"gallery-group images-1\" style=\"width: 237px; height: 135px;\" data-original-width=\"237\" data-original-height=\"135\" > <div class=\"tiled-gallery-item tiled-gallery-item-small\" itemprop=\"associatedMedia\" itemscope itemtype=\"http:\/\/schema.org\/ImageObject\"> <meta itemprop=\"width\" content=\"233\"> <meta itemprop=\"height\" content=\"131\"> <img decoding=\"async\" class=\"\" data-attachment-id=\"57468\" data-orig-file=\"https:\/\/cloud.alqueria.es\/wp-content\/uploads\/sites\/8\/2026\/03\/IMG-20260316-WA0005.jpg\" data-orig-size=\"1600,900\" data-comments-opened=\"1\" data-image-meta=\"{&quot;aperture&quot;:&quot;0&quot;,&quot;credit&quot;:&quot;&quot;,&quot;camera&quot;:&quot;&quot;,&quot;caption&quot;:&quot;&quot;,&quot;created_timestamp&quot;:&quot;0&quot;,&quot;copyright&quot;:&quot;&quot;,&quot;focal_length&quot;:&quot;0&quot;,&quot;iso&quot;:&quot;0&quot;,&quot;shutter_speed&quot;:&quot;0&quot;,&quot;title&quot;:&quot;&quot;,&quot;orientation&quot;:&quot;0&quot;}\" data-image-title=\"IMG-20260316-WA0005\" data-image-description=\"\" data-medium-file=\"https:\/\/i0.wp.com\/cloud.alqueria.es\/wp-content\/uploads\/sites\/8\/2026\/03\/IMG-20260316-WA0005.jpg?fit=300%2C169&#038;ssl=1\" data-large-file=\"https:\/\/i0.wp.com\/cloud.alqueria.es\/wp-content\/uploads\/sites\/8\/2026\/03\/IMG-20260316-WA0005.jpg?fit=474%2C267&#038;ssl=1\" src=\"https:\/\/i0.wp.com\/cloud.alqueria.es\/wp-content\/uploads\/sites\/8\/2026\/03\/IMG-20260316-WA0005.jpg?w=233&#038;h=131&#038;ssl=1\" srcset=\"https:\/\/cloud.alqueria.es\/wp-content\/uploads\/sites\/8\/2026\/03\/IMG-20260316-WA0005.jpg 1600w, https:\/\/cloud.alqueria.es\/wp-content\/uploads\/sites\/8\/2026\/03\/IMG-20260316-WA0005.jpg 300w, https:\/\/cloud.alqueria.es\/wp-content\/uploads\/sites\/8\/2026\/03\/IMG-20260316-WA0005.jpg 1024w, https:\/\/cloud.alqueria.es\/wp-content\/uploads\/sites\/8\/2026\/03\/IMG-20260316-WA0005.jpg 768w, https:\/\/cloud.alqueria.es\/wp-content\/uploads\/sites\/8\/2026\/03\/IMG-20260316-WA0005.jpg 1536w, https:\/\/cloud.alqueria.es\/wp-content\/uploads\/sites\/8\/2026\/03\/IMG-20260316-WA0005.jpg 948w, https:\/\/cloud.alqueria.es\/wp-content\/uploads\/sites\/8\/2026\/03\/IMG-20260316-WA0005.jpg 1422w\" width=\"233\" height=\"131\" loading=\"lazy\" data-original-width=\"233\" data-original-height=\"131\" itemprop=\"http:\/\/schema.org\/image\" title=\"IMG-20260316-WA0005\" alt=\"IMG-20260316-WA0005\" style=\"width: 233px; height: 131px;\" \/> <\/div> <\/div> <!-- close group --> <div class=\"gallery-group images-1\" style=\"width: 237px; height: 135px;\" data-original-width=\"237\" data-original-height=\"135\" > <div class=\"tiled-gallery-item tiled-gallery-item-small\" itemprop=\"associatedMedia\" itemscope itemtype=\"http:\/\/schema.org\/ImageObject\"> <meta itemprop=\"width\" content=\"233\"> <meta itemprop=\"height\" content=\"131\"> <img decoding=\"async\" class=\"\" data-attachment-id=\"57471\" data-orig-file=\"https:\/\/cloud.alqueria.es\/wp-content\/uploads\/sites\/8\/2026\/03\/IMG-20260316-WA0003.jpg\" data-orig-size=\"1600,900\" data-comments-opened=\"1\" data-image-meta=\"{&quot;aperture&quot;:&quot;0&quot;,&quot;credit&quot;:&quot;&quot;,&quot;camera&quot;:&quot;&quot;,&quot;caption&quot;:&quot;&quot;,&quot;created_timestamp&quot;:&quot;0&quot;,&quot;copyright&quot;:&quot;&quot;,&quot;focal_length&quot;:&quot;0&quot;,&quot;iso&quot;:&quot;0&quot;,&quot;shutter_speed&quot;:&quot;0&quot;,&quot;title&quot;:&quot;&quot;,&quot;orientation&quot;:&quot;1&quot;}\" data-image-title=\"IMG-20260316-WA0003\" data-image-description=\"\" data-medium-file=\"https:\/\/i0.wp.com\/cloud.alqueria.es\/wp-content\/uploads\/sites\/8\/2026\/03\/IMG-20260316-WA0003.jpg?fit=300%2C169&#038;ssl=1\" data-large-file=\"https:\/\/i0.wp.com\/cloud.alqueria.es\/wp-content\/uploads\/sites\/8\/2026\/03\/IMG-20260316-WA0003.jpg?fit=474%2C267&#038;ssl=1\" src=\"https:\/\/i0.wp.com\/cloud.alqueria.es\/wp-content\/uploads\/sites\/8\/2026\/03\/IMG-20260316-WA0003.jpg?w=233&#038;h=131&#038;ssl=1\" srcset=\"https:\/\/cloud.alqueria.es\/wp-content\/uploads\/sites\/8\/2026\/03\/IMG-20260316-WA0003.jpg 1600w, https:\/\/cloud.alqueria.es\/wp-content\/uploads\/sites\/8\/2026\/03\/IMG-20260316-WA0003.jpg 300w, https:\/\/cloud.alqueria.es\/wp-content\/uploads\/sites\/8\/2026\/03\/IMG-20260316-WA0003.jpg 1024w, https:\/\/cloud.alqueria.es\/wp-content\/uploads\/sites\/8\/2026\/03\/IMG-20260316-WA0003.jpg 768w, https:\/\/cloud.alqueria.es\/wp-content\/uploads\/sites\/8\/2026\/03\/IMG-20260316-WA0003.jpg 1536w, https:\/\/cloud.alqueria.es\/wp-content\/uploads\/sites\/8\/2026\/03\/IMG-20260316-WA0003.jpg 948w, https:\/\/cloud.alqueria.es\/wp-content\/uploads\/sites\/8\/2026\/03\/IMG-20260316-WA0003.jpg 1422w\" width=\"233\" height=\"131\" loading=\"lazy\" data-original-width=\"233\" data-original-height=\"131\" itemprop=\"http:\/\/schema.org\/image\" title=\"IMG-20260316-WA0003\" alt=\"IMG-20260316-WA0003\" style=\"width: 233px; height: 131px;\" \/> <\/div> <\/div> <!-- close group --> <\/div> <!-- close row --> <\/div>\n<p><img data-recalc-dims=\"1\" decoding=\"async\" data-attachment-id=\"57461\" data-permalink=\"https:\/\/www.alqueria.es\/blogs\/alqueriarojaverde\/2026\/03\/16\/salida-trimestral-burak-un-cuento-muy-especial-en-nuestra-visita-a-la-biblioteca\/img-20260316-wa0007\/\" data-orig-file=\"https:\/\/i0.wp.com\/cloud.alqueria.es\/wp-content\/uploads\/sites\/8\/2026\/03\/IMG-20260316-WA0007.jpg?fit=900%2C1600&amp;ssl=1\" data-orig-size=\"900,1600\" data-comments-opened=\"1\" data-image-meta=\"{&quot;aperture&quot;:&quot;0&quot;,&quot;credit&quot;:&quot;&quot;,&quot;camera&quot;:&quot;&quot;,&quot;caption&quot;:&quot;&quot;,&quot;created_timestamp&quot;:&quot;0&quot;,&quot;copyright&quot;:&quot;&quot;,&quot;focal_length&quot;:&quot;0&quot;,&quot;iso&quot;:&quot;0&quot;,&quot;shutter_speed&quot;:&quot;0&quot;,&quot;title&quot;:&quot;&quot;,&quot;orientation&quot;:&quot;0&quot;}\" data-image-title=\"IMG-20260316-WA0007\" data-image-description=\"\" data-image-caption=\"\" data-large-file=\"https:\/\/i0.wp.com\/cloud.alqueria.es\/wp-content\/uploads\/sites\/8\/2026\/03\/IMG-20260316-WA0007.jpg?fit=474%2C843&amp;ssl=1\" class=\"alignright size-medium wp-image-57461\" src=\"https:\/\/i0.wp.com\/cloud.alqueria.es\/wp-content\/uploads\/sites\/8\/2026\/03\/IMG-20260316-WA0007-169x300.jpg?resize=169%2C300&#038;ssl=1\" alt=\"\" width=\"169\" height=\"300\" srcset=\"https:\/\/cloud.alqueria.es\/wp-content\/uploads\/sites\/8\/2026\/03\/IMG-20260316-WA0007.jpg 169w, https:\/\/cloud.alqueria.es\/wp-content\/uploads\/sites\/8\/2026\/03\/IMG-20260316-WA0007.jpg 576w, https:\/\/cloud.alqueria.es\/wp-content\/uploads\/sites\/8\/2026\/03\/IMG-20260316-WA0007.jpg 768w, https:\/\/cloud.alqueria.es\/wp-content\/uploads\/sites\/8\/2026\/03\/IMG-20260316-WA0007.jpg 864w, https:\/\/cloud.alqueria.es\/wp-content\/uploads\/sites\/8\/2026\/03\/IMG-20260316-WA0007.jpg 900w\" sizes=\"(max-width: 169px) 100vw, 169px\" \/>Pasamos una ma\u00f1ana maravillosa disfrutando de la historia, compartiendo preguntas y escuchando an\u00e9cdotas sobre la vida en los jardines de la Alhambra. Fue una actividad muy enriquecedora que conect\u00f3 perfectamente con todo lo que hab\u00edamos estado aprendiendo en clase. Y que aprovechamos para unir con el siguiente proyecto que tendremos entre manos, la confecci\u00f3n de un cuento colaborativo entre toda la clase y cuya tem\u00e1tica principal ser\u00e1 la vida y el entorno de nuestro colegio (escogida por el alumnado).<\/p>\n<p><img data-recalc-dims=\"1\" decoding=\"async\" data-attachment-id=\"57466\" data-permalink=\"https:\/\/www.alqueria.es\/blogs\/alqueriarojaverde\/2026\/03\/16\/salida-trimestral-burak-un-cuento-muy-especial-en-nuestra-visita-a-la-biblioteca\/img-20260316-wa0002\/\" data-orig-file=\"https:\/\/i0.wp.com\/cloud.alqueria.es\/wp-content\/uploads\/sites\/8\/2026\/03\/IMG-20260316-WA0002.jpg?fit=900%2C1600&amp;ssl=1\" data-orig-size=\"900,1600\" data-comments-opened=\"1\" data-image-meta=\"{&quot;aperture&quot;:&quot;0&quot;,&quot;credit&quot;:&quot;&quot;,&quot;camera&quot;:&quot;&quot;,&quot;caption&quot;:&quot;&quot;,&quot;created_timestamp&quot;:&quot;0&quot;,&quot;copyright&quot;:&quot;&quot;,&quot;focal_length&quot;:&quot;0&quot;,&quot;iso&quot;:&quot;0&quot;,&quot;shutter_speed&quot;:&quot;0&quot;,&quot;title&quot;:&quot;&quot;,&quot;orientation&quot;:&quot;0&quot;}\" data-image-title=\"IMG-20260316-WA0002\" data-image-description=\"\" data-image-caption=\"\" data-large-file=\"https:\/\/i0.wp.com\/cloud.alqueria.es\/wp-content\/uploads\/sites\/8\/2026\/03\/IMG-20260316-WA0002.jpg?fit=474%2C843&amp;ssl=1\" class=\"alignleft size-medium wp-image-57466\" src=\"https:\/\/i0.wp.com\/cloud.alqueria.es\/wp-content\/uploads\/sites\/8\/2026\/03\/IMG-20260316-WA0002-169x300.jpg?resize=169%2C300&#038;ssl=1\" alt=\"\" width=\"169\" height=\"300\" srcset=\"https:\/\/cloud.alqueria.es\/wp-content\/uploads\/sites\/8\/2026\/03\/IMG-20260316-WA0002.jpg 169w, https:\/\/cloud.alqueria.es\/wp-content\/uploads\/sites\/8\/2026\/03\/IMG-20260316-WA0002.jpg 576w, https:\/\/cloud.alqueria.es\/wp-content\/uploads\/sites\/8\/2026\/03\/IMG-20260316-WA0002.jpg 768w, https:\/\/cloud.alqueria.es\/wp-content\/uploads\/sites\/8\/2026\/03\/IMG-20260316-WA0002.jpg 864w, https:\/\/cloud.alqueria.es\/wp-content\/uploads\/sites\/8\/2026\/03\/IMG-20260316-WA0002.jpg 900w\" sizes=\"(max-width: 169px) 100vw, 169px\" \/>Para cerrar esta experiencia, el viernes el alumnado realiz\u00f3 un dibujo sobre la salida y sobre el cuento. A trav\u00e9s de sus ilustraciones han podido recordar los momentos vividos y expresar lo que m\u00e1s les gust\u00f3 de esta actividad tan especial. Escogiendo la inmensa mayor\u00eda la representaci\u00f3n gr\u00e1fica de los personajes del cuento (Burak, Rayo, Cabra negra, Gru\u00f1\u00f3n y P\u00faas). Ten\u00e9is las creaciones pl\u00e1sticas en el tabl\u00f3n de clase y tambi\u00e9n un listado de sitios donde encontrar el libro.<\/p>\n<p>Sin duda, fue una experiencia muy bonita que nos ha permitido seguir descubriendo la Alhambra desde una mirada diferente: la de los cuentos, la imaginaci\u00f3n y la naturaleza.<\/p>\n<p><img data-recalc-dims=\"1\" decoding=\"async\" data-attachment-id=\"57470\" data-permalink=\"https:\/\/www.alqueria.es\/blogs\/alqueriarojaverde\/2026\/03\/16\/salida-trimestral-burak-un-cuento-muy-especial-en-nuestra-visita-a-la-biblioteca\/img-20260316-wa0001-2\/\" data-orig-file=\"https:\/\/i0.wp.com\/cloud.alqueria.es\/wp-content\/uploads\/sites\/8\/2026\/03\/IMG-20260316-WA0001-1.jpg?fit=1600%2C900&amp;ssl=1\" data-orig-size=\"1600,900\" data-comments-opened=\"1\" data-image-meta=\"{&quot;aperture&quot;:&quot;0&quot;,&quot;credit&quot;:&quot;&quot;,&quot;camera&quot;:&quot;&quot;,&quot;caption&quot;:&quot;&quot;,&quot;created_timestamp&quot;:&quot;0&quot;,&quot;copyright&quot;:&quot;&quot;,&quot;focal_length&quot;:&quot;0&quot;,&quot;iso&quot;:&quot;0&quot;,&quot;shutter_speed&quot;:&quot;0&quot;,&quot;title&quot;:&quot;&quot;,&quot;orientation&quot;:&quot;0&quot;}\" data-image-title=\"IMG-20260316-WA0001\" data-image-description=\"\" data-image-caption=\"\" data-large-file=\"https:\/\/i0.wp.com\/cloud.alqueria.es\/wp-content\/uploads\/sites\/8\/2026\/03\/IMG-20260316-WA0001-1.jpg?fit=474%2C267&amp;ssl=1\" class=\"aligncenter size-full wp-image-57470\" src=\"https:\/\/i0.wp.com\/cloud.alqueria.es\/wp-content\/uploads\/sites\/8\/2026\/03\/IMG-20260316-WA0001-1.jpg?resize=474%2C267&#038;ssl=1\" alt=\"\" width=\"474\" height=\"267\" srcset=\"https:\/\/cloud.alqueria.es\/wp-content\/uploads\/sites\/8\/2026\/03\/IMG-20260316-WA0001-1.jpg 1600w, https:\/\/cloud.alqueria.es\/wp-content\/uploads\/sites\/8\/2026\/03\/IMG-20260316-WA0001-1.jpg 300w, https:\/\/cloud.alqueria.es\/wp-content\/uploads\/sites\/8\/2026\/03\/IMG-20260316-WA0001-1.jpg 1024w, https:\/\/cloud.alqueria.es\/wp-content\/uploads\/sites\/8\/2026\/03\/IMG-20260316-WA0001-1.jpg 768w, https:\/\/cloud.alqueria.es\/wp-content\/uploads\/sites\/8\/2026\/03\/IMG-20260316-WA0001-1.jpg 1536w, https:\/\/cloud.alqueria.es\/wp-content\/uploads\/sites\/8\/2026\/03\/IMG-20260316-WA0001-1.jpg 948w, https:\/\/cloud.alqueria.es\/wp-content\/uploads\/sites\/8\/2026\/03\/IMG-20260316-WA0001-1.jpg 1422w\" sizes=\"(max-width: 474px) 100vw, 474px\" \/><\/p>\n<p style=\"text-align: center\"><strong>Desde aqu\u00ed nos gustar\u00eda agradecer a Jose su cercan\u00eda, su amabilidad, su simpat\u00eda y el ofrecimiento que nos hizo de visitar nuestro colegio pr\u00f3ximamente.<\/strong><\/p>\n<p>\u00a1Ha sido un placer conocerlo en persona!<\/p>\n<p>Esther Justicia.<\/p>\n","protected":false},"excerpt":{"rendered":"<p>El pasado jueves disfrutamos de una salida muy especial, visitando la biblioteca p\u00fablica de Almanj\u00e1yar, para asistir a la presentaci\u00f3n de un cuento muy especial para nosotros: \u00abBurak. El burro que so\u00f1aba con la Alhambra\u00bb. La presentaci\u00f3n estuvo a cargo de su autor, Jose Antonio Heredia P\u00e9rez, al que le gusta que identifiquen como \u00abJose, &hellip; <a href=\"https:\/\/www.alqueria.es\/blogs\/alqueriarojaverde\/2026\/03\/16\/salida-trimestral-burak-un-cuento-muy-especial-en-nuestra-visita-a-la-biblioteca\/\" class=\"more-link\">Seguir leyendo <span class=\"screen-reader-text\">Salida trimestral \u00abBurak: un cuento muy especial en nuestra visita a la biblioteca\u00bb<\/span> <span class=\"meta-nav\">&rarr;<\/span><\/a><\/p>\n","protected":false},"author":19,"featured_media":0,"comment_status":"open","ping_status":"open","sticky":false,"template":"","format":"standard","meta":{"jetpack_post_was_ever_published":false,"_jetpack_newsletter_access":"","_jetpack_dont_email_post_to_subs":false,"_jetpack_newsletter_tier_id":0,"_jetpack_memberships_contains_paywalled_content":false,"_jetpack_memberships_contains_paid_content":false,"footnotes":"","jetpack_publicize_message":"","jetpack_publicize_feature_enabled":true,"jetpack_social_post_already_shared":true,"jetpack_social_options":{"image_generator_settings":{"template":"highway","default_image_id":0,"font":"","enabled":false},"version":2}},"categories":[23,7,13],"tags":[2015,2016,717],"class_list":["post-57455","post","type-post","status-publish","format-standard","hentry","category-actividades-especiales-y-salidas-clase-verde","category-clase-verde-5-6-anos","category-inicio","tag-burak-el-burro-que-sonaba-con-la-alhambra","tag-cuento-sobre-la-alhambra","tag-salida-cultural"],"jetpack_publicize_connections":[],"jetpack_featured_media_url":"","jetpack_sharing_enabled":true,"jetpack_shortlink":"https:\/\/wp.me\/p4lFbP-eWH","_links":{"self":[{"href":"https:\/\/www.alqueria.es\/blogs\/alqueriarojaverde\/wp-json\/wp\/v2\/posts\/57455","targetHints":{"allow":["GET"]}}],"collection":[{"href":"https:\/\/www.alqueria.es\/blogs\/alqueriarojaverde\/wp-json\/wp\/v2\/posts"}],"about":[{"href":"https:\/\/www.alqueria.es\/blogs\/alqueriarojaverde\/wp-json\/wp\/v2\/types\/post"}],"author":[{"embeddable":true,"href":"https:\/\/www.alqueria.es\/blogs\/alqueriarojaverde\/wp-json\/wp\/v2\/users\/19"}],"replies":[{"embeddable":true,"href":"https:\/\/www.alqueria.es\/blogs\/alqueriarojaverde\/wp-json\/wp\/v2\/comments?post=57455"}],"version-history":[{"count":3,"href":"https:\/\/www.alqueria.es\/blogs\/alqueriarojaverde\/wp-json\/wp\/v2\/posts\/57455\/revisions"}],"predecessor-version":[{"id":57474,"href":"https:\/\/www.alqueria.es\/blogs\/alqueriarojaverde\/wp-json\/wp\/v2\/posts\/57455\/revisions\/57474"}],"wp:attachment":[{"href":"https:\/\/www.alqueria.es\/blogs\/alqueriarojaverde\/wp-json\/wp\/v2\/media?parent=57455"}],"wp:term":[{"taxonomy":"category","embeddable":true,"href":"https:\/\/www.alqueria.es\/blogs\/alqueriarojaverde\/wp-json\/wp\/v2\/categories?post=57455"},{"taxonomy":"post_tag","embeddable":true,"href":"https:\/\/www.alqueria.es\/blogs\/alqueriarojaverde\/wp-json\/wp\/v2\/tags?post=57455"}],"curies":[{"name":"wp","href":"https:\/\/api.w.org\/{rel}","templated":true}]}}