{"id":5786,"date":"2014-04-23T19:40:18","date_gmt":"2014-04-23T17:40:18","guid":{"rendered":"https:\/\/www.alqueria.es\/blogs\/alqueriarojaverde\/?p=5786"},"modified":"2014-04-23T19:49:09","modified_gmt":"2014-04-23T17:49:09","slug":"semana-de-la-lectura-dia-del-libro-san-jorge-y-el-dragon","status":"publish","type":"post","link":"https:\/\/www.alqueria.es\/blogs\/alqueriarojaverde\/2014\/04\/23\/semana-de-la-lectura-dia-del-libro-san-jorge-y-el-dragon\/","title":{"rendered":"SEMANA DE LA LECTURA. D\u00cdA DEL LIBRO: \u00abSAN JORGE Y EL DRAG\u00d3N\u00bb"},"content":{"rendered":"<p style=\"text-align: justify\"><a href=\"https:\/\/i0.wp.com\/cloud.alqueria.es\/wp-content\/uploads\/sites\/8\/2013\/04\/sant-jordi1.jpg?ssl=1\"><img data-recalc-dims=\"1\" decoding=\"async\" data-attachment-id=\"5113\" data-permalink=\"https:\/\/www.alqueria.es\/blogs\/alqueriarojaverde\/2013\/04\/22\/semana-de-la-lectura\/sant-jordi1-2\/\" data-orig-file=\"https:\/\/i0.wp.com\/www.alqueria.es\/blogs\/alqueriarojaverde\/wp-content\/uploads\/sites\/8\/2013\/04\/sant-jordi1.jpg?fit=400%2C463&amp;ssl=1\" data-orig-size=\"400,463\" data-comments-opened=\"1\" data-image-meta=\"{&quot;aperture&quot;:&quot;0&quot;,&quot;credit&quot;:&quot;&quot;,&quot;camera&quot;:&quot;&quot;,&quot;caption&quot;:&quot;&quot;,&quot;created_timestamp&quot;:&quot;0&quot;,&quot;copyright&quot;:&quot;&quot;,&quot;focal_length&quot;:&quot;0&quot;,&quot;iso&quot;:&quot;0&quot;,&quot;shutter_speed&quot;:&quot;0&quot;,&quot;title&quot;:&quot;&quot;}\" data-image-title=\"sant-jordi1\" data-image-description=\"\" data-image-caption=\"\" data-large-file=\"https:\/\/i0.wp.com\/www.alqueria.es\/blogs\/alqueriarojaverde\/wp-content\/uploads\/sites\/8\/2013\/04\/sant-jordi1.jpg?fit=400%2C463&amp;ssl=1\" class=\"alignleft size-medium wp-image-5113\" src=\"https:\/\/i0.wp.com\/cloud.alqueria.es\/wp-content\/uploads\/sites\/8\/2013\/04\/sant-jordi1-259x300.jpg?resize=259%2C300&#038;ssl=1\" alt=\"sant-jordi1\" width=\"259\" height=\"300\" srcset=\"https:\/\/i0.wp.com\/www.alqueria.es\/blogs\/alqueriarojaverde\/wp-content\/uploads\/sites\/8\/2013\/04\/sant-jordi1.jpg?resize=259%2C300&amp;ssl=1 259w, https:\/\/i0.wp.com\/www.alqueria.es\/blogs\/alqueriarojaverde\/wp-content\/uploads\/sites\/8\/2013\/04\/sant-jordi1.jpg?w=400&amp;ssl=1 400w\" sizes=\"(max-width: 259px) 100vw, 259px\" \/><\/a><\/p>\n<p style=\"text-align: justify\">Haciendo honor a la tradici\u00f3n cultural y popular, disfrutamos con la leyenda de \u00abSan Jorge y el drag\u00f3n\u00bb.<\/p>\n<p style=\"text-align: justify\">Para ello nos reunimos en el jard\u00edn y acudimos a la narraci\u00f3n que Jorge, el profesor de 6\u00ba EPO, nos hace. Apoyado por la interpretaci\u00f3n de algunos alumnos de su clase.<\/p>\n<div class=\"tiled-gallery type-square tiled-gallery-unresized\" data-original-width=\"474\" data-carousel-extra='{&quot;blog_id&quot;:8,&quot;permalink&quot;:&quot;https:\\\/\\\/www.alqueria.es\\\/blogs\\\/alqueriarojaverde\\\/2014\\\/04\\\/23\\\/semana-de-la-lectura-dia-del-libro-san-jorge-y-el-dragon\\\/&quot;,&quot;likes_blog_id&quot;:64268569}' itemscope itemtype=\"http:\/\/schema.org\/ImageGallery\" > <div class=\"gallery-row\" style=\"width: 474px; height: 237px;\" data-original-width=\"474\" data-original-height=\"237\" > <div class=\"gallery-group\" style=\"width: 237px; height: 237px;\" data-original-width=\"237\" data-original-height=\"237\" > <div class=\"tiled-gallery-item \" itemprop=\"associatedMedia\" itemscope itemtype=\"http:\/\/schema.org\/ImageObject\"> <a href=\"https:\/\/www.alqueria.es\/blogs\/alqueriarojaverde\/2014\/04\/23\/semana-de-la-lectura-dia-del-libro-san-jorge-y-el-dragon\/img_0347\/\" border=\"0\" itemprop=\"url\"> <meta itemprop=\"width\" content=\"233\"> <meta itemprop=\"height\" content=\"233\"> <img decoding=\"async\" class=\"\" data-attachment-id=\"5787\" data-orig-file=\"https:\/\/www.alqueria.es\/blogs\/alqueriarojaverde\/wp-content\/uploads\/sites\/8\/2014\/04\/IMG_0347-e1398271912784.jpg\" data-orig-size=\"768,1024\" data-comments-opened=\"1\" data-image-meta=\"{&quot;aperture&quot;:&quot;0&quot;,&quot;credit&quot;:&quot;&quot;,&quot;camera&quot;:&quot;&quot;,&quot;caption&quot;:&quot;&quot;,&quot;created_timestamp&quot;:&quot;0&quot;,&quot;copyright&quot;:&quot;&quot;,&quot;focal_length&quot;:&quot;0&quot;,&quot;iso&quot;:&quot;0&quot;,&quot;shutter_speed&quot;:&quot;0&quot;,&quot;title&quot;:&quot;&quot;}\" data-image-title=\"IMG_0347\" data-image-description=\"\" data-medium-file=\"https:\/\/i0.wp.com\/www.alqueria.es\/blogs\/alqueriarojaverde\/wp-content\/uploads\/sites\/8\/2014\/04\/IMG_0347-e1398271912784.jpg?fit=225%2C300&#038;ssl=1\" data-large-file=\"https:\/\/i0.wp.com\/www.alqueria.es\/blogs\/alqueriarojaverde\/wp-content\/uploads\/sites\/8\/2014\/04\/IMG_0347-e1398271912784.jpg?fit=474%2C632&#038;ssl=1\" src=\"https:\/\/i0.wp.com\/www.alqueria.es\/blogs\/alqueriarojaverde\/wp-content\/uploads\/sites\/8\/2014\/04\/IMG_0347-e1398271912784.jpg?w=233&#038;h=233&#038;crop=1&#038;ssl=1\" srcset=\"https:\/\/i0.wp.com\/www.alqueria.es\/blogs\/alqueriarojaverde\/wp-content\/uploads\/sites\/8\/2014\/04\/IMG_0347-e1398271912784.jpg?resize=150%2C150&amp;ssl=1 150w, https:\/\/i0.wp.com\/www.alqueria.es\/blogs\/alqueriarojaverde\/wp-content\/uploads\/sites\/8\/2014\/04\/IMG_0347-e1398271912784.jpg?zoom=2&amp;resize=233%2C233&amp;ssl=1 466w, https:\/\/i0.wp.com\/www.alqueria.es\/blogs\/alqueriarojaverde\/wp-content\/uploads\/sites\/8\/2014\/04\/IMG_0347-e1398271912784.jpg?zoom=3&amp;resize=233%2C233&amp;ssl=1 699w\" width=\"233\" height=\"233\" loading=\"lazy\" data-original-width=\"233\" data-original-height=\"233\" itemprop=\"http:\/\/schema.org\/image\" title=\"IMG_0347\" alt=\"IMG_0347\" style=\"width: 233px; height: 233px;\" \/> <\/a> <\/div> <\/div> <div class=\"gallery-group\" style=\"width: 237px; height: 237px;\" data-original-width=\"237\" data-original-height=\"237\" > <div class=\"tiled-gallery-item \" itemprop=\"associatedMedia\" itemscope itemtype=\"http:\/\/schema.org\/ImageObject\"> <a href=\"https:\/\/www.alqueria.es\/blogs\/alqueriarojaverde\/2014\/04\/23\/semana-de-la-lectura-dia-del-libro-san-jorge-y-el-dragon\/img_0349\/\" border=\"0\" itemprop=\"url\"> <meta itemprop=\"width\" content=\"233\"> <meta itemprop=\"height\" content=\"233\"> <img decoding=\"async\" class=\"\" data-attachment-id=\"5788\" data-orig-file=\"https:\/\/www.alqueria.es\/blogs\/alqueriarojaverde\/wp-content\/uploads\/sites\/8\/2014\/04\/IMG_0349.jpg\" data-orig-size=\"1024,768\" data-comments-opened=\"1\" data-image-meta=\"{&quot;aperture&quot;:&quot;0&quot;,&quot;credit&quot;:&quot;&quot;,&quot;camera&quot;:&quot;&quot;,&quot;caption&quot;:&quot;&quot;,&quot;created_timestamp&quot;:&quot;0&quot;,&quot;copyright&quot;:&quot;&quot;,&quot;focal_length&quot;:&quot;0&quot;,&quot;iso&quot;:&quot;0&quot;,&quot;shutter_speed&quot;:&quot;0&quot;,&quot;title&quot;:&quot;&quot;}\" data-image-title=\"IMG_0349\" data-image-description=\"\" data-medium-file=\"https:\/\/i0.wp.com\/www.alqueria.es\/blogs\/alqueriarojaverde\/wp-content\/uploads\/sites\/8\/2014\/04\/IMG_0349.jpg?fit=300%2C225&#038;ssl=1\" data-large-file=\"https:\/\/i0.wp.com\/www.alqueria.es\/blogs\/alqueriarojaverde\/wp-content\/uploads\/sites\/8\/2014\/04\/IMG_0349.jpg?fit=474%2C356&#038;ssl=1\" src=\"https:\/\/i0.wp.com\/www.alqueria.es\/blogs\/alqueriarojaverde\/wp-content\/uploads\/sites\/8\/2014\/04\/IMG_0349.jpg?w=233&#038;h=233&#038;crop=1&#038;ssl=1\" srcset=\"https:\/\/i0.wp.com\/www.alqueria.es\/blogs\/alqueriarojaverde\/wp-content\/uploads\/sites\/8\/2014\/04\/IMG_0349.jpg?resize=150%2C150&amp;ssl=1 150w, https:\/\/i0.wp.com\/www.alqueria.es\/blogs\/alqueriarojaverde\/wp-content\/uploads\/sites\/8\/2014\/04\/IMG_0349.jpg?zoom=2&amp;resize=233%2C233&amp;ssl=1 466w, https:\/\/i0.wp.com\/www.alqueria.es\/blogs\/alqueriarojaverde\/wp-content\/uploads\/sites\/8\/2014\/04\/IMG_0349.jpg?zoom=3&amp;resize=233%2C233&amp;ssl=1 699w\" width=\"233\" height=\"233\" loading=\"lazy\" data-original-width=\"233\" data-original-height=\"233\" itemprop=\"http:\/\/schema.org\/image\" title=\"IMG_0349\" alt=\"IMG_0349\" style=\"width: 233px; height: 233px;\" \/> <\/a> <\/div> <\/div> <\/div> <\/div>\n<p style=\"text-align: justify\">Como no pod\u00eda ser de otra forma, hoy damos una relevancia especial a los libros, ya que celebramos su gran d\u00eda, as\u00ed que tambi\u00e9n adquirimos ejemplares de la feria del libro, con la recaudaci\u00f3n obtenida en el vivero. Pr\u00f3ximamente ser\u00e1n presentados en clase y catalogados para nuestra biblioteca.<\/p>\n<p style=\"text-align: justify\"><a href=\"https:\/\/i0.wp.com\/cloud.alqueria.es\/wp-content\/uploads\/sites\/8\/2013\/04\/libro-y-nincc83os-corazones-dicc81a-del-libro1.jpg?ssl=1\"><img data-recalc-dims=\"1\" decoding=\"async\" data-attachment-id=\"5107\" data-permalink=\"https:\/\/www.alqueria.es\/blogs\/alqueriarojaverde\/2013\/04\/19\/semanario-clase-roja-semana-del-15-al-19-de-abril-de-2013\/libro-y-nincc83os-corazones-dicc81a-del-libro1\/\" data-orig-file=\"https:\/\/i0.wp.com\/www.alqueria.es\/blogs\/alqueriarojaverde\/wp-content\/uploads\/sites\/8\/2013\/04\/libro-y-nincc83os-corazones-dicc81a-del-libro1.jpg?fit=267%2C189&amp;ssl=1\" data-orig-size=\"267,189\" data-comments-opened=\"1\" data-image-meta=\"{&quot;aperture&quot;:&quot;0&quot;,&quot;credit&quot;:&quot;&quot;,&quot;camera&quot;:&quot;&quot;,&quot;caption&quot;:&quot;&quot;,&quot;created_timestamp&quot;:&quot;0&quot;,&quot;copyright&quot;:&quot;&quot;,&quot;focal_length&quot;:&quot;0&quot;,&quot;iso&quot;:&quot;0&quot;,&quot;shutter_speed&quot;:&quot;0&quot;,&quot;title&quot;:&quot;&quot;}\" data-image-title=\"libro-y-nincc83os-corazones-dicc81a-del-libro1\" data-image-description=\"\" data-image-caption=\"\" data-large-file=\"https:\/\/i0.wp.com\/www.alqueria.es\/blogs\/alqueriarojaverde\/wp-content\/uploads\/sites\/8\/2013\/04\/libro-y-nincc83os-corazones-dicc81a-del-libro1.jpg?fit=267%2C189&amp;ssl=1\" class=\"aligncenter size-full wp-image-5107\" src=\"https:\/\/i0.wp.com\/cloud.alqueria.es\/wp-content\/uploads\/sites\/8\/2013\/04\/libro-y-nincc83os-corazones-dicc81a-del-libro1.jpg?resize=267%2C189&#038;ssl=1\" alt=\"libro-y-nincc83os-corazones-dicc81a-del-libro1\" width=\"267\" height=\"189\" \/><\/a><\/p>\n<p style=\"text-align: justify\">Os animamos a disfrutar del placer de leer en familia y fomentar h\u00e1bitos lectores en vuestros peques.<\/p>\n<p style=\"text-align: justify\">Como peque\u00f1a contribuci\u00f3n, os dejamos algunos enlaces que esperamos sean de vuestro inter\u00e9s.<\/p>\n<p style=\"text-align: justify\">1. <strong>Canal lector<\/strong>. Ofrece una selecci\u00f3n de libros categorizados por edades, g\u00e9nero, etc. Igualmente aporta informaci\u00f3n b\u00e1sica sobre cada uno de los t\u00edtulos.<\/p>\n<p style=\"text-align: justify\"><a href=\"http:\/\/www.canallector.com\/buscador.php?key=Buscar+t%EDtulo%2C+autor%2C+editorial%2C+ISBN...&amp;edad=1&amp;pais=1&amp;genero=&amp;soporte=&amp;temas=\"><img data-recalc-dims=\"1\" decoding=\"async\" data-attachment-id=\"5790\" data-permalink=\"https:\/\/www.alqueria.es\/blogs\/alqueriarojaverde\/2014\/04\/23\/semana-de-la-lectura-dia-del-libro-san-jorge-y-el-dragon\/canal-lector\/\" data-orig-file=\"https:\/\/i0.wp.com\/www.alqueria.es\/blogs\/alqueriarojaverde\/wp-content\/uploads\/sites\/8\/2014\/04\/canal-lector.jpg?fit=290%2C174&amp;ssl=1\" data-orig-size=\"290,174\" data-comments-opened=\"1\" data-image-meta=\"{&quot;aperture&quot;:&quot;0&quot;,&quot;credit&quot;:&quot;&quot;,&quot;camera&quot;:&quot;&quot;,&quot;caption&quot;:&quot;&quot;,&quot;created_timestamp&quot;:&quot;0&quot;,&quot;copyright&quot;:&quot;&quot;,&quot;focal_length&quot;:&quot;0&quot;,&quot;iso&quot;:&quot;0&quot;,&quot;shutter_speed&quot;:&quot;0&quot;,&quot;title&quot;:&quot;&quot;}\" data-image-title=\"canal lector\" data-image-description=\"\" data-image-caption=\"\" data-large-file=\"https:\/\/i0.wp.com\/www.alqueria.es\/blogs\/alqueriarojaverde\/wp-content\/uploads\/sites\/8\/2014\/04\/canal-lector.jpg?fit=290%2C174&amp;ssl=1\" class=\"aligncenter size-full wp-image-5790\" src=\"https:\/\/i0.wp.com\/cloud.alqueria.es\/wp-content\/uploads\/sites\/8\/2014\/04\/canal-lector.jpg?resize=290%2C174&#038;ssl=1\" alt=\"canal lector\" width=\"290\" height=\"174\" \/><\/a><\/p>\n<p style=\"text-align: justify\">2. <strong>Cuentos interactivos<\/strong>. Posee dos bloques, correspondientes a tramos de edad diferentes. El correspondiente a 3-6 a\u00f1os, se titula <strong>Iv\u00e1n y Navi, el poder de la imaginaci\u00f3n.<\/strong><\/p>\n<p style=\"text-align: justify\"><a href=\"http:\/\/www.cuentosinteractivos.org\"><img data-recalc-dims=\"1\" decoding=\"async\" data-attachment-id=\"5791\" data-permalink=\"https:\/\/www.alqueria.es\/blogs\/alqueriarojaverde\/2014\/04\/23\/semana-de-la-lectura-dia-del-libro-san-jorge-y-el-dragon\/cuentos-interactivos\/\" data-orig-file=\"https:\/\/i0.wp.com\/www.alqueria.es\/blogs\/alqueriarojaverde\/wp-content\/uploads\/sites\/8\/2014\/04\/cuentos-interactivos.jpg?fit=232%2C143&amp;ssl=1\" data-orig-size=\"232,143\" data-comments-opened=\"1\" data-image-meta=\"{&quot;aperture&quot;:&quot;0&quot;,&quot;credit&quot;:&quot;&quot;,&quot;camera&quot;:&quot;&quot;,&quot;caption&quot;:&quot;&quot;,&quot;created_timestamp&quot;:&quot;0&quot;,&quot;copyright&quot;:&quot;&quot;,&quot;focal_length&quot;:&quot;0&quot;,&quot;iso&quot;:&quot;0&quot;,&quot;shutter_speed&quot;:&quot;0&quot;,&quot;title&quot;:&quot;&quot;}\" data-image-title=\"cuentos interactivos\" data-image-description=\"\" data-image-caption=\"\" data-large-file=\"https:\/\/i0.wp.com\/www.alqueria.es\/blogs\/alqueriarojaverde\/wp-content\/uploads\/sites\/8\/2014\/04\/cuentos-interactivos.jpg?fit=232%2C143&amp;ssl=1\" class=\"aligncenter size-full wp-image-5791\" src=\"https:\/\/i0.wp.com\/cloud.alqueria.es\/wp-content\/uploads\/sites\/8\/2014\/04\/cuentos-interactivos.jpg?resize=232%2C143&#038;ssl=1\" alt=\"cuentos interactivos\" width=\"232\" height=\"143\" \/><\/a><\/p>\n<p style=\"text-align: justify\">Pr\u00f3ximamente y para mayor accesibilidad, los incluiremos en la barra lateral del blog, como enlaces directos, al igual que est\u00e1 ya leer.es.<\/p>\n<p style=\"text-align: justify\">Esperamos que os gusten,<\/p>\n<p style=\"text-align: justify\">Charito y Esther.<\/p>\n","protected":false},"excerpt":{"rendered":"<p>Haciendo honor a la tradici\u00f3n cultural y popular, disfrutamos con la leyenda de \u00abSan Jorge y el drag\u00f3n\u00bb. Para ello nos reunimos en el jard\u00edn y acudimos a la narraci\u00f3n que Jorge, el profesor de 6\u00ba EPO, nos hace. Apoyado por la interpretaci\u00f3n de algunos alumnos de su clase. Como no pod\u00eda ser de otra &hellip; <a href=\"https:\/\/www.alqueria.es\/blogs\/alqueriarojaverde\/2014\/04\/23\/semana-de-la-lectura-dia-del-libro-san-jorge-y-el-dragon\/\" class=\"more-link\">Seguir leyendo <span class=\"screen-reader-text\">SEMANA DE LA LECTURA. D\u00cdA DEL LIBRO: \u00abSAN JORGE Y EL DRAG\u00d3N\u00bb<\/span> <span class=\"meta-nav\">&rarr;<\/span><\/a><\/p>\n","protected":false},"author":19,"featured_media":0,"comment_status":"open","ping_status":"open","sticky":false,"template":"","format":"standard","meta":{"jetpack_post_was_ever_published":false,"_jetpack_newsletter_access":"","_jetpack_dont_email_post_to_subs":false,"_jetpack_newsletter_tier_id":0,"_jetpack_memberships_contains_paywalled_content":false,"_jetpack_memberships_contains_paid_content":false,"footnotes":"","jetpack_publicize_message":"","jetpack_publicize_feature_enabled":true,"jetpack_social_post_already_shared":true,"jetpack_social_options":{"image_generator_settings":{"template":"highway","default_image_id":0,"font":"","enabled":false},"version":2}},"categories":[22,23,6,7,13],"tags":[100,101,61],"class_list":["post-5786","post","type-post","status-publish","format-standard","hentry","category-actividades-especiales-y-salidas-clase-roja","category-actividades-especiales-y-salidas-clase-verde","category-clase-roja-4-5-anos","category-clase-verde-5-6-anos","category-inicio","tag-dia-del-libro","tag-san-jorge-y-el-dragon","tag-semana-de-la-lectura"],"jetpack_publicize_connections":[],"jetpack_featured_media_url":"","jetpack_sharing_enabled":true,"jetpack_shortlink":"https:\/\/wp.me\/p4lFbP-1vk","_links":{"self":[{"href":"https:\/\/www.alqueria.es\/blogs\/alqueriarojaverde\/wp-json\/wp\/v2\/posts\/5786","targetHints":{"allow":["GET"]}}],"collection":[{"href":"https:\/\/www.alqueria.es\/blogs\/alqueriarojaverde\/wp-json\/wp\/v2\/posts"}],"about":[{"href":"https:\/\/www.alqueria.es\/blogs\/alqueriarojaverde\/wp-json\/wp\/v2\/types\/post"}],"author":[{"embeddable":true,"href":"https:\/\/www.alqueria.es\/blogs\/alqueriarojaverde\/wp-json\/wp\/v2\/users\/19"}],"replies":[{"embeddable":true,"href":"https:\/\/www.alqueria.es\/blogs\/alqueriarojaverde\/wp-json\/wp\/v2\/comments?post=5786"}],"version-history":[{"count":0,"href":"https:\/\/www.alqueria.es\/blogs\/alqueriarojaverde\/wp-json\/wp\/v2\/posts\/5786\/revisions"}],"wp:attachment":[{"href":"https:\/\/www.alqueria.es\/blogs\/alqueriarojaverde\/wp-json\/wp\/v2\/media?parent=5786"}],"wp:term":[{"taxonomy":"category","embeddable":true,"href":"https:\/\/www.alqueria.es\/blogs\/alqueriarojaverde\/wp-json\/wp\/v2\/categories?post=5786"},{"taxonomy":"post_tag","embeddable":true,"href":"https:\/\/www.alqueria.es\/blogs\/alqueriarojaverde\/wp-json\/wp\/v2\/tags?post=5786"}],"curies":[{"name":"wp","href":"https:\/\/api.w.org\/{rel}","templated":true}]}}