{"id":5876,"date":"2014-04-30T14:41:12","date_gmt":"2014-04-30T12:41:12","guid":{"rendered":"https:\/\/www.alqueria.es\/blogs\/alqueriarojaverde\/?p=5876"},"modified":"2014-04-30T15:39:50","modified_gmt":"2014-04-30T13:39:50","slug":"semanario-de-la-clase-verde-dias-28-29-y-30-de-abril-de-2014","status":"publish","type":"post","link":"https:\/\/www.alqueria.es\/blogs\/alqueriarojaverde\/2014\/04\/30\/semanario-de-la-clase-verde-dias-28-29-y-30-de-abril-de-2014\/","title":{"rendered":"SEMANARIO DE LA CLASE VERDE. D\u00edas 28, 29 y 30 de abril de 2014."},"content":{"rendered":"<p style=\"text-align: justify\"><a href=\"https:\/\/i0.wp.com\/cloud.alqueria.es\/wp-content\/uploads\/sites\/8\/2014\/04\/FLAMENCA.jpg?ssl=1\"><img data-recalc-dims=\"1\" decoding=\"async\" data-attachment-id=\"5877\" data-permalink=\"https:\/\/www.alqueria.es\/blogs\/alqueriarojaverde\/2014\/04\/30\/semanario-de-la-clase-verde-dias-28-29-y-30-de-abril-de-2014\/flamenca\/\" data-orig-file=\"https:\/\/i0.wp.com\/www.alqueria.es\/blogs\/alqueriarojaverde\/wp-content\/uploads\/sites\/8\/2014\/04\/FLAMENCA.jpg?fit=185%2C272&amp;ssl=1\" data-orig-size=\"185,272\" data-comments-opened=\"1\" data-image-meta=\"{&quot;aperture&quot;:&quot;0&quot;,&quot;credit&quot;:&quot;&quot;,&quot;camera&quot;:&quot;&quot;,&quot;caption&quot;:&quot;&quot;,&quot;created_timestamp&quot;:&quot;0&quot;,&quot;copyright&quot;:&quot;&quot;,&quot;focal_length&quot;:&quot;0&quot;,&quot;iso&quot;:&quot;0&quot;,&quot;shutter_speed&quot;:&quot;0&quot;,&quot;title&quot;:&quot;&quot;}\" data-image-title=\"FLAMENCA\" data-image-description=\"\" data-image-caption=\"\" data-large-file=\"https:\/\/i0.wp.com\/www.alqueria.es\/blogs\/alqueriarojaverde\/wp-content\/uploads\/sites\/8\/2014\/04\/FLAMENCA.jpg?fit=185%2C272&amp;ssl=1\" class=\"alignleft size-full wp-image-5877\" src=\"https:\/\/i0.wp.com\/cloud.alqueria.es\/wp-content\/uploads\/sites\/8\/2014\/04\/FLAMENCA.jpg?resize=185%2C272&#038;ssl=1\" alt=\"FLAMENCA\" width=\"185\" height=\"272\" \/><\/a>Tras nuestra intensa Semana de la Lectura, en la que hemos disfrutado realizando y asistiendo a m\u00faltiples actividades, volvemos a la \u00abcalma\u00bb con esta cortita semana.<\/p>\n<p style=\"text-align: justify\">El lunes, como no pod\u00eda ser de otra forma, comenzamos comentando qu\u00e9 es lo que m\u00e1s nos gust\u00f3 de la Semana de la lectura y, tras nuestra clase de Ingl\u00e9s, realizamos nuestra<span style=\"color: #99cc00\"> expresi\u00f3n pl\u00e1stica.<\/span><\/p>\n<p style=\"text-align: justify\">En\u00a0la <span style=\"color: #ff9900\">tarde cooperativa<\/span> aprovechamos para dar lectura a algunos de los ejemplares, adquiridos con el dinero del vivero: Croni\u00f1\u00f3n, La vocecita y Caperucita es dentista.<\/p>\n<p class=\"jetpack-slideshow-noscript robots-nocontent\">El pase de diapositivas requiere JavaScript.<\/p><div id=\"gallery-5876-1-slideshow\" class=\"jetpack-slideshow-window jetpack-slideshow jetpack-slideshow-black\" data-trans=\"fade\" data-autostart=\"1\" data-gallery=\"[{&quot;src&quot;:&quot;https:\\\/\\\/i0.wp.com\\\/www.alqueria.es\\\/blogs\\\/alqueriarojaverde\\\/wp-content\\\/uploads\\\/sites\\\/8\\\/2014\\\/04\\\/IMG_0392.jpg?fit=1024%2C768\\u0026ssl=1&quot;,&quot;id&quot;:&quot;5882&quot;,&quot;title&quot;:&quot;IMG_0392&quot;,&quot;alt&quot;:&quot;&quot;,&quot;caption&quot;:&quot;&quot;,&quot;itemprop&quot;:&quot;image&quot;},{&quot;src&quot;:&quot;https:\\\/\\\/i0.wp.com\\\/www.alqueria.es\\\/blogs\\\/alqueriarojaverde\\\/wp-content\\\/uploads\\\/sites\\\/8\\\/2014\\\/04\\\/IMG_0390.jpg?fit=1024%2C768\\u0026ssl=1&quot;,&quot;id&quot;:&quot;5881&quot;,&quot;title&quot;:&quot;IMG_0390&quot;,&quot;alt&quot;:&quot;&quot;,&quot;caption&quot;:&quot;&quot;,&quot;itemprop&quot;:&quot;image&quot;},{&quot;src&quot;:&quot;https:\\\/\\\/i0.wp.com\\\/www.alqueria.es\\\/blogs\\\/alqueriarojaverde\\\/wp-content\\\/uploads\\\/sites\\\/8\\\/2014\\\/04\\\/IMG_0389.jpg?fit=1024%2C768\\u0026ssl=1&quot;,&quot;id&quot;:&quot;5880&quot;,&quot;title&quot;:&quot;IMG_0389&quot;,&quot;alt&quot;:&quot;&quot;,&quot;caption&quot;:&quot;&quot;,&quot;itemprop&quot;:&quot;image&quot;},{&quot;src&quot;:&quot;https:\\\/\\\/i0.wp.com\\\/www.alqueria.es\\\/blogs\\\/alqueriarojaverde\\\/wp-content\\\/uploads\\\/sites\\\/8\\\/2014\\\/04\\\/IMG_0387.jpg?fit=1024%2C768\\u0026ssl=1&quot;,&quot;id&quot;:&quot;5879&quot;,&quot;title&quot;:&quot;IMG_0387&quot;,&quot;alt&quot;:&quot;&quot;,&quot;caption&quot;:&quot;&quot;,&quot;itemprop&quot;:&quot;image&quot;}]\" itemscope itemtype=\"https:\/\/schema.org\/ImageGallery\"><\/div>\n<p style=\"text-align: justify\">El martes jornada tranquila, disfrutando de los juegos del aula, en compa\u00f1\u00eda de Silvia. Realizamos nuestra clase de Educaci\u00f3n F\u00edsica, ya que <span style=\"color: #ff0000\">el mi\u00e9rcoles es d\u00eda de significaci\u00f3n especial : D\u00eda de la Cruz.<\/span><\/p>\n<p style=\"text-align: justify\">Por fin mi\u00e9rcoles, ya ha llegado el gran d\u00eda en que todas las ni\u00f1as han tra\u00eddo sus trajes de gitana y han disfrutado bailando al son de las sevillanas. Y digo ni\u00f1as, ya que tan s\u00f3lo dos ni\u00f1os se han animado a hacerlo, felicidades por la valent\u00eda, Je!.<\/p>\n<p style=\"text-align: justify\">Desde bien temprano bailamos y cantamos sevillanas en la clase, e incluso nos animamos a dar palmas, en plan cuadro flamenco.<\/p>\n<p style=\"text-align: justify\">En torno a las 11.00 horas, nos hemos bajado al jard\u00edn a comer unas ricas sala\u00edllas y habas (de nuestro huerto), mientras los m\u00e1s dispuestos se animaban a bailar. Hasta el equipo de profes (inclu\u00eddo \u00abteacher\u00bb y nuestra \u00abdire\u00bb) ha hecho sus pinitos.<\/p>\n<p style=\"text-align: justify\">Os dejo unas fotillos que se que os gustan.<\/p>\n<p>&nbsp;<\/p>\n<p class=\"jetpack-slideshow-noscript robots-nocontent\">El pase de diapositivas requiere JavaScript.<\/p><div id=\"gallery-5876-2-slideshow\" class=\"jetpack-slideshow-window jetpack-slideshow jetpack-slideshow-black\" data-trans=\"fade\" data-autostart=\"1\" data-gallery=\"[{&quot;src&quot;:&quot;https:\\\/\\\/i0.wp.com\\\/www.alqueria.es\\\/blogs\\\/alqueriarojaverde\\\/wp-content\\\/uploads\\\/sites\\\/8\\\/2014\\\/04\\\/IMG_0393.jpg?fit=1024%2C768\\u0026ssl=1&quot;,&quot;id&quot;:&quot;5883&quot;,&quot;title&quot;:&quot;IMG_0393&quot;,&quot;alt&quot;:&quot;&quot;,&quot;caption&quot;:&quot;&quot;,&quot;itemprop&quot;:&quot;image&quot;},{&quot;src&quot;:&quot;https:\\\/\\\/i0.wp.com\\\/www.alqueria.es\\\/blogs\\\/alqueriarojaverde\\\/wp-content\\\/uploads\\\/sites\\\/8\\\/2014\\\/04\\\/IMG_0394.jpg?fit=1024%2C768\\u0026ssl=1&quot;,&quot;id&quot;:&quot;5884&quot;,&quot;title&quot;:&quot;IMG_0394&quot;,&quot;alt&quot;:&quot;&quot;,&quot;caption&quot;:&quot;&quot;,&quot;itemprop&quot;:&quot;image&quot;},{&quot;src&quot;:&quot;https:\\\/\\\/i0.wp.com\\\/www.alqueria.es\\\/blogs\\\/alqueriarojaverde\\\/wp-content\\\/uploads\\\/sites\\\/8\\\/2014\\\/04\\\/IMG_0395.jpg?fit=1024%2C768\\u0026ssl=1&quot;,&quot;id&quot;:&quot;5885&quot;,&quot;title&quot;:&quot;IMG_0395&quot;,&quot;alt&quot;:&quot;&quot;,&quot;caption&quot;:&quot;&quot;,&quot;itemprop&quot;:&quot;image&quot;},{&quot;src&quot;:&quot;https:\\\/\\\/i0.wp.com\\\/www.alqueria.es\\\/blogs\\\/alqueriarojaverde\\\/wp-content\\\/uploads\\\/sites\\\/8\\\/2014\\\/04\\\/IMG_0396.jpg?fit=1024%2C768\\u0026ssl=1&quot;,&quot;id&quot;:&quot;5886&quot;,&quot;title&quot;:&quot;IMG_0396&quot;,&quot;alt&quot;:&quot;&quot;,&quot;caption&quot;:&quot;&quot;,&quot;itemprop&quot;:&quot;image&quot;},{&quot;src&quot;:&quot;https:\\\/\\\/i0.wp.com\\\/www.alqueria.es\\\/blogs\\\/alqueriarojaverde\\\/wp-content\\\/uploads\\\/sites\\\/8\\\/2014\\\/04\\\/IMG_0397.jpg?fit=1024%2C768\\u0026ssl=1&quot;,&quot;id&quot;:&quot;5888&quot;,&quot;title&quot;:&quot;IMG_0397&quot;,&quot;alt&quot;:&quot;&quot;,&quot;caption&quot;:&quot;&quot;,&quot;itemprop&quot;:&quot;image&quot;},{&quot;src&quot;:&quot;https:\\\/\\\/i0.wp.com\\\/www.alqueria.es\\\/blogs\\\/alqueriarojaverde\\\/wp-content\\\/uploads\\\/sites\\\/8\\\/2014\\\/04\\\/IMG_0402.jpg?fit=1024%2C768\\u0026ssl=1&quot;,&quot;id&quot;:&quot;5892&quot;,&quot;title&quot;:&quot;IMG_0402&quot;,&quot;alt&quot;:&quot;&quot;,&quot;caption&quot;:&quot;&quot;,&quot;itemprop&quot;:&quot;image&quot;},{&quot;src&quot;:&quot;https:\\\/\\\/i0.wp.com\\\/www.alqueria.es\\\/blogs\\\/alqueriarojaverde\\\/wp-content\\\/uploads\\\/sites\\\/8\\\/2014\\\/04\\\/IMG_0400.jpg?fit=1024%2C768\\u0026ssl=1&quot;,&quot;id&quot;:&quot;5894&quot;,&quot;title&quot;:&quot;IMG_0400&quot;,&quot;alt&quot;:&quot;&quot;,&quot;caption&quot;:&quot;&quot;,&quot;itemprop&quot;:&quot;image&quot;}]\" itemscope itemtype=\"https:\/\/schema.org\/ImageGallery\"><\/div>\n<p>Que pas\u00e9is unos d\u00edas estupendos disfrutando de estas fiestas tradicionales de nuestra ciudad y\/o descansando.<\/p>\n<p>Nos vemos a la vuelta,<\/p>\n<p>Esther.<\/p>\n<p>&nbsp;<\/p>\n","protected":false},"excerpt":{"rendered":"<p>Tras nuestra intensa Semana de la Lectura, en la que hemos disfrutado realizando y asistiendo a m\u00faltiples actividades, volvemos a la \u00abcalma\u00bb con esta cortita semana. El lunes, como no pod\u00eda ser de otra forma, comenzamos comentando qu\u00e9 es lo que m\u00e1s nos gust\u00f3 de la Semana de la lectura y, tras nuestra clase de &hellip; <a href=\"https:\/\/www.alqueria.es\/blogs\/alqueriarojaverde\/2014\/04\/30\/semanario-de-la-clase-verde-dias-28-29-y-30-de-abril-de-2014\/\" class=\"more-link\">Seguir leyendo <span class=\"screen-reader-text\">SEMANARIO DE LA CLASE VERDE. D\u00edas 28, 29 y 30 de abril de 2014.<\/span> <span class=\"meta-nav\">&rarr;<\/span><\/a><\/p>\n","protected":false},"author":19,"featured_media":0,"comment_status":"open","ping_status":"open","sticky":false,"template":"","format":"standard","meta":{"jetpack_post_was_ever_published":false,"_jetpack_newsletter_access":"","_jetpack_dont_email_post_to_subs":false,"_jetpack_newsletter_tier_id":0,"_jetpack_memberships_contains_paywalled_content":false,"_jetpack_memberships_contains_paid_content":false,"footnotes":"","jetpack_publicize_message":"","jetpack_publicize_feature_enabled":true,"jetpack_social_post_already_shared":true,"jetpack_social_options":{"image_generator_settings":{"template":"highway","default_image_id":0,"font":"","enabled":false},"version":2}},"categories":[23,7,13,21],"tags":[],"class_list":["post-5876","post","type-post","status-publish","format-standard","hentry","category-actividades-especiales-y-salidas-clase-verde","category-clase-verde-5-6-anos","category-inicio","category-semanario-clase-verde"],"jetpack_publicize_connections":[],"jetpack_featured_media_url":"","jetpack_sharing_enabled":true,"jetpack_shortlink":"https:\/\/wp.me\/p4lFbP-1wM","_links":{"self":[{"href":"https:\/\/www.alqueria.es\/blogs\/alqueriarojaverde\/wp-json\/wp\/v2\/posts\/5876","targetHints":{"allow":["GET"]}}],"collection":[{"href":"https:\/\/www.alqueria.es\/blogs\/alqueriarojaverde\/wp-json\/wp\/v2\/posts"}],"about":[{"href":"https:\/\/www.alqueria.es\/blogs\/alqueriarojaverde\/wp-json\/wp\/v2\/types\/post"}],"author":[{"embeddable":true,"href":"https:\/\/www.alqueria.es\/blogs\/alqueriarojaverde\/wp-json\/wp\/v2\/users\/19"}],"replies":[{"embeddable":true,"href":"https:\/\/www.alqueria.es\/blogs\/alqueriarojaverde\/wp-json\/wp\/v2\/comments?post=5876"}],"version-history":[{"count":0,"href":"https:\/\/www.alqueria.es\/blogs\/alqueriarojaverde\/wp-json\/wp\/v2\/posts\/5876\/revisions"}],"wp:attachment":[{"href":"https:\/\/www.alqueria.es\/blogs\/alqueriarojaverde\/wp-json\/wp\/v2\/media?parent=5876"}],"wp:term":[{"taxonomy":"category","embeddable":true,"href":"https:\/\/www.alqueria.es\/blogs\/alqueriarojaverde\/wp-json\/wp\/v2\/categories?post=5876"},{"taxonomy":"post_tag","embeddable":true,"href":"https:\/\/www.alqueria.es\/blogs\/alqueriarojaverde\/wp-json\/wp\/v2\/tags?post=5876"}],"curies":[{"name":"wp","href":"https:\/\/api.w.org\/{rel}","templated":true}]}}