{"id":6081,"date":"2014-06-02T12:04:01","date_gmt":"2014-06-02T10:04:01","guid":{"rendered":"https:\/\/www.alqueria.es\/blogs\/alqueriarojaverde\/?p=6081"},"modified":"2014-06-02T12:04:01","modified_gmt":"2014-06-02T10:04:01","slug":"viaje-a-parapanda-2014","status":"publish","type":"post","link":"https:\/\/www.alqueria.es\/blogs\/alqueriarojaverde\/2014\/06\/02\/viaje-a-parapanda-2014\/","title":{"rendered":"VIAJE A PARAPANDA 2014"},"content":{"rendered":"<p style=\"text-align: justify\">Aqu\u00ed os dejo el montaje fotogr\u00e1fico, de los momentos m\u00e1s importantes que hemos vivido en la Granja Escuela.<\/p>\n<div class=\"embed-vimeo\" style=\"text-align: center;\"><div class=\"a25-CTUOC-hidding-box\" data-original-content=\"&lt;iframe loading=&quot;lazy&quot; src=&quot;https:\/\/player.vimeo.com\/video\/97100802&quot; width=&quot;500&quot; height=&quot;281&quot; frameborder=&quot;0&quot; webkitallowfullscreen mozallowfullscreen allowfullscreen&gt;&lt;\/iframe&gt;\">Esta p\u00e1gina incluye contenido multimedia que requiere aceptar todas las cookies. Pulse aqu\u00ed para abrir la configuraci\u00f3n de cookies.<\/div><\/div>\n<p><a href=\"http:\/\/vimeo.com\/97100802\">Parapanda 2014. Alquer\u00eda<\/a> from <a href=\"http:\/\/vimeo.com\/user27254225\">Esther Justicia Justicia<\/a> on <a href=\"https:\/\/vimeo.com\">Vimeo<\/a>.<\/p>\n<p style=\"text-align: justify\">Espero que os guste tanto como a ell@s, que han tenido el privilegio de visionario antes, Je!.<\/p>\n<p style=\"text-align: justify\"><span style=\"line-height: 1.5\">Esther.<\/span><\/p>\n","protected":false},"excerpt":{"rendered":"<p>Aqu\u00ed os dejo el montaje fotogr\u00e1fico, de los momentos m\u00e1s importantes que hemos vivido en la Granja Escuela. Parapanda 2014. Alquer\u00eda from Esther Justicia Justicia on Vimeo. Espero que os guste tanto como a ell@s, que han tenido el privilegio de visionario antes, Je!. Esther.<\/p>\n","protected":false},"author":19,"featured_media":0,"comment_status":"open","ping_status":"open","sticky":false,"template":"","format":"standard","meta":{"jetpack_post_was_ever_published":false,"_jetpack_newsletter_access":"","_jetpack_dont_email_post_to_subs":false,"_jetpack_newsletter_tier_id":0,"_jetpack_memberships_contains_paywalled_content":false,"_jetpack_memberships_contains_paid_content":false,"footnotes":"","jetpack_publicize_message":"","jetpack_publicize_feature_enabled":true,"jetpack_social_post_already_shared":true,"jetpack_social_options":{"image_generator_settings":{"template":"highway","default_image_id":0,"font":"","enabled":false},"version":2}},"categories":[23,7,13,1],"tags":[106],"class_list":["post-6081","post","type-post","status-publish","format-standard","hentry","category-actividades-especiales-y-salidas-clase-verde","category-clase-verde-5-6-anos","category-inicio","category-sin-categoria","tag-salida-a-granja-escuela-parapanda"],"jetpack_publicize_connections":[],"jetpack_featured_media_url":"","jetpack_sharing_enabled":true,"jetpack_shortlink":"https:\/\/wp.me\/p4lFbP-1A5","_links":{"self":[{"href":"https:\/\/www.alqueria.es\/blogs\/alqueriarojaverde\/wp-json\/wp\/v2\/posts\/6081","targetHints":{"allow":["GET"]}}],"collection":[{"href":"https:\/\/www.alqueria.es\/blogs\/alqueriarojaverde\/wp-json\/wp\/v2\/posts"}],"about":[{"href":"https:\/\/www.alqueria.es\/blogs\/alqueriarojaverde\/wp-json\/wp\/v2\/types\/post"}],"author":[{"embeddable":true,"href":"https:\/\/www.alqueria.es\/blogs\/alqueriarojaverde\/wp-json\/wp\/v2\/users\/19"}],"replies":[{"embeddable":true,"href":"https:\/\/www.alqueria.es\/blogs\/alqueriarojaverde\/wp-json\/wp\/v2\/comments?post=6081"}],"version-history":[{"count":0,"href":"https:\/\/www.alqueria.es\/blogs\/alqueriarojaverde\/wp-json\/wp\/v2\/posts\/6081\/revisions"}],"wp:attachment":[{"href":"https:\/\/www.alqueria.es\/blogs\/alqueriarojaverde\/wp-json\/wp\/v2\/media?parent=6081"}],"wp:term":[{"taxonomy":"category","embeddable":true,"href":"https:\/\/www.alqueria.es\/blogs\/alqueriarojaverde\/wp-json\/wp\/v2\/categories?post=6081"},{"taxonomy":"post_tag","embeddable":true,"href":"https:\/\/www.alqueria.es\/blogs\/alqueriarojaverde\/wp-json\/wp\/v2\/tags?post=6081"}],"curies":[{"name":"wp","href":"https:\/\/api.w.org\/{rel}","templated":true}]}}