{"id":6128,"date":"2014-09-12T11:01:23","date_gmt":"2014-09-12T09:01:23","guid":{"rendered":"https:\/\/www.alqueria.es\/blogs\/alqueriarojaverde\/?p=6128"},"modified":"2014-09-12T11:01:23","modified_gmt":"2014-09-12T09:01:23","slug":"semanario-clase-verde-37","status":"publish","type":"post","link":"https:\/\/www.alqueria.es\/blogs\/alqueriarojaverde\/2014\/09\/12\/semanario-clase-verde-37\/","title":{"rendered":"SEMANARIO CLASE VERDE"},"content":{"rendered":"<p><span style=\"color: #008000\">SEMANA DEL 8 AL 12 DE SEPTIEMBRE 2014<\/span><\/p>\n<p><span style=\"color: #ff6600\">\u00a1\u00a1\u00a1 BIENVENIDOS-AS !!!<\/span><\/p>\n<p>Iniciamos un nuevo curso llenos de ilusi\u00f3n tanto por mi parte como de los chicos y chicas.<\/p>\n<p>Ya estamos casi todos. Damos la bienvenida a dos compa\u00f1eros nuevos, Hector y Nico.<\/p>\n<p>En estos primeros d\u00edas los chico-as han contado un mont\u00f3n de cosas sobre sus vacaciones. Para hacer un mural sobre este tema, os pido vuestra colaboraci\u00f3n para que aport\u00e9is: fotos, im\u00e1genes o cualquier cosa sobre las vacaciones.<\/p>\n<p>Tambi\u00e9n vamos a necesitar una foto \u00abcarnet\u00bb o similar para utilizarlas en varias actividades.<\/p>\n<p>Ya pr\u00e1cticamente est\u00e1n decididos los temas de los expertos. Hablarlo con ello-as para motivarlos y afianzar su decisi\u00f3n. La lista es muy variada e interesante.<\/p>\n<p>Durante esta semana hemos observado y reconocido los nuevos juegos y juguetes, hemos jugado \u00a0a casi todo y repasado las normas de convivencia.<\/p>\n<p>Por otro lado me ha servido a mi para hacer una primera evaluaci\u00f3n de principio de curso.<\/p>\n<p><span style=\"color: #ff0000\">Nota informativa<\/span>: Nuestra reuni\u00f3n de grupo se celebrar\u00e1 el pr\u00f3ximo mi\u00e9rcoles 17 de septiembre. En ella os contar\u00e9 nuestro plan anual de actividades y organizaci\u00f3n. Y todo aquello que quer\u00e1is \u00a0preguntar.<\/p>\n<p>Rosario Garc\u00eda-Valenzuela \u00a0Morell<\/p>\n","protected":false},"excerpt":{"rendered":"<p>SEMANA DEL 8 AL 12 DE SEPTIEMBRE 2014 \u00a1\u00a1\u00a1 BIENVENIDOS-AS !!! Iniciamos un nuevo curso llenos de ilusi\u00f3n tanto por mi parte como de los chicos y chicas. Ya estamos casi todos. Damos la bienvenida a dos compa\u00f1eros nuevos, Hector y Nico. En estos primeros d\u00edas los chico-as han contado un mont\u00f3n de cosas sobre &hellip; <a href=\"https:\/\/www.alqueria.es\/blogs\/alqueriarojaverde\/2014\/09\/12\/semanario-clase-verde-37\/\" class=\"more-link\">Seguir leyendo <span class=\"screen-reader-text\">SEMANARIO CLASE VERDE<\/span> <span class=\"meta-nav\">&rarr;<\/span><\/a><\/p>\n","protected":false},"author":19,"featured_media":0,"comment_status":"open","ping_status":"open","sticky":false,"template":"","format":"standard","meta":{"jetpack_post_was_ever_published":false,"_jetpack_newsletter_access":"","_jetpack_dont_email_post_to_subs":false,"_jetpack_newsletter_tier_id":0,"_jetpack_memberships_contains_paywalled_content":false,"_jetpack_memberships_contains_paid_content":false,"footnotes":"","jetpack_publicize_message":"","jetpack_publicize_feature_enabled":true,"jetpack_social_post_already_shared":true,"jetpack_social_options":{"image_generator_settings":{"template":"highway","default_image_id":0,"font":"","enabled":false},"version":2}},"categories":[13,21],"tags":[],"class_list":["post-6128","post","type-post","status-publish","format-standard","hentry","category-inicio","category-semanario-clase-verde"],"jetpack_publicize_connections":[],"jetpack_featured_media_url":"","jetpack_sharing_enabled":true,"jetpack_shortlink":"https:\/\/wp.me\/p4lFbP-1AQ","_links":{"self":[{"href":"https:\/\/www.alqueria.es\/blogs\/alqueriarojaverde\/wp-json\/wp\/v2\/posts\/6128","targetHints":{"allow":["GET"]}}],"collection":[{"href":"https:\/\/www.alqueria.es\/blogs\/alqueriarojaverde\/wp-json\/wp\/v2\/posts"}],"about":[{"href":"https:\/\/www.alqueria.es\/blogs\/alqueriarojaverde\/wp-json\/wp\/v2\/types\/post"}],"author":[{"embeddable":true,"href":"https:\/\/www.alqueria.es\/blogs\/alqueriarojaverde\/wp-json\/wp\/v2\/users\/19"}],"replies":[{"embeddable":true,"href":"https:\/\/www.alqueria.es\/blogs\/alqueriarojaverde\/wp-json\/wp\/v2\/comments?post=6128"}],"version-history":[{"count":0,"href":"https:\/\/www.alqueria.es\/blogs\/alqueriarojaverde\/wp-json\/wp\/v2\/posts\/6128\/revisions"}],"wp:attachment":[{"href":"https:\/\/www.alqueria.es\/blogs\/alqueriarojaverde\/wp-json\/wp\/v2\/media?parent=6128"}],"wp:term":[{"taxonomy":"category","embeddable":true,"href":"https:\/\/www.alqueria.es\/blogs\/alqueriarojaverde\/wp-json\/wp\/v2\/categories?post=6128"},{"taxonomy":"post_tag","embeddable":true,"href":"https:\/\/www.alqueria.es\/blogs\/alqueriarojaverde\/wp-json\/wp\/v2\/tags?post=6128"}],"curies":[{"name":"wp","href":"https:\/\/api.w.org\/{rel}","templated":true}]}}