{"id":6629,"date":"2014-11-18T15:47:43","date_gmt":"2014-11-18T14:47:43","guid":{"rendered":"https:\/\/www.alqueria.es\/blogs\/alqueriarojaverde\/?p=6629"},"modified":"2014-11-18T15:47:43","modified_gmt":"2014-11-18T14:47:43","slug":"psicologo-de-ayuda-a-la-infancia","status":"publish","type":"post","link":"https:\/\/www.alqueria.es\/blogs\/alqueriarojaverde\/2014\/11\/18\/psicologo-de-ayuda-a-la-infancia\/","title":{"rendered":"PSIC\u00d3LOGO DE AYUDA A LA INFANCIA"},"content":{"rendered":"<p style=\"text-align: justify\"><a href=\"https:\/\/i0.wp.com\/cloud.alqueria.es\/wp-content\/uploads\/sites\/8\/2014\/11\/manos.jpg?ssl=1\"><img data-recalc-dims=\"1\" decoding=\"async\" data-attachment-id=\"6634\" data-permalink=\"https:\/\/www.alqueria.es\/blogs\/alqueriarojaverde\/2014\/11\/18\/psicologo-de-ayuda-a-la-infancia\/manos\/\" data-orig-file=\"https:\/\/i0.wp.com\/www.alqueria.es\/blogs\/alqueriarojaverde\/wp-content\/uploads\/sites\/8\/2014\/11\/manos.jpg?fit=194%2C165&amp;ssl=1\" data-orig-size=\"194,165\" data-comments-opened=\"1\" data-image-meta=\"{&quot;aperture&quot;:&quot;0&quot;,&quot;credit&quot;:&quot;&quot;,&quot;camera&quot;:&quot;&quot;,&quot;caption&quot;:&quot;&quot;,&quot;created_timestamp&quot;:&quot;0&quot;,&quot;copyright&quot;:&quot;&quot;,&quot;focal_length&quot;:&quot;0&quot;,&quot;iso&quot;:&quot;0&quot;,&quot;shutter_speed&quot;:&quot;0&quot;,&quot;title&quot;:&quot;&quot;,&quot;orientation&quot;:&quot;0&quot;}\" data-image-title=\"manos\" data-image-description=\"\" data-image-caption=\"\" data-large-file=\"https:\/\/i0.wp.com\/www.alqueria.es\/blogs\/alqueriarojaverde\/wp-content\/uploads\/sites\/8\/2014\/11\/manos.jpg?fit=194%2C165&amp;ssl=1\" class=\"alignleft size-full wp-image-6634\" src=\"https:\/\/i0.wp.com\/cloud.alqueria.es\/wp-content\/uploads\/sites\/8\/2014\/11\/manos.jpg?resize=194%2C165&#038;ssl=1\" alt=\"manos\" width=\"194\" height=\"165\" \/><\/a><em>La Asamblea General de las Naciones Unidas, recomend\u00f3 que se instituyera en todos los pa\u00edses un D\u00eda Universal del Ni\u00f1o, que se consagrar\u00eda a la fraternidad y a la comprensi\u00f3n entre los ni\u00f1os del mundo<\/em>.<\/p>\n<p style=\"text-align: justify\"><em>El d\u00eda 20 de noviembre se conmemora la fecha en que la Asamblea proclam\u00f3 la Declaraci\u00f3n sobre los Derechos del Ni\u00f1o (en 1959) y la Convenci\u00f3n sobre los Derechos del Ni\u00f1o, conjunto de normas acordadas que deben respetar todos los pa\u00edses que la firmaron y ratifcaron en 1989.<\/em><\/p>\n<p style=\"text-align: justify\"><span style=\"color: #008000\"><span style=\"color: #333333\">Con tal motivo, incluimos en el aula la exposici\u00f3n de la<em><span style=\"color: #ff6600\"><strong> profesi\u00f3n del pap\u00e1 de Julen, psic\u00f3logo de ayuda a la infancia<\/strong>. <\/span><\/em>Mikel comienza con una presentaci\u00f3n, en power-point,\u00a0que intenta reflejar en qu\u00e9 consiste su trabajo.\u00a0 Est\u00e1 bastante adaptado en contenido a lo que en estas edades es conveniente que conozcan acerca del mismo.<\/span> <\/span><\/p>\n<p class=\"jetpack-slideshow-noscript robots-nocontent\">El pase de diapositivas requiere JavaScript.<\/p><div id=\"gallery-6629-1-slideshow\" class=\"jetpack-slideshow-window jetpack-slideshow jetpack-slideshow-black\" data-trans=\"fade\" data-autostart=\"1\" data-gallery=\"[{&quot;src&quot;:&quot;https:\\\/\\\/i0.wp.com\\\/www.alqueria.es\\\/blogs\\\/alqueriarojaverde\\\/wp-content\\\/uploads\\\/sites\\\/8\\\/2014\\\/11\\\/IMG_0978.jpg?fit=1024%2C768\\u0026ssl=1&quot;,&quot;id&quot;:&quot;6635&quot;,&quot;title&quot;:&quot;IMG_0978&quot;,&quot;alt&quot;:&quot;&quot;,&quot;caption&quot;:&quot;&quot;,&quot;itemprop&quot;:&quot;image&quot;},{&quot;src&quot;:&quot;https:\\\/\\\/i0.wp.com\\\/www.alqueria.es\\\/blogs\\\/alqueriarojaverde\\\/wp-content\\\/uploads\\\/sites\\\/8\\\/2014\\\/11\\\/IMG_0981.jpg?fit=1024%2C768\\u0026ssl=1&quot;,&quot;id&quot;:&quot;6636&quot;,&quot;title&quot;:&quot;IMG_0981&quot;,&quot;alt&quot;:&quot;&quot;,&quot;caption&quot;:&quot;&quot;,&quot;itemprop&quot;:&quot;image&quot;},{&quot;src&quot;:&quot;https:\\\/\\\/i0.wp.com\\\/www.alqueria.es\\\/blogs\\\/alqueriarojaverde\\\/wp-content\\\/uploads\\\/sites\\\/8\\\/2014\\\/11\\\/IMG_0982.jpg?fit=1024%2C768\\u0026ssl=1&quot;,&quot;id&quot;:&quot;6637&quot;,&quot;title&quot;:&quot;IMG_0982&quot;,&quot;alt&quot;:&quot;&quot;,&quot;caption&quot;:&quot;&quot;,&quot;itemprop&quot;:&quot;image&quot;}]\" itemscope itemtype=\"https:\/\/schema.org\/ImageGallery\"><\/div>\n<p style=\"text-align: justify\"><span style=\"color: #333333\">A rasgos generales pod\u00edamos resumirlo en que se dedican a detectar que un menor no es feliz o que le ocurre algo que se debe reconducir. Entonces hablan con \u00e9l, sus familiares, sus profesores&#8230; para intentar descubrir qu\u00e9 ocurre. Una vez conocen cu\u00e1les son las causas\u00a0de que ese menor est\u00e9 as\u00ed, trabajan con los adultos que lo rodean y les ense\u00f1an cu\u00e1les son los derechos de los ni\u00f1os, les orientan sobre c\u00f3mo actuar para que se cumplan y finalmente llevan un seguimiento de ese menor.<\/span><\/p>\n<p style=\"text-align: justify\">\n<div class=\"a25-CTUOC-hidding-box\" data-original-content=\"&lt;iframe title=&quot;Psic\u00f3logo de ayuda a la infancia&quot; src=&quot;https:\/\/www.slideshare.net\/slideshow\/embed_code\/key\/clsUJpFss2Qplg&quot; width=&quot;427&quot; height=&quot;356&quot; frameborder=&quot;0&quot; marginwidth=&quot;0&quot; marginheight=&quot;0&quot; scrolling=&quot;no&quot; style=&quot;border:1px solid #CCC; border-width:1px; margin-bottom:5px; max-width: 100%;&quot; allowfullscreen&gt; &lt;\/iframe&gt;\">Esta p\u00e1gina incluye contenido multimedia que requiere aceptar todas las cookies. Pulse aqu\u00ed para abrir la configuraci\u00f3n de cookies.<\/div>\n<div style=\"margin-bottom:5px\"> <strong> <a href=\"https:\/\/es.slideshare.net\/estherjus\/psiclogo-de-ayuda-a-la-infancia\" title=\"Psic\u00f3logo de ayuda a la infancia\" target=\"_blank\">Psic\u00f3logo de ayuda a la infancia<\/a> <\/strong> from <strong><a href=\"https:\/\/www.slideshare.net\/estherjus\" target=\"_blank\">Ciclo 3-6 a\u00f1os Colegio Alquer\u00eda<\/a><\/strong> <\/div>\n<\/p>\n<p><span style=\"color: #333333\">A continuaci\u00f3n intenta trasladar al alumnado, qu\u00e9 es un derecho y una breve explicaci\u00f3n (adaptada) de\u00a0los diferentes derechos de los que gozan l@s ni\u00f1@s.<\/span><\/p>\n<p style=\"text-align: justify\">\n<div class=\"a25-CTUOC-hidding-box\" data-original-content=\"&lt;iframe title=&quot;Los derechos de l@s ni\u00f1@s&quot; src=&quot;https:\/\/www.slideshare.net\/slideshow\/embed_code\/key\/1YajfjgQCV2vAo&quot; width=&quot;427&quot; height=&quot;356&quot; frameborder=&quot;0&quot; marginwidth=&quot;0&quot; marginheight=&quot;0&quot; scrolling=&quot;no&quot; style=&quot;border:1px solid #CCC; border-width:1px; margin-bottom:5px; max-width: 100%;&quot; allowfullscreen&gt; &lt;\/iframe&gt;\">Esta p\u00e1gina incluye contenido multimedia que requiere aceptar todas las cookies. Pulse aqu\u00ed para abrir la configuraci\u00f3n de cookies.<\/div>\n<div style=\"margin-bottom:5px\"> <strong> <a href=\"https:\/\/es.slideshare.net\/estherjus\/los-derechos-de-ls-nis\" title=\"Los derechos de l@s ni\u00f1@s\" target=\"_blank\">Los derechos de l@s ni\u00f1@s<\/a> <\/strong> from <strong><a href=\"https:\/\/www.slideshare.net\/estherjus\" target=\"_blank\">Ciclo 3-6 a\u00f1os Colegio Alquer\u00eda<\/a><\/strong> <\/div>\n<\/p>\n<p style=\"text-align: justify\">Para terminar, escuchamos una canci\u00f3n alusiva al tema, cuya protagonista es Andaluna,\u00a0y que pod\u00e9is encontrar dentro del apartado \u00absitios de inter\u00e9s\u00bb, en la barra lateral del blog, como enlace directo.<\/p>\n<div class=\"ab-player\"><a><img data-recalc-dims=\"1\" decoding=\"async\" data-attachment-id=\"1721\" data-permalink=\"https:\/\/www.alqueria.es\/blogs\/alqueriarojaverde\/andaluna\/\" data-orig-file=\"https:\/\/i0.wp.com\/www.alqueria.es\/blogs\/alqueriarojaverde\/wp-content\/uploads\/sites\/8\/2012\/11\/andaluna.jpg?fit=241%2C210&amp;ssl=1\" data-orig-size=\"241,210\" data-comments-opened=\"1\" data-image-meta=\"{&quot;aperture&quot;:&quot;0&quot;,&quot;credit&quot;:&quot;&quot;,&quot;camera&quot;:&quot;&quot;,&quot;caption&quot;:&quot;&quot;,&quot;created_timestamp&quot;:&quot;0&quot;,&quot;copyright&quot;:&quot;&quot;,&quot;focal_length&quot;:&quot;0&quot;,&quot;iso&quot;:&quot;0&quot;,&quot;shutter_speed&quot;:&quot;0&quot;,&quot;title&quot;:&quot;&quot;}\" data-image-title=\"Andaluna\" data-image-description=\"\" data-image-caption=\"\" data-large-file=\"https:\/\/i0.wp.com\/www.alqueria.es\/blogs\/alqueriarojaverde\/wp-content\/uploads\/sites\/8\/2012\/11\/andaluna.jpg?fit=241%2C210&amp;ssl=1\" class=\"aligncenter size-full wp-image-1721\" title=\"Andaluna\" src=\"https:\/\/i0.wp.com\/cloud.alqueria.es\/wp-content\/uploads\/sites\/8\/2012\/11\/andaluna1.jpg?resize=241%2C210&#038;ssl=1\" alt=\"\" width=\"241\" height=\"210\" \/><\/a><\/div>\n<div class=\"ab-player\">\u00a0\u00a0M\u00e1s tarde desarrollamos el juego de la propuesta.<\/div>\n<div class=\"tiled-gallery type-circle tiled-gallery-unresized\" data-original-width=\"474\" data-carousel-extra='{&quot;blog_id&quot;:8,&quot;permalink&quot;:&quot;https:\\\/\\\/www.alqueria.es\\\/blogs\\\/alqueriarojaverde\\\/2014\\\/11\\\/18\\\/psicologo-de-ayuda-a-la-infancia\\\/&quot;,&quot;likes_blog_id&quot;:64268569}' itemscope itemtype=\"http:\/\/schema.org\/ImageGallery\" > <div class=\"gallery-row\" style=\"width: 474px; height: 158px;\" data-original-width=\"474\" data-original-height=\"158\" > <div class=\"gallery-group\" style=\"width: 158px; height: 158px;\" data-original-width=\"158\" data-original-height=\"158\" > <div class=\"tiled-gallery-item \" itemprop=\"associatedMedia\" itemscope itemtype=\"http:\/\/schema.org\/ImageObject\"> <a href=\"https:\/\/www.alqueria.es\/blogs\/alqueriarojaverde\/2014\/11\/18\/psicologo-de-ayuda-a-la-infancia\/img_0987\/\" border=\"0\" itemprop=\"url\"> <meta itemprop=\"width\" content=\"154\"> <meta itemprop=\"height\" content=\"154\"> <img decoding=\"async\" class=\"\" data-attachment-id=\"6630\" data-orig-file=\"https:\/\/www.alqueria.es\/blogs\/alqueriarojaverde\/wp-content\/uploads\/sites\/8\/2014\/11\/IMG_0987.jpg\" data-orig-size=\"1024,768\" data-comments-opened=\"1\" data-image-meta=\"{&quot;aperture&quot;:&quot;0&quot;,&quot;credit&quot;:&quot;&quot;,&quot;camera&quot;:&quot;&quot;,&quot;caption&quot;:&quot;&quot;,&quot;created_timestamp&quot;:&quot;0&quot;,&quot;copyright&quot;:&quot;&quot;,&quot;focal_length&quot;:&quot;0&quot;,&quot;iso&quot;:&quot;0&quot;,&quot;shutter_speed&quot;:&quot;0&quot;,&quot;title&quot;:&quot;&quot;,&quot;orientation&quot;:&quot;0&quot;}\" data-image-title=\"IMG_0987\" data-image-description=\"\" data-medium-file=\"https:\/\/i0.wp.com\/www.alqueria.es\/blogs\/alqueriarojaverde\/wp-content\/uploads\/sites\/8\/2014\/11\/IMG_0987.jpg?fit=300%2C225&#038;ssl=1\" data-large-file=\"https:\/\/i0.wp.com\/www.alqueria.es\/blogs\/alqueriarojaverde\/wp-content\/uploads\/sites\/8\/2014\/11\/IMG_0987.jpg?fit=474%2C356&#038;ssl=1\" src=\"https:\/\/i0.wp.com\/www.alqueria.es\/blogs\/alqueriarojaverde\/wp-content\/uploads\/sites\/8\/2014\/11\/IMG_0987.jpg?w=154&#038;h=154&#038;crop=1&#038;ssl=1\" srcset=\"https:\/\/i0.wp.com\/www.alqueria.es\/blogs\/alqueriarojaverde\/wp-content\/uploads\/sites\/8\/2014\/11\/IMG_0987.jpg?resize=150%2C150&amp;ssl=1 150w, https:\/\/i0.wp.com\/www.alqueria.es\/blogs\/alqueriarojaverde\/wp-content\/uploads\/sites\/8\/2014\/11\/IMG_0987.jpg?zoom=2&amp;resize=154%2C154&amp;ssl=1 308w, https:\/\/i0.wp.com\/www.alqueria.es\/blogs\/alqueriarojaverde\/wp-content\/uploads\/sites\/8\/2014\/11\/IMG_0987.jpg?zoom=3&amp;resize=154%2C154&amp;ssl=1 462w\" width=\"154\" height=\"154\" loading=\"lazy\" data-original-width=\"154\" data-original-height=\"154\" itemprop=\"http:\/\/schema.org\/image\" title=\"IMG_0987\" alt=\"IMG_0987\" style=\"width: 154px; height: 154px;\" \/> <\/a> <\/div> <\/div> <div class=\"gallery-group\" style=\"width: 158px; height: 158px;\" data-original-width=\"158\" data-original-height=\"158\" > <div class=\"tiled-gallery-item \" itemprop=\"associatedMedia\" itemscope itemtype=\"http:\/\/schema.org\/ImageObject\"> <a href=\"https:\/\/www.alqueria.es\/blogs\/alqueriarojaverde\/2014\/11\/18\/psicologo-de-ayuda-a-la-infancia\/img_0988\/\" border=\"0\" itemprop=\"url\"> <meta itemprop=\"width\" content=\"154\"> <meta itemprop=\"height\" content=\"154\"> <img decoding=\"async\" class=\"\" data-attachment-id=\"6631\" data-orig-file=\"https:\/\/www.alqueria.es\/blogs\/alqueriarojaverde\/wp-content\/uploads\/sites\/8\/2014\/11\/IMG_0988.jpg\" data-orig-size=\"1024,768\" data-comments-opened=\"1\" data-image-meta=\"{&quot;aperture&quot;:&quot;0&quot;,&quot;credit&quot;:&quot;&quot;,&quot;camera&quot;:&quot;&quot;,&quot;caption&quot;:&quot;&quot;,&quot;created_timestamp&quot;:&quot;0&quot;,&quot;copyright&quot;:&quot;&quot;,&quot;focal_length&quot;:&quot;0&quot;,&quot;iso&quot;:&quot;0&quot;,&quot;shutter_speed&quot;:&quot;0&quot;,&quot;title&quot;:&quot;&quot;,&quot;orientation&quot;:&quot;0&quot;}\" data-image-title=\"IMG_0988\" data-image-description=\"\" data-medium-file=\"https:\/\/i0.wp.com\/www.alqueria.es\/blogs\/alqueriarojaverde\/wp-content\/uploads\/sites\/8\/2014\/11\/IMG_0988.jpg?fit=300%2C225&#038;ssl=1\" data-large-file=\"https:\/\/i0.wp.com\/www.alqueria.es\/blogs\/alqueriarojaverde\/wp-content\/uploads\/sites\/8\/2014\/11\/IMG_0988.jpg?fit=474%2C356&#038;ssl=1\" src=\"https:\/\/i0.wp.com\/www.alqueria.es\/blogs\/alqueriarojaverde\/wp-content\/uploads\/sites\/8\/2014\/11\/IMG_0988.jpg?w=154&#038;h=154&#038;crop=1&#038;ssl=1\" srcset=\"https:\/\/i0.wp.com\/www.alqueria.es\/blogs\/alqueriarojaverde\/wp-content\/uploads\/sites\/8\/2014\/11\/IMG_0988.jpg?resize=150%2C150&amp;ssl=1 150w, https:\/\/i0.wp.com\/www.alqueria.es\/blogs\/alqueriarojaverde\/wp-content\/uploads\/sites\/8\/2014\/11\/IMG_0988.jpg?zoom=2&amp;resize=154%2C154&amp;ssl=1 308w, https:\/\/i0.wp.com\/www.alqueria.es\/blogs\/alqueriarojaverde\/wp-content\/uploads\/sites\/8\/2014\/11\/IMG_0988.jpg?zoom=3&amp;resize=154%2C154&amp;ssl=1 462w\" width=\"154\" height=\"154\" loading=\"lazy\" data-original-width=\"154\" data-original-height=\"154\" itemprop=\"http:\/\/schema.org\/image\" title=\"IMG_0988\" alt=\"IMG_0988\" style=\"width: 154px; height: 154px;\" \/> <\/a> <\/div> <\/div> <div class=\"gallery-group\" style=\"width: 158px; height: 158px;\" data-original-width=\"158\" data-original-height=\"158\" > <div class=\"tiled-gallery-item \" itemprop=\"associatedMedia\" itemscope itemtype=\"http:\/\/schema.org\/ImageObject\"> <a href=\"https:\/\/www.alqueria.es\/blogs\/alqueriarojaverde\/2014\/11\/18\/psicologo-de-ayuda-a-la-infancia\/img_0990\/\" border=\"0\" itemprop=\"url\"> <meta itemprop=\"width\" content=\"154\"> <meta itemprop=\"height\" content=\"154\"> <img decoding=\"async\" class=\"\" data-attachment-id=\"6632\" data-orig-file=\"https:\/\/www.alqueria.es\/blogs\/alqueriarojaverde\/wp-content\/uploads\/sites\/8\/2014\/11\/IMG_0990.jpg\" data-orig-size=\"1024,768\" data-comments-opened=\"1\" data-image-meta=\"{&quot;aperture&quot;:&quot;0&quot;,&quot;credit&quot;:&quot;&quot;,&quot;camera&quot;:&quot;&quot;,&quot;caption&quot;:&quot;&quot;,&quot;created_timestamp&quot;:&quot;0&quot;,&quot;copyright&quot;:&quot;&quot;,&quot;focal_length&quot;:&quot;0&quot;,&quot;iso&quot;:&quot;0&quot;,&quot;shutter_speed&quot;:&quot;0&quot;,&quot;title&quot;:&quot;&quot;,&quot;orientation&quot;:&quot;0&quot;}\" data-image-title=\"IMG_0990\" data-image-description=\"\" data-medium-file=\"https:\/\/i0.wp.com\/www.alqueria.es\/blogs\/alqueriarojaverde\/wp-content\/uploads\/sites\/8\/2014\/11\/IMG_0990.jpg?fit=300%2C225&#038;ssl=1\" data-large-file=\"https:\/\/i0.wp.com\/www.alqueria.es\/blogs\/alqueriarojaverde\/wp-content\/uploads\/sites\/8\/2014\/11\/IMG_0990.jpg?fit=474%2C356&#038;ssl=1\" src=\"https:\/\/i0.wp.com\/www.alqueria.es\/blogs\/alqueriarojaverde\/wp-content\/uploads\/sites\/8\/2014\/11\/IMG_0990.jpg?w=154&#038;h=154&#038;crop=1&#038;ssl=1\" srcset=\"https:\/\/i0.wp.com\/www.alqueria.es\/blogs\/alqueriarojaverde\/wp-content\/uploads\/sites\/8\/2014\/11\/IMG_0990.jpg?resize=150%2C150&amp;ssl=1 150w, https:\/\/i0.wp.com\/www.alqueria.es\/blogs\/alqueriarojaverde\/wp-content\/uploads\/sites\/8\/2014\/11\/IMG_0990.jpg?zoom=2&amp;resize=154%2C154&amp;ssl=1 308w, https:\/\/i0.wp.com\/www.alqueria.es\/blogs\/alqueriarojaverde\/wp-content\/uploads\/sites\/8\/2014\/11\/IMG_0990.jpg?zoom=3&amp;resize=154%2C154&amp;ssl=1 462w\" width=\"154\" height=\"154\" loading=\"lazy\" data-original-width=\"154\" data-original-height=\"154\" itemprop=\"http:\/\/schema.org\/image\" title=\"IMG_0990\" alt=\"IMG_0990\" style=\"width: 154px; height: 154px;\" \/> <\/a> <\/div> <\/div> <\/div> <\/div>\n<p>\u00a1Mikel, muchas gracias por la colaboraci\u00f3n!,<\/p>\n<p>Esther Justicia.<\/p>\n","protected":false},"excerpt":{"rendered":"<p>La Asamblea General de las Naciones Unidas, recomend\u00f3 que se instituyera en todos los pa\u00edses un D\u00eda Universal del Ni\u00f1o, que se consagrar\u00eda a la fraternidad y a la comprensi\u00f3n entre los ni\u00f1os del mundo. El d\u00eda 20 de noviembre se conmemora la fecha en que la Asamblea proclam\u00f3 la Declaraci\u00f3n sobre los Derechos del &hellip; <a href=\"https:\/\/www.alqueria.es\/blogs\/alqueriarojaverde\/2014\/11\/18\/psicologo-de-ayuda-a-la-infancia\/\" class=\"more-link\">Seguir leyendo <span class=\"screen-reader-text\">PSIC\u00d3LOGO DE AYUDA A LA INFANCIA<\/span> <span class=\"meta-nav\">&rarr;<\/span><\/a><\/p>\n","protected":false},"author":19,"featured_media":0,"comment_status":"open","ping_status":"open","sticky":false,"template":"","format":"standard","meta":{"jetpack_post_was_ever_published":false,"_jetpack_newsletter_access":"","_jetpack_dont_email_post_to_subs":false,"_jetpack_newsletter_tier_id":0,"_jetpack_memberships_contains_paywalled_content":false,"_jetpack_memberships_contains_paid_content":false,"footnotes":"","jetpack_publicize_message":"","jetpack_publicize_feature_enabled":true,"jetpack_social_post_already_shared":true,"jetpack_social_options":{"image_generator_settings":{"template":"highway","default_image_id":0,"font":"","enabled":false},"version":2}},"categories":[6,13,16],"tags":[120,122,121],"class_list":["post-6629","post","type-post","status-publish","format-standard","hentry","category-clase-roja-4-5-anos","category-inicio","category-profesiones-clase-roja","tag-dia-universal-de-los-derchos-del-nino","tag-profesiones","tag-psicologo-ayuda-a-la-infancia"],"jetpack_publicize_connections":[],"jetpack_featured_media_url":"","jetpack_sharing_enabled":true,"jetpack_shortlink":"https:\/\/wp.me\/p4lFbP-1IV","_links":{"self":[{"href":"https:\/\/www.alqueria.es\/blogs\/alqueriarojaverde\/wp-json\/wp\/v2\/posts\/6629","targetHints":{"allow":["GET"]}}],"collection":[{"href":"https:\/\/www.alqueria.es\/blogs\/alqueriarojaverde\/wp-json\/wp\/v2\/posts"}],"about":[{"href":"https:\/\/www.alqueria.es\/blogs\/alqueriarojaverde\/wp-json\/wp\/v2\/types\/post"}],"author":[{"embeddable":true,"href":"https:\/\/www.alqueria.es\/blogs\/alqueriarojaverde\/wp-json\/wp\/v2\/users\/19"}],"replies":[{"embeddable":true,"href":"https:\/\/www.alqueria.es\/blogs\/alqueriarojaverde\/wp-json\/wp\/v2\/comments?post=6629"}],"version-history":[{"count":0,"href":"https:\/\/www.alqueria.es\/blogs\/alqueriarojaverde\/wp-json\/wp\/v2\/posts\/6629\/revisions"}],"wp:attachment":[{"href":"https:\/\/www.alqueria.es\/blogs\/alqueriarojaverde\/wp-json\/wp\/v2\/media?parent=6629"}],"wp:term":[{"taxonomy":"category","embeddable":true,"href":"https:\/\/www.alqueria.es\/blogs\/alqueriarojaverde\/wp-json\/wp\/v2\/categories?post=6629"},{"taxonomy":"post_tag","embeddable":true,"href":"https:\/\/www.alqueria.es\/blogs\/alqueriarojaverde\/wp-json\/wp\/v2\/tags?post=6629"}],"curies":[{"name":"wp","href":"https:\/\/api.w.org\/{rel}","templated":true}]}}