{"id":6947,"date":"2015-01-09T10:04:29","date_gmt":"2015-01-09T09:04:29","guid":{"rendered":"https:\/\/www.alqueria.es\/blogs\/alqueriarojaverde\/?p=6947"},"modified":"2015-01-09T10:04:29","modified_gmt":"2015-01-09T09:04:29","slug":"semanario-clase-verde-52","status":"publish","type":"post","link":"https:\/\/www.alqueria.es\/blogs\/alqueriarojaverde\/2015\/01\/09\/semanario-clase-verde-52\/","title":{"rendered":"SEMANARIO CLASE VERDE"},"content":{"rendered":"<p><a href=\"https:\/\/i0.wp.com\/cloud.alqueria.es\/wp-content\/uploads\/sites\/8\/2015\/01\/2015.jpg?ssl=1\"><img data-recalc-dims=\"1\" decoding=\"async\" data-attachment-id=\"6949\" data-permalink=\"https:\/\/www.alqueria.es\/blogs\/alqueriarojaverde\/2015\/01\/09\/semanario-clase-verde-52\/attachment\/2015\/\" data-orig-file=\"https:\/\/i0.wp.com\/www.alqueria.es\/blogs\/alqueriarojaverde\/wp-content\/uploads\/sites\/8\/2015\/01\/2015.jpg?fit=600%2C400&amp;ssl=1\" data-orig-size=\"600,400\" data-comments-opened=\"1\" data-image-meta=\"{&quot;aperture&quot;:&quot;0&quot;,&quot;credit&quot;:&quot;&quot;,&quot;camera&quot;:&quot;&quot;,&quot;caption&quot;:&quot;&quot;,&quot;created_timestamp&quot;:&quot;0&quot;,&quot;copyright&quot;:&quot;&quot;,&quot;focal_length&quot;:&quot;0&quot;,&quot;iso&quot;:&quot;0&quot;,&quot;shutter_speed&quot;:&quot;0&quot;,&quot;title&quot;:&quot;&quot;,&quot;orientation&quot;:&quot;0&quot;}\" data-image-title=\"2015\" data-image-description=\"\" data-image-caption=\"\" data-large-file=\"https:\/\/i0.wp.com\/www.alqueria.es\/blogs\/alqueriarojaverde\/wp-content\/uploads\/sites\/8\/2015\/01\/2015.jpg?fit=474%2C316&amp;ssl=1\" class=\"size-medium wp-image-6949 alignright\" src=\"https:\/\/i0.wp.com\/cloud.alqueria.es\/wp-content\/uploads\/sites\/8\/2015\/01\/2015-300x200.jpg?resize=300%2C200&#038;ssl=1\" alt=\"2015\" width=\"300\" height=\"200\" srcset=\"https:\/\/i0.wp.com\/www.alqueria.es\/blogs\/alqueriarojaverde\/wp-content\/uploads\/sites\/8\/2015\/01\/2015.jpg?resize=300%2C200&amp;ssl=1 300w, https:\/\/i0.wp.com\/www.alqueria.es\/blogs\/alqueriarojaverde\/wp-content\/uploads\/sites\/8\/2015\/01\/2015.jpg?w=600&amp;ssl=1 600w\" sizes=\"(max-width: 300px) 100vw, 300px\" \/><\/a>DIAS DEL 8 AL 9 DE ENERO DE 1915<\/p>\n<p>Lo primero desearos una muy feliz entrada de a\u00f1o nuevo.<\/p>\n<p style=\"text-align: center\"><span style=\"color: #ff0000\">\u00a1\u00a1\u00a1FELIZ 2015!!!<\/span><\/p>\n<p style=\"text-align: left\">Los chicos y chicas aunque algo dormidos han vuelto con gran ilusi\u00f3n.<\/p>\n<p style=\"text-align: left\">En la 1\u00ba asamblea de este segundo trimestre, lo que contaron muy ilusionados fueron sus visitas a las casas de sus abuelos, titos y primos. Tambi\u00e9n sitios que visitaron. Claro que lo que mas sus regalos navide\u00f1os de Papa Noel y Reyes magos.<\/p>\n<p style=\"text-align: left\"><span style=\"color: #ff0000\">OS RECUERDO QUE COMO CADA A\u00d1O, EL LUNES 12 DE ENERO COMPARTIREMOS ALG\u00daN JUGUETE NUEVO CON NUESTROS COMPA\u00d1EROS EN LA TARDE COOPERATIVA. (Recomendamos que sea un solo juguete, que no sea de piezas peque\u00f1as ni fr\u00e1gil)<\/span><\/p>\n<p style=\"text-align: left\">Hemos recordado todo aquello que pasara en este 2\u00ba trimestre:<\/p>\n<ol>\n<li style=\"text-align: left\">Fiesta de Carnaval<\/li>\n<li style=\"text-align: left\">Trabajos en el Vivero.<\/li>\n<li style=\"text-align: left\">Salida 2\u00ba trimestre.<\/li>\n<li style=\"text-align: left\">Los expertos.<\/li>\n<\/ol>\n<p>Entre otras cosas.<\/p>\n","protected":false},"excerpt":{"rendered":"<p>DIAS DEL 8 AL 9 DE ENERO DE 1915 Lo primero desearos una muy feliz entrada de a\u00f1o nuevo. \u00a1\u00a1\u00a1FELIZ 2015!!! Los chicos y chicas aunque algo dormidos han vuelto con gran ilusi\u00f3n. En la 1\u00ba asamblea de este segundo trimestre, lo que contaron muy ilusionados fueron sus visitas a las casas de sus abuelos, &hellip; <a href=\"https:\/\/www.alqueria.es\/blogs\/alqueriarojaverde\/2015\/01\/09\/semanario-clase-verde-52\/\" class=\"more-link\">Seguir leyendo <span class=\"screen-reader-text\">SEMANARIO CLASE VERDE<\/span> <span class=\"meta-nav\">&rarr;<\/span><\/a><\/p>\n","protected":false},"author":19,"featured_media":0,"comment_status":"open","ping_status":"open","sticky":false,"template":"","format":"standard","meta":{"jetpack_post_was_ever_published":false,"_jetpack_newsletter_access":"","_jetpack_dont_email_post_to_subs":false,"_jetpack_newsletter_tier_id":0,"_jetpack_memberships_contains_paywalled_content":false,"_jetpack_memberships_contains_paid_content":false,"footnotes":"","jetpack_publicize_message":"","jetpack_publicize_feature_enabled":true,"jetpack_social_post_already_shared":true,"jetpack_social_options":{"image_generator_settings":{"template":"highway","default_image_id":0,"font":"","enabled":false},"version":2}},"categories":[7,13,21],"tags":[],"class_list":["post-6947","post","type-post","status-publish","format-standard","hentry","category-clase-verde-5-6-anos","category-inicio","category-semanario-clase-verde"],"jetpack_publicize_connections":[],"jetpack_featured_media_url":"","jetpack_sharing_enabled":true,"jetpack_shortlink":"https:\/\/wp.me\/p4lFbP-1O3","_links":{"self":[{"href":"https:\/\/www.alqueria.es\/blogs\/alqueriarojaverde\/wp-json\/wp\/v2\/posts\/6947","targetHints":{"allow":["GET"]}}],"collection":[{"href":"https:\/\/www.alqueria.es\/blogs\/alqueriarojaverde\/wp-json\/wp\/v2\/posts"}],"about":[{"href":"https:\/\/www.alqueria.es\/blogs\/alqueriarojaverde\/wp-json\/wp\/v2\/types\/post"}],"author":[{"embeddable":true,"href":"https:\/\/www.alqueria.es\/blogs\/alqueriarojaverde\/wp-json\/wp\/v2\/users\/19"}],"replies":[{"embeddable":true,"href":"https:\/\/www.alqueria.es\/blogs\/alqueriarojaverde\/wp-json\/wp\/v2\/comments?post=6947"}],"version-history":[{"count":0,"href":"https:\/\/www.alqueria.es\/blogs\/alqueriarojaverde\/wp-json\/wp\/v2\/posts\/6947\/revisions"}],"wp:attachment":[{"href":"https:\/\/www.alqueria.es\/blogs\/alqueriarojaverde\/wp-json\/wp\/v2\/media?parent=6947"}],"wp:term":[{"taxonomy":"category","embeddable":true,"href":"https:\/\/www.alqueria.es\/blogs\/alqueriarojaverde\/wp-json\/wp\/v2\/categories?post=6947"},{"taxonomy":"post_tag","embeddable":true,"href":"https:\/\/www.alqueria.es\/blogs\/alqueriarojaverde\/wp-json\/wp\/v2\/tags?post=6947"}],"curies":[{"name":"wp","href":"https:\/\/api.w.org\/{rel}","templated":true}]}}