{"id":7168,"date":"2015-02-06T16:08:20","date_gmt":"2015-02-06T15:08:20","guid":{"rendered":"https:\/\/www.alqueria.es\/blogs\/alqueriarojaverde\/?p=7168"},"modified":"2015-02-06T17:23:55","modified_gmt":"2015-02-06T16:23:55","slug":"semanario-clase-roja-semana-del-2-al-6-de-febrero-de-2015","status":"publish","type":"post","link":"https:\/\/www.alqueria.es\/blogs\/alqueriarojaverde\/2015\/02\/06\/semanario-clase-roja-semana-del-2-al-6-de-febrero-de-2015\/","title":{"rendered":"SEMANARIO CLASE ROJA. Semana del 2 al 6 de febrero de 2015"},"content":{"rendered":"<p style=\"text-align: justify\"><img data-recalc-dims=\"1\" decoding=\"async\" data-attachment-id=\"2300\" data-permalink=\"https:\/\/www.alqueria.es\/blogs\/alqueriarojaverde\/2015\/02\/06\/semanario-clase-roja-semana-del-2-al-6-de-febrero-de-2015\/mascara-de-carnaval\/\" data-orig-file=\"https:\/\/i0.wp.com\/www.alqueria.es\/blogs\/alqueriarojaverde\/wp-content\/uploads\/sites\/8\/2013\/01\/macc81scara-de-carnaval.jpg?fit=226%2C223&amp;ssl=1\" data-orig-size=\"226,223\" data-comments-opened=\"1\" data-image-meta=\"{&quot;aperture&quot;:&quot;0&quot;,&quot;credit&quot;:&quot;&quot;,&quot;camera&quot;:&quot;&quot;,&quot;caption&quot;:&quot;&quot;,&quot;created_timestamp&quot;:&quot;0&quot;,&quot;copyright&quot;:&quot;&quot;,&quot;focal_length&quot;:&quot;0&quot;,&quot;iso&quot;:&quot;0&quot;,&quot;shutter_speed&quot;:&quot;0&quot;,&quot;title&quot;:&quot;&quot;}\" data-image-title=\"ma\u0301scara de carnaval\" data-image-description=\"\" data-image-caption=\"\" data-large-file=\"https:\/\/i0.wp.com\/www.alqueria.es\/blogs\/alqueriarojaverde\/wp-content\/uploads\/sites\/8\/2013\/01\/macc81scara-de-carnaval.jpg?fit=226%2C223&amp;ssl=1\" class=\"alignleft size-full wp-image-2300\" src=\"https:\/\/i0.wp.com\/cloud.alqueria.es\/wp-content\/uploads\/sites\/8\/2013\/01\/macc81scara-de-carnaval.jpg?resize=226%2C223&#038;ssl=1\" alt=\"ma\u0301scara de carnaval\" width=\"226\" height=\"223\" \/>Damos comienzo a nuestro trabajo en torno a la <em><strong><span style=\"color: #800080\">fiesta de Carnaval.<\/span><\/strong><\/em> Hablamos de los disfraces, los colores, las chirigotas y el ambiente que se genera en torno a la mencionada celebraci\u00f3n.<\/p>\n<p style=\"text-align: justify\">Este a\u00f1o el tema de la semana cultural (que s\u00f3lo celebra Primaria) es el arte, teniendo como colof\u00f3n el Carnaval. En el ciclo 3-6, los disfraces pueden tener tem\u00e1tica libre, ya que les hace ilusi\u00f3n disfrazarse de sus personajes favoritos.<\/p>\n<p style=\"text-align: justify\">Hemos dado comienzo igualmente a las sesiones de <span style=\"color: #ff0000\">vivero<\/span> en nuestra <em><strong><span style=\"color: #ff0000\">tarde cooperativa<\/span><\/strong><\/em>. En la que hemos preparado nuestros tetra-bricks y hemos plantado ya algunos esquejes. Todos los lunes (mientras el tiempo lo permita), llevaremos a cabo esta actividad, as\u00ed que espero vuestras aportaciones.<\/p>\n<p style=\"text-align: justify\">El <strong><em><span style=\"color: #0000ff\">taller alfab\u00e9tico<\/span> <\/em><\/strong>ha estado orientado a las letras que componen la palabra CARNAVAL, reconocimiento de las mismas, c\u00f3mo se llaman, c\u00f3mo suenan dependiendo de la \u00abmandona\u00bb que las acompa\u00f1a y palabras que empiezan igual que &#8230;<\/p>\n<p style=\"text-align: justify\"><a href=\"https:\/\/i0.wp.com\/cloud.alqueria.es\/wp-content\/uploads\/sites\/8\/2015\/02\/laberinto.png?ssl=1\"><img data-recalc-dims=\"1\" decoding=\"async\" data-attachment-id=\"7177\" data-permalink=\"https:\/\/www.alqueria.es\/blogs\/alqueriarojaverde\/2015\/02\/06\/semanario-clase-roja-semana-del-2-al-6-de-febrero-de-2015\/laberinto\/\" data-orig-file=\"https:\/\/i0.wp.com\/www.alqueria.es\/blogs\/alqueriarojaverde\/wp-content\/uploads\/sites\/8\/2015\/02\/laberinto.png?fit=269%2C188&amp;ssl=1\" data-orig-size=\"269,188\" data-comments-opened=\"1\" data-image-meta=\"{&quot;aperture&quot;:&quot;0&quot;,&quot;credit&quot;:&quot;&quot;,&quot;camera&quot;:&quot;&quot;,&quot;caption&quot;:&quot;&quot;,&quot;created_timestamp&quot;:&quot;0&quot;,&quot;copyright&quot;:&quot;&quot;,&quot;focal_length&quot;:&quot;0&quot;,&quot;iso&quot;:&quot;0&quot;,&quot;shutter_speed&quot;:&quot;0&quot;,&quot;title&quot;:&quot;&quot;,&quot;orientation&quot;:&quot;0&quot;}\" data-image-title=\"laberinto\" data-image-description=\"\" data-image-caption=\"\" data-large-file=\"https:\/\/i0.wp.com\/www.alqueria.es\/blogs\/alqueriarojaverde\/wp-content\/uploads\/sites\/8\/2015\/02\/laberinto.png?fit=269%2C188&amp;ssl=1\" class=\"alignleft size-thumbnail wp-image-7177\" src=\"https:\/\/i0.wp.com\/cloud.alqueria.es\/wp-content\/uploads\/sites\/8\/2015\/02\/laberinto-150x150.png?resize=150%2C150&#038;ssl=1\" alt=\"laberinto\" width=\"150\" height=\"150\" \/><\/a>En <strong><em><span style=\"color: #0000ff\">l\u00f3gica-matem\u00e1tica<\/span> <\/em><\/strong>trabajamos la orientaci\u00f3n espacial, mediante el empleo de un laberinto. En esta ocasi\u00f3n la dificultad ha sido baja, porque el objetivo era conocer la t\u00e9cnica para realizarlos y c\u00f3mo no, la ambientaci\u00f3n del mismo era tem\u00e1tica de Carnaval. Os recomiendo este pasatiempo para casa.<\/p>\n<p style=\"text-align: justify\">En la <strong><em><span style=\"color: #0000ff\">biblioteca<\/span><\/em><\/strong> volvemos a llevarnos en pr\u00e9stamo otro ejemplar para leer en casa.<\/p>\n<p style=\"text-align: justify\"><a href=\"https:\/\/i0.wp.com\/cloud.alqueria.es\/wp-content\/uploads\/sites\/8\/2015\/02\/nota-musical.png?ssl=1\"><img data-recalc-dims=\"1\" decoding=\"async\" data-attachment-id=\"7171\" data-permalink=\"https:\/\/www.alqueria.es\/blogs\/alqueriarojaverde\/2015\/02\/06\/semanario-clase-roja-semana-del-2-al-6-de-febrero-de-2015\/nota-musical\/\" data-orig-file=\"https:\/\/i0.wp.com\/www.alqueria.es\/blogs\/alqueriarojaverde\/wp-content\/uploads\/sites\/8\/2015\/02\/nota-musical.png?fit=233%2C217&amp;ssl=1\" data-orig-size=\"233,217\" data-comments-opened=\"1\" data-image-meta=\"{&quot;aperture&quot;:&quot;0&quot;,&quot;credit&quot;:&quot;&quot;,&quot;camera&quot;:&quot;&quot;,&quot;caption&quot;:&quot;&quot;,&quot;created_timestamp&quot;:&quot;0&quot;,&quot;copyright&quot;:&quot;&quot;,&quot;focal_length&quot;:&quot;0&quot;,&quot;iso&quot;:&quot;0&quot;,&quot;shutter_speed&quot;:&quot;0&quot;,&quot;title&quot;:&quot;&quot;,&quot;orientation&quot;:&quot;0&quot;}\" data-image-title=\"nota musical\" data-image-description=\"\" data-image-caption=\"\" data-large-file=\"https:\/\/i0.wp.com\/www.alqueria.es\/blogs\/alqueriarojaverde\/wp-content\/uploads\/sites\/8\/2015\/02\/nota-musical.png?fit=233%2C217&amp;ssl=1\" class=\"alignleft size-full wp-image-7171\" src=\"https:\/\/i0.wp.com\/cloud.alqueria.es\/wp-content\/uploads\/sites\/8\/2015\/02\/nota-musical.png?resize=233%2C217&#038;ssl=1\" alt=\"nota musical\" width=\"233\" height=\"217\" \/><\/a>Tambi\u00e9n hemos comenzado los <strong><em><span style=\"color: #0000ff\">ensayos de nuestra chirigota<\/span><\/em><\/strong>, para la que hemos elegido un tema de Diver Play muy movidito y pegadizo. A ver si se van reincorporando l@s que se han puesto malitos y mejoramos los ensayos.<\/p>\n<p style=\"text-align: justify\">En el <strong><em><span style=\"color: #0000ff\">taller creativo<\/span><\/em><\/strong>, confeccionamos\u00a0cadenetas para adornar el aula. Practicamos la motricidad fina recortando m\u00faltiples tiras de papel de colores, y pegando las mismas, con la consigna de no repetir dos colores consecutivamente.<\/p>\n<p class=\"jetpack-slideshow-noscript robots-nocontent\">El pase de diapositivas requiere JavaScript.<\/p><div id=\"gallery-7168-1-slideshow\" class=\"jetpack-slideshow-window jetpack-slideshow jetpack-slideshow-black\" data-trans=\"fade\" data-autostart=\"1\" data-gallery=\"[{&quot;src&quot;:&quot;https:\\\/\\\/i0.wp.com\\\/www.alqueria.es\\\/blogs\\\/alqueriarojaverde\\\/wp-content\\\/uploads\\\/sites\\\/8\\\/2015\\\/02\\\/IMG_1221.jpg?fit=640%2C480\\u0026ssl=1&quot;,&quot;id&quot;:&quot;7173&quot;,&quot;title&quot;:&quot;IMG_1221&quot;,&quot;alt&quot;:&quot;&quot;,&quot;caption&quot;:&quot;&quot;,&quot;itemprop&quot;:&quot;image&quot;},{&quot;src&quot;:&quot;https:\\\/\\\/i0.wp.com\\\/www.alqueria.es\\\/blogs\\\/alqueriarojaverde\\\/wp-content\\\/uploads\\\/sites\\\/8\\\/2015\\\/02\\\/IMG_1222.jpg?fit=640%2C480\\u0026ssl=1&quot;,&quot;id&quot;:&quot;7174&quot;,&quot;title&quot;:&quot;IMG_1222&quot;,&quot;alt&quot;:&quot;&quot;,&quot;caption&quot;:&quot;&quot;,&quot;itemprop&quot;:&quot;image&quot;},{&quot;src&quot;:&quot;https:\\\/\\\/i0.wp.com\\\/www.alqueria.es\\\/blogs\\\/alqueriarojaverde\\\/wp-content\\\/uploads\\\/sites\\\/8\\\/2015\\\/02\\\/IMG_1223.jpg?fit=640%2C480\\u0026ssl=1&quot;,&quot;id&quot;:&quot;7175&quot;,&quot;title&quot;:&quot;IMG_1223&quot;,&quot;alt&quot;:&quot;&quot;,&quot;caption&quot;:&quot;&quot;,&quot;itemprop&quot;:&quot;image&quot;},{&quot;src&quot;:&quot;https:\\\/\\\/i0.wp.com\\\/www.alqueria.es\\\/blogs\\\/alqueriarojaverde\\\/wp-content\\\/uploads\\\/sites\\\/8\\\/2015\\\/02\\\/IMG_1226.jpg?fit=640%2C480\\u0026ssl=1&quot;,&quot;id&quot;:&quot;7176&quot;,&quot;title&quot;:&quot;IMG_1226&quot;,&quot;alt&quot;:&quot;&quot;,&quot;caption&quot;:&quot;&quot;,&quot;itemprop&quot;:&quot;image&quot;}]\" itemscope itemtype=\"https:\/\/schema.org\/ImageGallery\"><\/div>\n<p style=\"text-align: justify\">Buena parte de la semana hemos estado haci\u00e9ndonos unos <em><strong><span style=\"color: #0000ff\">antifaces de escayola<\/span> <\/strong><\/em>que decoraremos cuando est\u00e9n secos. Hasta ahora llevamos la mitad del grupo aproximadamente.<\/p>\n<p style=\"text-align: justify\"><a href=\"https:\/\/i0.wp.com\/cloud.alqueria.es\/wp-content\/uploads\/sites\/8\/2015\/02\/IMG_12271.jpg?ssl=1\"><img data-recalc-dims=\"1\" decoding=\"async\" data-attachment-id=\"7178\" data-permalink=\"https:\/\/www.alqueria.es\/blogs\/alqueriarojaverde\/2015\/02\/06\/semanario-clase-roja-semana-del-2-al-6-de-febrero-de-2015\/img_12271\/\" data-orig-file=\"https:\/\/i0.wp.com\/www.alqueria.es\/blogs\/alqueriarojaverde\/wp-content\/uploads\/sites\/8\/2015\/02\/IMG_12271.jpg?fit=640%2C480&amp;ssl=1\" data-orig-size=\"640,480\" data-comments-opened=\"1\" data-image-meta=\"{&quot;aperture&quot;:&quot;0&quot;,&quot;credit&quot;:&quot;&quot;,&quot;camera&quot;:&quot;&quot;,&quot;caption&quot;:&quot;&quot;,&quot;created_timestamp&quot;:&quot;0&quot;,&quot;copyright&quot;:&quot;&quot;,&quot;focal_length&quot;:&quot;0&quot;,&quot;iso&quot;:&quot;0&quot;,&quot;shutter_speed&quot;:&quot;0&quot;,&quot;title&quot;:&quot;&quot;,&quot;orientation&quot;:&quot;0&quot;}\" data-image-title=\"IMG_1227[1]\" data-image-description=\"\" data-image-caption=\"\" data-large-file=\"https:\/\/i0.wp.com\/www.alqueria.es\/blogs\/alqueriarojaverde\/wp-content\/uploads\/sites\/8\/2015\/02\/IMG_12271.jpg?fit=474%2C356&amp;ssl=1\" class=\"aligncenter size-thumbnail wp-image-7178\" src=\"https:\/\/i0.wp.com\/cloud.alqueria.es\/wp-content\/uploads\/sites\/8\/2015\/02\/IMG_12271-150x150.jpg?resize=150%2C150&#038;ssl=1\" alt=\"IMG_1227[1]\" width=\"150\" height=\"150\" srcset=\"https:\/\/i0.wp.com\/www.alqueria.es\/blogs\/alqueriarojaverde\/wp-content\/uploads\/sites\/8\/2015\/02\/IMG_12271.jpg?resize=150%2C150&amp;ssl=1 150w, https:\/\/i0.wp.com\/www.alqueria.es\/blogs\/alqueriarojaverde\/wp-content\/uploads\/sites\/8\/2015\/02\/IMG_12271.jpg?zoom=2&amp;resize=150%2C150&amp;ssl=1 300w, https:\/\/i0.wp.com\/www.alqueria.es\/blogs\/alqueriarojaverde\/wp-content\/uploads\/sites\/8\/2015\/02\/IMG_12271.jpg?zoom=3&amp;resize=150%2C150&amp;ssl=1 450w\" sizes=\"(max-width: 150px) 100vw, 150px\" \/><\/a><\/p>\n<p style=\"text-align: justify\">Entre tanto trabajo a\u00fan nos ha quedado tiempo para celebrar el <span style=\"color: #ff0000\">cumplea\u00f1os de Candela R.<\/span><\/p>\n<p style=\"text-align: justify\">Buen fin de semana y un besito muy fuerte para tod@s los que esta semana han estado algo malitos en casa.<\/p>\n<p style=\"text-align: justify\"><a href=\"https:\/\/i0.wp.com\/cloud.alqueria.es\/wp-content\/uploads\/sites\/8\/2015\/02\/varicela.jpg?ssl=1\"><img data-recalc-dims=\"1\" decoding=\"async\" data-attachment-id=\"7172\" data-permalink=\"https:\/\/www.alqueria.es\/blogs\/alqueriarojaverde\/2015\/02\/06\/semanario-clase-roja-semana-del-2-al-6-de-febrero-de-2015\/varicela\/\" data-orig-file=\"https:\/\/i0.wp.com\/www.alqueria.es\/blogs\/alqueriarojaverde\/wp-content\/uploads\/sites\/8\/2015\/02\/varicela.jpg?fit=259%2C195&amp;ssl=1\" data-orig-size=\"259,195\" data-comments-opened=\"1\" data-image-meta=\"{&quot;aperture&quot;:&quot;0&quot;,&quot;credit&quot;:&quot;&quot;,&quot;camera&quot;:&quot;&quot;,&quot;caption&quot;:&quot;&quot;,&quot;created_timestamp&quot;:&quot;0&quot;,&quot;copyright&quot;:&quot;&quot;,&quot;focal_length&quot;:&quot;0&quot;,&quot;iso&quot;:&quot;0&quot;,&quot;shutter_speed&quot;:&quot;0&quot;,&quot;title&quot;:&quot;&quot;,&quot;orientation&quot;:&quot;0&quot;}\" data-image-title=\"varicela\" data-image-description=\"\" data-image-caption=\"\" data-large-file=\"https:\/\/i0.wp.com\/www.alqueria.es\/blogs\/alqueriarojaverde\/wp-content\/uploads\/sites\/8\/2015\/02\/varicela.jpg?fit=259%2C195&amp;ssl=1\" class=\"aligncenter size-thumbnail wp-image-7172\" src=\"https:\/\/i0.wp.com\/cloud.alqueria.es\/wp-content\/uploads\/sites\/8\/2015\/02\/varicela-150x150.jpg?resize=150%2C150&#038;ssl=1\" alt=\"varicela\" width=\"150\" height=\"150\" \/><\/a><\/p>\n<p style=\"text-align: center\">\u00a1Os echamos de menos!, a ver si volv\u00e9is pronto.<\/p>\n<p style=\"text-align: justify\">Esther Justicia.<\/p>\n","protected":false},"excerpt":{"rendered":"<p>Damos comienzo a nuestro trabajo en torno a la fiesta de Carnaval. Hablamos de los disfraces, los colores, las chirigotas y el ambiente que se genera en torno a la mencionada celebraci\u00f3n. Este a\u00f1o el tema de la semana cultural (que s\u00f3lo celebra Primaria) es el arte, teniendo como colof\u00f3n el Carnaval. En el ciclo &hellip; <a href=\"https:\/\/www.alqueria.es\/blogs\/alqueriarojaverde\/2015\/02\/06\/semanario-clase-roja-semana-del-2-al-6-de-febrero-de-2015\/\" class=\"more-link\">Seguir leyendo <span class=\"screen-reader-text\">SEMANARIO CLASE ROJA. Semana del 2 al 6 de febrero de 2015<\/span> <span class=\"meta-nav\">&rarr;<\/span><\/a><\/p>\n","protected":false},"author":19,"featured_media":0,"comment_status":"open","ping_status":"open","sticky":false,"template":"","format":"standard","meta":{"jetpack_post_was_ever_published":false,"_jetpack_newsletter_access":"","_jetpack_dont_email_post_to_subs":false,"_jetpack_newsletter_tier_id":0,"_jetpack_memberships_contains_paywalled_content":false,"_jetpack_memberships_contains_paid_content":false,"footnotes":"","jetpack_publicize_message":"","jetpack_publicize_feature_enabled":true,"jetpack_social_post_already_shared":true,"jetpack_social_options":{"image_generator_settings":{"template":"highway","default_image_id":0,"font":"","enabled":false},"version":2}},"categories":[6,13,20],"tags":[],"class_list":["post-7168","post","type-post","status-publish","format-standard","hentry","category-clase-roja-4-5-anos","category-inicio","category-semanario-clase-roja"],"jetpack_publicize_connections":[],"jetpack_featured_media_url":"","jetpack_sharing_enabled":true,"jetpack_shortlink":"https:\/\/wp.me\/p4lFbP-1RC","_links":{"self":[{"href":"https:\/\/www.alqueria.es\/blogs\/alqueriarojaverde\/wp-json\/wp\/v2\/posts\/7168","targetHints":{"allow":["GET"]}}],"collection":[{"href":"https:\/\/www.alqueria.es\/blogs\/alqueriarojaverde\/wp-json\/wp\/v2\/posts"}],"about":[{"href":"https:\/\/www.alqueria.es\/blogs\/alqueriarojaverde\/wp-json\/wp\/v2\/types\/post"}],"author":[{"embeddable":true,"href":"https:\/\/www.alqueria.es\/blogs\/alqueriarojaverde\/wp-json\/wp\/v2\/users\/19"}],"replies":[{"embeddable":true,"href":"https:\/\/www.alqueria.es\/blogs\/alqueriarojaverde\/wp-json\/wp\/v2\/comments?post=7168"}],"version-history":[{"count":0,"href":"https:\/\/www.alqueria.es\/blogs\/alqueriarojaverde\/wp-json\/wp\/v2\/posts\/7168\/revisions"}],"wp:attachment":[{"href":"https:\/\/www.alqueria.es\/blogs\/alqueriarojaverde\/wp-json\/wp\/v2\/media?parent=7168"}],"wp:term":[{"taxonomy":"category","embeddable":true,"href":"https:\/\/www.alqueria.es\/blogs\/alqueriarojaverde\/wp-json\/wp\/v2\/categories?post=7168"},{"taxonomy":"post_tag","embeddable":true,"href":"https:\/\/www.alqueria.es\/blogs\/alqueriarojaverde\/wp-json\/wp\/v2\/tags?post=7168"}],"curies":[{"name":"wp","href":"https:\/\/api.w.org\/{rel}","templated":true}]}}