{"id":7205,"date":"2015-02-13T16:45:32","date_gmt":"2015-02-13T15:45:32","guid":{"rendered":"https:\/\/www.alqueria.es\/blogs\/alqueriarojaverde\/?p=7205"},"modified":"2015-02-13T16:45:32","modified_gmt":"2015-02-13T15:45:32","slug":"semanario-clase-roja-semana-del-9-al-13-de-febrero-de-2015","status":"publish","type":"post","link":"https:\/\/www.alqueria.es\/blogs\/alqueriarojaverde\/2015\/02\/13\/semanario-clase-roja-semana-del-9-al-13-de-febrero-de-2015\/","title":{"rendered":"SEMANARIO CLASE ROJA. Semana del 9 al 13 de febrero de 2015"},"content":{"rendered":"<p style=\"text-align: justify\"><a href=\"https:\/\/i0.wp.com\/cloud.alqueria.es\/wp-content\/uploads\/sites\/8\/2015\/02\/carnaval.png?ssl=1\"><img data-recalc-dims=\"1\" decoding=\"async\" data-attachment-id=\"7230\" data-permalink=\"https:\/\/www.alqueria.es\/blogs\/alqueriarojaverde\/2015\/02\/13\/semanario-clase-roja-semana-del-9-al-13-de-febrero-de-2015\/carnaval-3\/\" data-orig-file=\"https:\/\/i0.wp.com\/www.alqueria.es\/blogs\/alqueriarojaverde\/wp-content\/uploads\/sites\/8\/2015\/02\/carnaval.png?fit=286%2C176&amp;ssl=1\" data-orig-size=\"286,176\" data-comments-opened=\"1\" data-image-meta=\"{&quot;aperture&quot;:&quot;0&quot;,&quot;credit&quot;:&quot;&quot;,&quot;camera&quot;:&quot;&quot;,&quot;caption&quot;:&quot;&quot;,&quot;created_timestamp&quot;:&quot;0&quot;,&quot;copyright&quot;:&quot;&quot;,&quot;focal_length&quot;:&quot;0&quot;,&quot;iso&quot;:&quot;0&quot;,&quot;shutter_speed&quot;:&quot;0&quot;,&quot;title&quot;:&quot;&quot;,&quot;orientation&quot;:&quot;0&quot;}\" data-image-title=\"carnaval\" data-image-description=\"\" data-image-caption=\"\" data-large-file=\"https:\/\/i0.wp.com\/www.alqueria.es\/blogs\/alqueriarojaverde\/wp-content\/uploads\/sites\/8\/2015\/02\/carnaval.png?fit=286%2C176&amp;ssl=1\" class=\"alignleft size-full wp-image-7230\" src=\"https:\/\/i0.wp.com\/cloud.alqueria.es\/wp-content\/uploads\/sites\/8\/2015\/02\/carnaval.png?resize=286%2C176&#038;ssl=1\" alt=\"carnaval\" width=\"286\" height=\"176\" \/><\/a>Como pod\u00e9is imaginar, estamos a tope con la <strong><span style=\"color: #800080\">preparaci\u00f3n de la fiesta de Carnaval,<\/span> <\/strong>que ser\u00e1 el pr\u00f3ximo d\u00eda 20 de febrero.<\/p>\n<p style=\"text-align: justify\">Comenzamos poniendo una <span style=\"color: #0000ff\">nota de color a la clase<\/span>, colgando las <span style=\"color: #0000ff\">cadenetas<\/span> que hicimos la semana pasada. Aprovechamos para practicar algunos <span style=\"color: #0000ff\">conceptos matem\u00e1ticos<\/span> como el <em>conteo, adici\u00f3n, sustracci\u00f3n,\u00a0longitud y simetr\u00eda<\/em>.<\/p>\n<p style=\"text-align: justify\"><a href=\"https:\/\/i0.wp.com\/cloud.alqueria.es\/wp-content\/uploads\/sites\/8\/2015\/02\/IMG_12391.jpg?ssl=1\"><img data-recalc-dims=\"1\" decoding=\"async\" data-attachment-id=\"7231\" data-permalink=\"https:\/\/www.alqueria.es\/blogs\/alqueriarojaverde\/2015\/02\/13\/semanario-clase-roja-semana-del-9-al-13-de-febrero-de-2015\/img_12391\/\" data-orig-file=\"https:\/\/i0.wp.com\/www.alqueria.es\/blogs\/alqueriarojaverde\/wp-content\/uploads\/sites\/8\/2015\/02\/IMG_12391.jpg?fit=640%2C480&amp;ssl=1\" data-orig-size=\"640,480\" data-comments-opened=\"1\" data-image-meta=\"{&quot;aperture&quot;:&quot;0&quot;,&quot;credit&quot;:&quot;&quot;,&quot;camera&quot;:&quot;&quot;,&quot;caption&quot;:&quot;&quot;,&quot;created_timestamp&quot;:&quot;0&quot;,&quot;copyright&quot;:&quot;&quot;,&quot;focal_length&quot;:&quot;0&quot;,&quot;iso&quot;:&quot;0&quot;,&quot;shutter_speed&quot;:&quot;0&quot;,&quot;title&quot;:&quot;&quot;,&quot;orientation&quot;:&quot;0&quot;}\" data-image-title=\"IMG_1239[1]\" data-image-description=\"\" data-image-caption=\"\" data-large-file=\"https:\/\/i0.wp.com\/www.alqueria.es\/blogs\/alqueriarojaverde\/wp-content\/uploads\/sites\/8\/2015\/02\/IMG_12391.jpg?fit=474%2C356&amp;ssl=1\" class=\"aligncenter size-medium wp-image-7231\" src=\"https:\/\/i0.wp.com\/cloud.alqueria.es\/wp-content\/uploads\/sites\/8\/2015\/02\/IMG_12391-300x225.jpg?resize=300%2C225&#038;ssl=1\" alt=\"IMG_1239[1]\" width=\"300\" height=\"225\" srcset=\"https:\/\/i0.wp.com\/www.alqueria.es\/blogs\/alqueriarojaverde\/wp-content\/uploads\/sites\/8\/2015\/02\/IMG_12391.jpg?resize=300%2C225&amp;ssl=1 300w, https:\/\/i0.wp.com\/www.alqueria.es\/blogs\/alqueriarojaverde\/wp-content\/uploads\/sites\/8\/2015\/02\/IMG_12391.jpg?w=640&amp;ssl=1 640w\" sizes=\"(max-width: 300px) 100vw, 300px\" \/><\/a><\/p>\n<p style=\"text-align: justify\">En primer lugar acordamos desde d\u00f3nde hasta d\u00f3nde las vamos a colocar, para que ambos lados de la clase queden<em> \u00abigual\u00bb,<\/em> tarea que nos lleva alg\u00fan tiempo, ya que la visi\u00f3n espacial necesaria para ello no es f\u00e1cil a estas edades, y por tanto\u00a0recurrimos al ensayo-error. Despu\u00e9s debemos contar cu\u00e1ntos anillos tiene cada una, y agregar o quitar los que sean necesarios, para que todas tengan igual n\u00famero. Por \u00faltimo las extendemos en el suelo y comprobamos que su longitud es la misma. <span style=\"color: #0000ff\">\u00a1Una excelente clase de matem\u00e1ticas, interactiva y muy divertida!.<\/span><\/p>\n<p style=\"text-align: justify\"><a href=\"https:\/\/i0.wp.com\/cloud.alqueria.es\/wp-content\/uploads\/sites\/8\/2015\/02\/IMG_12341.jpg?ssl=1\"><img data-recalc-dims=\"1\" decoding=\"async\" data-attachment-id=\"7222\" data-permalink=\"https:\/\/www.alqueria.es\/blogs\/alqueriarojaverde\/2015\/02\/13\/semanario-clase-roja-semana-del-9-al-13-de-febrero-de-2015\/img_12341\/\" data-orig-file=\"https:\/\/i0.wp.com\/www.alqueria.es\/blogs\/alqueriarojaverde\/wp-content\/uploads\/sites\/8\/2015\/02\/IMG_12341.jpg?fit=640%2C480&amp;ssl=1\" data-orig-size=\"640,480\" data-comments-opened=\"1\" data-image-meta=\"{&quot;aperture&quot;:&quot;0&quot;,&quot;credit&quot;:&quot;&quot;,&quot;camera&quot;:&quot;&quot;,&quot;caption&quot;:&quot;&quot;,&quot;created_timestamp&quot;:&quot;0&quot;,&quot;copyright&quot;:&quot;&quot;,&quot;focal_length&quot;:&quot;0&quot;,&quot;iso&quot;:&quot;0&quot;,&quot;shutter_speed&quot;:&quot;0&quot;,&quot;title&quot;:&quot;&quot;,&quot;orientation&quot;:&quot;0&quot;}\" data-image-title=\"IMG_1234[1]\" data-image-description=\"\" data-image-caption=\"\" data-large-file=\"https:\/\/i0.wp.com\/www.alqueria.es\/blogs\/alqueriarojaverde\/wp-content\/uploads\/sites\/8\/2015\/02\/IMG_12341.jpg?fit=474%2C356&amp;ssl=1\" class=\"alignleft size-medium wp-image-7222\" src=\"https:\/\/i0.wp.com\/cloud.alqueria.es\/wp-content\/uploads\/sites\/8\/2015\/02\/IMG_12341-300x225.jpg?resize=300%2C225&#038;ssl=1\" alt=\"IMG_1234[1]\" width=\"300\" height=\"225\" srcset=\"https:\/\/i0.wp.com\/www.alqueria.es\/blogs\/alqueriarojaverde\/wp-content\/uploads\/sites\/8\/2015\/02\/IMG_12341.jpg?resize=300%2C225&amp;ssl=1 300w, https:\/\/i0.wp.com\/www.alqueria.es\/blogs\/alqueriarojaverde\/wp-content\/uploads\/sites\/8\/2015\/02\/IMG_12341.jpg?w=640&amp;ssl=1 640w\" sizes=\"(max-width: 300px) 100vw, 300px\" \/><\/a>Seguimos con la creaci\u00f3n de los <span style=\"color: #008000\">antifaces de escayola<\/span>. En este taller estamos llevando a cabo\u00a0varias fases de forma paralela, debido al tiempo de secado que necesitan. \u00a0Algun@s est\u00e1n en proceso de elaboraci\u00f3n,\u00a0otros han sido pintados (respetando el patr\u00f3n ofrecido) y algunos est\u00e1n a la espera de la vuelta del alumnado que falta por incorporarse. La semana pr\u00f3xima ultimaremos la decoraci\u00f3n y los expondremos para poder llevar a casa, una vez finalizado el Carnaval.<\/p>\n<p class=\"jetpack-slideshow-noscript robots-nocontent\">El pase de diapositivas requiere JavaScript.<\/p><div id=\"gallery-7205-1-slideshow\" class=\"jetpack-slideshow-window jetpack-slideshow jetpack-slideshow-black\" data-trans=\"fade\" data-autostart=\"1\" data-gallery=\"[{&quot;src&quot;:&quot;https:\\\/\\\/i0.wp.com\\\/www.alqueria.es\\\/blogs\\\/alqueriarojaverde\\\/wp-content\\\/uploads\\\/sites\\\/8\\\/2015\\\/02\\\/IMG_1228.jpg?fit=640%2C480\\u0026ssl=1&quot;,&quot;id&quot;:&quot;7223&quot;,&quot;title&quot;:&quot;IMG_1228&quot;,&quot;alt&quot;:&quot;&quot;,&quot;caption&quot;:&quot;&quot;,&quot;itemprop&quot;:&quot;image&quot;},{&quot;src&quot;:&quot;https:\\\/\\\/i0.wp.com\\\/www.alqueria.es\\\/blogs\\\/alqueriarojaverde\\\/wp-content\\\/uploads\\\/sites\\\/8\\\/2015\\\/02\\\/IMG_1229.jpg?fit=640%2C480\\u0026ssl=1&quot;,&quot;id&quot;:&quot;7224&quot;,&quot;title&quot;:&quot;IMG_1229&quot;,&quot;alt&quot;:&quot;&quot;,&quot;caption&quot;:&quot;&quot;,&quot;itemprop&quot;:&quot;image&quot;},{&quot;src&quot;:&quot;https:\\\/\\\/i0.wp.com\\\/www.alqueria.es\\\/blogs\\\/alqueriarojaverde\\\/wp-content\\\/uploads\\\/sites\\\/8\\\/2015\\\/02\\\/IMG_1230.jpg?fit=640%2C480\\u0026ssl=1&quot;,&quot;id&quot;:&quot;7225&quot;,&quot;title&quot;:&quot;IMG_1230&quot;,&quot;alt&quot;:&quot;&quot;,&quot;caption&quot;:&quot;&quot;,&quot;itemprop&quot;:&quot;image&quot;},{&quot;src&quot;:&quot;https:\\\/\\\/i0.wp.com\\\/www.alqueria.es\\\/blogs\\\/alqueriarojaverde\\\/wp-content\\\/uploads\\\/sites\\\/8\\\/2015\\\/02\\\/IMG_1233.jpg?fit=640%2C480\\u0026ssl=1&quot;,&quot;id&quot;:&quot;7226&quot;,&quot;title&quot;:&quot;IMG_1233&quot;,&quot;alt&quot;:&quot;&quot;,&quot;caption&quot;:&quot;&quot;,&quot;itemprop&quot;:&quot;image&quot;}]\" itemscope itemtype=\"https:\/\/schema.org\/ImageGallery\"><\/div>\n<p style=\"text-align: justify\">Practicamos la <span style=\"color: #ff0000\">motricidad fina y coordinaci\u00f3n \u00f3culo-manual<\/span>, a trav\u00e9s de un taller de recortado con gomaeva, que nos servir\u00e1 para el taller pl\u00e1stico de la semana pr\u00f3xima.<\/p>\n<p style=\"text-align: justify\">Incluimos dos nuevos<span style=\"color: #ff00ff\"> \u00abpasatiempos<\/span>\u00ab, que nos ayudan a aprender de forma divertida:<\/p>\n<p style=\"text-align: justify\">1. <span style=\"color: #ff00ff\">Encuentra las diferencias<\/span>. Con el que practicamos la atenci\u00f3n, constancia, concentraci\u00f3n, discriminaci\u00f3n visual, y los conceptos de igual-distinto.<\/p>\n<p style=\"text-align: justify\"><a href=\"https:\/\/i0.wp.com\/cloud.alqueria.es\/wp-content\/uploads\/sites\/8\/2015\/02\/IMG_12351.jpg?ssl=1\"><img data-recalc-dims=\"1\" decoding=\"async\" data-attachment-id=\"7228\" data-permalink=\"https:\/\/www.alqueria.es\/blogs\/alqueriarojaverde\/2015\/02\/13\/semanario-clase-roja-semana-del-9-al-13-de-febrero-de-2015\/img_12351\/\" data-orig-file=\"https:\/\/i0.wp.com\/www.alqueria.es\/blogs\/alqueriarojaverde\/wp-content\/uploads\/sites\/8\/2015\/02\/IMG_12351.jpg?fit=640%2C480&amp;ssl=1\" data-orig-size=\"640,480\" data-comments-opened=\"1\" data-image-meta=\"{&quot;aperture&quot;:&quot;0&quot;,&quot;credit&quot;:&quot;&quot;,&quot;camera&quot;:&quot;&quot;,&quot;caption&quot;:&quot;&quot;,&quot;created_timestamp&quot;:&quot;0&quot;,&quot;copyright&quot;:&quot;&quot;,&quot;focal_length&quot;:&quot;0&quot;,&quot;iso&quot;:&quot;0&quot;,&quot;shutter_speed&quot;:&quot;0&quot;,&quot;title&quot;:&quot;&quot;,&quot;orientation&quot;:&quot;0&quot;}\" data-image-title=\"IMG_1235[1]\" data-image-description=\"\" data-image-caption=\"\" data-large-file=\"https:\/\/i0.wp.com\/www.alqueria.es\/blogs\/alqueriarojaverde\/wp-content\/uploads\/sites\/8\/2015\/02\/IMG_12351.jpg?fit=474%2C356&amp;ssl=1\" class=\"aligncenter size-medium wp-image-7228\" src=\"https:\/\/i0.wp.com\/cloud.alqueria.es\/wp-content\/uploads\/sites\/8\/2015\/02\/IMG_12351-300x225.jpg?resize=300%2C225&#038;ssl=1\" alt=\"IMG_1235[1]\" width=\"300\" height=\"225\" srcset=\"https:\/\/i0.wp.com\/www.alqueria.es\/blogs\/alqueriarojaverde\/wp-content\/uploads\/sites\/8\/2015\/02\/IMG_12351.jpg?resize=300%2C225&amp;ssl=1 300w, https:\/\/i0.wp.com\/www.alqueria.es\/blogs\/alqueriarojaverde\/wp-content\/uploads\/sites\/8\/2015\/02\/IMG_12351.jpg?w=640&amp;ssl=1 640w\" sizes=\"(max-width: 300px) 100vw, 300px\" \/><\/a><\/p>\n<p style=\"text-align: justify\">2. <span style=\"color: #ff00ff\">Sopa de letras<\/span>. Con la que se trabaja la discriminaci\u00f3n visual, la identificaci\u00f3n y reconocimiento de algunas graf\u00edas del alfabeto y la direccionalidad de la escritura. Tambi\u00e9n se potencia la atenci\u00f3n y constancia en el trabajo.<\/p>\n<p style=\"text-align: justify\"><a href=\"https:\/\/i0.wp.com\/cloud.alqueria.es\/wp-content\/uploads\/sites\/8\/2015\/02\/IMG_12381.jpg?ssl=1\"><img data-recalc-dims=\"1\" decoding=\"async\" data-attachment-id=\"7229\" data-permalink=\"https:\/\/www.alqueria.es\/blogs\/alqueriarojaverde\/2015\/02\/13\/semanario-clase-roja-semana-del-9-al-13-de-febrero-de-2015\/img_12381\/\" data-orig-file=\"https:\/\/i0.wp.com\/www.alqueria.es\/blogs\/alqueriarojaverde\/wp-content\/uploads\/sites\/8\/2015\/02\/IMG_12381.jpg?fit=640%2C480&amp;ssl=1\" data-orig-size=\"640,480\" data-comments-opened=\"1\" data-image-meta=\"{&quot;aperture&quot;:&quot;0&quot;,&quot;credit&quot;:&quot;&quot;,&quot;camera&quot;:&quot;&quot;,&quot;caption&quot;:&quot;&quot;,&quot;created_timestamp&quot;:&quot;0&quot;,&quot;copyright&quot;:&quot;&quot;,&quot;focal_length&quot;:&quot;0&quot;,&quot;iso&quot;:&quot;0&quot;,&quot;shutter_speed&quot;:&quot;0&quot;,&quot;title&quot;:&quot;&quot;,&quot;orientation&quot;:&quot;0&quot;}\" data-image-title=\"IMG_1238[1]\" data-image-description=\"\" data-image-caption=\"\" data-large-file=\"https:\/\/i0.wp.com\/www.alqueria.es\/blogs\/alqueriarojaverde\/wp-content\/uploads\/sites\/8\/2015\/02\/IMG_12381.jpg?fit=474%2C356&amp;ssl=1\" class=\"aligncenter size-medium wp-image-7229\" src=\"https:\/\/i0.wp.com\/cloud.alqueria.es\/wp-content\/uploads\/sites\/8\/2015\/02\/IMG_12381-300x225.jpg?resize=300%2C225&#038;ssl=1\" alt=\"IMG_1238[1]\" width=\"300\" height=\"225\" srcset=\"https:\/\/i0.wp.com\/www.alqueria.es\/blogs\/alqueriarojaverde\/wp-content\/uploads\/sites\/8\/2015\/02\/IMG_12381.jpg?resize=300%2C225&amp;ssl=1 300w, https:\/\/i0.wp.com\/www.alqueria.es\/blogs\/alqueriarojaverde\/wp-content\/uploads\/sites\/8\/2015\/02\/IMG_12381.jpg?w=640&amp;ssl=1 640w\" sizes=\"(max-width: 300px) 100vw, 300px\" \/><\/a><\/p>\n<p style=\"text-align: justify\">Como orientaciones generales para trabajar la sopa de letras a estas edades (4-5 a\u00f1os), estar\u00eda el ofrecer junto con el dibujo, la palabra de referencia y establecer s\u00f3lo b\u00fasqueda en horizontal.<\/p>\n<p style=\"text-align: justify\">Esta semana nuestro <span style=\"color: #ff6600\">taller de biblioteca<\/span> ha tenido alguna novedad, adem\u00e1s de sacar en pr\u00e9stamo otro ejemplar de lectura y exponer verbalmente algunas lecturas realizadas por el alumnado (Dar\u00edo y\u00a0Elisabeth), disfrutamos del placer de las siguientes lecturas, en formato multimedia:<\/p>\n<p><span class=\"embed-youtube\" style=\"text-align:center; display: block;\"><div class=\"a25-CTUOC-hidding-box\" data-original-content=\"&lt;iframe loading=&quot;lazy&quot; class=&quot;youtube-player&quot; width=&quot;474&quot; height=&quot;267&quot; src=&quot;https:\/\/www.youtube.com\/embed\/YIaLVba8lIA?version=3&amp;#038;rel=1&amp;#038;showsearch=0&amp;#038;showinfo=1&amp;#038;iv_load_policy=1&amp;#038;fs=1&amp;#038;hl=es-ES&amp;#038;autohide=2&amp;#038;wmode=transparent&quot; allowfullscreen=&quot;true&quot; style=&quot;border:0;&quot; sandbox=&quot;allow-scripts allow-same-origin allow-popups allow-presentation allow-popups-to-escape-sandbox&quot;&gt;&lt;\/iframe&gt;\">Esta p\u00e1gina incluye contenido multimedia que requiere aceptar todas las cookies. Pulse aqu\u00ed para abrir la configuraci\u00f3n de cookies.<\/div><\/span><\/p>\n<p><span class=\"embed-youtube\" style=\"text-align:center; display: block;\"><div class=\"a25-CTUOC-hidding-box\" data-original-content=\"&lt;iframe loading=&quot;lazy&quot; class=&quot;youtube-player&quot; width=&quot;474&quot; height=&quot;267&quot; src=&quot;https:\/\/www.youtube.com\/embed\/zXi0n-0ZKBc?version=3&amp;#038;rel=1&amp;#038;showsearch=0&amp;#038;showinfo=1&amp;#038;iv_load_policy=1&amp;#038;fs=1&amp;#038;hl=es-ES&amp;#038;autohide=2&amp;#038;wmode=transparent&quot; allowfullscreen=&quot;true&quot; style=&quot;border:0;&quot; sandbox=&quot;allow-scripts allow-same-origin allow-popups allow-presentation allow-popups-to-escape-sandbox&quot;&gt;&lt;\/iframe&gt;\">Esta p\u00e1gina incluye contenido multimedia que requiere aceptar todas las cookies. Pulse aqu\u00ed para abrir la configuraci\u00f3n de cookies.<\/div><\/span><\/p>\n<p><span class=\"embed-youtube\" style=\"text-align:center; display: block;\"><div class=\"a25-CTUOC-hidding-box\" data-original-content=\"&lt;iframe loading=&quot;lazy&quot; class=&quot;youtube-player&quot; width=&quot;474&quot; height=&quot;267&quot; src=&quot;https:\/\/www.youtube.com\/embed\/OK4CyYaatI0?version=3&amp;#038;rel=1&amp;#038;showsearch=0&amp;#038;showinfo=1&amp;#038;iv_load_policy=1&amp;#038;fs=1&amp;#038;hl=es-ES&amp;#038;autohide=2&amp;#038;wmode=transparent&quot; allowfullscreen=&quot;true&quot; style=&quot;border:0;&quot; sandbox=&quot;allow-scripts allow-same-origin allow-popups allow-presentation allow-popups-to-escape-sandbox&quot;&gt;&lt;\/iframe&gt;\">Esta p\u00e1gina incluye contenido multimedia que requiere aceptar todas las cookies. Pulse aqu\u00ed para abrir la configuraci\u00f3n de cookies.<\/div><\/span><\/p>\n<p style=\"text-align: justify\">Todas ellas referidas al tema de las emociones, la diversidad, la tolerancia, el respeto, etc.<\/p>\n<p style=\"text-align: justify\">El viernes, como broche de la semana, trabajamos con un <span style=\"color: #800000\">taller pl\u00e1stico<\/span> basado en el <span style=\"color: #800000\">cuento de Elmer<\/span>, que fue el m\u00e1s aclamado por todos.<\/p>\n<p style=\"text-align: justify\"><a href=\"https:\/\/i0.wp.com\/cloud.alqueria.es\/wp-content\/uploads\/sites\/8\/2015\/02\/IMG_12401.jpg?ssl=1\"><img data-recalc-dims=\"1\" decoding=\"async\" data-attachment-id=\"7234\" data-permalink=\"https:\/\/www.alqueria.es\/blogs\/alqueriarojaverde\/2015\/02\/13\/semanario-clase-roja-semana-del-9-al-13-de-febrero-de-2015\/img_12401\/\" data-orig-file=\"https:\/\/i0.wp.com\/www.alqueria.es\/blogs\/alqueriarojaverde\/wp-content\/uploads\/sites\/8\/2015\/02\/IMG_12401.jpg?fit=640%2C480&amp;ssl=1\" data-orig-size=\"640,480\" data-comments-opened=\"1\" data-image-meta=\"{&quot;aperture&quot;:&quot;0&quot;,&quot;credit&quot;:&quot;&quot;,&quot;camera&quot;:&quot;&quot;,&quot;caption&quot;:&quot;&quot;,&quot;created_timestamp&quot;:&quot;0&quot;,&quot;copyright&quot;:&quot;&quot;,&quot;focal_length&quot;:&quot;0&quot;,&quot;iso&quot;:&quot;0&quot;,&quot;shutter_speed&quot;:&quot;0&quot;,&quot;title&quot;:&quot;&quot;,&quot;orientation&quot;:&quot;0&quot;}\" data-image-title=\"IMG_1240[1]\" data-image-description=\"\" data-image-caption=\"\" data-large-file=\"https:\/\/i0.wp.com\/www.alqueria.es\/blogs\/alqueriarojaverde\/wp-content\/uploads\/sites\/8\/2015\/02\/IMG_12401.jpg?fit=474%2C356&amp;ssl=1\" class=\"aligncenter size-full wp-image-7234\" src=\"https:\/\/i0.wp.com\/cloud.alqueria.es\/wp-content\/uploads\/sites\/8\/2015\/02\/IMG_12401.jpg?resize=474%2C356&#038;ssl=1\" alt=\"IMG_1240[1]\" width=\"474\" height=\"356\" srcset=\"https:\/\/i0.wp.com\/www.alqueria.es\/blogs\/alqueriarojaverde\/wp-content\/uploads\/sites\/8\/2015\/02\/IMG_12401.jpg?w=640&amp;ssl=1 640w, https:\/\/i0.wp.com\/www.alqueria.es\/blogs\/alqueriarojaverde\/wp-content\/uploads\/sites\/8\/2015\/02\/IMG_12401.jpg?resize=300%2C225&amp;ssl=1 300w\" sizes=\"(max-width: 474px) 100vw, 474px\" \/><\/a>Buen fin de semana.<\/p>\n<p style=\"text-align: justify\">Esther.<\/p>\n","protected":false},"excerpt":{"rendered":"<p>Como pod\u00e9is imaginar, estamos a tope con la preparaci\u00f3n de la fiesta de Carnaval, que ser\u00e1 el pr\u00f3ximo d\u00eda 20 de febrero. Comenzamos poniendo una nota de color a la clase, colgando las cadenetas que hicimos la semana pasada. Aprovechamos para practicar algunos conceptos matem\u00e1ticos como el conteo, adici\u00f3n, sustracci\u00f3n,\u00a0longitud y simetr\u00eda. En primer lugar &hellip; <a href=\"https:\/\/www.alqueria.es\/blogs\/alqueriarojaverde\/2015\/02\/13\/semanario-clase-roja-semana-del-9-al-13-de-febrero-de-2015\/\" class=\"more-link\">Seguir leyendo <span class=\"screen-reader-text\">SEMANARIO CLASE ROJA. Semana del 9 al 13 de febrero de 2015<\/span> <span class=\"meta-nav\">&rarr;<\/span><\/a><\/p>\n","protected":false},"author":19,"featured_media":0,"comment_status":"open","ping_status":"open","sticky":false,"template":"","format":"standard","meta":{"jetpack_post_was_ever_published":false,"_jetpack_newsletter_access":"","_jetpack_dont_email_post_to_subs":false,"_jetpack_newsletter_tier_id":0,"_jetpack_memberships_contains_paywalled_content":false,"_jetpack_memberships_contains_paid_content":false,"footnotes":"","jetpack_publicize_message":"","jetpack_publicize_feature_enabled":true,"jetpack_social_post_already_shared":true,"jetpack_social_options":{"image_generator_settings":{"template":"highway","default_image_id":0,"font":"","enabled":false},"version":2}},"categories":[6,13,20],"tags":[134,136,133,135],"class_list":["post-7205","post","type-post","status-publish","format-standard","hentry","category-clase-roja-4-5-anos","category-inicio","category-semanario-clase-roja","tag-antifaces-de-escayola","tag-busca-las-diferencias","tag-fiesta-de-carnaval-infantil","tag-sopa-de-letras"],"jetpack_publicize_connections":[],"jetpack_featured_media_url":"","jetpack_sharing_enabled":true,"jetpack_shortlink":"https:\/\/wp.me\/p4lFbP-1Sd","_links":{"self":[{"href":"https:\/\/www.alqueria.es\/blogs\/alqueriarojaverde\/wp-json\/wp\/v2\/posts\/7205","targetHints":{"allow":["GET"]}}],"collection":[{"href":"https:\/\/www.alqueria.es\/blogs\/alqueriarojaverde\/wp-json\/wp\/v2\/posts"}],"about":[{"href":"https:\/\/www.alqueria.es\/blogs\/alqueriarojaverde\/wp-json\/wp\/v2\/types\/post"}],"author":[{"embeddable":true,"href":"https:\/\/www.alqueria.es\/blogs\/alqueriarojaverde\/wp-json\/wp\/v2\/users\/19"}],"replies":[{"embeddable":true,"href":"https:\/\/www.alqueria.es\/blogs\/alqueriarojaverde\/wp-json\/wp\/v2\/comments?post=7205"}],"version-history":[{"count":0,"href":"https:\/\/www.alqueria.es\/blogs\/alqueriarojaverde\/wp-json\/wp\/v2\/posts\/7205\/revisions"}],"wp:attachment":[{"href":"https:\/\/www.alqueria.es\/blogs\/alqueriarojaverde\/wp-json\/wp\/v2\/media?parent=7205"}],"wp:term":[{"taxonomy":"category","embeddable":true,"href":"https:\/\/www.alqueria.es\/blogs\/alqueriarojaverde\/wp-json\/wp\/v2\/categories?post=7205"},{"taxonomy":"post_tag","embeddable":true,"href":"https:\/\/www.alqueria.es\/blogs\/alqueriarojaverde\/wp-json\/wp\/v2\/tags?post=7205"}],"curies":[{"name":"wp","href":"https:\/\/api.w.org\/{rel}","templated":true}]}}