{"id":7336,"date":"2015-02-26T16:00:55","date_gmt":"2015-02-26T15:00:55","guid":{"rendered":"https:\/\/www.alqueria.es\/blogs\/alqueriarojaverde\/?p=7336"},"modified":"2015-02-26T16:24:02","modified_gmt":"2015-02-26T15:24:02","slug":"semanario-clase-roja-semana-del-23-al-26-de-febrero-de-2015","status":"publish","type":"post","link":"https:\/\/www.alqueria.es\/blogs\/alqueriarojaverde\/2015\/02\/26\/semanario-clase-roja-semana-del-23-al-26-de-febrero-de-2015\/","title":{"rendered":"SEMANARIO CLASE ROJA. Semana del 23 al 26 de febrero de 2015"},"content":{"rendered":"<p>&nbsp;<\/p>\n<p style=\"text-align: justify\"><img data-recalc-dims=\"1\" decoding=\"async\" data-attachment-id=\"7338\" data-permalink=\"https:\/\/www.alqueria.es\/blogs\/alqueriarojaverde\/2015\/02\/26\/semanario-clase-roja-semana-del-23-al-26-de-febrero-de-2015\/despedida\/\" data-orig-file=\"https:\/\/i0.wp.com\/www.alqueria.es\/blogs\/alqueriarojaverde\/wp-content\/uploads\/sites\/8\/2015\/02\/despedida.png?fit=218%2C231&amp;ssl=1\" data-orig-size=\"218,231\" data-comments-opened=\"1\" data-image-meta=\"{&quot;aperture&quot;:&quot;0&quot;,&quot;credit&quot;:&quot;&quot;,&quot;camera&quot;:&quot;&quot;,&quot;caption&quot;:&quot;&quot;,&quot;created_timestamp&quot;:&quot;0&quot;,&quot;copyright&quot;:&quot;&quot;,&quot;focal_length&quot;:&quot;0&quot;,&quot;iso&quot;:&quot;0&quot;,&quot;shutter_speed&quot;:&quot;0&quot;,&quot;title&quot;:&quot;&quot;,&quot;orientation&quot;:&quot;0&quot;}\" data-image-title=\"despedida\" data-image-description=\"\" data-image-caption=\"\" data-large-file=\"https:\/\/i0.wp.com\/www.alqueria.es\/blogs\/alqueriarojaverde\/wp-content\/uploads\/sites\/8\/2015\/02\/despedida.png?fit=218%2C231&amp;ssl=1\" class=\"alignleft size-full wp-image-7338\" src=\"https:\/\/i0.wp.com\/cloud.alqueria.es\/wp-content\/uploads\/sites\/8\/2015\/02\/despedida.png?resize=218%2C231&#038;ssl=1\" alt=\"despedida\" width=\"218\" height=\"231\" \/>Comenzamos la semana recordando nuestra fiesta de Carnaval, lo que m\u00e1s nos gust\u00f3 de ella, nuestros disfraces, c\u00f3mo nos lo pasamos &#8230;<\/p>\n<p style=\"text-align: justify\">En la expresi\u00f3n gr\u00e1fica nos representamos a nosotros mismos, con nuestro disfraz, y aunque os parezca sorprendente, lo que m\u00e1s le gust\u00f3 a la mayor\u00eda fue subirse al escenario a cantar.<\/p>\n<p style=\"text-align: justify\">En la tarde cooperativa realizamos un \u00abconcurso de recogida de residuos\u00bb tras la celebraci\u00f3n de la fiesta y jugamos a juegos tradicionales como \u00abReloj-reloj\u00bb, \u00abLa gallinita ciega\u00bb, \u00abLa zapatilla por detr\u00e1s\u00bb o \u00abEl escondite\u00bb. El equipo n\u00famero 4 realiza sesi\u00f3n de plantaci\u00f3n\/siembra para el vivero,\u00a0en\u00a0la que utiliza semillas de cal\u00e9ndulas y pensamientos, esquejes de aloe vera, flor del pato y laurel.<\/p>\n<p class=\"jetpack-slideshow-noscript robots-nocontent\">El pase de diapositivas requiere JavaScript.<\/p><div id=\"gallery-7336-1-slideshow\" class=\"jetpack-slideshow-window jetpack-slideshow jetpack-slideshow-black\" data-trans=\"fade\" data-autostart=\"1\" data-gallery=\"[{&quot;src&quot;:&quot;https:\\\/\\\/i0.wp.com\\\/www.alqueria.es\\\/blogs\\\/alqueriarojaverde\\\/wp-content\\\/uploads\\\/sites\\\/8\\\/2015\\\/02\\\/IMG_1298-e1424946543642.jpg?fit=768%2C1024\\u0026ssl=1&quot;,&quot;id&quot;:&quot;7343&quot;,&quot;title&quot;:&quot;IMG_1298&quot;,&quot;alt&quot;:&quot;&quot;,&quot;caption&quot;:&quot;&quot;,&quot;itemprop&quot;:&quot;image&quot;},{&quot;src&quot;:&quot;https:\\\/\\\/i0.wp.com\\\/www.alqueria.es\\\/blogs\\\/alqueriarojaverde\\\/wp-content\\\/uploads\\\/sites\\\/8\\\/2015\\\/02\\\/IMG_1299-e1424946523954.jpg?fit=768%2C1024\\u0026ssl=1&quot;,&quot;id&quot;:&quot;7344&quot;,&quot;title&quot;:&quot;IMG_1299&quot;,&quot;alt&quot;:&quot;&quot;,&quot;caption&quot;:&quot;&quot;,&quot;itemprop&quot;:&quot;image&quot;},{&quot;src&quot;:&quot;https:\\\/\\\/i0.wp.com\\\/www.alqueria.es\\\/blogs\\\/alqueriarojaverde\\\/wp-content\\\/uploads\\\/sites\\\/8\\\/2015\\\/02\\\/IMG_1295.jpg?fit=640%2C480\\u0026ssl=1&quot;,&quot;id&quot;:&quot;7342&quot;,&quot;title&quot;:&quot;IMG_1295&quot;,&quot;alt&quot;:&quot;&quot;,&quot;caption&quot;:&quot;&quot;,&quot;itemprop&quot;:&quot;image&quot;},{&quot;src&quot;:&quot;https:\\\/\\\/i0.wp.com\\\/www.alqueria.es\\\/blogs\\\/alqueriarojaverde\\\/wp-content\\\/uploads\\\/sites\\\/8\\\/2015\\\/02\\\/IMG_1294.jpg?fit=640%2C480\\u0026ssl=1&quot;,&quot;id&quot;:&quot;7341&quot;,&quot;title&quot;:&quot;IMG_1294&quot;,&quot;alt&quot;:&quot;&quot;,&quot;caption&quot;:&quot;&quot;,&quot;itemprop&quot;:&quot;image&quot;},{&quot;src&quot;:&quot;https:\\\/\\\/i0.wp.com\\\/www.alqueria.es\\\/blogs\\\/alqueriarojaverde\\\/wp-content\\\/uploads\\\/sites\\\/8\\\/2015\\\/02\\\/IMG_1292.jpg?fit=640%2C480\\u0026ssl=1&quot;,&quot;id&quot;:&quot;7340&quot;,&quot;title&quot;:&quot;IMG_1292&quot;,&quot;alt&quot;:&quot;&quot;,&quot;caption&quot;:&quot;&quot;,&quot;itemprop&quot;:&quot;image&quot;},{&quot;src&quot;:&quot;https:\\\/\\\/i0.wp.com\\\/www.alqueria.es\\\/blogs\\\/alqueriarojaverde\\\/wp-content\\\/uploads\\\/sites\\\/8\\\/2015\\\/02\\\/IMG_1291.jpg?fit=640%2C480\\u0026ssl=1&quot;,&quot;id&quot;:&quot;7339&quot;,&quot;title&quot;:&quot;IMG_1291&quot;,&quot;alt&quot;:&quot;&quot;,&quot;caption&quot;:&quot;&quot;,&quot;itemprop&quot;:&quot;image&quot;}]\" itemscope itemtype=\"https:\/\/schema.org\/ImageGallery\"><\/div>\n<p style=\"text-align: justify\">Iniciamos el trabajo para nuestra salida al Museo Caja Granada, el pr\u00f3ximo d\u00eda 5 de marzo. Para ello exponemos nuestras ideas previas acerca de lo que es un museo, qu\u00e9 cosas podemos encontrarnos en ellos y las normas inherentes a este lugar. Les introduzco el t\u00e9rmino Galer\u00eda de Arte y establecemos semejanzas y diferencias entre uno y otro. Como an\u00e9cdota contaros que seg\u00fan su visi\u00f3n los cuadros podr\u00edamos ir a comprarlos al Merca&#8230; JA, JA, JA!!!!<\/p>\n<p style=\"text-align: justify\"><em><span style=\"color: #ff0000\">La semana pr\u00f3xima vamos a llevar a cabo una instalaci\u00f3n, relacionada con la salida al museo. Necesitar\u00edamos medias o pantys de color blanco (da igual que est\u00e9n rotos o estropeados), ya que ser\u00e1 el elemento principal de la misma.<\/span><\/em><\/p>\n<p style=\"text-align: justify\"><em><span style=\"color: #008000\">Os invito a que aprovech\u00e9is este puente para visitar cualquier lugar en el que se expongan obras de arte (museo, galer\u00eda, exposici\u00f3n, etc.)y aport\u00e9is una fotograf\u00eda del mismo.<\/span> <\/em><\/p>\n<p style=\"text-align: justify\">Hemos aprovechado que esta semana es m\u00e1s cortita, que no ten\u00edamos la visita de ninguna familia para explicar la profesi\u00f3n y que acab\u00e1bamos una propuesta e inici\u00e1bamos otra, para realizar los seguimientos individuales de cara a este trimestre. Hemos llevado a cabo el registro de la figura humana y el registro alfab\u00e9tico, as\u00ed como el seguimiento de objetivos generales, de car\u00e1cter individual.<\/p>\n<p style=\"text-align: justify\"><a href=\"https:\/\/i0.wp.com\/cloud.alqueria.es\/wp-content\/uploads\/sites\/8\/2015\/02\/biblioteca.png?ssl=1\"><img data-recalc-dims=\"1\" decoding=\"async\" data-attachment-id=\"7337\" data-permalink=\"https:\/\/www.alqueria.es\/blogs\/alqueriarojaverde\/2015\/02\/26\/semanario-clase-roja-semana-del-23-al-26-de-febrero-de-2015\/biblioteca\/\" data-orig-file=\"https:\/\/i0.wp.com\/www.alqueria.es\/blogs\/alqueriarojaverde\/wp-content\/uploads\/sites\/8\/2015\/02\/biblioteca.png?fit=247%2C204&amp;ssl=1\" data-orig-size=\"247,204\" data-comments-opened=\"1\" data-image-meta=\"{&quot;aperture&quot;:&quot;0&quot;,&quot;credit&quot;:&quot;&quot;,&quot;camera&quot;:&quot;&quot;,&quot;caption&quot;:&quot;&quot;,&quot;created_timestamp&quot;:&quot;0&quot;,&quot;copyright&quot;:&quot;&quot;,&quot;focal_length&quot;:&quot;0&quot;,&quot;iso&quot;:&quot;0&quot;,&quot;shutter_speed&quot;:&quot;0&quot;,&quot;title&quot;:&quot;&quot;,&quot;orientation&quot;:&quot;0&quot;}\" data-image-title=\"biblioteca\" data-image-description=\"\" data-image-caption=\"\" data-large-file=\"https:\/\/i0.wp.com\/www.alqueria.es\/blogs\/alqueriarojaverde\/wp-content\/uploads\/sites\/8\/2015\/02\/biblioteca.png?fit=247%2C204&amp;ssl=1\" class=\"alignleft size-full wp-image-7337\" src=\"https:\/\/i0.wp.com\/cloud.alqueria.es\/wp-content\/uploads\/sites\/8\/2015\/02\/biblioteca.png?resize=247%2C204&#038;ssl=1\" alt=\"biblioteca\" width=\"247\" height=\"204\" \/><\/a>En la biblioteca\u00a0 exponen sus res\u00famenes de los ejemplares le\u00eddos, alg\u00fan@s alumn@s y nos llevamos en pr\u00e9stamo otro libro a casa.<\/p>\n<p style=\"text-align: justify\">La actividad de expresi\u00f3n verbal est\u00e1 totalmente interiorizada y se ofrecen voluntari@s para llevarla a cabo, cada vez adem\u00e1s con mayor precisi\u00f3n del contenido expuesto.<\/p>\n<p style=\"text-align: justify\"><img data-recalc-dims=\"1\" decoding=\"async\" data-attachment-id=\"7347\" data-permalink=\"https:\/\/www.alqueria.es\/blogs\/alqueriarojaverde\/2015\/02\/26\/semanario-clase-roja-semana-del-23-al-26-de-febrero-de-2015\/el-tigre-de-emilia\/\" data-orig-file=\"https:\/\/i0.wp.com\/www.alqueria.es\/blogs\/alqueriarojaverde\/wp-content\/uploads\/sites\/8\/2015\/02\/el-tigre-de-emilia.png?fit=201%2C251&amp;ssl=1\" data-orig-size=\"201,251\" data-comments-opened=\"1\" data-image-meta=\"{&quot;aperture&quot;:&quot;0&quot;,&quot;credit&quot;:&quot;&quot;,&quot;camera&quot;:&quot;&quot;,&quot;caption&quot;:&quot;&quot;,&quot;created_timestamp&quot;:&quot;0&quot;,&quot;copyright&quot;:&quot;&quot;,&quot;focal_length&quot;:&quot;0&quot;,&quot;iso&quot;:&quot;0&quot;,&quot;shutter_speed&quot;:&quot;0&quot;,&quot;title&quot;:&quot;&quot;,&quot;orientation&quot;:&quot;0&quot;}\" data-image-title=\"el tigre de emilia\" data-image-description=\"\" data-image-caption=\"\" data-large-file=\"https:\/\/i0.wp.com\/www.alqueria.es\/blogs\/alqueriarojaverde\/wp-content\/uploads\/sites\/8\/2015\/02\/el-tigre-de-emilia.png?fit=201%2C251&amp;ssl=1\" class=\"alignright size-full wp-image-7347\" src=\"https:\/\/i0.wp.com\/cloud.alqueria.es\/wp-content\/uploads\/sites\/8\/2015\/02\/el-tigre-de-emilia.png?resize=201%2C251&#038;ssl=1\" alt=\"el tigre de emilia\" width=\"201\" height=\"251\" \/><a href=\"https:\/\/cloud.alqueria.es\/wp-content\/uploads\/sites\/8\/2015\/02\/el-tigre-de-emilia.png\"><span style=\"color: #333333\">Disfrutamos de esta lectura, relacionada con el tratamiento de las emociones, que nos muestra la historia de Emilia, una ni\u00f1a que ten\u00eda rabietas continuas por todo y de c\u00f3mo consigue salir de esa din\u00e1mica. Os adelanto que me han bautizado con Eugenia, y que me convertir\u00e9 en algunos momentos de la jornada, en la entra\u00f1able abuelita de Emilia.<\/span><\/a><\/p>\n<p style=\"text-align: justify\">Buen puente, nos vemos el martes.<\/p>\n<p style=\"text-align: justify\">Esther Justicia.<\/p>\n","protected":false},"excerpt":{"rendered":"<p>&nbsp; Comenzamos la semana recordando nuestra fiesta de Carnaval, lo que m\u00e1s nos gust\u00f3 de ella, nuestros disfraces, c\u00f3mo nos lo pasamos &#8230; En la expresi\u00f3n gr\u00e1fica nos representamos a nosotros mismos, con nuestro disfraz, y aunque os parezca sorprendente, lo que m\u00e1s le gust\u00f3 a la mayor\u00eda fue subirse al escenario a cantar. En &hellip; <a href=\"https:\/\/www.alqueria.es\/blogs\/alqueriarojaverde\/2015\/02\/26\/semanario-clase-roja-semana-del-23-al-26-de-febrero-de-2015\/\" class=\"more-link\">Seguir leyendo <span class=\"screen-reader-text\">SEMANARIO CLASE ROJA. Semana del 23 al 26 de febrero de 2015<\/span> <span class=\"meta-nav\">&rarr;<\/span><\/a><\/p>\n","protected":false},"author":19,"featured_media":0,"comment_status":"open","ping_status":"open","sticky":false,"template":"","format":"standard","meta":{"jetpack_post_was_ever_published":false,"_jetpack_newsletter_access":"","_jetpack_dont_email_post_to_subs":false,"_jetpack_newsletter_tier_id":0,"_jetpack_memberships_contains_paywalled_content":false,"_jetpack_memberships_contains_paid_content":false,"footnotes":"","jetpack_publicize_message":"","jetpack_publicize_feature_enabled":true,"jetpack_social_post_already_shared":true,"jetpack_social_options":{"image_generator_settings":{"template":"highway","default_image_id":0,"font":"","enabled":false},"version":2}},"categories":[6,13,20],"tags":[],"class_list":["post-7336","post","type-post","status-publish","format-standard","hentry","category-clase-roja-4-5-anos","category-inicio","category-semanario-clase-roja"],"jetpack_publicize_connections":[],"jetpack_featured_media_url":"","jetpack_sharing_enabled":true,"jetpack_shortlink":"https:\/\/wp.me\/p4lFbP-1Uk","_links":{"self":[{"href":"https:\/\/www.alqueria.es\/blogs\/alqueriarojaverde\/wp-json\/wp\/v2\/posts\/7336","targetHints":{"allow":["GET"]}}],"collection":[{"href":"https:\/\/www.alqueria.es\/blogs\/alqueriarojaverde\/wp-json\/wp\/v2\/posts"}],"about":[{"href":"https:\/\/www.alqueria.es\/blogs\/alqueriarojaverde\/wp-json\/wp\/v2\/types\/post"}],"author":[{"embeddable":true,"href":"https:\/\/www.alqueria.es\/blogs\/alqueriarojaverde\/wp-json\/wp\/v2\/users\/19"}],"replies":[{"embeddable":true,"href":"https:\/\/www.alqueria.es\/blogs\/alqueriarojaverde\/wp-json\/wp\/v2\/comments?post=7336"}],"version-history":[{"count":0,"href":"https:\/\/www.alqueria.es\/blogs\/alqueriarojaverde\/wp-json\/wp\/v2\/posts\/7336\/revisions"}],"wp:attachment":[{"href":"https:\/\/www.alqueria.es\/blogs\/alqueriarojaverde\/wp-json\/wp\/v2\/media?parent=7336"}],"wp:term":[{"taxonomy":"category","embeddable":true,"href":"https:\/\/www.alqueria.es\/blogs\/alqueriarojaverde\/wp-json\/wp\/v2\/categories?post=7336"},{"taxonomy":"post_tag","embeddable":true,"href":"https:\/\/www.alqueria.es\/blogs\/alqueriarojaverde\/wp-json\/wp\/v2\/tags?post=7336"}],"curies":[{"name":"wp","href":"https:\/\/api.w.org\/{rel}","templated":true}]}}