{"id":7461,"date":"2015-03-15T13:30:08","date_gmt":"2015-03-15T12:30:08","guid":{"rendered":"https:\/\/www.alqueria.es\/blogs\/alqueriarojaverde\/?p=7461"},"modified":"2015-03-15T13:30:08","modified_gmt":"2015-03-15T12:30:08","slug":"semanario-clase-roja-semana-del-9-al-13-de-marzo-de-2015","status":"publish","type":"post","link":"https:\/\/www.alqueria.es\/blogs\/alqueriarojaverde\/2015\/03\/15\/semanario-clase-roja-semana-del-9-al-13-de-marzo-de-2015\/","title":{"rendered":"SEMANARIO CLASE ROJA. Semana del 9 al 13 de marzo de 2015"},"content":{"rendered":"<p style=\"text-align: justify\"><a href=\"https:\/\/i0.wp.com\/cloud.alqueria.es\/wp-content\/uploads\/sites\/8\/2015\/03\/vivero.jpg?ssl=1\"><img data-recalc-dims=\"1\" decoding=\"async\" data-attachment-id=\"7468\" data-permalink=\"https:\/\/www.alqueria.es\/blogs\/alqueriarojaverde\/2015\/03\/15\/semanario-clase-roja-semana-del-9-al-13-de-marzo-de-2015\/vivero-8\/\" data-orig-file=\"https:\/\/i0.wp.com\/www.alqueria.es\/blogs\/alqueriarojaverde\/wp-content\/uploads\/sites\/8\/2015\/03\/vivero.jpg?fit=260%2C194&amp;ssl=1\" data-orig-size=\"260,194\" data-comments-opened=\"1\" data-image-meta=\"{&quot;aperture&quot;:&quot;0&quot;,&quot;credit&quot;:&quot;&quot;,&quot;camera&quot;:&quot;&quot;,&quot;caption&quot;:&quot;&quot;,&quot;created_timestamp&quot;:&quot;0&quot;,&quot;copyright&quot;:&quot;&quot;,&quot;focal_length&quot;:&quot;0&quot;,&quot;iso&quot;:&quot;0&quot;,&quot;shutter_speed&quot;:&quot;0&quot;,&quot;title&quot;:&quot;&quot;,&quot;orientation&quot;:&quot;0&quot;}\" data-image-title=\"vivero\" data-image-description=\"\" data-image-caption=\"\" data-large-file=\"https:\/\/i0.wp.com\/www.alqueria.es\/blogs\/alqueriarojaverde\/wp-content\/uploads\/sites\/8\/2015\/03\/vivero.jpg?fit=260%2C194&amp;ssl=1\" class=\"alignleft size-full wp-image-7468\" src=\"https:\/\/i0.wp.com\/cloud.alqueria.es\/wp-content\/uploads\/sites\/8\/2015\/03\/vivero.jpg?resize=260%2C194&#038;ssl=1\" alt=\"vivero\" width=\"260\" height=\"194\" \/><\/a>Esta semana hemos dado comienzo a la <em><strong><span style=\"color: #339966\">propuesta \u00abEl vivero\u00bb<\/span><\/strong><\/em>, que dar\u00e1 cabida a todos los contenidos relacionados con las plantas, sus cuidados, partes que las componen, crecimiento, utilidades, etc.<\/p>\n<p style=\"text-align: justify\">Como siempre, la introducimos con una asamblea en la que cada un@ aporta sus ideas previas acerca de temas como:<\/p>\n<ul>\n<li style=\"text-align: justify\">Qu\u00e9 es un vivero<\/li>\n<li style=\"text-align: justify\">Qu\u00e9 es una florister\u00eda<\/li>\n<li style=\"text-align: justify\">Diferencias y semejanzas entre ambos<\/li>\n<li style=\"text-align: justify\">Partes de una planta<\/li>\n<li style=\"text-align: justify\">Diferencias entre plantas y \u00e1rboles<\/li>\n<li style=\"text-align: justify\">Qu\u00e9 necesitan las plantas para vivir<\/li>\n<li style=\"text-align: justify\">Cuidados de las plantas de interior y de exterior<\/li>\n<li style=\"text-align: justify\">Para qu\u00e9 sirven las plantas<\/li>\n<\/ul>\n<p style=\"text-align: justify\">Todos estos aspectos, y otros relacionados con ellos, son los que llevaremos a cabo a lo largo de la propuesta, que durar\u00e1 lo que resta de trimestre y que tendr\u00e1 su culminaci\u00f3n con la venta de esas plantas que estamos preparando, en la semana previa a la semana de la lectura, y cuyas ganancias destinaremos a la compra de ejemplares de lectura para el ciclo 3-6 a\u00f1os.<\/p>\n<p style=\"text-align: justify\">Hablamos tambi\u00e9n de la b\u00fasqueda de informaci\u00f3n (expertos en el tema, personas mayores, libros, \u00abordenador\u00bb, visita espec\u00edfica&#8230;). Y de la importancia de poner en com\u00fan lo que cada un@ sabe, para ir construyendo juntos el conocimiento.<\/p>\n<p style=\"text-align: justify\">Pod\u00e9is aportar cualquier informaci\u00f3n al respecto y en cualquier formato, es decir, fotograf\u00edas, cuentos, poes\u00edas, plantas reales, libros\u00a0o revistas espec\u00edficas del tema, etc. Lo que s\u00ed es muy importante es que ell@s hagan significativa esa informaci\u00f3n que van a compartir con el grupo y sean capaces de transmitirla.<\/p>\n<p style=\"text-align: justify\">El equipo 1 vuelve a ser el encargado de la sesi\u00f3n de plantado\/siembra de esta semana, en la <em><strong><span style=\"color: #ff00ff\">tarde cooperativa<\/span><\/strong><\/em>. En esta ocasi\u00f3n sembramos plantas arom\u00e1ticas (cebollino, cilantro, tomillo) y esquejes de fresias.<\/p>\n<p style=\"text-align: justify\">En nuestro <em><strong><span style=\"color: #0000ff\">juego de aula<\/span> <\/strong><\/em>estamos llevando a cabo la representaci\u00f3n simb\u00f3lica de una tienda-vivero. Para lo cual distribuimos los diferentes roles y acompa\u00f1amos el juego con elementos que lo enriquecen, tales como tetra-bricks, monederos (que nosotros mismos hemos fabricado y decorado), mostradores (con las mesas del aula) y c\u00f3mo no los disfraces que los hacen convertirse en \u00abpersonas diferentes\u00bb.<\/p>\n<p style=\"text-align: justify\"><a href=\"https:\/\/i0.wp.com\/cloud.alqueria.es\/wp-content\/uploads\/sites\/8\/2015\/03\/IMG_13911.jpg?ssl=1\"><img data-recalc-dims=\"1\" decoding=\"async\" data-attachment-id=\"7495\" data-permalink=\"https:\/\/www.alqueria.es\/blogs\/alqueriarojaverde\/2015\/03\/15\/semanario-clase-roja-semana-del-9-al-13-de-marzo-de-2015\/img_13911\/\" data-orig-file=\"https:\/\/i0.wp.com\/www.alqueria.es\/blogs\/alqueriarojaverde\/wp-content\/uploads\/sites\/8\/2015\/03\/IMG_13911.jpg?fit=640%2C480&amp;ssl=1\" data-orig-size=\"640,480\" data-comments-opened=\"1\" data-image-meta=\"{&quot;aperture&quot;:&quot;0&quot;,&quot;credit&quot;:&quot;&quot;,&quot;camera&quot;:&quot;&quot;,&quot;caption&quot;:&quot;&quot;,&quot;created_timestamp&quot;:&quot;0&quot;,&quot;copyright&quot;:&quot;&quot;,&quot;focal_length&quot;:&quot;0&quot;,&quot;iso&quot;:&quot;0&quot;,&quot;shutter_speed&quot;:&quot;0&quot;,&quot;title&quot;:&quot;&quot;,&quot;orientation&quot;:&quot;0&quot;}\" data-image-title=\"IMG_1391[1]\" data-image-description=\"\" data-image-caption=\"\" data-large-file=\"https:\/\/i0.wp.com\/www.alqueria.es\/blogs\/alqueriarojaverde\/wp-content\/uploads\/sites\/8\/2015\/03\/IMG_13911.jpg?fit=474%2C356&amp;ssl=1\" class=\"aligncenter size-medium wp-image-7495\" src=\"https:\/\/i0.wp.com\/cloud.alqueria.es\/wp-content\/uploads\/sites\/8\/2015\/03\/IMG_13911-300x225.jpg?resize=300%2C225&#038;ssl=1\" alt=\"IMG_1391[1]\" width=\"300\" height=\"225\" srcset=\"https:\/\/i0.wp.com\/www.alqueria.es\/blogs\/alqueriarojaverde\/wp-content\/uploads\/sites\/8\/2015\/03\/IMG_13911.jpg?resize=300%2C225&amp;ssl=1 300w, https:\/\/i0.wp.com\/www.alqueria.es\/blogs\/alqueriarojaverde\/wp-content\/uploads\/sites\/8\/2015\/03\/IMG_13911.jpg?w=640&amp;ssl=1 640w\" sizes=\"(max-width: 300px) 100vw, 300px\" \/><\/a>En el taller de <em><strong><span style=\"color: #ff6600\">l\u00f3gica-matem\u00e1tica<\/span> <\/strong><\/em>practicamos la espacialidad mediante la construcci\u00f3n de puzles, cuya premisa es realizarlos de forma cooperativa. Esto permite conocer y practicar diferentes estrategias para llegar a un mismo objetivo.<\/p>\n<p class=\"jetpack-slideshow-noscript robots-nocontent\">El pase de diapositivas requiere JavaScript.<\/p><div id=\"gallery-7461-1-slideshow\" class=\"jetpack-slideshow-window jetpack-slideshow jetpack-slideshow-black\" data-trans=\"fade\" data-autostart=\"1\" data-gallery=\"[{&quot;src&quot;:&quot;https:\\\/\\\/i0.wp.com\\\/www.alqueria.es\\\/blogs\\\/alqueriarojaverde\\\/wp-content\\\/uploads\\\/sites\\\/8\\\/2015\\\/03\\\/IMG_1379.jpg?fit=640%2C480\\u0026ssl=1&quot;,&quot;id&quot;:&quot;7465&quot;,&quot;title&quot;:&quot;IMG_1379&quot;,&quot;alt&quot;:&quot;&quot;,&quot;caption&quot;:&quot;&quot;,&quot;itemprop&quot;:&quot;image&quot;},{&quot;src&quot;:&quot;https:\\\/\\\/i0.wp.com\\\/www.alqueria.es\\\/blogs\\\/alqueriarojaverde\\\/wp-content\\\/uploads\\\/sites\\\/8\\\/2015\\\/03\\\/IMG_1377.jpg?fit=640%2C480\\u0026ssl=1&quot;,&quot;id&quot;:&quot;7464&quot;,&quot;title&quot;:&quot;IMG_1377&quot;,&quot;alt&quot;:&quot;&quot;,&quot;caption&quot;:&quot;&quot;,&quot;itemprop&quot;:&quot;image&quot;},{&quot;src&quot;:&quot;https:\\\/\\\/i0.wp.com\\\/www.alqueria.es\\\/blogs\\\/alqueriarojaverde\\\/wp-content\\\/uploads\\\/sites\\\/8\\\/2015\\\/03\\\/IMG_1376.jpg?fit=640%2C480\\u0026ssl=1&quot;,&quot;id&quot;:&quot;7463&quot;,&quot;title&quot;:&quot;IMG_1376&quot;,&quot;alt&quot;:&quot;&quot;,&quot;caption&quot;:&quot;&quot;,&quot;itemprop&quot;:&quot;image&quot;},{&quot;src&quot;:&quot;https:\\\/\\\/i0.wp.com\\\/www.alqueria.es\\\/blogs\\\/alqueriarojaverde\\\/wp-content\\\/uploads\\\/sites\\\/8\\\/2015\\\/03\\\/IMG_1374.jpg?fit=640%2C480\\u0026ssl=1&quot;,&quot;id&quot;:&quot;7462&quot;,&quot;title&quot;:&quot;IMG_1374&quot;,&quot;alt&quot;:&quot;&quot;,&quot;caption&quot;:&quot;&quot;,&quot;itemprop&quot;:&quot;image&quot;}]\" itemscope itemtype=\"https:\/\/schema.org\/ImageGallery\"><\/div>\n<p style=\"text-align: justify\">En<em><strong><span style=\"color: #ff0000\"> alfabetizaci\u00f3n<\/span> <\/strong><\/em>realizamos nuestra segunda sopa de letras, esta vez con vocablos relacionados con la propuesta que estamos llevando a cabo. Como novedad les incluyo una peque\u00f1a \u00abtrampa\u00bb que introduce un nivel m\u00e1s de dificultad y es que una de las palabras no empieza en la primera cuadr\u00edcula, ni acaba en la \u00faltima, a\u00f1adiendo tambi\u00e9n la misma letra por la que empieza, dos veces, de manera que la b\u00fasqueda de las letras que la componen ha sido algo m\u00e1s complicada.<\/p>\n<p style=\"text-align: justify\">Continuamos con la <em><strong><span style=\"color: #0000ff\">actividad de las profesiones,<\/span><\/strong><\/em> en esta ocasi\u00f3n con la presencia de Miguel, el padre de \u00c1lvaro, que nos ha visitado para contarnos su trabajo como m\u00fasico en la Banda Municipal de Granada (pr\u00f3ximamente enlazar\u00e9 la entrada espec\u00edfica).<\/p>\n<p style=\"text-align: justify\"><a href=\"https:\/\/i0.wp.com\/cloud.alqueria.es\/wp-content\/uploads\/sites\/8\/2015\/03\/IMG_1389.jpg?ssl=1\"><img data-recalc-dims=\"1\" decoding=\"async\" data-attachment-id=\"7466\" data-permalink=\"https:\/\/www.alqueria.es\/blogs\/alqueriarojaverde\/2015\/03\/15\/semanario-clase-roja-semana-del-9-al-13-de-marzo-de-2015\/img_1389\/\" data-orig-file=\"https:\/\/i0.wp.com\/www.alqueria.es\/blogs\/alqueriarojaverde\/wp-content\/uploads\/sites\/8\/2015\/03\/IMG_1389.jpg?fit=640%2C480&amp;ssl=1\" data-orig-size=\"640,480\" data-comments-opened=\"1\" data-image-meta=\"{&quot;aperture&quot;:&quot;0&quot;,&quot;credit&quot;:&quot;&quot;,&quot;camera&quot;:&quot;&quot;,&quot;caption&quot;:&quot;&quot;,&quot;created_timestamp&quot;:&quot;0&quot;,&quot;copyright&quot;:&quot;&quot;,&quot;focal_length&quot;:&quot;0&quot;,&quot;iso&quot;:&quot;0&quot;,&quot;shutter_speed&quot;:&quot;0&quot;,&quot;title&quot;:&quot;&quot;,&quot;orientation&quot;:&quot;0&quot;}\" data-image-title=\"IMG_1389\" data-image-description=\"\" data-image-caption=\"\" data-large-file=\"https:\/\/i0.wp.com\/www.alqueria.es\/blogs\/alqueriarojaverde\/wp-content\/uploads\/sites\/8\/2015\/03\/IMG_1389.jpg?fit=474%2C356&amp;ssl=1\" class=\"aligncenter size-medium wp-image-7466\" src=\"https:\/\/i0.wp.com\/cloud.alqueria.es\/wp-content\/uploads\/sites\/8\/2015\/03\/IMG_1389-300x225.jpg?resize=300%2C225&#038;ssl=1\" alt=\"IMG_1389\" width=\"300\" height=\"225\" srcset=\"https:\/\/i0.wp.com\/www.alqueria.es\/blogs\/alqueriarojaverde\/wp-content\/uploads\/sites\/8\/2015\/03\/IMG_1389.jpg?resize=300%2C225&amp;ssl=1 300w, https:\/\/i0.wp.com\/www.alqueria.es\/blogs\/alqueriarojaverde\/wp-content\/uploads\/sites\/8\/2015\/03\/IMG_1389.jpg?w=640&amp;ssl=1 640w\" sizes=\"(max-width: 300px) 100vw, 300px\" \/><\/a><\/p>\n<p style=\"text-align: justify\">En la <em><strong><span style=\"color: #993366\">biblioteca<\/span><\/strong><\/em> cada vez son m\u00e1s los que se ofrecen a contarnos el cuento que han le\u00eddo en casa. Disfrutamos de la lectura <span style=\"color: #993366\">\u00abCuento para contar mientras se come un huevo frito\u00bb<\/span> y acordamos qu\u00e9 compa\u00f1er@s van a ser los \u00abvoluntarios-forzosos\u00bb para la pr\u00f3xima sesi\u00f3n (las familias afectadas ya son conocedoras del tema).<\/p>\n<p style=\"text-align: justify\">Adem\u00e1s de decorar los monederos, como taller de pl\u00e1stica de la semana, realizamos una <em><strong><span style=\"color: #008000\">actividad de modelado con plastilina<\/span><\/strong><\/em>, para trabajar la motricidad fina, consistente en hacer \u00e1rboles, flores, plantas &#8230;<\/p>\n<p style=\"text-align: justify\">Terminamos la semana con una sesi\u00f3n de auto-evaluaci\u00f3n y reflexi\u00f3n personal. Desde hace dos semanas, cada viernes, ponemos en com\u00fan aquellos aspectos en los que cada un@ cree que debe mejorar, haci\u00e9ndolos significativos dentro del grupo y comprometi\u00e9ndose a trabajar en ellos a lo largo de la semana. As\u00ed comenzamos auto-evaluando el objetivo individual propuesto y analizando la consecuci\u00f3n o no del mismo, as\u00ed como un nuevo objetivo de cara a la pr\u00f3xima semana. \u00a0Es una actividad muy enriquecedora a nivel social, de comportamiento y emocional.<\/p>\n<p style=\"text-align: justify\">Como despedida, el alumnado de 6\u00ba EPO, nos deleita con un teatro en franc\u00e9s, que a petici\u00f3n del p\u00fablico han representado tambi\u00e9n en espa\u00f1ol e improvisado en ingl\u00e9s. \u00a1Unos fen\u00f3menos!<\/p>\n<p style=\"text-align: justify\">Nos vemos el lunes,<\/p>\n<p style=\"text-align: justify\">Esther Justicia.<\/p>\n<p style=\"text-align: justify\">\n","protected":false},"excerpt":{"rendered":"<p>Esta semana hemos dado comienzo a la propuesta \u00abEl vivero\u00bb, que dar\u00e1 cabida a todos los contenidos relacionados con las plantas, sus cuidados, partes que las componen, crecimiento, utilidades, etc. Como siempre, la introducimos con una asamblea en la que cada un@ aporta sus ideas previas acerca de temas como: Qu\u00e9 es un vivero Qu\u00e9 &hellip; <a href=\"https:\/\/www.alqueria.es\/blogs\/alqueriarojaverde\/2015\/03\/15\/semanario-clase-roja-semana-del-9-al-13-de-marzo-de-2015\/\" class=\"more-link\">Seguir leyendo <span class=\"screen-reader-text\">SEMANARIO CLASE ROJA. Semana del 9 al 13 de marzo de 2015<\/span> <span class=\"meta-nav\">&rarr;<\/span><\/a><\/p>\n","protected":false},"author":19,"featured_media":0,"comment_status":"open","ping_status":"open","sticky":false,"template":"","format":"standard","meta":{"jetpack_post_was_ever_published":false,"_jetpack_newsletter_access":"","_jetpack_dont_email_post_to_subs":false,"_jetpack_newsletter_tier_id":0,"_jetpack_memberships_contains_paywalled_content":false,"_jetpack_memberships_contains_paid_content":false,"footnotes":"","jetpack_publicize_message":"","jetpack_publicize_feature_enabled":true,"jetpack_social_post_already_shared":true,"jetpack_social_options":{"image_generator_settings":{"template":"highway","default_image_id":0,"font":"","enabled":false},"version":2}},"categories":[6,13,20],"tags":[],"class_list":["post-7461","post","type-post","status-publish","format-standard","hentry","category-clase-roja-4-5-anos","category-inicio","category-semanario-clase-roja"],"jetpack_publicize_connections":[],"jetpack_featured_media_url":"","jetpack_sharing_enabled":true,"jetpack_shortlink":"https:\/\/wp.me\/p4lFbP-1Wl","_links":{"self":[{"href":"https:\/\/www.alqueria.es\/blogs\/alqueriarojaverde\/wp-json\/wp\/v2\/posts\/7461","targetHints":{"allow":["GET"]}}],"collection":[{"href":"https:\/\/www.alqueria.es\/blogs\/alqueriarojaverde\/wp-json\/wp\/v2\/posts"}],"about":[{"href":"https:\/\/www.alqueria.es\/blogs\/alqueriarojaverde\/wp-json\/wp\/v2\/types\/post"}],"author":[{"embeddable":true,"href":"https:\/\/www.alqueria.es\/blogs\/alqueriarojaverde\/wp-json\/wp\/v2\/users\/19"}],"replies":[{"embeddable":true,"href":"https:\/\/www.alqueria.es\/blogs\/alqueriarojaverde\/wp-json\/wp\/v2\/comments?post=7461"}],"version-history":[{"count":0,"href":"https:\/\/www.alqueria.es\/blogs\/alqueriarojaverde\/wp-json\/wp\/v2\/posts\/7461\/revisions"}],"wp:attachment":[{"href":"https:\/\/www.alqueria.es\/blogs\/alqueriarojaverde\/wp-json\/wp\/v2\/media?parent=7461"}],"wp:term":[{"taxonomy":"category","embeddable":true,"href":"https:\/\/www.alqueria.es\/blogs\/alqueriarojaverde\/wp-json\/wp\/v2\/categories?post=7461"},{"taxonomy":"post_tag","embeddable":true,"href":"https:\/\/www.alqueria.es\/blogs\/alqueriarojaverde\/wp-json\/wp\/v2\/tags?post=7461"}],"curies":[{"name":"wp","href":"https:\/\/api.w.org\/{rel}","templated":true}]}}