{"id":7521,"date":"2015-03-20T16:18:10","date_gmt":"2015-03-20T15:18:10","guid":{"rendered":"https:\/\/www.alqueria.es\/blogs\/alqueriarojaverde\/?p=7521"},"modified":"2015-03-20T16:18:10","modified_gmt":"2015-03-20T15:18:10","slug":"semanario-clase-roja-semana-del16-al-20-de-marzo-de-2015","status":"publish","type":"post","link":"https:\/\/www.alqueria.es\/blogs\/alqueriarojaverde\/2015\/03\/20\/semanario-clase-roja-semana-del16-al-20-de-marzo-de-2015\/","title":{"rendered":"SEMANARIO CLASE ROJA. Semana del16 al 20 de marzo de 2015"},"content":{"rendered":"<p style=\"text-align: justify\">A lo largo de esta semana hemos seguido trabajando la propuesta del vivero y profundizando en algunos de los contenidos introducidos la semana anterior.<\/p>\n<p style=\"text-align: justify\">Utilizamos varios ejemplares, que nos ofrecen la posibilidad de identificar las diferentes partes de una planta y a la vez poder comprobar como todas\u00a0no\u00a0tienen las mismas.<\/p>\n<p class=\"jetpack-slideshow-noscript robots-nocontent\">El pase de diapositivas requiere JavaScript.<\/p><div id=\"gallery-7521-1-slideshow\" class=\"jetpack-slideshow-window jetpack-slideshow jetpack-slideshow-black\" data-trans=\"fade\" data-autostart=\"1\" data-gallery=\"[{&quot;src&quot;:&quot;https:\\\/\\\/i0.wp.com\\\/www.alqueria.es\\\/blogs\\\/alqueriarojaverde\\\/wp-content\\\/uploads\\\/sites\\\/8\\\/2015\\\/03\\\/IMG_1421-e1426861414968.jpg?fit=768%2C1024\\u0026ssl=1&quot;,&quot;id&quot;:&quot;7525&quot;,&quot;title&quot;:&quot;IMG_1421&quot;,&quot;alt&quot;:&quot;&quot;,&quot;caption&quot;:&quot;Ra\\u00edz y hojas&quot;,&quot;itemprop&quot;:&quot;image&quot;},{&quot;src&quot;:&quot;https:\\\/\\\/i0.wp.com\\\/www.alqueria.es\\\/blogs\\\/alqueriarojaverde\\\/wp-content\\\/uploads\\\/sites\\\/8\\\/2015\\\/03\\\/IMG_1422.jpg?fit=1024%2C768\\u0026ssl=1&quot;,&quot;id&quot;:&quot;7526&quot;,&quot;title&quot;:&quot;IMG_1422&quot;,&quot;alt&quot;:&quot;&quot;,&quot;caption&quot;:&quot;Ra\\u00edz, tallo y hojas&quot;,&quot;itemprop&quot;:&quot;image&quot;},{&quot;src&quot;:&quot;https:\\\/\\\/i0.wp.com\\\/www.alqueria.es\\\/blogs\\\/alqueriarojaverde\\\/wp-content\\\/uploads\\\/sites\\\/8\\\/2015\\\/03\\\/IMG_1420-e1426861435425.jpg?fit=768%2C1024\\u0026ssl=1&quot;,&quot;id&quot;:&quot;7524&quot;,&quot;title&quot;:&quot;IMG_1420&quot;,&quot;alt&quot;:&quot;&quot;,&quot;caption&quot;:&quot;Ra\\u00edz, tallo, hojas y flores&quot;,&quot;itemprop&quot;:&quot;image&quot;}]\" itemscope itemtype=\"https:\/\/schema.org\/ImageGallery\"><\/div>\n<p style=\"text-align: justify\">De cada una de ellas aprendemos si es de interior \u00abdentro de casa\u00bb o exterior \u00abfuera de casa\u00bb y los cuidados que necesitan en torno a la cantidad de sol y agua.<\/p>\n<p style=\"text-align: justify\">Tambi\u00e9n hacemos especial hincapi\u00e9 en las distintas utilidades que poseen las plantas: ornamentales, culinarias, curativas, fabricaci\u00f3n de perfumes, etc.<\/p>\n<p style=\"text-align: justify\">M\u00f3nica aporta al aula una maceta de Romero (como su apellido) y hablamos de cu\u00e1l deber\u00eda ser su ubicaci\u00f3n, sus cuidados y c\u00f3mo no de las utilidades que tiene, relacionadas con la alimentaci\u00f3n, la medicina y los perfumes. La catalogamos como planta arom\u00e1tica y comprobamos\u00a0 que al tocar sus hojas, nos deja en la mano un agradable aroma.<\/p>\n<p style=\"text-align: justify\">La pr\u00f3xima semana la tomaremos en infusi\u00f3n, como una forma de utilizaci\u00f3n medicinal (para congesti\u00f3n y\/o catarros).<\/p>\n<p style=\"text-align: justify\">Seguimos con las sesiones de trabajo en torno a la plantaci\u00f3n de esquejes y la siembra de semillas, en esta ocasi\u00f3n el equipo encargado ha sido el n\u00famero dos.<\/p>\n<p style=\"text-align: justify\"><a href=\"https:\/\/i0.wp.com\/cloud.alqueria.es\/wp-content\/uploads\/sites\/8\/2015\/03\/IMG_1416-e1426864470469.jpg?ssl=1\"><img data-recalc-dims=\"1\" decoding=\"async\" data-attachment-id=\"7535\" data-permalink=\"https:\/\/www.alqueria.es\/blogs\/alqueriarojaverde\/2015\/03\/20\/semanario-clase-roja-semana-del16-al-20-de-marzo-de-2015\/img_1416\/\" data-orig-file=\"https:\/\/i0.wp.com\/www.alqueria.es\/blogs\/alqueriarojaverde\/wp-content\/uploads\/sites\/8\/2015\/03\/IMG_1416-e1426864470469.jpg?fit=768%2C1024&amp;ssl=1\" data-orig-size=\"768,1024\" data-comments-opened=\"1\" data-image-meta=\"{&quot;aperture&quot;:&quot;0&quot;,&quot;credit&quot;:&quot;&quot;,&quot;camera&quot;:&quot;&quot;,&quot;caption&quot;:&quot;&quot;,&quot;created_timestamp&quot;:&quot;0&quot;,&quot;copyright&quot;:&quot;&quot;,&quot;focal_length&quot;:&quot;0&quot;,&quot;iso&quot;:&quot;0&quot;,&quot;shutter_speed&quot;:&quot;0&quot;,&quot;title&quot;:&quot;&quot;,&quot;orientation&quot;:&quot;0&quot;}\" data-image-title=\"IMG_1416\" data-image-description=\"\" data-image-caption=\"\" data-large-file=\"https:\/\/i0.wp.com\/www.alqueria.es\/blogs\/alqueriarojaverde\/wp-content\/uploads\/sites\/8\/2015\/03\/IMG_1416-e1426864470469.jpg?fit=474%2C632&amp;ssl=1\" class=\"aligncenter wp-image-7535 size-medium\" src=\"https:\/\/i0.wp.com\/cloud.alqueria.es\/wp-content\/uploads\/sites\/8\/2015\/03\/IMG_1416-e1426864470469-225x300.jpg?resize=225%2C300&#038;ssl=1\" alt=\"IMG_1416\" width=\"225\" height=\"300\" srcset=\"https:\/\/i0.wp.com\/www.alqueria.es\/blogs\/alqueriarojaverde\/wp-content\/uploads\/sites\/8\/2015\/03\/IMG_1416-e1426864470469.jpg?resize=225%2C300&amp;ssl=1 225w, https:\/\/i0.wp.com\/www.alqueria.es\/blogs\/alqueriarojaverde\/wp-content\/uploads\/sites\/8\/2015\/03\/IMG_1416-e1426864470469.jpg?w=768&amp;ssl=1 768w\" sizes=\"(max-width: 225px) 100vw, 225px\" \/><\/a>Nos visita el pap\u00e1 de Lara, Juan, para contarnos cosas acerca de su profesi\u00f3n \u00abInform\u00e1tico -dise\u00f1o-\u00ab, pr\u00f3ximamente enlazar\u00e9 la entrada espec\u00edfica.<\/p>\n<p style=\"text-align: justify\">Comenzamos con el trabajo alfab\u00e9tico en torno a los nombres de las plantas, para ello utilizamos dos que ya hemos plantado: Cinta y Poto. Varios alumnos se ofrecen voluntarios para escribirlos en la pizarra, centr\u00e1ndose en la conciencia fonol\u00f3gica (c\u00f3mo suenan), en ambos casos escriben las vocales presentes en ellas. Entre todos jugamos a componer los vocablos correctamente, mediante la identificaci\u00f3n del sonido que producen el resto de letras, asemej\u00e1ndolos a \u00absuena igual que &#8230;\u00bb. Despu\u00e9s, por equipos, intentamos reproducir dichas palabras, con las letras magn\u00e9ticas.<\/p>\n<p class=\"jetpack-slideshow-noscript robots-nocontent\">El pase de diapositivas requiere JavaScript.<\/p><div id=\"gallery-7521-2-slideshow\" class=\"jetpack-slideshow-window jetpack-slideshow jetpack-slideshow-black\" data-trans=\"fade\" data-autostart=\"1\" data-gallery=\"[{&quot;src&quot;:&quot;https:\\\/\\\/i0.wp.com\\\/www.alqueria.es\\\/blogs\\\/alqueriarojaverde\\\/wp-content\\\/uploads\\\/sites\\\/8\\\/2015\\\/03\\\/IMG_1430.jpg?fit=1024%2C768\\u0026ssl=1&quot;,&quot;id&quot;:&quot;7539&quot;,&quot;title&quot;:&quot;IMG_1430&quot;,&quot;alt&quot;:&quot;&quot;,&quot;caption&quot;:&quot;POTO&quot;,&quot;itemprop&quot;:&quot;image&quot;},{&quot;src&quot;:&quot;https:\\\/\\\/i0.wp.com\\\/www.alqueria.es\\\/blogs\\\/alqueriarojaverde\\\/wp-content\\\/uploads\\\/sites\\\/8\\\/2015\\\/03\\\/IMG_1423.jpg?fit=1024%2C768\\u0026ssl=1&quot;,&quot;id&quot;:&quot;7538&quot;,&quot;title&quot;:&quot;IMG_1423&quot;,&quot;alt&quot;:&quot;&quot;,&quot;caption&quot;:&quot;CINTA&quot;,&quot;itemprop&quot;:&quot;image&quot;},{&quot;src&quot;:&quot;https:\\\/\\\/i0.wp.com\\\/www.alqueria.es\\\/blogs\\\/alqueriarojaverde\\\/wp-content\\\/uploads\\\/sites\\\/8\\\/2015\\\/03\\\/IMG_1438.jpg?fit=1024%2C768\\u0026ssl=1&quot;,&quot;id&quot;:&quot;7543&quot;,&quot;title&quot;:&quot;IMG_1438&quot;,&quot;alt&quot;:&quot;&quot;,&quot;caption&quot;:&quot;&quot;,&quot;itemprop&quot;:&quot;image&quot;},{&quot;src&quot;:&quot;https:\\\/\\\/i0.wp.com\\\/www.alqueria.es\\\/blogs\\\/alqueriarojaverde\\\/wp-content\\\/uploads\\\/sites\\\/8\\\/2015\\\/03\\\/IMG_1437.jpg?fit=1024%2C768\\u0026ssl=1&quot;,&quot;id&quot;:&quot;7542&quot;,&quot;title&quot;:&quot;IMG_1437&quot;,&quot;alt&quot;:&quot;&quot;,&quot;caption&quot;:&quot;&quot;,&quot;itemprop&quot;:&quot;image&quot;},{&quot;src&quot;:&quot;https:\\\/\\\/i0.wp.com\\\/www.alqueria.es\\\/blogs\\\/alqueriarojaverde\\\/wp-content\\\/uploads\\\/sites\\\/8\\\/2015\\\/03\\\/IMG_1436.jpg?fit=1024%2C768\\u0026ssl=1&quot;,&quot;id&quot;:&quot;7541&quot;,&quot;title&quot;:&quot;IMG_1436&quot;,&quot;alt&quot;:&quot;&quot;,&quot;caption&quot;:&quot;&quot;,&quot;itemprop&quot;:&quot;image&quot;},{&quot;src&quot;:&quot;https:\\\/\\\/i0.wp.com\\\/www.alqueria.es\\\/blogs\\\/alqueriarojaverde\\\/wp-content\\\/uploads\\\/sites\\\/8\\\/2015\\\/03\\\/IMG_1434.jpg?fit=1024%2C768\\u0026ssl=1&quot;,&quot;id&quot;:&quot;7540&quot;,&quot;title&quot;:&quot;IMG_1434&quot;,&quot;alt&quot;:&quot;&quot;,&quot;caption&quot;:&quot;&quot;,&quot;itemprop&quot;:&quot;image&quot;}]\" itemscope itemtype=\"https:\/\/schema.org\/ImageGallery\"><\/div>\n<p style=\"text-align: justify\">En otra sesi\u00f3n distinta realizamos copia de las palabras trabajadas en el mencionado taller, para confeccionar unos cartelitos que identificar\u00e1n\u00a0 los diferentes ejemplares del vivero.<\/p>\n<p style=\"text-align: justify\">En la biblioteca disfrutamos escuchando como nuestros compa\u00f1eros nos narran los libros que han escogido leer esta semana: \u00abNacho viaja con su abuela\u00bb, \u00abD\u00f3nde perdi\u00f3 Luna la risa\u00bb y \u00abCuenta que te cuento\u00bb. Animadlos a participar, reforzando el trabajo de expresi\u00f3n oral en casa, es una actividad preciosa y muy favorecedora para la desinhibici\u00f3n a la hora de hablar en p\u00fablico.<\/p>\n<p style=\"text-align: justify\">En el taller pl\u00e1stico, aprovechamos unos moldes de papel (de magdalena) para elaborar unas simp\u00e1ticas flores, que dar\u00e1n la bienvenida a la Primavera, el pr\u00f3ximo lunes.<\/p>\n<p style=\"text-align: justify\">Independientemente del trabajo entorno a la propuesta, desarrollamos algunos simulacros de evacuaci\u00f3n para posibles situaciones de emergencia y recibimos la visita en el aula de la responsable de emergencias (F\u00e1tima), que nos habla de la importancia de la autoprotecci\u00f3n y de seguir las indicaciones de la tutora.<\/p>\n<div class=\"tiled-gallery type-square tiled-gallery-unresized\" data-original-width=\"474\" data-carousel-extra='{&quot;blog_id&quot;:8,&quot;permalink&quot;:&quot;https:\\\/\\\/www.alqueria.es\\\/blogs\\\/alqueriarojaverde\\\/2015\\\/03\\\/20\\\/semanario-clase-roja-semana-del16-al-20-de-marzo-de-2015\\\/&quot;,&quot;likes_blog_id&quot;:64268569}' itemscope itemtype=\"http:\/\/schema.org\/ImageGallery\" > <div class=\"gallery-row\" style=\"width: 474px; height: 237px;\" data-original-width=\"474\" data-original-height=\"237\" > <div class=\"gallery-group\" style=\"width: 237px; height: 237px;\" data-original-width=\"237\" data-original-height=\"237\" > <div class=\"tiled-gallery-item \" itemprop=\"associatedMedia\" itemscope itemtype=\"http:\/\/schema.org\/ImageObject\"> <a href=\"https:\/\/www.alqueria.es\/blogs\/alqueriarojaverde\/2015\/03\/20\/semanario-clase-roja-semana-del16-al-20-de-marzo-de-2015\/img_1440\/\" border=\"0\" itemprop=\"url\"> <meta itemprop=\"width\" content=\"233\"> <meta itemprop=\"height\" content=\"233\"> <img decoding=\"async\" class=\"\" data-attachment-id=\"7528\" data-orig-file=\"https:\/\/www.alqueria.es\/blogs\/alqueriarojaverde\/wp-content\/uploads\/sites\/8\/2015\/03\/IMG_1440.jpg\" data-orig-size=\"1024,768\" data-comments-opened=\"1\" data-image-meta=\"{&quot;aperture&quot;:&quot;0&quot;,&quot;credit&quot;:&quot;&quot;,&quot;camera&quot;:&quot;&quot;,&quot;caption&quot;:&quot;&quot;,&quot;created_timestamp&quot;:&quot;0&quot;,&quot;copyright&quot;:&quot;&quot;,&quot;focal_length&quot;:&quot;0&quot;,&quot;iso&quot;:&quot;0&quot;,&quot;shutter_speed&quot;:&quot;0&quot;,&quot;title&quot;:&quot;&quot;,&quot;orientation&quot;:&quot;0&quot;}\" data-image-title=\"IMG_1440\" data-image-description=\"\" data-medium-file=\"https:\/\/i0.wp.com\/www.alqueria.es\/blogs\/alqueriarojaverde\/wp-content\/uploads\/sites\/8\/2015\/03\/IMG_1440.jpg?fit=300%2C225&#038;ssl=1\" data-large-file=\"https:\/\/i0.wp.com\/www.alqueria.es\/blogs\/alqueriarojaverde\/wp-content\/uploads\/sites\/8\/2015\/03\/IMG_1440.jpg?fit=474%2C356&#038;ssl=1\" src=\"https:\/\/i0.wp.com\/www.alqueria.es\/blogs\/alqueriarojaverde\/wp-content\/uploads\/sites\/8\/2015\/03\/IMG_1440.jpg?w=233&#038;h=233&#038;crop=1&#038;ssl=1\" srcset=\"https:\/\/i0.wp.com\/www.alqueria.es\/blogs\/alqueriarojaverde\/wp-content\/uploads\/sites\/8\/2015\/03\/IMG_1440.jpg?resize=150%2C150&amp;ssl=1 150w, https:\/\/i0.wp.com\/www.alqueria.es\/blogs\/alqueriarojaverde\/wp-content\/uploads\/sites\/8\/2015\/03\/IMG_1440.jpg?zoom=2&amp;resize=233%2C233&amp;ssl=1 466w, https:\/\/i0.wp.com\/www.alqueria.es\/blogs\/alqueriarojaverde\/wp-content\/uploads\/sites\/8\/2015\/03\/IMG_1440.jpg?zoom=3&amp;resize=233%2C233&amp;ssl=1 699w\" width=\"233\" height=\"233\" loading=\"lazy\" data-original-width=\"233\" data-original-height=\"233\" itemprop=\"http:\/\/schema.org\/image\" title=\"IMG_1440\" alt=\"IMG_1440\" style=\"width: 233px; height: 233px;\" \/> <\/a> <\/div> <\/div> <div class=\"gallery-group\" style=\"width: 237px; height: 237px;\" data-original-width=\"237\" data-original-height=\"237\" > <div class=\"tiled-gallery-item \" itemprop=\"associatedMedia\" itemscope itemtype=\"http:\/\/schema.org\/ImageObject\"> <a href=\"https:\/\/www.alqueria.es\/blogs\/alqueriarojaverde\/2015\/03\/20\/semanario-clase-roja-semana-del16-al-20-de-marzo-de-2015\/img_1439\/\" border=\"0\" itemprop=\"url\"> <meta itemprop=\"width\" content=\"233\"> <meta itemprop=\"height\" content=\"233\"> <img decoding=\"async\" class=\"\" data-attachment-id=\"7527\" data-orig-file=\"https:\/\/www.alqueria.es\/blogs\/alqueriarojaverde\/wp-content\/uploads\/sites\/8\/2015\/03\/IMG_1439.jpg\" data-orig-size=\"1024,768\" data-comments-opened=\"1\" data-image-meta=\"{&quot;aperture&quot;:&quot;0&quot;,&quot;credit&quot;:&quot;&quot;,&quot;camera&quot;:&quot;&quot;,&quot;caption&quot;:&quot;&quot;,&quot;created_timestamp&quot;:&quot;0&quot;,&quot;copyright&quot;:&quot;&quot;,&quot;focal_length&quot;:&quot;0&quot;,&quot;iso&quot;:&quot;0&quot;,&quot;shutter_speed&quot;:&quot;0&quot;,&quot;title&quot;:&quot;&quot;,&quot;orientation&quot;:&quot;0&quot;}\" data-image-title=\"IMG_1439\" data-image-description=\"\" data-medium-file=\"https:\/\/i0.wp.com\/www.alqueria.es\/blogs\/alqueriarojaverde\/wp-content\/uploads\/sites\/8\/2015\/03\/IMG_1439.jpg?fit=300%2C225&#038;ssl=1\" data-large-file=\"https:\/\/i0.wp.com\/www.alqueria.es\/blogs\/alqueriarojaverde\/wp-content\/uploads\/sites\/8\/2015\/03\/IMG_1439.jpg?fit=474%2C356&#038;ssl=1\" src=\"https:\/\/i0.wp.com\/www.alqueria.es\/blogs\/alqueriarojaverde\/wp-content\/uploads\/sites\/8\/2015\/03\/IMG_1439.jpg?w=233&#038;h=233&#038;crop=1&#038;ssl=1\" srcset=\"https:\/\/i0.wp.com\/www.alqueria.es\/blogs\/alqueriarojaverde\/wp-content\/uploads\/sites\/8\/2015\/03\/IMG_1439.jpg?resize=150%2C150&amp;ssl=1 150w, https:\/\/i0.wp.com\/www.alqueria.es\/blogs\/alqueriarojaverde\/wp-content\/uploads\/sites\/8\/2015\/03\/IMG_1439.jpg?zoom=2&amp;resize=233%2C233&amp;ssl=1 466w, https:\/\/i0.wp.com\/www.alqueria.es\/blogs\/alqueriarojaverde\/wp-content\/uploads\/sites\/8\/2015\/03\/IMG_1439.jpg?zoom=3&amp;resize=233%2C233&amp;ssl=1 699w\" width=\"233\" height=\"233\" loading=\"lazy\" data-original-width=\"233\" data-original-height=\"233\" itemprop=\"http:\/\/schema.org\/image\" title=\"IMG_1439\" alt=\"IMG_1439\" style=\"width: 233px; height: 233px;\" \/> <\/a> <\/div> <\/div> <\/div> <\/div>\n<p>Tambi\u00e9n asistimos a un teatro en ingl\u00e9s, a cargo del alumnado de 2\u00ba EPO. Felicitaciones por este precioso trabajo.<\/p>\n<p class=\"jetpack-slideshow-noscript robots-nocontent\">El pase de diapositivas requiere JavaScript.<\/p><div id=\"gallery-7521-3-slideshow\" class=\"jetpack-slideshow-window jetpack-slideshow jetpack-slideshow-black\" data-trans=\"fade\" data-autostart=\"1\" data-gallery=\"[{&quot;src&quot;:&quot;https:\\\/\\\/i0.wp.com\\\/www.alqueria.es\\\/blogs\\\/alqueriarojaverde\\\/wp-content\\\/uploads\\\/sites\\\/8\\\/2015\\\/03\\\/IMG_1428.jpg?fit=1024%2C768\\u0026ssl=1&quot;,&quot;id&quot;:&quot;7547&quot;,&quot;title&quot;:&quot;IMG_1428&quot;,&quot;alt&quot;:&quot;&quot;,&quot;caption&quot;:&quot;&quot;,&quot;itemprop&quot;:&quot;image&quot;},{&quot;src&quot;:&quot;https:\\\/\\\/i0.wp.com\\\/www.alqueria.es\\\/blogs\\\/alqueriarojaverde\\\/wp-content\\\/uploads\\\/sites\\\/8\\\/2015\\\/03\\\/IMG_1427.jpg?fit=1024%2C768\\u0026ssl=1&quot;,&quot;id&quot;:&quot;7546&quot;,&quot;title&quot;:&quot;IMG_1427&quot;,&quot;alt&quot;:&quot;&quot;,&quot;caption&quot;:&quot;&quot;,&quot;itemprop&quot;:&quot;image&quot;},{&quot;src&quot;:&quot;https:\\\/\\\/i0.wp.com\\\/www.alqueria.es\\\/blogs\\\/alqueriarojaverde\\\/wp-content\\\/uploads\\\/sites\\\/8\\\/2015\\\/03\\\/IMG_1426.jpg?fit=1024%2C768\\u0026ssl=1&quot;,&quot;id&quot;:&quot;7545&quot;,&quot;title&quot;:&quot;IMG_1426&quot;,&quot;alt&quot;:&quot;&quot;,&quot;caption&quot;:&quot;&quot;,&quot;itemprop&quot;:&quot;image&quot;}]\" itemscope itemtype=\"https:\/\/schema.org\/ImageGallery\"><\/div>\n<p style=\"text-align: justify\">Por \u00faltimo cerramos la semana con la celebraci\u00f3n del cumplea\u00f1os de Javier, al que regalamos un bonito \u00e1lbum de dibujos y degustamos un delicioso bizcocho de chocolate.<\/p>\n<p style=\"text-align: justify\">Se va acercando la celebraci\u00f3n de la Semana de la lectura (20-24 de abril), en la que, como cada a\u00f1o, presentamos al alumnado diferentes actividades que fomenten el gusto por la lectura y\u00a0nos acerquen a la maravillosa aventura de so\u00f1ar a trav\u00e9s de las historias que otros han inventado. Pod\u00e9is colaborar, si os apetece, aportando vuestra participaci\u00f3n en alguna actividad, aquel\/aquella que est\u00e9 interesado hac\u00e9dmelo saber la pr\u00f3xima semana, para ir organizando y cuadrando eventos.<\/p>\n<p style=\"text-align: justify\">Os deseo un feliz fin de semana,<\/p>\n<p style=\"text-align: justify\">Esther Justicia.<\/p>\n<p style=\"text-align: justify\">\n<p style=\"text-align: justify\">\n<p>&nbsp;<\/p>\n<p>&nbsp;<\/p>\n<p>&nbsp;<\/p>\n","protected":false},"excerpt":{"rendered":"<p>A lo largo de esta semana hemos seguido trabajando la propuesta del vivero y profundizando en algunos de los contenidos introducidos la semana anterior. Utilizamos varios ejemplares, que nos ofrecen la posibilidad de identificar las diferentes partes de una planta y a la vez poder comprobar como todas\u00a0no\u00a0tienen las mismas. De cada una de ellas &hellip; <a href=\"https:\/\/www.alqueria.es\/blogs\/alqueriarojaverde\/2015\/03\/20\/semanario-clase-roja-semana-del16-al-20-de-marzo-de-2015\/\" class=\"more-link\">Seguir leyendo <span class=\"screen-reader-text\">SEMANARIO CLASE ROJA. Semana del16 al 20 de marzo de 2015<\/span> <span class=\"meta-nav\">&rarr;<\/span><\/a><\/p>\n","protected":false},"author":19,"featured_media":0,"comment_status":"open","ping_status":"open","sticky":false,"template":"","format":"standard","meta":{"jetpack_post_was_ever_published":false,"_jetpack_newsletter_access":"","_jetpack_dont_email_post_to_subs":false,"_jetpack_newsletter_tier_id":0,"_jetpack_memberships_contains_paywalled_content":false,"_jetpack_memberships_contains_paid_content":false,"footnotes":"","jetpack_publicize_message":"","jetpack_publicize_feature_enabled":true,"jetpack_social_post_already_shared":true,"jetpack_social_options":{"image_generator_settings":{"template":"highway","default_image_id":0,"font":"","enabled":false},"version":2}},"categories":[6,13,20],"tags":[],"class_list":["post-7521","post","type-post","status-publish","format-standard","hentry","category-clase-roja-4-5-anos","category-inicio","category-semanario-clase-roja"],"jetpack_publicize_connections":[],"jetpack_featured_media_url":"","jetpack_sharing_enabled":true,"jetpack_shortlink":"https:\/\/wp.me\/p4lFbP-1Xj","_links":{"self":[{"href":"https:\/\/www.alqueria.es\/blogs\/alqueriarojaverde\/wp-json\/wp\/v2\/posts\/7521","targetHints":{"allow":["GET"]}}],"collection":[{"href":"https:\/\/www.alqueria.es\/blogs\/alqueriarojaverde\/wp-json\/wp\/v2\/posts"}],"about":[{"href":"https:\/\/www.alqueria.es\/blogs\/alqueriarojaverde\/wp-json\/wp\/v2\/types\/post"}],"author":[{"embeddable":true,"href":"https:\/\/www.alqueria.es\/blogs\/alqueriarojaverde\/wp-json\/wp\/v2\/users\/19"}],"replies":[{"embeddable":true,"href":"https:\/\/www.alqueria.es\/blogs\/alqueriarojaverde\/wp-json\/wp\/v2\/comments?post=7521"}],"version-history":[{"count":0,"href":"https:\/\/www.alqueria.es\/blogs\/alqueriarojaverde\/wp-json\/wp\/v2\/posts\/7521\/revisions"}],"wp:attachment":[{"href":"https:\/\/www.alqueria.es\/blogs\/alqueriarojaverde\/wp-json\/wp\/v2\/media?parent=7521"}],"wp:term":[{"taxonomy":"category","embeddable":true,"href":"https:\/\/www.alqueria.es\/blogs\/alqueriarojaverde\/wp-json\/wp\/v2\/categories?post=7521"},{"taxonomy":"post_tag","embeddable":true,"href":"https:\/\/www.alqueria.es\/blogs\/alqueriarojaverde\/wp-json\/wp\/v2\/tags?post=7521"}],"curies":[{"name":"wp","href":"https:\/\/api.w.org\/{rel}","templated":true}]}}