{"id":7847,"date":"2015-04-24T16:42:02","date_gmt":"2015-04-24T14:42:02","guid":{"rendered":"https:\/\/www.alqueria.es\/blogs\/alqueriarojaverde\/?p=7847"},"modified":"2015-05-04T09:56:08","modified_gmt":"2015-05-04T07:56:08","slug":"semana-de-la-lectura-clausura","status":"publish","type":"post","link":"https:\/\/www.alqueria.es\/blogs\/alqueriarojaverde\/2015\/04\/24\/semana-de-la-lectura-clausura\/","title":{"rendered":"SEMANA DE LA LECTURA. CLAUSURA"},"content":{"rendered":"<p>&nbsp;<\/p>\n<p style=\"text-align: justify\"><a href=\"https:\/\/i0.wp.com\/cloud.alqueria.es\/wp-content\/uploads\/sites\/8\/2015\/04\/libro-gracioso.jpg?ssl=1\"><img data-recalc-dims=\"1\" decoding=\"async\" data-attachment-id=\"7763\" data-permalink=\"https:\/\/www.alqueria.es\/blogs\/alqueriarojaverde\/2015\/04\/21\/semana-de-la-lectura-6\/libro-gracioso\/\" data-orig-file=\"https:\/\/i0.wp.com\/www.alqueria.es\/blogs\/alqueriarojaverde\/wp-content\/uploads\/sites\/8\/2015\/04\/libro-gracioso.jpg?fit=233%2C217&amp;ssl=1\" data-orig-size=\"233,217\" data-comments-opened=\"1\" data-image-meta=\"{&quot;aperture&quot;:&quot;0&quot;,&quot;credit&quot;:&quot;&quot;,&quot;camera&quot;:&quot;&quot;,&quot;caption&quot;:&quot;&quot;,&quot;created_timestamp&quot;:&quot;0&quot;,&quot;copyright&quot;:&quot;&quot;,&quot;focal_length&quot;:&quot;0&quot;,&quot;iso&quot;:&quot;0&quot;,&quot;shutter_speed&quot;:&quot;0&quot;,&quot;title&quot;:&quot;&quot;,&quot;orientation&quot;:&quot;0&quot;}\" data-image-title=\"libro gracioso\" data-image-description=\"\" data-image-caption=\"\" data-large-file=\"https:\/\/i0.wp.com\/www.alqueria.es\/blogs\/alqueriarojaverde\/wp-content\/uploads\/sites\/8\/2015\/04\/libro-gracioso.jpg?fit=233%2C217&amp;ssl=1\" class=\"alignleft size-full wp-image-7763\" src=\"https:\/\/i0.wp.com\/cloud.alqueria.es\/wp-content\/uploads\/sites\/8\/2015\/04\/libro-gracioso.jpg?resize=233%2C217&#038;ssl=1\" alt=\"libro gracioso\" width=\"233\" height=\"217\" \/><\/a>Nuestra semana de la lectura ha llegado a su fin y para la <em><strong><span style=\"color: #ff00ff\">clausura<\/span> <\/strong><\/em>nos trasladamos hasta\u00a0el jard\u00edn, donde un buc\u00f3lico ambiente y el trinar de los p\u00e1jaros nos esperaba. En este espacio hemos disfrutado con un <span style=\"color: #ff00ff\">mini-concierto de Rock and Roll<\/span> a cargo de Javi, tito de Mar (clase Verde) y un acompa\u00f1ante.<\/p>\n<p style=\"text-align: justify\">Nos han ense\u00f1ado curiosidades acerca de los instrumentos de cuerda, como la guitarra o el contrabajo y nos han deleitado con un repertorio de canciones que han hecho las delicias de los m\u00e1s peque\u00f1os. Al final nos hemos animado y hemos salido a la pista de baile.<\/p>\n<p class=\"jetpack-slideshow-noscript robots-nocontent\">El pase de diapositivas requiere JavaScript.<\/p><div id=\"gallery-7847-1-slideshow\" class=\"jetpack-slideshow-window jetpack-slideshow jetpack-slideshow-black\" data-trans=\"fade\" data-autostart=\"1\" data-gallery=\"[{&quot;src&quot;:&quot;https:\\\/\\\/i0.wp.com\\\/www.alqueria.es\\\/blogs\\\/alqueriarojaverde\\\/wp-content\\\/uploads\\\/sites\\\/8\\\/2015\\\/04\\\/CIMG4913.jpg?fit=1024%2C768\\u0026ssl=1&quot;,&quot;id&quot;:&quot;7849&quot;,&quot;title&quot;:&quot;CIMG4913&quot;,&quot;alt&quot;:&quot;&quot;,&quot;caption&quot;:&quot;&quot;,&quot;itemprop&quot;:&quot;image&quot;},{&quot;src&quot;:&quot;https:\\\/\\\/i0.wp.com\\\/www.alqueria.es\\\/blogs\\\/alqueriarojaverde\\\/wp-content\\\/uploads\\\/sites\\\/8\\\/2015\\\/04\\\/CIMG4916.jpg?fit=1024%2C768\\u0026ssl=1&quot;,&quot;id&quot;:&quot;7852&quot;,&quot;title&quot;:&quot;CIMG4916&quot;,&quot;alt&quot;:&quot;&quot;,&quot;caption&quot;:&quot;&quot;,&quot;itemprop&quot;:&quot;image&quot;},{&quot;src&quot;:&quot;https:\\\/\\\/i0.wp.com\\\/www.alqueria.es\\\/blogs\\\/alqueriarojaverde\\\/wp-content\\\/uploads\\\/sites\\\/8\\\/2015\\\/04\\\/CIMG4917.jpg?fit=1024%2C768\\u0026ssl=1&quot;,&quot;id&quot;:&quot;7853&quot;,&quot;title&quot;:&quot;CIMG4917&quot;,&quot;alt&quot;:&quot;&quot;,&quot;caption&quot;:&quot;&quot;,&quot;itemprop&quot;:&quot;image&quot;},{&quot;src&quot;:&quot;https:\\\/\\\/i0.wp.com\\\/www.alqueria.es\\\/blogs\\\/alqueriarojaverde\\\/wp-content\\\/uploads\\\/sites\\\/8\\\/2015\\\/04\\\/IMG_1646.jpg?fit=1024%2C768\\u0026ssl=1&quot;,&quot;id&quot;:&quot;7856&quot;,&quot;title&quot;:&quot;IMG_1646&quot;,&quot;alt&quot;:&quot;&quot;,&quot;caption&quot;:&quot;&quot;,&quot;itemprop&quot;:&quot;image&quot;},{&quot;src&quot;:&quot;https:\\\/\\\/i0.wp.com\\\/www.alqueria.es\\\/blogs\\\/alqueriarojaverde\\\/wp-content\\\/uploads\\\/sites\\\/8\\\/2015\\\/04\\\/CIMG4914-e1429876035434.jpg?fit=768%2C1024\\u0026ssl=1&quot;,&quot;id&quot;:&quot;7850&quot;,&quot;title&quot;:&quot;CIMG4914&quot;,&quot;alt&quot;:&quot;&quot;,&quot;caption&quot;:&quot;&quot;,&quot;itemprop&quot;:&quot;image&quot;},{&quot;src&quot;:&quot;https:\\\/\\\/i0.wp.com\\\/www.alqueria.es\\\/blogs\\\/alqueriarojaverde\\\/wp-content\\\/uploads\\\/sites\\\/8\\\/2015\\\/04\\\/CIMG4918.jpg?fit=1024%2C768\\u0026ssl=1&quot;,&quot;id&quot;:&quot;7854&quot;,&quot;title&quot;:&quot;CIMG4918&quot;,&quot;alt&quot;:&quot;&quot;,&quot;caption&quot;:&quot;&quot;,&quot;itemprop&quot;:&quot;image&quot;},{&quot;src&quot;:&quot;https:\\\/\\\/i0.wp.com\\\/www.alqueria.es\\\/blogs\\\/alqueriarojaverde\\\/wp-content\\\/uploads\\\/sites\\\/8\\\/2015\\\/04\\\/IMG_1650.jpg?fit=1024%2C768\\u0026ssl=1&quot;,&quot;id&quot;:&quot;7857&quot;,&quot;title&quot;:&quot;IMG_1650&quot;,&quot;alt&quot;:&quot;&quot;,&quot;caption&quot;:&quot;&quot;,&quot;itemprop&quot;:&quot;image&quot;},{&quot;src&quot;:&quot;https:\\\/\\\/i0.wp.com\\\/www.alqueria.es\\\/blogs\\\/alqueriarojaverde\\\/wp-content\\\/uploads\\\/sites\\\/8\\\/2015\\\/04\\\/IMG_1655-e1429876061281.jpg?fit=768%2C1024\\u0026ssl=1&quot;,&quot;id&quot;:&quot;7858&quot;,&quot;title&quot;:&quot;IMG_1655&quot;,&quot;alt&quot;:&quot;&quot;,&quot;caption&quot;:&quot;&quot;,&quot;itemprop&quot;:&quot;image&quot;}]\" itemscope itemtype=\"https:\/\/schema.org\/ImageGallery\"><\/div>\n<p><div class=\"a25-CTUOC-hidding-box\" data-original-content=\"&lt;iframe loading=&quot;lazy&quot; title=&quot;Concierto de Rock and Roll  &amp;quot;Alquerock&amp;quot;&quot; src=&quot;https:\/\/player.vimeo.com\/video\/125899285?dnt=1&amp;amp;app_id=122963&quot; width=&quot;474&quot; height=&quot;356&quot; frameborder=&quot;0&quot; allow=&quot;autoplay; fullscreen; picture-in-picture; clipboard-write&quot;&gt;&lt;\/iframe&gt;\">Esta p\u00e1gina incluye contenido multimedia que requiere aceptar todas las cookies. Pulse aqu\u00ed para abrir la configuraci\u00f3n de cookies.<\/div><\/p>\n<p style=\"text-align: justify\">Antes de bajar al patio de nuevo, damos los \u00faltimos retoques a los <strong><span style=\"color: #0000ff\">trabajos de aula<\/span> <\/strong>y los exponemos \u00a1Qu\u00e9 bonitos han quedado todos!, merece la pena que pas\u00e9is por los expositores de las clases para visitarlos.<\/p>\n<p style=\"text-align: justify\"><a href=\"https:\/\/i0.wp.com\/cloud.alqueria.es\/wp-content\/uploads\/sites\/8\/2015\/04\/abuela-leyendo.jpg?ssl=1\"><img data-recalc-dims=\"1\" decoding=\"async\" data-attachment-id=\"7762\" data-permalink=\"https:\/\/www.alqueria.es\/blogs\/alqueriarojaverde\/2015\/04\/21\/semana-de-la-lectura-6\/abuela-leyendo\/\" data-orig-file=\"https:\/\/i0.wp.com\/www.alqueria.es\/blogs\/alqueriarojaverde\/wp-content\/uploads\/sites\/8\/2015\/04\/abuela-leyendo.jpg?fit=245%2C206&amp;ssl=1\" data-orig-size=\"245,206\" data-comments-opened=\"1\" data-image-meta=\"{&quot;aperture&quot;:&quot;0&quot;,&quot;credit&quot;:&quot;&quot;,&quot;camera&quot;:&quot;&quot;,&quot;caption&quot;:&quot;&quot;,&quot;created_timestamp&quot;:&quot;0&quot;,&quot;copyright&quot;:&quot;&quot;,&quot;focal_length&quot;:&quot;0&quot;,&quot;iso&quot;:&quot;0&quot;,&quot;shutter_speed&quot;:&quot;0&quot;,&quot;title&quot;:&quot;&quot;,&quot;orientation&quot;:&quot;0&quot;}\" data-image-title=\"abuela leyendo\" data-image-description=\"\" data-image-caption=\"\" data-large-file=\"https:\/\/i0.wp.com\/www.alqueria.es\/blogs\/alqueriarojaverde\/wp-content\/uploads\/sites\/8\/2015\/04\/abuela-leyendo.jpg?fit=245%2C206&amp;ssl=1\" class=\"alignleft size-thumbnail wp-image-7762\" src=\"https:\/\/i0.wp.com\/cloud.alqueria.es\/wp-content\/uploads\/sites\/8\/2015\/04\/abuela-leyendo-150x150.jpg?resize=150%2C150&#038;ssl=1\" alt=\"abuela leyendo\" width=\"150\" height=\"150\" \/><\/a>Por la tarde, la <span style=\"color: #00ff00\">clase verde<\/span> disfruta de sus<span style=\"color: #00ff00\"> cuentos familiares<\/span> en la biblioteca, donde las encargadas de contar historias al alumnado han sido las abuelas de Jose, Raquel y Clara y el abuelo de Helena.<\/p>\n<p style=\"text-align: justify\">Los t\u00edtulos han sido:<\/p>\n<ul>\n<li style=\"text-align: justify\"><em>Caperucita Roja<\/em><\/li>\n<li style=\"text-align: justify\"><em>La fiesta del sol y la luna. La princesa y el viento del norte.<\/em><\/li>\n<li style=\"text-align: justify\"><em>La princesa y la cerdita.<\/em><\/li>\n<li style=\"text-align: justify\"><em>\u00bfHay algo m\u00e1s aburrido que ser una princesa rosa?<\/em><\/li>\n<\/ul>\n<p class=\"jetpack-slideshow-noscript robots-nocontent\">El pase de diapositivas requiere JavaScript.<\/p><div id=\"gallery-7847-2-slideshow\" class=\"jetpack-slideshow-window jetpack-slideshow jetpack-slideshow-black\" data-trans=\"fade\" data-autostart=\"1\" data-gallery=\"[{&quot;src&quot;:&quot;https:\\\/\\\/i0.wp.com\\\/www.alqueria.es\\\/blogs\\\/alqueriarojaverde\\\/wp-content\\\/uploads\\\/sites\\\/8\\\/2015\\\/04\\\/CIMG4920.jpg?fit=1024%2C768\\u0026ssl=1&quot;,&quot;id&quot;:&quot;7867&quot;,&quot;title&quot;:&quot;CIMG4920&quot;,&quot;alt&quot;:&quot;&quot;,&quot;caption&quot;:&quot;&quot;,&quot;itemprop&quot;:&quot;image&quot;},{&quot;src&quot;:&quot;https:\\\/\\\/i0.wp.com\\\/www.alqueria.es\\\/blogs\\\/alqueriarojaverde\\\/wp-content\\\/uploads\\\/sites\\\/8\\\/2015\\\/04\\\/CIMG4925.jpg?fit=1024%2C768\\u0026ssl=1&quot;,&quot;id&quot;:&quot;7870&quot;,&quot;title&quot;:&quot;CIMG4925&quot;,&quot;alt&quot;:&quot;&quot;,&quot;caption&quot;:&quot;&quot;,&quot;itemprop&quot;:&quot;image&quot;},{&quot;src&quot;:&quot;https:\\\/\\\/i0.wp.com\\\/www.alqueria.es\\\/blogs\\\/alqueriarojaverde\\\/wp-content\\\/uploads\\\/sites\\\/8\\\/2015\\\/04\\\/CIMG4922.jpg?fit=1024%2C768\\u0026ssl=1&quot;,&quot;id&quot;:&quot;7868&quot;,&quot;title&quot;:&quot;CIMG4922&quot;,&quot;alt&quot;:&quot;&quot;,&quot;caption&quot;:&quot;&quot;,&quot;itemprop&quot;:&quot;image&quot;},{&quot;src&quot;:&quot;https:\\\/\\\/i0.wp.com\\\/www.alqueria.es\\\/blogs\\\/alqueriarojaverde\\\/wp-content\\\/uploads\\\/sites\\\/8\\\/2015\\\/04\\\/CIMG4924.jpg?fit=1024%2C768\\u0026ssl=1&quot;,&quot;id&quot;:&quot;7869&quot;,&quot;title&quot;:&quot;CIMG4924&quot;,&quot;alt&quot;:&quot;&quot;,&quot;caption&quot;:&quot;&quot;,&quot;itemprop&quot;:&quot;image&quot;},{&quot;src&quot;:&quot;https:\\\/\\\/i0.wp.com\\\/www.alqueria.es\\\/blogs\\\/alqueriarojaverde\\\/wp-content\\\/uploads\\\/sites\\\/8\\\/2015\\\/04\\\/CIMG4928.jpg?fit=1024%2C768\\u0026ssl=1&quot;,&quot;id&quot;:&quot;7871&quot;,&quot;title&quot;:&quot;CIMG4928&quot;,&quot;alt&quot;:&quot;&quot;,&quot;caption&quot;:&quot;&quot;,&quot;itemprop&quot;:&quot;image&quot;}]\" itemscope itemtype=\"https:\/\/schema.org\/ImageGallery\"><\/div>\n<p style=\"text-align: justify\">Como broche final, los tres grupos del ciclo \u00a03-6 a\u00f1os, acudimos al <strong><span style=\"color: #cc99ff\">cu<\/span><span style=\"color: #cc99ff\">ento musical-instrumental<\/span><\/strong> <span style=\"color: #800080\">\u00abEn un mercado persa\u00bb,<\/span> a cargo de Rafael, tito de Guillermo del grupo Naranja, y con la colaboraci\u00f3n de su mam\u00e1, su hermana y \u00e9l mismo.<\/p>\n<p class=\"jetpack-slideshow-noscript robots-nocontent\">El pase de diapositivas requiere JavaScript.<\/p><div id=\"gallery-7847-3-slideshow\" class=\"jetpack-slideshow-window jetpack-slideshow jetpack-slideshow-black\" data-trans=\"fade\" data-autostart=\"1\" data-gallery=\"[{&quot;src&quot;:&quot;https:\\\/\\\/i0.wp.com\\\/www.alqueria.es\\\/blogs\\\/alqueriarojaverde\\\/wp-content\\\/uploads\\\/sites\\\/8\\\/2015\\\/04\\\/IMG_1661-e1429886441400.jpg?fit=768%2C1024\\u0026ssl=1&quot;,&quot;id&quot;:&quot;7862&quot;,&quot;title&quot;:&quot;IMG_1661&quot;,&quot;alt&quot;:&quot;&quot;,&quot;caption&quot;:&quot;&quot;,&quot;itemprop&quot;:&quot;image&quot;},{&quot;src&quot;:&quot;https:\\\/\\\/i0.wp.com\\\/www.alqueria.es\\\/blogs\\\/alqueriarojaverde\\\/wp-content\\\/uploads\\\/sites\\\/8\\\/2015\\\/04\\\/IMG_1658.jpg?fit=1024%2C768\\u0026ssl=1&quot;,&quot;id&quot;:&quot;7860&quot;,&quot;title&quot;:&quot;IMG_1658&quot;,&quot;alt&quot;:&quot;&quot;,&quot;caption&quot;:&quot;&quot;,&quot;itemprop&quot;:&quot;image&quot;},{&quot;src&quot;:&quot;https:\\\/\\\/i0.wp.com\\\/www.alqueria.es\\\/blogs\\\/alqueriarojaverde\\\/wp-content\\\/uploads\\\/sites\\\/8\\\/2015\\\/04\\\/IMG_1662.jpg?fit=1024%2C768\\u0026ssl=1&quot;,&quot;id&quot;:&quot;7863&quot;,&quot;title&quot;:&quot;IMG_1662&quot;,&quot;alt&quot;:&quot;&quot;,&quot;caption&quot;:&quot;&quot;,&quot;itemprop&quot;:&quot;image&quot;},{&quot;src&quot;:&quot;https:\\\/\\\/i0.wp.com\\\/www.alqueria.es\\\/blogs\\\/alqueriarojaverde\\\/wp-content\\\/uploads\\\/sites\\\/8\\\/2015\\\/04\\\/IMG_1664.jpg?fit=1024%2C768\\u0026ssl=1&quot;,&quot;id&quot;:&quot;7866&quot;,&quot;title&quot;:&quot;IMG_1664&quot;,&quot;alt&quot;:&quot;&quot;,&quot;caption&quot;:&quot;&quot;,&quot;itemprop&quot;:&quot;image&quot;}]\" itemscope itemtype=\"https:\/\/schema.org\/ImageGallery\"><\/div>\n<p style=\"text-align: justify\"><strong><em><span style=\"color: #ff0000\">Muchas gracias a todas las familias que han participado en la celebraci\u00f3n de esta semana, sin vuestra colaboraci\u00f3n no hubiese sido posible.<\/span><\/em><\/strong><\/p>\n<p style=\"text-align: justify\">Buen fin de semana a todas\/os,<\/p>\n<p style=\"text-align: justify\">Charito y Esther.<\/p>\n","protected":false},"excerpt":{"rendered":"<p>&nbsp; Nuestra semana de la lectura ha llegado a su fin y para la clausura nos trasladamos hasta\u00a0el jard\u00edn, donde un buc\u00f3lico ambiente y el trinar de los p\u00e1jaros nos esperaba. En este espacio hemos disfrutado con un mini-concierto de Rock and Roll a cargo de Javi, tito de Mar (clase Verde) y un acompa\u00f1ante. &hellip; <a href=\"https:\/\/www.alqueria.es\/blogs\/alqueriarojaverde\/2015\/04\/24\/semana-de-la-lectura-clausura\/\" class=\"more-link\">Seguir leyendo <span class=\"screen-reader-text\">SEMANA DE LA LECTURA. CLAUSURA<\/span> <span class=\"meta-nav\">&rarr;<\/span><\/a><\/p>\n","protected":false},"author":19,"featured_media":0,"comment_status":"open","ping_status":"open","sticky":false,"template":"","format":"standard","meta":{"jetpack_post_was_ever_published":false,"_jetpack_newsletter_access":"","_jetpack_dont_email_post_to_subs":false,"_jetpack_newsletter_tier_id":0,"_jetpack_memberships_contains_paywalled_content":false,"_jetpack_memberships_contains_paid_content":false,"footnotes":"","jetpack_publicize_message":"","jetpack_publicize_feature_enabled":true,"jetpack_social_post_already_shared":true,"jetpack_social_options":{"image_generator_settings":{"template":"highway","default_image_id":0,"font":"","enabled":false},"version":2}},"categories":[22,23,6,7,13],"tags":[153],"class_list":["post-7847","post","type-post","status-publish","format-standard","hentry","category-actividades-especiales-y-salidas-clase-roja","category-actividades-especiales-y-salidas-clase-verde","category-clase-roja-4-5-anos","category-clase-verde-5-6-anos","category-inicio","tag-semana-lectura-infantil-2015"],"jetpack_publicize_connections":[],"jetpack_featured_media_url":"","jetpack_sharing_enabled":true,"jetpack_shortlink":"https:\/\/wp.me\/p4lFbP-22z","_links":{"self":[{"href":"https:\/\/www.alqueria.es\/blogs\/alqueriarojaverde\/wp-json\/wp\/v2\/posts\/7847","targetHints":{"allow":["GET"]}}],"collection":[{"href":"https:\/\/www.alqueria.es\/blogs\/alqueriarojaverde\/wp-json\/wp\/v2\/posts"}],"about":[{"href":"https:\/\/www.alqueria.es\/blogs\/alqueriarojaverde\/wp-json\/wp\/v2\/types\/post"}],"author":[{"embeddable":true,"href":"https:\/\/www.alqueria.es\/blogs\/alqueriarojaverde\/wp-json\/wp\/v2\/users\/19"}],"replies":[{"embeddable":true,"href":"https:\/\/www.alqueria.es\/blogs\/alqueriarojaverde\/wp-json\/wp\/v2\/comments?post=7847"}],"version-history":[{"count":0,"href":"https:\/\/www.alqueria.es\/blogs\/alqueriarojaverde\/wp-json\/wp\/v2\/posts\/7847\/revisions"}],"wp:attachment":[{"href":"https:\/\/www.alqueria.es\/blogs\/alqueriarojaverde\/wp-json\/wp\/v2\/media?parent=7847"}],"wp:term":[{"taxonomy":"category","embeddable":true,"href":"https:\/\/www.alqueria.es\/blogs\/alqueriarojaverde\/wp-json\/wp\/v2\/categories?post=7847"},{"taxonomy":"post_tag","embeddable":true,"href":"https:\/\/www.alqueria.es\/blogs\/alqueriarojaverde\/wp-json\/wp\/v2\/tags?post=7847"}],"curies":[{"name":"wp","href":"https:\/\/api.w.org\/{rel}","templated":true}]}}