{"id":8400,"date":"2015-09-18T16:38:33","date_gmt":"2015-09-18T14:38:33","guid":{"rendered":"https:\/\/www.alqueria.es\/blogs\/alqueriarojaverde\/?p=8400"},"modified":"2015-09-18T16:38:33","modified_gmt":"2015-09-18T14:38:33","slug":"semanario-clase-verde-semana-del-14-al-18-de-septiembre-de-2015","status":"publish","type":"post","link":"https:\/\/www.alqueria.es\/blogs\/alqueriarojaverde\/2015\/09\/18\/semanario-clase-verde-semana-del-14-al-18-de-septiembre-de-2015\/","title":{"rendered":"SEMANARIO CLASE VERDE. Semana del 14 al 18 de septiembre de 2015"},"content":{"rendered":"<p style=\"text-align: justify\">Buenas a todos de nuevo, tal y como os anunci\u00e9 en la anterior entrada, esta semana hemos llevado a cabo la \u00abpresentaci\u00f3n oficial\u00bb de algunos de los talleres que llevaremos a cabo en el aula, este curso.<\/p>\n<p style=\"text-align: justify\">El pr\u00f3ximo lunes tendr\u00e1 lugar la reuni\u00f3n para la presentaci\u00f3n del programa, en ella os explicar\u00e9 con m\u00e1s detalle algunos de estos aspectos y tambi\u00e9n aquellas actividades o cuestiones novedosas en relaci\u00f3n al curso pasado. Este a\u00f1o cerramos ciclo y etapa y toca afianzar contenidos, estrategias, actitudes, etc. y profundizar un poquito m\u00e1s.<\/p>\n<p style=\"text-align: justify\">A continuaci\u00f3n un resumen de las actividades semanales:<\/p>\n<ul>\n<li style=\"text-align: justify\"><em><strong><span style=\"color: #99cc00\">Taller de expresi\u00f3n gr\u00e1fica<\/span><\/strong><\/em>: Aprovechamos el tema de <strong>nuestras vacaciones del verano<\/strong>, para presentar este taller los utensilios que tendremos a nuestra disposici\u00f3n, la correcta utilizaci\u00f3n de los mismos y \u00a0la diferencia entre dibujar aspectos reales o relacionados con la fantas\u00eda. En cada representaci\u00f3n incluiremos nuestro nombre y apellidos, as\u00ed como la fecha. En esta ocasi\u00f3n les solicito que escriban su nombre de manera aut\u00f3noma, sin copia, para determinar el nivel alfab\u00e9tico en torno a este tema, de cada un@.<\/li>\n<li style=\"text-align: justify\"><em><strong><span style=\"color: #99cc00\">Taller de\u00a0c\u00e1lculo global<\/span><\/strong><\/em>: Consistente en una bater\u00eda de problemas para desarrollar estrategias de c\u00e1lculo mental, que tienen una complejidad progresiva.\u00a0Lo llevamos a cabo, tres d\u00edas a la semana, al comienzo de la clase (tras la lectura silenciosa). Hemos realizado sesiones con la serie perteneciente a 4 a\u00f1os (clase Roja), para determinar niveles.<\/li>\n<li style=\"text-align: justify\"><em><strong><span style=\"color: #99cc00\">Tarde cooperativa<\/span><\/strong><\/em>: Realizamos una presentaci\u00f3n de esta actividad, con todo el ciclo 3-6 a\u00f1os, en el jard\u00edn, para dar la bienvenida a todo el alumnado de nueva incorporaci\u00f3n y al grupo Naranjita que inicia esta actividad por primera vez. Una vez ponemos en com\u00fan las diferentes cosas que se tratan, trabajan o llevan a cabo en ellas, nos subimos a merendar al aula (en pr\u00f3ximas sesiones la merienda es cooperativa).<\/li>\n<li style=\"text-align: justify\"><em><strong><span style=\"color: #99cc00\">Taller de alfabetizaci\u00f3n<\/span><\/strong><\/em>: Presentamos nuestras <strong>tarjetas del nombre propio y apellidos<\/strong>, que nos ayudar\u00e1n a aprenderlo de un modo m\u00e1s f\u00e1cil. Tambi\u00e9n presentamos y exponemos <strong>el abecedario<\/strong> y jugamos fonol\u00f3gicamente a \u00abPalabras que empiezan por&#8230;).<\/li>\n<li style=\"text-align: justify\"><em><strong><span style=\"color: #99cc00\">Taller de educaci\u00f3n emocional<\/span><\/strong><\/em>:\u00a0 A trav\u00e9s del libro <strong>\u00abEl monstruo de colores\u00bb<\/strong>, presentamos de una forma atractiva el tema de las emociones y lo hacemos significativo a trav\u00e9s de la representaci\u00f3n\u00a0 gr\u00e1fica relacionada con el mismo y un taller de modelado con plastilina. En el debate o di\u00e1logo que ha tenido lugar, han salido cosas como : \u00abCuando estoy en calma, no siento nada\u00bb, \u00abTengo miedo a la oscuridad\u00bb,\u00a0 \u00abNo se puede llorar,\u00bf a que no?\u00bb, \u00abCuando tengo rabia, me pongo muy fuerte\u00bb, \u00bb A veces cuando estoy contenta lloro\u00bb. Un bonito momento imposible de describiros extensamente y que ha promocionado en el aula un inter\u00e9s creciente por el tema emocional, identificaci\u00f3n y respecto hacia los dem\u00e1s.\u00a0 En una sesi\u00f3n posterior escuchamos \u00ab\u00bfQu\u00e9 ocurre en la oscuridad?\u00bb.<\/li>\n<\/ul>\n<div class=\"tiled-gallery type-circle tiled-gallery-unresized\" data-original-width=\"474\" data-carousel-extra='{&quot;blog_id&quot;:8,&quot;permalink&quot;:&quot;https:\\\/\\\/www.alqueria.es\\\/blogs\\\/alqueriarojaverde\\\/2015\\\/09\\\/18\\\/semanario-clase-verde-semana-del-14-al-18-de-septiembre-de-2015\\\/&quot;,&quot;likes_blog_id&quot;:64268569}' itemscope itemtype=\"http:\/\/schema.org\/ImageGallery\" > <div class=\"gallery-row\" style=\"width: 474px; height: 237px;\" data-original-width=\"474\" data-original-height=\"237\" > <div class=\"gallery-group\" style=\"width: 237px; height: 237px;\" data-original-width=\"237\" data-original-height=\"237\" > <div class=\"tiled-gallery-item \" itemprop=\"associatedMedia\" itemscope itemtype=\"http:\/\/schema.org\/ImageObject\"> <a href=\"https:\/\/www.alqueria.es\/blogs\/alqueriarojaverde\/2015\/09\/18\/semanario-clase-verde-semana-del-14-al-18-de-septiembre-de-2015\/el-monstruo-de-colores-2\/\" border=\"0\" itemprop=\"url\"> <meta itemprop=\"width\" content=\"233\"> <meta itemprop=\"height\" content=\"233\"> <img decoding=\"async\" class=\"\" data-attachment-id=\"8401\" data-orig-file=\"https:\/\/www.alqueria.es\/blogs\/alqueriarojaverde\/wp-content\/uploads\/sites\/8\/2015\/09\/el-monstruo-de-colores.png\" data-orig-size=\"219,231\" data-comments-opened=\"1\" data-image-meta=\"{&quot;aperture&quot;:&quot;0&quot;,&quot;credit&quot;:&quot;&quot;,&quot;camera&quot;:&quot;&quot;,&quot;caption&quot;:&quot;&quot;,&quot;created_timestamp&quot;:&quot;0&quot;,&quot;copyright&quot;:&quot;&quot;,&quot;focal_length&quot;:&quot;0&quot;,&quot;iso&quot;:&quot;0&quot;,&quot;shutter_speed&quot;:&quot;0&quot;,&quot;title&quot;:&quot;&quot;,&quot;orientation&quot;:&quot;0&quot;}\" data-image-title=\"el monstruo de colores\" data-image-description=\"\" data-medium-file=\"https:\/\/i0.wp.com\/www.alqueria.es\/blogs\/alqueriarojaverde\/wp-content\/uploads\/sites\/8\/2015\/09\/el-monstruo-de-colores.png?fit=219%2C231&#038;ssl=1\" data-large-file=\"https:\/\/i0.wp.com\/www.alqueria.es\/blogs\/alqueriarojaverde\/wp-content\/uploads\/sites\/8\/2015\/09\/el-monstruo-de-colores.png?fit=219%2C231&#038;ssl=1\" src=\"https:\/\/i0.wp.com\/www.alqueria.es\/blogs\/alqueriarojaverde\/wp-content\/uploads\/sites\/8\/2015\/09\/el-monstruo-de-colores.png?w=233&#038;h=233&#038;crop=1&#038;ssl=1\" width=\"233\" height=\"233\" loading=\"lazy\" data-original-width=\"233\" data-original-height=\"233\" itemprop=\"http:\/\/schema.org\/image\" title=\"el monstruo de colores\" alt=\"el monstruo de colores\" style=\"width: 233px; height: 233px;\" \/> <\/a> <\/div> <\/div> <div class=\"gallery-group\" style=\"width: 237px; height: 237px;\" data-original-width=\"237\" data-original-height=\"237\" > <div class=\"tiled-gallery-item \" itemprop=\"associatedMedia\" itemscope itemtype=\"http:\/\/schema.org\/ImageObject\"> <a href=\"https:\/\/www.alqueria.es\/blogs\/alqueriarojaverde\/2015\/09\/18\/semanario-clase-verde-semana-del-14-al-18-de-septiembre-de-2015\/miedo-a-la-oscuridad\/\" border=\"0\" itemprop=\"url\"> <meta itemprop=\"width\" content=\"233\"> <meta itemprop=\"height\" content=\"233\"> <img decoding=\"async\" class=\"\" data-attachment-id=\"8402\" data-orig-file=\"https:\/\/www.alqueria.es\/blogs\/alqueriarojaverde\/wp-content\/uploads\/sites\/8\/2015\/09\/miedo-a-la-oscuridad.png\" data-orig-size=\"225,225\" data-comments-opened=\"1\" data-image-meta=\"{&quot;aperture&quot;:&quot;0&quot;,&quot;credit&quot;:&quot;&quot;,&quot;camera&quot;:&quot;&quot;,&quot;caption&quot;:&quot;&quot;,&quot;created_timestamp&quot;:&quot;0&quot;,&quot;copyright&quot;:&quot;&quot;,&quot;focal_length&quot;:&quot;0&quot;,&quot;iso&quot;:&quot;0&quot;,&quot;shutter_speed&quot;:&quot;0&quot;,&quot;title&quot;:&quot;&quot;,&quot;orientation&quot;:&quot;0&quot;}\" data-image-title=\"miedo a la oscuridad\" data-image-description=\"\" data-medium-file=\"https:\/\/i0.wp.com\/www.alqueria.es\/blogs\/alqueriarojaverde\/wp-content\/uploads\/sites\/8\/2015\/09\/miedo-a-la-oscuridad.png?fit=225%2C225&#038;ssl=1\" data-large-file=\"https:\/\/i0.wp.com\/www.alqueria.es\/blogs\/alqueriarojaverde\/wp-content\/uploads\/sites\/8\/2015\/09\/miedo-a-la-oscuridad.png?fit=225%2C225&#038;ssl=1\" src=\"https:\/\/i0.wp.com\/www.alqueria.es\/blogs\/alqueriarojaverde\/wp-content\/uploads\/sites\/8\/2015\/09\/miedo-a-la-oscuridad.png?w=233&#038;h=233&#038;crop=1&#038;ssl=1\" srcset=\"https:\/\/i0.wp.com\/www.alqueria.es\/blogs\/alqueriarojaverde\/wp-content\/uploads\/sites\/8\/2015\/09\/miedo-a-la-oscuridad.png?w=225&amp;ssl=1 225w, https:\/\/i0.wp.com\/www.alqueria.es\/blogs\/alqueriarojaverde\/wp-content\/uploads\/sites\/8\/2015\/09\/miedo-a-la-oscuridad.png?resize=150%2C150&amp;ssl=1 150w\" width=\"233\" height=\"233\" loading=\"lazy\" data-original-width=\"233\" data-original-height=\"233\" itemprop=\"http:\/\/schema.org\/image\" title=\"miedo a la oscuridad\" alt=\"miedo a la oscuridad\" style=\"width: 233px; height: 233px;\" \/> <\/a> <\/div> <\/div> <\/div> <\/div>\n<div class=\"tiled-gallery type-square tiled-gallery-unresized\" data-original-width=\"474\" data-carousel-extra='{&quot;blog_id&quot;:8,&quot;permalink&quot;:&quot;https:\\\/\\\/www.alqueria.es\\\/blogs\\\/alqueriarojaverde\\\/2015\\\/09\\\/18\\\/semanario-clase-verde-semana-del-14-al-18-de-septiembre-de-2015\\\/&quot;,&quot;likes_blog_id&quot;:64268569}' itemscope itemtype=\"http:\/\/schema.org\/ImageGallery\" > <div class=\"gallery-row\" style=\"width: 474px; height: 237px;\" data-original-width=\"474\" data-original-height=\"237\" > <div class=\"gallery-group\" style=\"width: 237px; height: 237px;\" data-original-width=\"237\" data-original-height=\"237\" > <div class=\"tiled-gallery-item \" itemprop=\"associatedMedia\" itemscope itemtype=\"http:\/\/schema.org\/ImageObject\"> <a href=\"https:\/\/www.alqueria.es\/blogs\/alqueriarojaverde\/2015\/09\/18\/semanario-clase-verde-semana-del-14-al-18-de-septiembre-de-2015\/img_2159\/\" border=\"0\" itemprop=\"url\"> <meta itemprop=\"width\" content=\"233\"> <meta itemprop=\"height\" content=\"233\"> <img decoding=\"async\" class=\"\" data-attachment-id=\"8419\" data-orig-file=\"https:\/\/www.alqueria.es\/blogs\/alqueriarojaverde\/wp-content\/uploads\/sites\/8\/2015\/09\/IMG_2159-e1442586903610.jpg\" data-orig-size=\"768,1024\" data-comments-opened=\"1\" data-image-meta=\"{&quot;aperture&quot;:&quot;0&quot;,&quot;credit&quot;:&quot;&quot;,&quot;camera&quot;:&quot;&quot;,&quot;caption&quot;:&quot;&quot;,&quot;created_timestamp&quot;:&quot;0&quot;,&quot;copyright&quot;:&quot;&quot;,&quot;focal_length&quot;:&quot;0&quot;,&quot;iso&quot;:&quot;0&quot;,&quot;shutter_speed&quot;:&quot;0&quot;,&quot;title&quot;:&quot;&quot;,&quot;orientation&quot;:&quot;0&quot;}\" data-image-title=\"IMG_2159\" data-image-description=\"\" data-medium-file=\"https:\/\/i0.wp.com\/www.alqueria.es\/blogs\/alqueriarojaverde\/wp-content\/uploads\/sites\/8\/2015\/09\/IMG_2159-e1442586903610.jpg?fit=225%2C300&#038;ssl=1\" data-large-file=\"https:\/\/i0.wp.com\/www.alqueria.es\/blogs\/alqueriarojaverde\/wp-content\/uploads\/sites\/8\/2015\/09\/IMG_2159-e1442586903610.jpg?fit=474%2C632&#038;ssl=1\" src=\"https:\/\/i0.wp.com\/www.alqueria.es\/blogs\/alqueriarojaverde\/wp-content\/uploads\/sites\/8\/2015\/09\/IMG_2159-e1442586903610.jpg?w=233&#038;h=233&#038;crop=1&#038;ssl=1\" srcset=\"https:\/\/i0.wp.com\/www.alqueria.es\/blogs\/alqueriarojaverde\/wp-content\/uploads\/sites\/8\/2015\/09\/IMG_2159-e1442586903610.jpg?resize=150%2C150&amp;ssl=1 150w, https:\/\/i0.wp.com\/www.alqueria.es\/blogs\/alqueriarojaverde\/wp-content\/uploads\/sites\/8\/2015\/09\/IMG_2159-e1442586903610.jpg?zoom=2&amp;resize=233%2C233&amp;ssl=1 466w, https:\/\/i0.wp.com\/www.alqueria.es\/blogs\/alqueriarojaverde\/wp-content\/uploads\/sites\/8\/2015\/09\/IMG_2159-e1442586903610.jpg?zoom=3&amp;resize=233%2C233&amp;ssl=1 699w\" width=\"233\" height=\"233\" loading=\"lazy\" data-original-width=\"233\" data-original-height=\"233\" itemprop=\"http:\/\/schema.org\/image\" title=\"IMG_2159\" alt=\"IMG_2159\" style=\"width: 233px; height: 233px;\" \/> <\/a> <\/div> <\/div> <div class=\"gallery-group\" style=\"width: 237px; height: 237px;\" data-original-width=\"237\" data-original-height=\"237\" > <div class=\"tiled-gallery-item \" itemprop=\"associatedMedia\" itemscope itemtype=\"http:\/\/schema.org\/ImageObject\"> <a href=\"https:\/\/www.alqueria.es\/blogs\/alqueriarojaverde\/2015\/09\/18\/semanario-clase-verde-semana-del-14-al-18-de-septiembre-de-2015\/img_2160\/\" border=\"0\" itemprop=\"url\"> <meta itemprop=\"width\" content=\"233\"> <meta itemprop=\"height\" content=\"233\"> <img decoding=\"async\" class=\"\" data-attachment-id=\"8420\" data-orig-file=\"https:\/\/www.alqueria.es\/blogs\/alqueriarojaverde\/wp-content\/uploads\/sites\/8\/2015\/09\/IMG_2160.jpg\" data-orig-size=\"1024,768\" data-comments-opened=\"1\" data-image-meta=\"{&quot;aperture&quot;:&quot;0&quot;,&quot;credit&quot;:&quot;&quot;,&quot;camera&quot;:&quot;&quot;,&quot;caption&quot;:&quot;&quot;,&quot;created_timestamp&quot;:&quot;0&quot;,&quot;copyright&quot;:&quot;&quot;,&quot;focal_length&quot;:&quot;0&quot;,&quot;iso&quot;:&quot;0&quot;,&quot;shutter_speed&quot;:&quot;0&quot;,&quot;title&quot;:&quot;&quot;,&quot;orientation&quot;:&quot;0&quot;}\" data-image-title=\"IMG_2160\" data-image-description=\"\" data-medium-file=\"https:\/\/i0.wp.com\/www.alqueria.es\/blogs\/alqueriarojaverde\/wp-content\/uploads\/sites\/8\/2015\/09\/IMG_2160.jpg?fit=300%2C225&#038;ssl=1\" data-large-file=\"https:\/\/i0.wp.com\/www.alqueria.es\/blogs\/alqueriarojaverde\/wp-content\/uploads\/sites\/8\/2015\/09\/IMG_2160.jpg?fit=474%2C356&#038;ssl=1\" src=\"https:\/\/i0.wp.com\/www.alqueria.es\/blogs\/alqueriarojaverde\/wp-content\/uploads\/sites\/8\/2015\/09\/IMG_2160.jpg?w=233&#038;h=233&#038;crop=1&#038;ssl=1\" srcset=\"https:\/\/i0.wp.com\/www.alqueria.es\/blogs\/alqueriarojaverde\/wp-content\/uploads\/sites\/8\/2015\/09\/IMG_2160.jpg?resize=150%2C150&amp;ssl=1 150w, https:\/\/i0.wp.com\/www.alqueria.es\/blogs\/alqueriarojaverde\/wp-content\/uploads\/sites\/8\/2015\/09\/IMG_2160.jpg?zoom=2&amp;resize=233%2C233&amp;ssl=1 466w, https:\/\/i0.wp.com\/www.alqueria.es\/blogs\/alqueriarojaverde\/wp-content\/uploads\/sites\/8\/2015\/09\/IMG_2160.jpg?zoom=3&amp;resize=233%2C233&amp;ssl=1 699w\" width=\"233\" height=\"233\" loading=\"lazy\" data-original-width=\"233\" data-original-height=\"233\" itemprop=\"http:\/\/schema.org\/image\" title=\"IMG_2160\" alt=\"IMG_2160\" style=\"width: 233px; height: 233px;\" \/> <\/a> <\/div> <\/div> <\/div> <\/div>\n<ul>\n<li style=\"text-align: justify\"><em><strong><span style=\"color: #99cc00\">Taller l\u00f3gico-matem\u00e1tico<\/span><\/strong><\/em>: En esta ocasi\u00f3n a trav\u00e9s de puzles y tablillas de iniciaci\u00f3n a la geometr\u00eda. Trabajamos conceptos espaciales, topol\u00f3gicos, etc. Tambi\u00e9n han estado presentes las actividades de conteo, valor de posici\u00f3n y escritura aut\u00f3noma de n\u00fameros.<\/li>\n<\/ul>\n<p><a href=\"https:\/\/i0.wp.com\/cloud.alqueria.es\/wp-content\/uploads\/sites\/8\/2015\/09\/tablillas.jpg?ssl=1\"><img data-recalc-dims=\"1\" decoding=\"async\" data-attachment-id=\"8404\" data-permalink=\"https:\/\/www.alqueria.es\/blogs\/alqueriarojaverde\/2015\/09\/18\/semanario-clase-verde-semana-del-14-al-18-de-septiembre-de-2015\/tablillas\/\" data-orig-file=\"https:\/\/i0.wp.com\/www.alqueria.es\/blogs\/alqueriarojaverde\/wp-content\/uploads\/sites\/8\/2015\/09\/tablillas.jpg?fit=640%2C438&amp;ssl=1\" data-orig-size=\"640,438\" data-comments-opened=\"1\" data-image-meta=\"{&quot;aperture&quot;:&quot;0&quot;,&quot;credit&quot;:&quot;&quot;,&quot;camera&quot;:&quot;&quot;,&quot;caption&quot;:&quot;&quot;,&quot;created_timestamp&quot;:&quot;0&quot;,&quot;copyright&quot;:&quot;&quot;,&quot;focal_length&quot;:&quot;0&quot;,&quot;iso&quot;:&quot;0&quot;,&quot;shutter_speed&quot;:&quot;0&quot;,&quot;title&quot;:&quot;&quot;,&quot;orientation&quot;:&quot;0&quot;}\" data-image-title=\"tablillas\" data-image-description=\"\" data-image-caption=\"\" data-large-file=\"https:\/\/i0.wp.com\/www.alqueria.es\/blogs\/alqueriarojaverde\/wp-content\/uploads\/sites\/8\/2015\/09\/tablillas.jpg?fit=474%2C324&amp;ssl=1\" class=\"aligncenter size-full wp-image-8404\" src=\"https:\/\/i0.wp.com\/cloud.alqueria.es\/wp-content\/uploads\/sites\/8\/2015\/09\/tablillas.jpg?resize=474%2C324&#038;ssl=1\" alt=\"tablillas\" width=\"474\" height=\"324\" srcset=\"https:\/\/i0.wp.com\/www.alqueria.es\/blogs\/alqueriarojaverde\/wp-content\/uploads\/sites\/8\/2015\/09\/tablillas.jpg?w=640&amp;ssl=1 640w, https:\/\/i0.wp.com\/www.alqueria.es\/blogs\/alqueriarojaverde\/wp-content\/uploads\/sites\/8\/2015\/09\/tablillas.jpg?resize=300%2C205&amp;ssl=1 300w\" sizes=\"(max-width: 474px) 100vw, 474px\" \/><\/a><\/p>\n<p class=\"jetpack-slideshow-noscript robots-nocontent\">El pase de diapositivas requiere JavaScript.<\/p><div id=\"gallery-8400-1-slideshow\" class=\"jetpack-slideshow-window jetpack-slideshow jetpack-slideshow-black\" data-trans=\"fade\" data-autostart=\"1\" data-gallery=\"[{&quot;src&quot;:&quot;https:\\\/\\\/i0.wp.com\\\/www.alqueria.es\\\/blogs\\\/alqueriarojaverde\\\/wp-content\\\/uploads\\\/sites\\\/8\\\/2015\\\/09\\\/IMG_2161.jpg?fit=1024%2C768\\u0026ssl=1&quot;,&quot;id&quot;:&quot;8421&quot;,&quot;title&quot;:&quot;IMG_2161&quot;,&quot;alt&quot;:&quot;&quot;,&quot;caption&quot;:&quot;&quot;,&quot;itemprop&quot;:&quot;image&quot;},{&quot;src&quot;:&quot;https:\\\/\\\/i0.wp.com\\\/www.alqueria.es\\\/blogs\\\/alqueriarojaverde\\\/wp-content\\\/uploads\\\/sites\\\/8\\\/2015\\\/09\\\/IMG_2132.jpg?fit=1024%2C768\\u0026ssl=1&quot;,&quot;id&quot;:&quot;8418&quot;,&quot;title&quot;:&quot;IMG_2132&quot;,&quot;alt&quot;:&quot;&quot;,&quot;caption&quot;:&quot;&quot;,&quot;itemprop&quot;:&quot;image&quot;},{&quot;src&quot;:&quot;https:\\\/\\\/i0.wp.com\\\/www.alqueria.es\\\/blogs\\\/alqueriarojaverde\\\/wp-content\\\/uploads\\\/sites\\\/8\\\/2015\\\/09\\\/IMG_2131.jpg?fit=1024%2C768\\u0026ssl=1&quot;,&quot;id&quot;:&quot;8417&quot;,&quot;title&quot;:&quot;IMG_2131&quot;,&quot;alt&quot;:&quot;&quot;,&quot;caption&quot;:&quot;&quot;,&quot;itemprop&quot;:&quot;image&quot;},{&quot;src&quot;:&quot;https:\\\/\\\/i0.wp.com\\\/www.alqueria.es\\\/blogs\\\/alqueriarojaverde\\\/wp-content\\\/uploads\\\/sites\\\/8\\\/2015\\\/09\\\/IMG_2130.jpg?fit=1024%2C768\\u0026ssl=1&quot;,&quot;id&quot;:&quot;8416&quot;,&quot;title&quot;:&quot;IMG_2130&quot;,&quot;alt&quot;:&quot;&quot;,&quot;caption&quot;:&quot;&quot;,&quot;itemprop&quot;:&quot;image&quot;},{&quot;src&quot;:&quot;https:\\\/\\\/i0.wp.com\\\/www.alqueria.es\\\/blogs\\\/alqueriarojaverde\\\/wp-content\\\/uploads\\\/sites\\\/8\\\/2015\\\/09\\\/IMG_2129.jpg?fit=1024%2C768\\u0026ssl=1&quot;,&quot;id&quot;:&quot;8415&quot;,&quot;title&quot;:&quot;IMG_2129&quot;,&quot;alt&quot;:&quot;&quot;,&quot;caption&quot;:&quot;&quot;,&quot;itemprop&quot;:&quot;image&quot;},{&quot;src&quot;:&quot;https:\\\/\\\/i0.wp.com\\\/www.alqueria.es\\\/blogs\\\/alqueriarojaverde\\\/wp-content\\\/uploads\\\/sites\\\/8\\\/2015\\\/09\\\/IMG_2128.jpg?fit=1024%2C768\\u0026ssl=1&quot;,&quot;id&quot;:&quot;8414&quot;,&quot;title&quot;:&quot;IMG_2128&quot;,&quot;alt&quot;:&quot;&quot;,&quot;caption&quot;:&quot;&quot;,&quot;itemprop&quot;:&quot;image&quot;}]\" itemscope itemtype=\"https:\/\/schema.org\/ImageGallery\"><\/div>\n<ul>\n<li style=\"text-align: justify\"><em><strong><span style=\"color: #99cc00\">Taller de expert@s<\/span><\/strong><\/em>: Presentaci\u00f3n del contenido del taller y elecci\u00f3n libre de temas.\u00a0 A lo largo de este curso, cada alumn@ ser\u00e1 experto en un tema libremente escogido y que deber\u00e1 presentar de forma oral al resto del grupo. Esta actividad, sus objetivos, forma de preparaci\u00f3n y\u00a0temporalizaci\u00f3n ser\u00e1 presentada de forma detallada en la reuni\u00f3n.<\/li>\n<\/ul>\n<p><a href=\"https:\/\/i0.wp.com\/cloud.alqueria.es\/wp-content\/uploads\/sites\/8\/2015\/09\/experto.png?ssl=1\"><img data-recalc-dims=\"1\" decoding=\"async\" data-attachment-id=\"8405\" data-permalink=\"https:\/\/www.alqueria.es\/blogs\/alqueriarojaverde\/2015\/09\/18\/semanario-clase-verde-semana-del-14-al-18-de-septiembre-de-2015\/experto\/\" data-orig-file=\"https:\/\/i0.wp.com\/www.alqueria.es\/blogs\/alqueriarojaverde\/wp-content\/uploads\/sites\/8\/2015\/09\/experto.png?fit=287%2C176&amp;ssl=1\" data-orig-size=\"287,176\" data-comments-opened=\"1\" data-image-meta=\"{&quot;aperture&quot;:&quot;0&quot;,&quot;credit&quot;:&quot;&quot;,&quot;camera&quot;:&quot;&quot;,&quot;caption&quot;:&quot;&quot;,&quot;created_timestamp&quot;:&quot;0&quot;,&quot;copyright&quot;:&quot;&quot;,&quot;focal_length&quot;:&quot;0&quot;,&quot;iso&quot;:&quot;0&quot;,&quot;shutter_speed&quot;:&quot;0&quot;,&quot;title&quot;:&quot;&quot;,&quot;orientation&quot;:&quot;0&quot;}\" data-image-title=\"experto\" data-image-description=\"\" data-image-caption=\"\" data-large-file=\"https:\/\/i0.wp.com\/www.alqueria.es\/blogs\/alqueriarojaverde\/wp-content\/uploads\/sites\/8\/2015\/09\/experto.png?fit=287%2C176&amp;ssl=1\" class=\"aligncenter size-full wp-image-8405\" src=\"https:\/\/i0.wp.com\/cloud.alqueria.es\/wp-content\/uploads\/sites\/8\/2015\/09\/experto.png?resize=287%2C176&#038;ssl=1\" alt=\"experto\" width=\"287\" height=\"176\" \/><\/a><\/p>\n<ul>\n<li style=\"text-align: justify\"><strong><em><span style=\"color: #99cc00\">Taller de biblioteca<\/span><\/em><\/strong>: Visitamos este espacio del centro y conocemos sus normas de funcionamiento. Esperamos que para la pr\u00f3xima semana est\u00e9n preparados nuestros carn\u00e9s para pr\u00e9stamo y podamos llevarnos un ejemplar a casa. Hoy hemos disfrutado escuchando \u00abAdivina cu\u00e1nto te quiero\u00bb y \u00bb \u00bfQuieres ser mi amigo?. Tambi\u00e9n \u00a0hemos retirado en pr\u00e9stamo, algunos ejemplares para el aula y disfrutado de un ratito de relax\u00a0con la \u00a0lectura individual.<\/li>\n<\/ul>\n<p class=\"jetpack-slideshow-noscript robots-nocontent\">El pase de diapositivas requiere JavaScript.<\/p><div id=\"gallery-8400-2-slideshow\" class=\"jetpack-slideshow-window jetpack-slideshow jetpack-slideshow-black\" data-trans=\"fade\" data-autostart=\"1\" data-gallery=\"[{&quot;src&quot;:&quot;https:\\\/\\\/i0.wp.com\\\/www.alqueria.es\\\/blogs\\\/alqueriarojaverde\\\/wp-content\\\/uploads\\\/sites\\\/8\\\/2015\\\/09\\\/IMG_2163.jpg?fit=1024%2C768\\u0026ssl=1&quot;,&quot;id&quot;:&quot;8423&quot;,&quot;title&quot;:&quot;IMG_2163&quot;,&quot;alt&quot;:&quot;&quot;,&quot;caption&quot;:&quot;&quot;,&quot;itemprop&quot;:&quot;image&quot;},{&quot;src&quot;:&quot;https:\\\/\\\/i0.wp.com\\\/www.alqueria.es\\\/blogs\\\/alqueriarojaverde\\\/wp-content\\\/uploads\\\/sites\\\/8\\\/2015\\\/09\\\/IMG_2165.jpg?fit=1024%2C768\\u0026ssl=1&quot;,&quot;id&quot;:&quot;8424&quot;,&quot;title&quot;:&quot;IMG_2165&quot;,&quot;alt&quot;:&quot;&quot;,&quot;caption&quot;:&quot;&quot;,&quot;itemprop&quot;:&quot;image&quot;},{&quot;src&quot;:&quot;https:\\\/\\\/i0.wp.com\\\/www.alqueria.es\\\/blogs\\\/alqueriarojaverde\\\/wp-content\\\/uploads\\\/sites\\\/8\\\/2015\\\/09\\\/IMG_2174.jpg?fit=1024%2C768\\u0026ssl=1&quot;,&quot;id&quot;:&quot;8429&quot;,&quot;title&quot;:&quot;IMG_2174&quot;,&quot;alt&quot;:&quot;&quot;,&quot;caption&quot;:&quot;&quot;,&quot;itemprop&quot;:&quot;image&quot;}]\" itemscope itemtype=\"https:\/\/schema.org\/ImageGallery\"><\/div>\n<p>Os espero a tod@s el lunes en la reuni\u00f3n, buen fin de semana.<\/p>\n<p>Esther Justicia.<\/p>\n","protected":false},"excerpt":{"rendered":"<p>Buenas a todos de nuevo, tal y como os anunci\u00e9 en la anterior entrada, esta semana hemos llevado a cabo la \u00abpresentaci\u00f3n oficial\u00bb de algunos de los talleres que llevaremos a cabo en el aula, este curso. El pr\u00f3ximo lunes tendr\u00e1 lugar la reuni\u00f3n para la presentaci\u00f3n del programa, en ella os explicar\u00e9 con m\u00e1s &hellip; <a href=\"https:\/\/www.alqueria.es\/blogs\/alqueriarojaverde\/2015\/09\/18\/semanario-clase-verde-semana-del-14-al-18-de-septiembre-de-2015\/\" class=\"more-link\">Seguir leyendo <span class=\"screen-reader-text\">SEMANARIO CLASE VERDE. Semana del 14 al 18 de septiembre de 2015<\/span> <span class=\"meta-nav\">&rarr;<\/span><\/a><\/p>\n","protected":false},"author":19,"featured_media":0,"comment_status":"open","ping_status":"open","sticky":false,"template":"","format":"standard","meta":{"jetpack_post_was_ever_published":false,"_jetpack_newsletter_access":"","_jetpack_dont_email_post_to_subs":false,"_jetpack_newsletter_tier_id":0,"_jetpack_memberships_contains_paywalled_content":false,"_jetpack_memberships_contains_paid_content":false,"footnotes":"","jetpack_publicize_message":"","jetpack_publicize_feature_enabled":true,"jetpack_social_post_already_shared":true,"jetpack_social_options":{"image_generator_settings":{"template":"highway","default_image_id":0,"font":"","enabled":false},"version":2}},"categories":[7,13,21],"tags":[],"class_list":["post-8400","post","type-post","status-publish","format-standard","hentry","category-clase-verde-5-6-anos","category-inicio","category-semanario-clase-verde"],"jetpack_publicize_connections":[],"jetpack_featured_media_url":"","jetpack_sharing_enabled":true,"jetpack_shortlink":"https:\/\/wp.me\/p4lFbP-2bu","_links":{"self":[{"href":"https:\/\/www.alqueria.es\/blogs\/alqueriarojaverde\/wp-json\/wp\/v2\/posts\/8400","targetHints":{"allow":["GET"]}}],"collection":[{"href":"https:\/\/www.alqueria.es\/blogs\/alqueriarojaverde\/wp-json\/wp\/v2\/posts"}],"about":[{"href":"https:\/\/www.alqueria.es\/blogs\/alqueriarojaverde\/wp-json\/wp\/v2\/types\/post"}],"author":[{"embeddable":true,"href":"https:\/\/www.alqueria.es\/blogs\/alqueriarojaverde\/wp-json\/wp\/v2\/users\/19"}],"replies":[{"embeddable":true,"href":"https:\/\/www.alqueria.es\/blogs\/alqueriarojaverde\/wp-json\/wp\/v2\/comments?post=8400"}],"version-history":[{"count":0,"href":"https:\/\/www.alqueria.es\/blogs\/alqueriarojaverde\/wp-json\/wp\/v2\/posts\/8400\/revisions"}],"wp:attachment":[{"href":"https:\/\/www.alqueria.es\/blogs\/alqueriarojaverde\/wp-json\/wp\/v2\/media?parent=8400"}],"wp:term":[{"taxonomy":"category","embeddable":true,"href":"https:\/\/www.alqueria.es\/blogs\/alqueriarojaverde\/wp-json\/wp\/v2\/categories?post=8400"},{"taxonomy":"post_tag","embeddable":true,"href":"https:\/\/www.alqueria.es\/blogs\/alqueriarojaverde\/wp-json\/wp\/v2\/tags?post=8400"}],"curies":[{"name":"wp","href":"https:\/\/api.w.org\/{rel}","templated":true}]}}