{"id":8608,"date":"2015-10-20T16:19:11","date_gmt":"2015-10-20T14:19:11","guid":{"rendered":"https:\/\/www.alqueria.es\/blogs\/alqueriarojaverde\/?p=8608"},"modified":"2015-10-28T13:52:12","modified_gmt":"2015-10-28T12:52:12","slug":"experto-en-prehistoria","status":"publish","type":"post","link":"https:\/\/www.alqueria.es\/blogs\/alqueriarojaverde\/2015\/10\/20\/experto-en-prehistoria\/","title":{"rendered":"EXPERTO EN PREHISTORIA"},"content":{"rendered":"<p style=\"text-align: justify\"><a href=\"https:\/\/i0.wp.com\/cloud.alqueria.es\/wp-content\/uploads\/sites\/8\/2015\/10\/prehistoria.png?ssl=1\"><img data-recalc-dims=\"1\" decoding=\"async\" data-attachment-id=\"8610\" data-permalink=\"https:\/\/www.alqueria.es\/blogs\/alqueriarojaverde\/2015\/10\/20\/experto-en-prehistoria\/prehistoria-5\/\" data-orig-file=\"https:\/\/i0.wp.com\/www.alqueria.es\/blogs\/alqueriarojaverde\/wp-content\/uploads\/sites\/8\/2015\/10\/prehistoria.png?fit=128%2C160&amp;ssl=1\" data-orig-size=\"128,160\" data-comments-opened=\"1\" data-image-meta=\"{&quot;aperture&quot;:&quot;0&quot;,&quot;credit&quot;:&quot;&quot;,&quot;camera&quot;:&quot;&quot;,&quot;caption&quot;:&quot;&quot;,&quot;created_timestamp&quot;:&quot;0&quot;,&quot;copyright&quot;:&quot;&quot;,&quot;focal_length&quot;:&quot;0&quot;,&quot;iso&quot;:&quot;0&quot;,&quot;shutter_speed&quot;:&quot;0&quot;,&quot;title&quot;:&quot;&quot;,&quot;orientation&quot;:&quot;0&quot;}\" data-image-title=\"prehistoria\" data-image-description=\"\" data-image-caption=\"\" data-large-file=\"https:\/\/i0.wp.com\/www.alqueria.es\/blogs\/alqueriarojaverde\/wp-content\/uploads\/sites\/8\/2015\/10\/prehistoria.png?fit=128%2C160&amp;ssl=1\" class=\"alignleft size-full wp-image-8610\" src=\"https:\/\/i0.wp.com\/cloud.alqueria.es\/wp-content\/uploads\/sites\/8\/2015\/10\/prehistoria.png?resize=128%2C160&#038;ssl=1\" alt=\"prehistoria\" width=\"128\" height=\"160\" \/><\/a>Estrenamos nuestras conferencias de \u00abexpertos\/as\u00bb con el tema de <strong><span style=\"color: #339966\">la Prehistoria<\/span><\/strong>, a cargo de<em><strong><span style=\"color: #339966\"> \u00c1lvaro<\/span><\/strong><\/em>.<\/p>\n<p style=\"text-align: justify\">Para ello disponemos el aula de un modo especial, que permite a todos\/as observar la pizarra c\u00f3modamente. Exponemos las cartulinas que ha trabajado \u00c1lvaro e invitamos a un equipo de la clase Roja, para que vaya practicando de cara al pr\u00f3ximo curso.<\/p>\n<p style=\"text-align: justify\">Una vez todo listo, \u00c1lvaro comienza present\u00e1ndose al grupo y diciendo cu\u00e1l es el tema de su experto. Ha dividido su conferencia en cuatro grandes bloques:<\/p>\n<ol>\n<li style=\"text-align: justify\">Definici\u00f3n<\/li>\n<li style=\"text-align: justify\">El Paleol\u00edtico<\/li>\n<li style=\"text-align: justify\">El Neol\u00edtico<\/li>\n<li style=\"text-align: justify\">El arte y el fuego<\/li>\n<\/ol>\n<p><a href=\"https:\/\/i0.wp.com\/cloud.alqueria.es\/wp-content\/uploads\/sites\/8\/2015\/10\/IMG_2240.jpg?ssl=1\"><img data-recalc-dims=\"1\" decoding=\"async\" data-attachment-id=\"8611\" data-permalink=\"https:\/\/www.alqueria.es\/blogs\/alqueriarojaverde\/2015\/10\/20\/experto-en-prehistoria\/img_2240\/\" data-orig-file=\"https:\/\/i0.wp.com\/www.alqueria.es\/blogs\/alqueriarojaverde\/wp-content\/uploads\/sites\/8\/2015\/10\/IMG_2240.jpg?fit=1024%2C768&amp;ssl=1\" data-orig-size=\"1024,768\" data-comments-opened=\"1\" data-image-meta=\"{&quot;aperture&quot;:&quot;0&quot;,&quot;credit&quot;:&quot;&quot;,&quot;camera&quot;:&quot;&quot;,&quot;caption&quot;:&quot;&quot;,&quot;created_timestamp&quot;:&quot;0&quot;,&quot;copyright&quot;:&quot;&quot;,&quot;focal_length&quot;:&quot;0&quot;,&quot;iso&quot;:&quot;0&quot;,&quot;shutter_speed&quot;:&quot;0&quot;,&quot;title&quot;:&quot;&quot;,&quot;orientation&quot;:&quot;0&quot;}\" data-image-title=\"IMG_2240\" data-image-description=\"\" data-image-caption=\"\" data-large-file=\"https:\/\/i0.wp.com\/www.alqueria.es\/blogs\/alqueriarojaverde\/wp-content\/uploads\/sites\/8\/2015\/10\/IMG_2240.jpg?fit=474%2C356&amp;ssl=1\" class=\"aligncenter size-full wp-image-8611\" src=\"https:\/\/i0.wp.com\/cloud.alqueria.es\/wp-content\/uploads\/sites\/8\/2015\/10\/IMG_2240.jpg?resize=474%2C356&#038;ssl=1\" alt=\"IMG_2240\" width=\"474\" height=\"356\" srcset=\"https:\/\/i0.wp.com\/www.alqueria.es\/blogs\/alqueriarojaverde\/wp-content\/uploads\/sites\/8\/2015\/10\/IMG_2240.jpg?w=1024&amp;ssl=1 1024w, https:\/\/i0.wp.com\/www.alqueria.es\/blogs\/alqueriarojaverde\/wp-content\/uploads\/sites\/8\/2015\/10\/IMG_2240.jpg?resize=300%2C225&amp;ssl=1 300w, https:\/\/i0.wp.com\/www.alqueria.es\/blogs\/alqueriarojaverde\/wp-content\/uploads\/sites\/8\/2015\/10\/IMG_2240.jpg?w=948&amp;ssl=1 948w\" sizes=\"(max-width: 474px) 100vw, 474px\" \/><\/a><\/p>\n<p style=\"text-align: justify\">Aprendemos que <strong>la Prehistoria e<\/strong>s desde que apareci\u00f3 el hombre hasta la escritura, que al principio los humanos se parec\u00edan m\u00e1s al mono, que s\u00f3lo emit\u00edan sonidos y que su cerebro era muy peque\u00f1o. Poco a poco se hacen m\u00e1s altos, van m\u00e1s erguidos, aprenden a hablar y su cabeza y cerebro se hacen m\u00e1s grandes.<\/p>\n<p style=\"text-align: justify\">La etapa del<strong> Paleol\u00edtico<\/strong> se caracteriza porque viv\u00edan en cuevas y eran n\u00f3madas. Nos cuenta con detalle algunas de las herramientas que utilizaban para la caza y para qu\u00e9 utilizaban la carne, las pieles y los huesos de los animales.<\/p>\n<p style=\"text-align: justify\">El <strong>Neol\u00edtico<\/strong> se caracteriza por la construcci\u00f3n de caba\u00f1as para vivir, que constru\u00edan cerca de los r\u00edos y por ser sedentarios, ya que hab\u00edan aprendido a cultivar y a tener animales en reba\u00f1os.<\/p>\n<p style=\"text-align: justify\">En cuanto al arte nos habla de las pinturas rupestres, porqu\u00e9 las hac\u00edan y qu\u00e9 representaban. Tambi\u00e9n c\u00f3mo obten\u00edan los diferentes tintes. El invento m\u00e1s importante fue el fuego, del que aprendemos dos formas para obtenerlo y sus diferentes utilidades (calentarse, alumbrarse, cocinar y asustar a los animales peligrosos).<\/p>\n<p style=\"text-align: justify\">Una vez finalizada la exposici\u00f3n comienza el turno de preguntas, en el que surgen cosas como \u00e9stas: \u00ab\u00bfPorqu\u00e9 el cerebro se hace m\u00e1s grande?\u00bb, \u00ab\u00bfExist\u00edan los erizos, calamares, dientes de sable&#8230;?, \u00ab\u00bfHab\u00eda tinta?\u00bb, \u00ab\u00bfCom\u00edan mandarinas?\u00bb, \u00ab\u00bfC\u00f3mo se fabrica una lanza?\u00bb, \u00ab\u00bfQu\u00e9 se pon\u00edan cuando hac\u00eda fr\u00edo?\u00bb, \u00ab\u00bfCu\u00e1ntos hombres necesitaban para transportar a un mamut?\u00bb, etc.<\/p>\n<p class=\"jetpack-slideshow-noscript robots-nocontent\">El pase de diapositivas requiere JavaScript.<\/p><div id=\"gallery-8608-1-slideshow\" class=\"jetpack-slideshow-window jetpack-slideshow jetpack-slideshow-black\" data-trans=\"fade\" data-autostart=\"1\" data-gallery=\"[{&quot;src&quot;:&quot;https:\\\/\\\/i0.wp.com\\\/www.alqueria.es\\\/blogs\\\/alqueriarojaverde\\\/wp-content\\\/uploads\\\/sites\\\/8\\\/2015\\\/10\\\/IMG_2241.jpg?fit=1024%2C768\\u0026ssl=1&quot;,&quot;id&quot;:&quot;8612&quot;,&quot;title&quot;:&quot;IMG_2241&quot;,&quot;alt&quot;:&quot;&quot;,&quot;caption&quot;:&quot;&quot;,&quot;itemprop&quot;:&quot;image&quot;},{&quot;src&quot;:&quot;https:\\\/\\\/i0.wp.com\\\/www.alqueria.es\\\/blogs\\\/alqueriarojaverde\\\/wp-content\\\/uploads\\\/sites\\\/8\\\/2015\\\/10\\\/IMG_2242.jpg?fit=1024%2C768\\u0026ssl=1&quot;,&quot;id&quot;:&quot;8613&quot;,&quot;title&quot;:&quot;IMG_2242&quot;,&quot;alt&quot;:&quot;&quot;,&quot;caption&quot;:&quot;&quot;,&quot;itemprop&quot;:&quot;image&quot;},{&quot;src&quot;:&quot;https:\\\/\\\/i0.wp.com\\\/www.alqueria.es\\\/blogs\\\/alqueriarojaverde\\\/wp-content\\\/uploads\\\/sites\\\/8\\\/2015\\\/10\\\/IMG_2244.jpg?fit=1024%2C768\\u0026ssl=1&quot;,&quot;id&quot;:&quot;8614&quot;,&quot;title&quot;:&quot;IMG_2244&quot;,&quot;alt&quot;:&quot;&quot;,&quot;caption&quot;:&quot;&quot;,&quot;itemprop&quot;:&quot;image&quot;},{&quot;src&quot;:&quot;https:\\\/\\\/i0.wp.com\\\/www.alqueria.es\\\/blogs\\\/alqueriarojaverde\\\/wp-content\\\/uploads\\\/sites\\\/8\\\/2015\\\/10\\\/IMG_2245.jpg?fit=1024%2C768\\u0026ssl=1&quot;,&quot;id&quot;:&quot;8615&quot;,&quot;title&quot;:&quot;IMG_2245&quot;,&quot;alt&quot;:&quot;&quot;,&quot;caption&quot;:&quot;&quot;,&quot;itemprop&quot;:&quot;image&quot;},{&quot;src&quot;:&quot;https:\\\/\\\/i0.wp.com\\\/www.alqueria.es\\\/blogs\\\/alqueriarojaverde\\\/wp-content\\\/uploads\\\/sites\\\/8\\\/2015\\\/10\\\/IMG_2247.jpg?fit=1024%2C768\\u0026ssl=1&quot;,&quot;id&quot;:&quot;8616&quot;,&quot;title&quot;:&quot;IMG_2247&quot;,&quot;alt&quot;:&quot;&quot;,&quot;caption&quot;:&quot;&quot;,&quot;itemprop&quot;:&quot;image&quot;},{&quot;src&quot;:&quot;https:\\\/\\\/i0.wp.com\\\/www.alqueria.es\\\/blogs\\\/alqueriarojaverde\\\/wp-content\\\/uploads\\\/sites\\\/8\\\/2015\\\/10\\\/IMG_2248.jpg?fit=1024%2C768\\u0026ssl=1&quot;,&quot;id&quot;:&quot;8617&quot;,&quot;title&quot;:&quot;IMG_2248&quot;,&quot;alt&quot;:&quot;&quot;,&quot;caption&quot;:&quot;&quot;,&quot;itemprop&quot;:&quot;image&quot;},{&quot;src&quot;:&quot;https:\\\/\\\/i0.wp.com\\\/www.alqueria.es\\\/blogs\\\/alqueriarojaverde\\\/wp-content\\\/uploads\\\/sites\\\/8\\\/2015\\\/10\\\/IMG_2250.jpg?fit=1024%2C768\\u0026ssl=1&quot;,&quot;id&quot;:&quot;8618&quot;,&quot;title&quot;:&quot;IMG_2250&quot;,&quot;alt&quot;:&quot;&quot;,&quot;caption&quot;:&quot;&quot;,&quot;itemprop&quot;:&quot;image&quot;}]\" itemscope itemtype=\"https:\/\/schema.org\/ImageGallery\"><\/div>\n<p style=\"text-align: justify\">Para el juego nos caracterizamos como aut\u00e9nticos hombres y mujeres primitivos, a\u00f1adiendo a nuestro rostro un poco de vello y una pinturas para cazar.<\/p>\n<p style=\"text-align: justify\"><a href=\"https:\/\/i0.wp.com\/cloud.alqueria.es\/wp-content\/uploads\/sites\/8\/2015\/10\/prehistoria-2.jpg?ssl=1\"><img data-recalc-dims=\"1\" decoding=\"async\" data-attachment-id=\"8609\" data-permalink=\"https:\/\/www.alqueria.es\/blogs\/alqueriarojaverde\/2015\/10\/20\/experto-en-prehistoria\/prehistoria-2-2\/\" data-orig-file=\"https:\/\/i0.wp.com\/www.alqueria.es\/blogs\/alqueriarojaverde\/wp-content\/uploads\/sites\/8\/2015\/10\/prehistoria-2.jpg?fit=210%2C240&amp;ssl=1\" data-orig-size=\"210,240\" data-comments-opened=\"1\" data-image-meta=\"{&quot;aperture&quot;:&quot;0&quot;,&quot;credit&quot;:&quot;&quot;,&quot;camera&quot;:&quot;&quot;,&quot;caption&quot;:&quot;&quot;,&quot;created_timestamp&quot;:&quot;0&quot;,&quot;copyright&quot;:&quot;&quot;,&quot;focal_length&quot;:&quot;0&quot;,&quot;iso&quot;:&quot;0&quot;,&quot;shutter_speed&quot;:&quot;0&quot;,&quot;title&quot;:&quot;&quot;,&quot;orientation&quot;:&quot;0&quot;}\" data-image-title=\"prehistoria 2\" data-image-description=\"\" data-image-caption=\"\" data-large-file=\"https:\/\/i0.wp.com\/www.alqueria.es\/blogs\/alqueriarojaverde\/wp-content\/uploads\/sites\/8\/2015\/10\/prehistoria-2.jpg?fit=210%2C240&amp;ssl=1\" class=\"alignleft size-full wp-image-8609\" src=\"https:\/\/i0.wp.com\/cloud.alqueria.es\/wp-content\/uploads\/sites\/8\/2015\/10\/prehistoria-2.jpg?resize=210%2C240&#038;ssl=1\" alt=\"prehistoria 2\" width=\"210\" height=\"240\" \/><\/a>Por la tarde reflejamos con detalle todo lo que hemos aprendido, o por lo menos aquello que nos ha resultado m\u00e1s significativo e incluimos en nuestras representaciones el texto \u00ab\u00c1LVARO EXPERTO EN PREHISTORIA\u00bb.<\/p>\n<p style=\"text-align: justify\">Un gran trabajo \u00c1lvaro, FELICIDADES!!!<\/p>\n<p style=\"text-align: justify\">Esther.<\/p>\n<p>&nbsp;<\/p>\n","protected":false},"excerpt":{"rendered":"<p>Estrenamos nuestras conferencias de \u00abexpertos\/as\u00bb con el tema de la Prehistoria, a cargo de \u00c1lvaro. Para ello disponemos el aula de un modo especial, que permite a todos\/as observar la pizarra c\u00f3modamente. Exponemos las cartulinas que ha trabajado \u00c1lvaro e invitamos a un equipo de la clase Roja, para que vaya practicando de cara al &hellip; <a href=\"https:\/\/www.alqueria.es\/blogs\/alqueriarojaverde\/2015\/10\/20\/experto-en-prehistoria\/\" class=\"more-link\">Seguir leyendo <span class=\"screen-reader-text\">EXPERTO EN PREHISTORIA<\/span> <span class=\"meta-nav\">&rarr;<\/span><\/a><\/p>\n","protected":false},"author":19,"featured_media":0,"comment_status":"open","ping_status":"open","sticky":false,"template":"","format":"standard","meta":{"jetpack_post_was_ever_published":false,"_jetpack_newsletter_access":"","_jetpack_dont_email_post_to_subs":false,"_jetpack_newsletter_tier_id":0,"_jetpack_memberships_contains_paywalled_content":false,"_jetpack_memberships_contains_paid_content":false,"footnotes":"","jetpack_publicize_message":"","jetpack_publicize_feature_enabled":true,"jetpack_social_post_already_shared":true,"jetpack_social_options":{"image_generator_settings":{"template":"highway","default_image_id":0,"font":"","enabled":false},"version":2}},"categories":[7,11,13],"tags":[168],"class_list":["post-8608","post","type-post","status-publish","format-standard","hentry","category-clase-verde-5-6-anos","category-expertosas-clase-verde","category-inicio","tag-prehistoria-en-infantil"],"jetpack_publicize_connections":[],"jetpack_featured_media_url":"","jetpack_sharing_enabled":true,"jetpack_shortlink":"https:\/\/wp.me\/p4lFbP-2eQ","_links":{"self":[{"href":"https:\/\/www.alqueria.es\/blogs\/alqueriarojaverde\/wp-json\/wp\/v2\/posts\/8608","targetHints":{"allow":["GET"]}}],"collection":[{"href":"https:\/\/www.alqueria.es\/blogs\/alqueriarojaverde\/wp-json\/wp\/v2\/posts"}],"about":[{"href":"https:\/\/www.alqueria.es\/blogs\/alqueriarojaverde\/wp-json\/wp\/v2\/types\/post"}],"author":[{"embeddable":true,"href":"https:\/\/www.alqueria.es\/blogs\/alqueriarojaverde\/wp-json\/wp\/v2\/users\/19"}],"replies":[{"embeddable":true,"href":"https:\/\/www.alqueria.es\/blogs\/alqueriarojaverde\/wp-json\/wp\/v2\/comments?post=8608"}],"version-history":[{"count":0,"href":"https:\/\/www.alqueria.es\/blogs\/alqueriarojaverde\/wp-json\/wp\/v2\/posts\/8608\/revisions"}],"wp:attachment":[{"href":"https:\/\/www.alqueria.es\/blogs\/alqueriarojaverde\/wp-json\/wp\/v2\/media?parent=8608"}],"wp:term":[{"taxonomy":"category","embeddable":true,"href":"https:\/\/www.alqueria.es\/blogs\/alqueriarojaverde\/wp-json\/wp\/v2\/categories?post=8608"},{"taxonomy":"post_tag","embeddable":true,"href":"https:\/\/www.alqueria.es\/blogs\/alqueriarojaverde\/wp-json\/wp\/v2\/tags?post=8608"}],"curies":[{"name":"wp","href":"https:\/\/api.w.org\/{rel}","templated":true}]}}