{"id":1028,"date":"2012-05-31T15:24:46","date_gmt":"2012-05-31T15:24:46","guid":{"rendered":"http:\/\/alqueriasegundociclo.wordpress.com\/?p=1028"},"modified":"2014-02-26T11:37:31","modified_gmt":"2014-02-26T11:37:31","slug":"las-quintillas-las-carocas","status":"publish","type":"post","link":"https:\/\/www.alqueria.es\/blogs\/alqueriasegundociclo\/2012\/05\/31\/las-quintillas-las-carocas\/","title":{"rendered":"Las \u00abQuintillas\u00bb. Las \u00abCarocas\u00bb"},"content":{"rendered":"<h1 id=\"firstHeading\">Quintilla<\/h1>\n<div id=\"bodyContent\">\n<div id=\"contentSub\">\n<p>Se acerca la feria del Corpus. El grupo ha investigado sobre las <strong>\u201cQuintillas\u201d<\/strong> y en su modalidad sobre las <strong>\u201cCarocas\u201d.<\/strong> Se realiza un breve recordatorio sobre la poes\u00eda, el verso, la rima y la estrofa.<\/p>\n<div id=\"contentSub\">\u00ab<strong>La\u00a0quintilla\u00a0es una estrofa\u00a0\u00a0de la m\u00e9trica\u00a0castellana que consiste en cinco versos de ocho s\u00edlabas (octos\u00edlabos) o menores con dos rimas consonantes\u00a0distribuidas seg\u00fan el principio de que no pueden tener la misma rima tres versos seguidos, ni acabar en pareado ni quedar alguno suelto o sin rima\u00bb.<\/strong><\/div>\n<div><\/div>\n<div><strong>Caroca.<\/strong><\/div>\n<div><\/div>\n<div><em>f.<\/em>\u00a0Decoraci\u00f3n de lienzos y bastidores con que, en determinadas solemnidades, se adornan calles o plazas, la cual ofrece pintadas escenas graciosas, picarescas o epigram\u00e1ticas.Composici\u00f3n bufa, a semejanza de los mimos antiguos.<\/div>\n<div><em>fig.<\/em>\u00a0y\u00a0<em>fam.<\/em>Palabra o acci\u00f3n afectadamente cari\u00f1osa y lisonjera.<\/div>\n<div><\/div>\n<div>Diccionario Enciclop\u00e9dico Vox 1. \u00a9 2009 Larousse Editorial, S.L.<\/div>\n<div><\/div>\n<div>Las carocas en Granada. Se trata de un concurso tradicional de estas fiestas en el que los ciudadanos proponen versos, normalmente octos\u00edlabos y en tono humor\u00edstico, sobre temas de actualidad en Granada a lo largo del a\u00f1o y que acompa\u00f1an a escenas pintadas de forma graciosa.<\/div>\n<div><\/div>\n<div><\/div>\n<div>TEXTO DE LA QUINTILLA GANADORA<\/div>\n<div><\/div>\n<div>`Afici\u00f3n unida, pero no tanto\u00b4 (de Francisco Jos\u00e9 Domingo Gonz\u00e1lez)Viendo en `Los C\u00e1rmenes Nuevo\u00b4<\/div>\n<div dir=\"ltr\" id=\"mw-content-text\" lang=\"es\">\n<dl>\n<dd>\n<dl>\n<dd>\n<dl>\n<dd>\n<dl>\n<dd>\n<dl>\n<dd>\n<dl>\n<dd>\n<dl>\n<dd><strong><\/strong><\/dd>\n<dd><\/dd>\n<dd><strong>Al Gran\u00e1 frente al Bilbao,<\/strong><br \/>\n<strong>Estaba tan \u201crepretao\u201d<\/strong><br \/>\n<strong>Que empez\u00f3 a picarme un huevo<\/strong><br \/>\n<strong>Y se lo rasqu\u00e9 al de al \u201clao\u201d<\/strong><\/dd>\n<dd><\/dd>\n<dd><\/dd>\n<dd><\/dd>\n<\/dl>\n<\/dd>\n<\/dl>\n<\/dd>\n<\/dl>\n<\/dd>\n<\/dl>\n<\/dd>\n<\/dl>\n<\/dd>\n<\/dl>\n<\/dd>\n<\/dl>\n<\/div>\n<p>Cada componente ha aportado la idea sobre el tema y juegan a crear sus propias quintillas relacionando la tem\u00e1tica con el grupo, las actividades que se realizan y la escuela. Se queda claro que una caroca es una quintilla-estrofa de cinco versos con rima, que aporta una idea graciosa y acompa\u00f1ada de una ilustraci\u00f3n. El resultado es impresionante, algunos han colaborado a compa\u00f1eros y compa\u00f1eras para culminar su trabajo.<\/p>\n<p>Estas son nuestras carocas, esperamos que os agraden.<\/p>\n<p>Juanjo.<\/p>\n<p class=\"jetpack-slideshow-noscript robots-nocontent\">El pase de diapositivas requiere JavaScript.<\/p><div id=\"gallery-1028-1-slideshow\" class=\"jetpack-slideshow-window jetpack-slideshow jetpack-slideshow-black\" data-trans=\"fade\" data-autostart=\"1\" data-gallery=\"[{&quot;src&quot;:&quot;https:\\\/\\\/www.alqueria.es\\\/blogs\\\/alqueriasegundociclo\\\/wp-content\\\/uploads\\\/sites\\\/7\\\/2014\\\/02\\\/p5300034.jpg&quot;,&quot;id&quot;:&quot;9339&quot;,&quot;title&quot;:&quot;p5300034&quot;,&quot;alt&quot;:&quot;&quot;,&quot;caption&quot;:&quot;&quot;,&quot;itemprop&quot;:&quot;image&quot;},{&quot;src&quot;:&quot;https:\\\/\\\/www.alqueria.es\\\/blogs\\\/alqueriasegundociclo\\\/wp-content\\\/uploads\\\/sites\\\/7\\\/2014\\\/02\\\/p5300033.jpg&quot;,&quot;id&quot;:&quot;9338&quot;,&quot;title&quot;:&quot;p5300033&quot;,&quot;alt&quot;:&quot;&quot;,&quot;caption&quot;:&quot;&quot;,&quot;itemprop&quot;:&quot;image&quot;},{&quot;src&quot;:&quot;https:\\\/\\\/www.alqueria.es\\\/blogs\\\/alqueriasegundociclo\\\/wp-content\\\/uploads\\\/sites\\\/7\\\/2014\\\/02\\\/p5300032.jpg&quot;,&quot;id&quot;:&quot;9337&quot;,&quot;title&quot;:&quot;p5300032&quot;,&quot;alt&quot;:&quot;&quot;,&quot;caption&quot;:&quot;&quot;,&quot;itemprop&quot;:&quot;image&quot;},{&quot;src&quot;:&quot;https:\\\/\\\/www.alqueria.es\\\/blogs\\\/alqueriasegundociclo\\\/wp-content\\\/uploads\\\/sites\\\/7\\\/2014\\\/02\\\/p5300031.jpg&quot;,&quot;id&quot;:&quot;9336&quot;,&quot;title&quot;:&quot;p5300031&quot;,&quot;alt&quot;:&quot;&quot;,&quot;caption&quot;:&quot;&quot;,&quot;itemprop&quot;:&quot;image&quot;},{&quot;src&quot;:&quot;https:\\\/\\\/www.alqueria.es\\\/blogs\\\/alqueriasegundociclo\\\/wp-content\\\/uploads\\\/sites\\\/7\\\/2014\\\/02\\\/p5300030.jpg&quot;,&quot;id&quot;:&quot;9335&quot;,&quot;title&quot;:&quot;p5300030&quot;,&quot;alt&quot;:&quot;&quot;,&quot;caption&quot;:&quot;&quot;,&quot;itemprop&quot;:&quot;image&quot;},{&quot;src&quot;:&quot;https:\\\/\\\/www.alqueria.es\\\/blogs\\\/alqueriasegundociclo\\\/wp-content\\\/uploads\\\/sites\\\/7\\\/2014\\\/02\\\/p5300029.jpg&quot;,&quot;id&quot;:&quot;9334&quot;,&quot;title&quot;:&quot;p5300029&quot;,&quot;alt&quot;:&quot;&quot;,&quot;caption&quot;:&quot;&quot;,&quot;itemprop&quot;:&quot;image&quot;},{&quot;src&quot;:&quot;https:\\\/\\\/www.alqueria.es\\\/blogs\\\/alqueriasegundociclo\\\/wp-content\\\/uploads\\\/sites\\\/7\\\/2014\\\/02\\\/p5300028.jpg&quot;,&quot;id&quot;:&quot;9333&quot;,&quot;title&quot;:&quot;p5300028&quot;,&quot;alt&quot;:&quot;&quot;,&quot;caption&quot;:&quot;&quot;,&quot;itemprop&quot;:&quot;image&quot;},{&quot;src&quot;:&quot;https:\\\/\\\/www.alqueria.es\\\/blogs\\\/alqueriasegundociclo\\\/wp-content\\\/uploads\\\/sites\\\/7\\\/2014\\\/02\\\/p5300027.jpg&quot;,&quot;id&quot;:&quot;9332&quot;,&quot;title&quot;:&quot;p5300027&quot;,&quot;alt&quot;:&quot;&quot;,&quot;caption&quot;:&quot;&quot;,&quot;itemprop&quot;:&quot;image&quot;},{&quot;src&quot;:&quot;https:\\\/\\\/www.alqueria.es\\\/blogs\\\/alqueriasegundociclo\\\/wp-content\\\/uploads\\\/sites\\\/7\\\/2014\\\/02\\\/p5300026.jpg&quot;,&quot;id&quot;:&quot;9331&quot;,&quot;title&quot;:&quot;p5300026&quot;,&quot;alt&quot;:&quot;&quot;,&quot;caption&quot;:&quot;&quot;,&quot;itemprop&quot;:&quot;image&quot;},{&quot;src&quot;:&quot;https:\\\/\\\/www.alqueria.es\\\/blogs\\\/alqueriasegundociclo\\\/wp-content\\\/uploads\\\/sites\\\/7\\\/2014\\\/02\\\/p5300025.jpg&quot;,&quot;id&quot;:&quot;9330&quot;,&quot;title&quot;:&quot;p5300025&quot;,&quot;alt&quot;:&quot;&quot;,&quot;caption&quot;:&quot;&quot;,&quot;itemprop&quot;:&quot;image&quot;},{&quot;src&quot;:&quot;https:\\\/\\\/www.alqueria.es\\\/blogs\\\/alqueriasegundociclo\\\/wp-content\\\/uploads\\\/sites\\\/7\\\/2014\\\/02\\\/p5300023.jpg&quot;,&quot;id&quot;:&quot;9329&quot;,&quot;title&quot;:&quot;p5300023&quot;,&quot;alt&quot;:&quot;&quot;,&quot;caption&quot;:&quot;&quot;,&quot;itemprop&quot;:&quot;image&quot;},{&quot;src&quot;:&quot;https:\\\/\\\/www.alqueria.es\\\/blogs\\\/alqueriasegundociclo\\\/wp-content\\\/uploads\\\/sites\\\/7\\\/2014\\\/02\\\/p5300022.jpg&quot;,&quot;id&quot;:&quot;9328&quot;,&quot;title&quot;:&quot;p5300022&quot;,&quot;alt&quot;:&quot;&quot;,&quot;caption&quot;:&quot;&quot;,&quot;itemprop&quot;:&quot;image&quot;},{&quot;src&quot;:&quot;https:\\\/\\\/www.alqueria.es\\\/blogs\\\/alqueriasegundociclo\\\/wp-content\\\/uploads\\\/sites\\\/7\\\/2014\\\/02\\\/p5300021.jpg&quot;,&quot;id&quot;:&quot;9327&quot;,&quot;title&quot;:&quot;p5300021&quot;,&quot;alt&quot;:&quot;&quot;,&quot;caption&quot;:&quot;&quot;,&quot;itemprop&quot;:&quot;image&quot;},{&quot;src&quot;:&quot;https:\\\/\\\/www.alqueria.es\\\/blogs\\\/alqueriasegundociclo\\\/wp-content\\\/uploads\\\/sites\\\/7\\\/2014\\\/02\\\/p5300020.jpg&quot;,&quot;id&quot;:&quot;9326&quot;,&quot;title&quot;:&quot;p5300020&quot;,&quot;alt&quot;:&quot;&quot;,&quot;caption&quot;:&quot;&quot;,&quot;itemprop&quot;:&quot;image&quot;},{&quot;src&quot;:&quot;https:\\\/\\\/www.alqueria.es\\\/blogs\\\/alqueriasegundociclo\\\/wp-content\\\/uploads\\\/sites\\\/7\\\/2014\\\/02\\\/p5300019.jpg&quot;,&quot;id&quot;:&quot;9325&quot;,&quot;title&quot;:&quot;p5300019&quot;,&quot;alt&quot;:&quot;&quot;,&quot;caption&quot;:&quot;&quot;,&quot;itemprop&quot;:&quot;image&quot;},{&quot;src&quot;:&quot;https:\\\/\\\/www.alqueria.es\\\/blogs\\\/alqueriasegundociclo\\\/wp-content\\\/uploads\\\/sites\\\/7\\\/2014\\\/02\\\/p5300017.jpg&quot;,&quot;id&quot;:&quot;9324&quot;,&quot;title&quot;:&quot;p5300017&quot;,&quot;alt&quot;:&quot;&quot;,&quot;caption&quot;:&quot;&quot;,&quot;itemprop&quot;:&quot;image&quot;},{&quot;src&quot;:&quot;https:\\\/\\\/www.alqueria.es\\\/blogs\\\/alqueriasegundociclo\\\/wp-content\\\/uploads\\\/sites\\\/7\\\/2014\\\/02\\\/p5300016.jpg&quot;,&quot;id&quot;:&quot;9323&quot;,&quot;title&quot;:&quot;p5300016&quot;,&quot;alt&quot;:&quot;&quot;,&quot;caption&quot;:&quot;&quot;,&quot;itemprop&quot;:&quot;image&quot;},{&quot;src&quot;:&quot;https:\\\/\\\/www.alqueria.es\\\/blogs\\\/alqueriasegundociclo\\\/wp-content\\\/uploads\\\/sites\\\/7\\\/2014\\\/02\\\/p5300015.jpg&quot;,&quot;id&quot;:&quot;9322&quot;,&quot;title&quot;:&quot;p5300015&quot;,&quot;alt&quot;:&quot;&quot;,&quot;caption&quot;:&quot;&quot;,&quot;itemprop&quot;:&quot;image&quot;},{&quot;src&quot;:&quot;https:\\\/\\\/www.alqueria.es\\\/blogs\\\/alqueriasegundociclo\\\/wp-content\\\/uploads\\\/sites\\\/7\\\/2014\\\/02\\\/p5300014.jpg&quot;,&quot;id&quot;:&quot;9321&quot;,&quot;title&quot;:&quot;p5300014&quot;,&quot;alt&quot;:&quot;&quot;,&quot;caption&quot;:&quot;&quot;,&quot;itemprop&quot;:&quot;image&quot;},{&quot;src&quot;:&quot;https:\\\/\\\/www.alqueria.es\\\/blogs\\\/alqueriasegundociclo\\\/wp-content\\\/uploads\\\/sites\\\/7\\\/2014\\\/02\\\/p5300013.jpg&quot;,&quot;id&quot;:&quot;9320&quot;,&quot;title&quot;:&quot;p5300013&quot;,&quot;alt&quot;:&quot;&quot;,&quot;caption&quot;:&quot;&quot;,&quot;itemprop&quot;:&quot;image&quot;}]\" itemscope itemtype=\"https:\/\/schema.org\/ImageGallery\"><\/div>\n<\/div>\n<div dir=\"ltr\" id=\"mw-content-text\" lang=\"es\">\n<dl>\n<dd>\n<dl>\n<dd>\n<dl>\n<dd>\n<dl>\n<dd>\n<dl>\n<dd>\n<dl>\n<dd>\n<dl>\n<dd><strong><br \/>\n<\/strong><\/dd>\n<\/dl>\n<\/dd>\n<\/dl>\n<\/dd>\n<\/dl>\n<\/dd>\n<\/dl>\n<\/dd>\n<\/dl>\n<\/dd>\n<\/dl>\n<\/dd>\n<\/dl>\n<\/div>\n<\/div>\n","protected":false},"excerpt":{"rendered":"<p>Quintilla Se acerca la feria del Corpus. El grupo ha investigado sobre las \u201cQuintillas\u201d y en su modalidad sobre las \u201cCarocas\u201d. Se realiza un breve recordatorio sobre la poes\u00eda, el verso, la rima y la estrofa. \u00abLa\u00a0quintilla\u00a0es una estrofa\u00a0\u00a0de la m\u00e9trica\u00a0castellana que consiste en cinco versos de ocho s\u00edlabas (octos\u00edlabos) o menores con dos rimas &hellip; <a href=\"https:\/\/www.alqueria.es\/blogs\/alqueriasegundociclo\/2012\/05\/31\/las-quintillas-las-carocas\/\" class=\"more-link\">Seguir leyendo <span class=\"screen-reader-text\">Las \u00abQuintillas\u00bb. Las \u00abCarocas\u00bb<\/span> <span class=\"meta-nav\">&rarr;<\/span><\/a><\/p>\n","protected":false},"author":15,"featured_media":0,"comment_status":"open","ping_status":"open","sticky":false,"template":"","format":"standard","meta":{"jetpack_post_was_ever_published":false,"_jetpack_newsletter_access":"","_jetpack_dont_email_post_to_subs":false,"_jetpack_newsletter_tier_id":0,"_jetpack_memberships_contains_paywalled_content":false,"_jetpack_memberships_contains_paid_content":false,"footnotes":"","jetpack_publicize_message":"","jetpack_publicize_feature_enabled":true,"jetpack_social_post_already_shared":true,"jetpack_social_options":{"image_generator_settings":{"template":"highway","default_image_id":0,"font":"","enabled":false},"version":2}},"categories":[28,36],"tags":[],"class_list":["post-1028","post","type-post","status-publish","format-standard","hentry","category-lengua-castellana-y-literatura-3o","category-noticias"],"jetpack_publicize_connections":[],"jetpack_featured_media_url":"","jetpack_sharing_enabled":true,"jetpack_shortlink":"https:\/\/wp.me\/p4lw4c-gA","_links":{"self":[{"href":"https:\/\/www.alqueria.es\/blogs\/alqueriasegundociclo\/wp-json\/wp\/v2\/posts\/1028","targetHints":{"allow":["GET"]}}],"collection":[{"href":"https:\/\/www.alqueria.es\/blogs\/alqueriasegundociclo\/wp-json\/wp\/v2\/posts"}],"about":[{"href":"https:\/\/www.alqueria.es\/blogs\/alqueriasegundociclo\/wp-json\/wp\/v2\/types\/post"}],"author":[{"embeddable":true,"href":"https:\/\/www.alqueria.es\/blogs\/alqueriasegundociclo\/wp-json\/wp\/v2\/users\/15"}],"replies":[{"embeddable":true,"href":"https:\/\/www.alqueria.es\/blogs\/alqueriasegundociclo\/wp-json\/wp\/v2\/comments?post=1028"}],"version-history":[{"count":0,"href":"https:\/\/www.alqueria.es\/blogs\/alqueriasegundociclo\/wp-json\/wp\/v2\/posts\/1028\/revisions"}],"wp:attachment":[{"href":"https:\/\/www.alqueria.es\/blogs\/alqueriasegundociclo\/wp-json\/wp\/v2\/media?parent=1028"}],"wp:term":[{"taxonomy":"category","embeddable":true,"href":"https:\/\/www.alqueria.es\/blogs\/alqueriasegundociclo\/wp-json\/wp\/v2\/categories?post=1028"},{"taxonomy":"post_tag","embeddable":true,"href":"https:\/\/www.alqueria.es\/blogs\/alqueriasegundociclo\/wp-json\/wp\/v2\/tags?post=1028"}],"curies":[{"name":"wp","href":"https:\/\/api.w.org\/{rel}","templated":true}]}}