{"id":120,"date":"2012-04-13T11:34:56","date_gmt":"2012-04-13T11:34:56","guid":{"rendered":"http:\/\/alqueriasegundociclo.wordpress.com\/?p=103"},"modified":"2012-04-13T11:34:56","modified_gmt":"2012-04-13T11:34:56","slug":"semana-del-9-al-13-de-abril-de-2012","status":"publish","type":"post","link":"https:\/\/www.alqueria.es\/blogs\/alqueriasegundociclo\/2012\/04\/13\/semana-del-9-al-13-de-abril-de-2012\/","title":{"rendered":"Semana del 9 al 13 de abril de 2012"},"content":{"rendered":"<p>Estimadas familias,<\/p>\n<p>Os doy la bienvenida a esta nueva forma de comunicaci\u00f3n, os invito que visiteis nuestro blog a menudo y anim\u00e9is a vuestros hijos e hijas a que lo consulten para recordar, afianzar y practicar aquellos contenidos que se trabajan en clase.<\/p>\n<p>Empezamos el tercer y \u00faltimo trimestre este curso, que es algo breve e intenso, por lo que necesitamos optimizar el trabajo y rentabilizar el tiempo, para ser lo m\u00e1s eficientes posible.<\/p>\n<p>Despegamos organizando el calendario, con las salidas, conferencias, viaje cultural, curso de nataci\u00f3n, estreno de la \u00f3pera&#8230; Vemos que no nos queda demasiado tiempo, el curso casi est\u00e1 acabado! Tenemos una asamblea en la que se le insiste mucho en las responsabilidades, concentraci\u00f3n, autonom\u00eda y auto-control.<\/p>\n<p>En el \u00e1rea de conocimiento del medio continuamos con el tema que nos ocup\u00f3 las \u00faltimas semanas de marzo, DENOMINACI\u00d3N DE ORIGEN: ANDALUC\u00cdA. Trabajamos y estudiamos la organizaci\u00f3n pol\u00edtica de nuestra comunidad, as\u00ed que ahora pasamos a la organizaci\u00f3n f\u00edsica, el relieve y el arte y cultura andaluza. Se han llevado a cabo explicaciones, visualizaciones, pr\u00e1cticas, informes individuales, audiciones&#8230; En la semana del 23 al 27 de abril se realizar\u00e1 la prueba de este tema. Para trabajarlo y estudiarlo, pod\u00e9is consultar el tema que se ha expuesto en clase, que se encuentra en internet (ellos\/as saben la direcci\u00f3n para buscarlo).<\/p>\n<p>En el \u00e1rea de lengua trabajamos la comunicaci\u00f3n: verbal y no verbal, as\u00ed como los elementos que se dan en la comunicaci\u00f3n (emisor, receptor, mensaje y canal). Estudiamos y practicamos con las preposiciones, \u00faltimo contenido de gram\u00e1tica para poder iniciar el an\u00e1lisis de oraciones, que nos ocupar\u00e1 hasta final de curso.<\/p>\n<p>En el \u00e1rea de matem\u00e1ticas continuamos con geometr\u00eda. Esta semana nos ocupamos de la \u00abgeometr\u00eda plana\u00bb, trabajando contenidos como: el punto, la recta, el segmento, tipos de rectas (paralelas, perpendiculares y secantes), \u00e1ngulos (clasificaci\u00f3n y medida), pol\u00edgonos, c\u00edrculo, circunferencia. Seguimos trabajando el c\u00e1lculo mental, donde se est\u00e1n viendo grandes avances. Dedicamos varias sesiones a la resoluci\u00f3n de problemas, donde el objetivo principal es el control de la concentraci\u00f3n y la atenci\u00f3n, resolviendo problemas de manera individual, sin ayuda. Posteriormente se realiza una correcci\u00f3n en gran grupo, rectificando sobre lo que err\u00f3neo, para tomar conciencia de los errores individuales.<\/p>\n<p>Nuestra compa\u00f1\u00eda sigue viento en popa, avanzando cada d\u00eda. La ilusi\u00f3n es m\u00e1xima. Est\u00e1n viendo los primeros resultados de los trabajos de cada grupo y eso anima mucho.<\/p>\n<p>Os deseo un buen fin de semana.<\/p>\n<p>Laura Justicia<\/p>\n<p>&nbsp;<\/p>\n<p>&nbsp;<\/p>\n","protected":false},"excerpt":{"rendered":"<p>Estimadas familias, Os doy la bienvenida a esta nueva forma de comunicaci\u00f3n, os invito que visiteis nuestro blog a menudo y anim\u00e9is a vuestros hijos e hijas a que lo consulten para recordar, afianzar y practicar aquellos contenidos que se trabajan en clase. Empezamos el tercer y \u00faltimo trimestre este curso, que es algo breve &hellip; <a href=\"https:\/\/www.alqueria.es\/blogs\/alqueriasegundociclo\/2012\/04\/13\/semana-del-9-al-13-de-abril-de-2012\/\" class=\"more-link\">Seguir leyendo <span class=\"screen-reader-text\">Semana del 9 al 13 de abril de 2012<\/span> <span class=\"meta-nav\">&rarr;<\/span><\/a><\/p>\n","protected":false},"author":14,"featured_media":0,"comment_status":"open","ping_status":"open","sticky":false,"template":"","format":"standard","meta":{"jetpack_post_was_ever_published":false,"_jetpack_newsletter_access":"","_jetpack_dont_email_post_to_subs":false,"_jetpack_newsletter_tier_id":0,"_jetpack_memberships_contains_paywalled_content":false,"_jetpack_memberships_contains_paid_content":false,"footnotes":"","jetpack_publicize_message":"","jetpack_publicize_feature_enabled":true,"jetpack_social_post_already_shared":true,"jetpack_social_options":{"image_generator_settings":{"template":"highway","default_image_id":0,"font":"","enabled":false},"version":2}},"categories":[36],"tags":[],"class_list":["post-120","post","type-post","status-publish","format-standard","hentry","category-noticias"],"jetpack_publicize_connections":[],"jetpack_featured_media_url":"","jetpack_sharing_enabled":true,"jetpack_shortlink":"https:\/\/wp.me\/p4lw4c-1W","_links":{"self":[{"href":"https:\/\/www.alqueria.es\/blogs\/alqueriasegundociclo\/wp-json\/wp\/v2\/posts\/120","targetHints":{"allow":["GET"]}}],"collection":[{"href":"https:\/\/www.alqueria.es\/blogs\/alqueriasegundociclo\/wp-json\/wp\/v2\/posts"}],"about":[{"href":"https:\/\/www.alqueria.es\/blogs\/alqueriasegundociclo\/wp-json\/wp\/v2\/types\/post"}],"author":[{"embeddable":true,"href":"https:\/\/www.alqueria.es\/blogs\/alqueriasegundociclo\/wp-json\/wp\/v2\/users\/14"}],"replies":[{"embeddable":true,"href":"https:\/\/www.alqueria.es\/blogs\/alqueriasegundociclo\/wp-json\/wp\/v2\/comments?post=120"}],"version-history":[{"count":0,"href":"https:\/\/www.alqueria.es\/blogs\/alqueriasegundociclo\/wp-json\/wp\/v2\/posts\/120\/revisions"}],"wp:attachment":[{"href":"https:\/\/www.alqueria.es\/blogs\/alqueriasegundociclo\/wp-json\/wp\/v2\/media?parent=120"}],"wp:term":[{"taxonomy":"category","embeddable":true,"href":"https:\/\/www.alqueria.es\/blogs\/alqueriasegundociclo\/wp-json\/wp\/v2\/categories?post=120"},{"taxonomy":"post_tag","embeddable":true,"href":"https:\/\/www.alqueria.es\/blogs\/alqueriasegundociclo\/wp-json\/wp\/v2\/tags?post=120"}],"curies":[{"name":"wp","href":"https:\/\/api.w.org\/{rel}","templated":true}]}}