{"id":1268,"date":"2012-06-08T12:29:32","date_gmt":"2012-06-08T12:29:32","guid":{"rendered":"http:\/\/alqueriasegundociclo.wordpress.com\/?p=1268"},"modified":"2014-02-24T10:46:49","modified_gmt":"2014-02-24T10:46:49","slug":"la-leyenda-del-cid","status":"publish","type":"post","link":"https:\/\/www.alqueria.es\/blogs\/alqueriasegundociclo\/2012\/06\/08\/la-leyenda-del-cid\/","title":{"rendered":"LA LEYENDA DEL CID"},"content":{"rendered":"<p>En clase ya se cont\u00f3 un poco la leyenda de este gran personaje de nuestra historia. Si quer\u00e9is saber algo m\u00e1s pod\u00e9is escuchad esta peque\u00f1a historia adaptada. \u00c1nimo y tambi\u00e9n hay que leer.<\/p>\n<p>Juanjo<\/p>\n<p><a title=\"El Cid\" href=\"http:\/\/www.tinglado.net\/tic\/manuel\/cid\/cid2.html\"><img decoding=\"async\" data-attachment-id=\"1269\" data-permalink=\"https:\/\/www.alqueria.es\/blogs\/alqueriasegundociclo\/el-cid-campeador\/\" data-orig-file=\"https:\/\/www.alqueria.es\/blogs\/alqueriasegundociclo\/wp-content\/uploads\/sites\/7\/2012\/06\/el-cid-campeador.gif\" data-orig-size=\"360,400\" data-comments-opened=\"1\" data-image-meta=\"{&quot;aperture&quot;:&quot;0&quot;,&quot;credit&quot;:&quot;&quot;,&quot;camera&quot;:&quot;&quot;,&quot;caption&quot;:&quot;&quot;,&quot;created_timestamp&quot;:&quot;0&quot;,&quot;copyright&quot;:&quot;&quot;,&quot;focal_length&quot;:&quot;0&quot;,&quot;iso&quot;:&quot;0&quot;,&quot;shutter_speed&quot;:&quot;0&quot;,&quot;title&quot;:&quot;&quot;}\" data-image-title=\"el-cid-campeador\" data-image-description=\"\" data-image-caption=\"\" data-large-file=\"https:\/\/www.alqueria.es\/blogs\/alqueriasegundociclo\/wp-content\/uploads\/sites\/7\/2012\/06\/el-cid-campeador.gif\" class=\"aligncenter size-full wp-image-1269\" title=\"el-cid-campeador\" src=\"https:\/\/cloud.alqueria.es\/wp-content\/uploads\/sites\/7\/2012\/06\/el-cid-campeador1.gif\" alt=\"\" width=\"360\" height=\"400\" \/><\/a><\/p>\n","protected":false},"excerpt":{"rendered":"<p>En clase ya se cont\u00f3 un poco la leyenda de este gran personaje de nuestra historia. Si quer\u00e9is saber algo m\u00e1s pod\u00e9is escuchad esta peque\u00f1a historia adaptada. \u00c1nimo y tambi\u00e9n hay que leer. Juanjo<\/p>\n","protected":false},"author":15,"featured_media":0,"comment_status":"open","ping_status":"open","sticky":false,"template":"","format":"standard","meta":{"jetpack_post_was_ever_published":false,"_jetpack_newsletter_access":"","_jetpack_dont_email_post_to_subs":false,"_jetpack_newsletter_tier_id":0,"_jetpack_memberships_contains_paywalled_content":false,"_jetpack_memberships_contains_paid_content":false,"footnotes":"","jetpack_publicize_message":"","jetpack_publicize_feature_enabled":true,"jetpack_social_post_already_shared":true,"jetpack_social_options":{"image_generator_settings":{"template":"highway","default_image_id":0,"font":"","enabled":false},"version":2}},"categories":[5,134,28],"tags":[],"class_list":["post-1268","post","type-post","status-publish","format-standard","hentry","category-3o-epo","category-lecturas-recomendadas","category-lengua-castellana-y-literatura-3o"],"jetpack_publicize_connections":[],"jetpack_featured_media_url":"","jetpack_sharing_enabled":true,"jetpack_shortlink":"https:\/\/wp.me\/p4lw4c-ks","_links":{"self":[{"href":"https:\/\/www.alqueria.es\/blogs\/alqueriasegundociclo\/wp-json\/wp\/v2\/posts\/1268","targetHints":{"allow":["GET"]}}],"collection":[{"href":"https:\/\/www.alqueria.es\/blogs\/alqueriasegundociclo\/wp-json\/wp\/v2\/posts"}],"about":[{"href":"https:\/\/www.alqueria.es\/blogs\/alqueriasegundociclo\/wp-json\/wp\/v2\/types\/post"}],"author":[{"embeddable":true,"href":"https:\/\/www.alqueria.es\/blogs\/alqueriasegundociclo\/wp-json\/wp\/v2\/users\/15"}],"replies":[{"embeddable":true,"href":"https:\/\/www.alqueria.es\/blogs\/alqueriasegundociclo\/wp-json\/wp\/v2\/comments?post=1268"}],"version-history":[{"count":0,"href":"https:\/\/www.alqueria.es\/blogs\/alqueriasegundociclo\/wp-json\/wp\/v2\/posts\/1268\/revisions"}],"wp:attachment":[{"href":"https:\/\/www.alqueria.es\/blogs\/alqueriasegundociclo\/wp-json\/wp\/v2\/media?parent=1268"}],"wp:term":[{"taxonomy":"category","embeddable":true,"href":"https:\/\/www.alqueria.es\/blogs\/alqueriasegundociclo\/wp-json\/wp\/v2\/categories?post=1268"},{"taxonomy":"post_tag","embeddable":true,"href":"https:\/\/www.alqueria.es\/blogs\/alqueriasegundociclo\/wp-json\/wp\/v2\/tags?post=1268"}],"curies":[{"name":"wp","href":"https:\/\/api.w.org\/{rel}","templated":true}]}}