{"id":13339,"date":"2015-11-28T13:57:23","date_gmt":"2015-11-28T12:57:23","guid":{"rendered":"https:\/\/www.alqueria.es\/blogs\/alqueriasegundociclo\/?p=13339"},"modified":"2015-11-28T21:21:17","modified_gmt":"2015-11-28T20:21:17","slug":"semanario-de-3o-semana-del-23-al-27-de-noviembre","status":"publish","type":"post","link":"https:\/\/www.alqueria.es\/blogs\/alqueriasegundociclo\/2015\/11\/28\/semanario-de-3o-semana-del-23-al-27-de-noviembre\/","title":{"rendered":"Semanario de 3\u00ba. Semana del 23 al 27 de noviembre."},"content":{"rendered":"<p><span style=\"color: #000000\">Se trabaja con mayor conciencia sobre lo que se hace y hay mayor inter\u00e9s y preocupaci\u00f3n por obtener buenos resultados, en definitiva por saber y aprender.<\/span><\/p>\n<p><span style=\"color: #000000;line-height: 1.5\">Hay que continuar trabajando sobre la motivaci\u00f3n, el inter\u00e9s por el aprender y \u00a0hacer las cosas seg\u00fan las posibilidades.<\/span><\/p>\n<p><span style=\"color: #000000;line-height: 1.5\">\u00bfQu\u00e9 pasa internamente cuando los resultados no acompa\u00f1an a las expectativas propias y ajenas?<\/span><\/p>\n<h2><span style=\"color: #0000ff\">\u2026<\/span><\/h2>\n<p>Es un tema preocupante sobre el que hay que reflexionar muy detenidamente y atender las necesidades individuales.<\/p>\n<p>El mundo de las emociones es apasionante, y desde ellas se trabaja para poder ir avanzando.\u00a0Desde la escuela se trabaja continuamente, siendo necesario conocerlas para poder trabajar sobre ellas.<\/p>\n<p><span style=\"line-height: 1.5\">\u00bfSe conoce y acepta la realidad?<\/span><\/p>\n<p>Contin\u00fao aconsejando las reflexiones del blog del primer ciclo, de Rosi, tutora de 2\u00ba. Seguro que os ayudar\u00e1n a entender mejor numerosos aspectos de la vida.<\/p>\n<p><a href=\"https:\/\/www.alqueria.es\/blogs\/alqueriaprimerciclo\/\">https:\/\/www.alqueria.es\/blogs\/alqueriaprimerciclo\/<\/a><\/p>\n<p><span style=\"color: #0000ff\">\u00c1rea de matem\u00e1ticas.<\/span><\/p>\n<p>Se trabaja para afianzar las <span style=\"color: #ff6600\">operaciones b\u00e1sicas<\/span>, en especial la <span style=\"color: #339966\">resta con llevada<\/span>. La mayor\u00eda del grupo la domina ya con bastante soltura siendo capaz de comprobar por s\u00ed el resultado, si est\u00e1 bien o no aplicando la prueba de la resta. A\u00fan hay un peque\u00f1o grupo que se le resiste, olvidando de d\u00f3nde hay que restar. Para ello os recuerdo que toda el \u00e1rea de matem\u00e1ticas es acumulativa, esto quiere decir que conforme la materia va avanzando se contin\u00faa trabajando todos los contenidos. No hay que olvidar lo aprendido, por lo que es necesario el trabajo recurrente y sobre todo y muy importante, respetar los ritmos de aprendizajes.<\/p>\n<p><img decoding=\"async\" data-attachment-id=\"13340\" data-permalink=\"https:\/\/www.alqueria.es\/blogs\/alqueriasegundociclo\/2015\/11\/28\/semanario-de-3o-semana-del-23-al-27-de-noviembre\/restas-con-llevada-1\/\" data-orig-file=\"https:\/\/www.alqueria.es\/blogs\/alqueriasegundociclo\/wp-content\/uploads\/sites\/7\/2015\/11\/restas-con-llevada-1.jpg\" data-orig-size=\"301,260\" data-comments-opened=\"1\" data-image-meta=\"{&quot;aperture&quot;:&quot;0&quot;,&quot;credit&quot;:&quot;&quot;,&quot;camera&quot;:&quot;&quot;,&quot;caption&quot;:&quot;&quot;,&quot;created_timestamp&quot;:&quot;0&quot;,&quot;copyright&quot;:&quot;&quot;,&quot;focal_length&quot;:&quot;0&quot;,&quot;iso&quot;:&quot;0&quot;,&quot;shutter_speed&quot;:&quot;0&quot;,&quot;title&quot;:&quot;&quot;,&quot;orientation&quot;:&quot;0&quot;}\" data-image-title=\"restas con llevada 1\" data-image-description=\"\" data-image-caption=\"\" data-large-file=\"https:\/\/www.alqueria.es\/blogs\/alqueriasegundociclo\/wp-content\/uploads\/sites\/7\/2015\/11\/restas-con-llevada-1.jpg\" class=\"alignleft size-full wp-image-13340\" src=\"https:\/\/cloud.alqueria.es\/wp-content\/uploads\/sites\/7\/2015\/11\/restas-con-llevada-1.jpg\" alt=\"restas con llevada 1\" width=\"301\" height=\"260\" srcset=\"https:\/\/www.alqueria.es\/blogs\/alqueriasegundociclo\/wp-content\/uploads\/sites\/7\/2015\/11\/restas-con-llevada-1.jpg 301w, https:\/\/www.alqueria.es\/blogs\/alqueriasegundociclo\/wp-content\/uploads\/sites\/7\/2015\/11\/restas-con-llevada-1-300x259.jpg 300w\" sizes=\"(max-width: 301px) 100vw, 301px\" \/><\/p>\n<p>Se suele olvidar con mucha facilidad lo aprendido, ante esto les he dicho que, en la medida de las posibilidades, todos los d\u00edas se realice una peque\u00f1a resta en casa, una sola, y que se apliquen la prueba para su comprobaci\u00f3n, as\u00ed se practican las dos operaciones que hasta ahora se est\u00e1n trabajando. Tambi\u00e9n se puede experimentar sobre los juegos del blog.<\/p>\n<p>Ya se abordan <span style=\"color: #ff6600\">resoluci\u00f3n de problemas<\/span> un poco m\u00e1s complicados. Suele haber numerosos datos y m\u00e1s de una pregunta, siendo necesario resolver con varias operaciones que puede ser de suma o resta. Para esto hay que detenerse en una correcta lectura, comprender muy bien el enunciado, los datos que se dan y las preguntas a contestar. Se ha dedicado tiempo al an\u00e1lisis detenidamente, desmenuzando el lenguaje, extrayendo los datos, planteando las operaciones y resolviendo.<\/p>\n<p><span style=\"color: #ff6600\">Vuelta atr\u00e1s<\/span>. Se ha realizado una actividad de recordatorio sobre todos los contenidos dados hasta ahora. Ya se van dominando las aproximaciones ( redondeo ) y las operaciones con par\u00e9ntesis. Sorpresa ha sido que se ha olvidado c\u00f3mo se escriben algunos n\u00fameros, y se aprecia dificultad (olvidos) a la hora de escribir unidades, decenas y centenas de millar, aparece por ejemplo \u00ab13.3\u00bb, en lugar de 13.003, esto quiere decir que hay que continuar recordando y trabajando al respecto para una mayor interiorizaci\u00f3n.<\/p>\n<p><span style=\"color: #ff6600\">El 8 y medio<\/span>. Poco a poco se va corrigiendo el trabajo realizado en este cuadernillo. Se aclaran dudas de algunos ejercicios y entre todo el grupo se aclaran. Recuerdo que si surgen dudas en casa, pueden aportarlas en clase para su aclaraci\u00f3n. La gran mayor\u00eda de dudas son sobre procesos l\u00f3gicos y entendimiento de qu\u00e9 hay que hacer, \u00e9stas se pueden ir resolviendo si se reflexiona sobre la actividad, pero est\u00e1n muy acomodados a que se les indique lo que tienen que hacer, salt\u00e1ndose la reflexi\u00f3n, el proceso l\u00f3gico y aplicaci\u00f3n de estrategias. Las operaciones de multiplicaci\u00f3n se realizar\u00e1n una vez trabajado en clase.<\/p>\n<p><span style=\"color: #0000ff\">\u00c1rea de ciencias.<\/span><\/p>\n<p>Se inici\u00f3 el tema de <span style=\"color: #ff6600\">los animales<\/span> la semana pasada con una lectura de los distintos libros. En esta semana, Marina y Ari han expuesto sus estupendas conferencias y han servido para ir acercando m\u00e1s a los contenidos que se van a estudiar.<\/p>\n<p>En este tema ha ocurrido lo mismo que en el anterior de las plantas. En las ideas previas, han hablado de todo lo que se va trabajar, lo conocen casi todo, pero de forma desordenada. Es el momento de ordenar, hacer el aprendizaje m\u00e1s significativo y en especial \u00a0generalizarlo y relacionarlo.<\/p>\n<p><img decoding=\"async\" data-attachment-id=\"13341\" data-permalink=\"https:\/\/www.alqueria.es\/blogs\/alqueriasegundociclo\/2015\/11\/28\/semanario-de-3o-semana-del-23-al-27-de-noviembre\/img_2385\/\" data-orig-file=\"https:\/\/www.alqueria.es\/blogs\/alqueriasegundociclo\/wp-content\/uploads\/sites\/7\/2015\/11\/IMG_2385.jpg\" data-orig-size=\"1024,768\" data-comments-opened=\"1\" data-image-meta=\"{&quot;aperture&quot;:&quot;0&quot;,&quot;credit&quot;:&quot;&quot;,&quot;camera&quot;:&quot;&quot;,&quot;caption&quot;:&quot;&quot;,&quot;created_timestamp&quot;:&quot;0&quot;,&quot;copyright&quot;:&quot;&quot;,&quot;focal_length&quot;:&quot;0&quot;,&quot;iso&quot;:&quot;0&quot;,&quot;shutter_speed&quot;:&quot;0&quot;,&quot;title&quot;:&quot;&quot;,&quot;orientation&quot;:&quot;0&quot;}\" data-image-title=\"IMG_2385\" data-image-description=\"\" data-image-caption=\"\" data-large-file=\"https:\/\/www.alqueria.es\/blogs\/alqueriasegundociclo\/wp-content\/uploads\/sites\/7\/2015\/11\/IMG_2385-1024x768.jpg\" class=\"alignleft wp-image-13341 size-medium\" src=\"https:\/\/cloud.alqueria.es\/wp-content\/uploads\/sites\/7\/2015\/11\/IMG_2385-300x225.jpg\" alt=\"IMG_2385\" width=\"300\" height=\"225\" srcset=\"https:\/\/www.alqueria.es\/blogs\/alqueriasegundociclo\/wp-content\/uploads\/sites\/7\/2015\/11\/IMG_2385-300x225.jpg 300w, https:\/\/www.alqueria.es\/blogs\/alqueriasegundociclo\/wp-content\/uploads\/sites\/7\/2015\/11\/IMG_2385.jpg 1024w\" sizes=\"(max-width: 300px) 100vw, 300px\" \/>Todo el grupo quiere tener una mascota. Algunos la tienen en casa y les he pedido que si pueden la traigan para presentarla. A la hora de presentarla deben realizar una ficha t\u00e9cnica sobre los contenidos trabajados adem\u00e1s de contar todos aquellos datos que quieran incorporar. Xenia ha empezado las presentaciones con su herbo, y nos ha dado una clase magistral sobre sus caracter\u00edsticas, h\u00e1bitat, costumbres, alimentaci\u00f3n y cuidados. Con esta actividad se trabaja <span style=\"color: #993366\">la oratoria,<\/span> competencia muy necesaria para aprender a comunicar, dominar los nervios, ansiedad, perder la verg\u00fcenza, etc.<\/p>\n<p>Todo el grupo va a exponer su mascota, la tengan o no. No es necesario traer un animal (ni es lo deseable por las complicaciones). S\u00ed han elegido uno para investigar y rellenar la ficha que poseen en sus archivadores. La semana que viene se continuar\u00e1 trabajando.<\/p>\n<p>Gran expectaci\u00f3n y motivaci\u00f3n tienen con los espacios del <span style=\"color: #ff6600\">huerto y granja<\/span>, los \u00abf\u00fatboleros\u00bb por la pista. Diariamente est\u00e1n esperando que llegue la hora del turno de granja-huerto. Ayudan con mucha ilusi\u00f3n en ir creando y dando vida, sobre todo al huerto. Dar de comer a las gallinas, conejos, cambiar el agua, limpiar un poco, observarlos (algunos correr tras ellos), son actividades deseosas de hacer. Observan muy detenidamente c\u00f3mo van apareciendo los brotes de los ajos rompiendo la tierra, los riegan y buscan qu\u00e9 semilla va apareciendo. Se les pasa el tiempo volando, cuando es la hora de volver a clase, desean continuar en esos rincones tan m\u00e1gicos. Seguiremos motivando para que contin\u00faen vivenciando con esa pasi\u00f3n y atrayendo cada vez a un grupo mayoritario.<\/p>\n<p><span style=\"color: #0000ff\">\u00c1rea de lengua.<\/span><\/p>\n<p>La <span style=\"color: #ff6600\">carta a los ni\u00f1os saharauis<\/span> ha sido una de las actividades estrella de la semana. Iniciamos la actividad reflexionando sobre qu\u00e9 es una carta, para qu\u00e9 se escribe y nos centramos en el formato de carta amistosa.<\/p>\n<p>Se realiza una actividad previa de an\u00e1lisis de carta, destacando:<\/p>\n<ul>\n<li><span style=\"color: #800000\">La fecha y lugar desde donde se escribe.<\/span><\/li>\n<li><span style=\"color: #ff0000\">Saludo afectuoso.<\/span><\/li>\n<li><span style=\"color: #ff00ff\">Presentaci\u00f3n.<\/span><\/li>\n<li><span style=\"color: #808000\">Mensaje que se quiere dar.<\/span><\/li>\n<li><span style=\"color: #800080\">Despedida afectuosa.<\/span><\/li>\n<li><span style=\"color: #33cccc\">Firma.<\/span><\/li>\n<\/ul>\n<p>Igualmente se ha trabajado sobre el sobre, el destinatario y el remitente.<\/p>\n<p>Aportaron, la gran mayor\u00eda, un borrador en su diario, sobre \u00e9ste se aborda la nueva carta respetando el formato trabajado. Una vez realizado el borrador en su libreta y corregido a nivel individual, se ha pasado a limpio para mandarla al campamento saharaui. \u00c9stas est\u00e1n expuestas en el expositor de clase, pronto se mandar\u00e1n.<\/p>\n<p>Contin\u00faan apareciendo nuevos contenidos del \u00e1rea. Se ha jugado a formar <span style=\"color: #ff6600\">aumentativos y diminutivos<\/span> con los nombres. Ha destacado la palabra <span style=\"color: #ff6600\">sufijo<\/span> y los que se utilizan para formar los aumentativos( -on, -azo, -aza, -ote, -ota, -ona) y diminutivos (-illo, -illa, -ita, -ito, -ico, -ica).<\/p>\n<p>Se trabaja sobre la ortograf\u00eda de \u00abza, ce, ci zo, zu, ca que, qui, co, cu\u00bb.<\/p>\n<p>Y muchas otras cosas m\u00e1s, no menos interesantes.<\/p>\n<p>Os deseo un buen fin de semana.<\/p>\n<p>Saludos.<\/p>\n<p>Juanjo<\/p>\n<p>&nbsp;<\/p>\n<p>&nbsp;<\/p>\n<p>&nbsp;<\/p>\n<p>&nbsp;<\/p>\n","protected":false},"excerpt":{"rendered":"<p>Se trabaja con mayor conciencia sobre lo que se hace y hay mayor inter\u00e9s y preocupaci\u00f3n por obtener buenos resultados, en definitiva por saber y aprender. Hay que continuar trabajando sobre la motivaci\u00f3n, el inter\u00e9s por el aprender y \u00a0hacer las cosas seg\u00fan las posibilidades. \u00bfQu\u00e9 pasa internamente cuando los resultados no acompa\u00f1an a las &hellip; <a href=\"https:\/\/www.alqueria.es\/blogs\/alqueriasegundociclo\/2015\/11\/28\/semanario-de-3o-semana-del-23-al-27-de-noviembre\/\" class=\"more-link\">Seguir leyendo <span class=\"screen-reader-text\">Semanario de 3\u00ba. Semana del 23 al 27 de noviembre.<\/span> <span class=\"meta-nav\">&rarr;<\/span><\/a><\/p>\n","protected":false},"author":16,"featured_media":0,"comment_status":"open","ping_status":"open","sticky":false,"template":"","format":"standard","meta":{"jetpack_post_was_ever_published":false,"_jetpack_newsletter_access":"","_jetpack_dont_email_post_to_subs":false,"_jetpack_newsletter_tier_id":0,"_jetpack_memberships_contains_paywalled_content":false,"_jetpack_memberships_contains_paid_content":false,"footnotes":"","jetpack_publicize_message":"","jetpack_publicize_feature_enabled":true,"jetpack_social_post_already_shared":true,"jetpack_social_options":{"image_generator_settings":{"template":"highway","default_image_id":0,"font":"","enabled":false},"version":2}},"categories":[5,59],"tags":[],"class_list":["post-13339","post","type-post","status-publish","format-standard","hentry","category-3o-epo","category-semanario-3o"],"jetpack_publicize_connections":[],"jetpack_featured_media_url":"","jetpack_sharing_enabled":true,"jetpack_shortlink":"https:\/\/wp.me\/p4lw4c-3t9","_links":{"self":[{"href":"https:\/\/www.alqueria.es\/blogs\/alqueriasegundociclo\/wp-json\/wp\/v2\/posts\/13339","targetHints":{"allow":["GET"]}}],"collection":[{"href":"https:\/\/www.alqueria.es\/blogs\/alqueriasegundociclo\/wp-json\/wp\/v2\/posts"}],"about":[{"href":"https:\/\/www.alqueria.es\/blogs\/alqueriasegundociclo\/wp-json\/wp\/v2\/types\/post"}],"author":[{"embeddable":true,"href":"https:\/\/www.alqueria.es\/blogs\/alqueriasegundociclo\/wp-json\/wp\/v2\/users\/16"}],"replies":[{"embeddable":true,"href":"https:\/\/www.alqueria.es\/blogs\/alqueriasegundociclo\/wp-json\/wp\/v2\/comments?post=13339"}],"version-history":[{"count":0,"href":"https:\/\/www.alqueria.es\/blogs\/alqueriasegundociclo\/wp-json\/wp\/v2\/posts\/13339\/revisions"}],"wp:attachment":[{"href":"https:\/\/www.alqueria.es\/blogs\/alqueriasegundociclo\/wp-json\/wp\/v2\/media?parent=13339"}],"wp:term":[{"taxonomy":"category","embeddable":true,"href":"https:\/\/www.alqueria.es\/blogs\/alqueriasegundociclo\/wp-json\/wp\/v2\/categories?post=13339"},{"taxonomy":"post_tag","embeddable":true,"href":"https:\/\/www.alqueria.es\/blogs\/alqueriasegundociclo\/wp-json\/wp\/v2\/tags?post=13339"}],"curies":[{"name":"wp","href":"https:\/\/api.w.org\/{rel}","templated":true}]}}