{"id":1402,"date":"2012-06-13T10:00:31","date_gmt":"2012-06-13T10:00:31","guid":{"rendered":"http:\/\/alqueriasegundociclo.wordpress.com\/?p=1402"},"modified":"2012-06-13T10:00:31","modified_gmt":"2012-06-13T10:00:31","slug":"la-galaxia-asistira-a-la-presentacion-oficial-de-la-9a-edicion-del-fex","status":"publish","type":"post","link":"https:\/\/www.alqueria.es\/blogs\/alqueriasegundociclo\/2012\/06\/13\/la-galaxia-asistira-a-la-presentacion-oficial-de-la-9a-edicion-del-fex\/","title":{"rendered":"\u00abLA GALAXIA\u00bb asistir\u00e1 a la presentaci\u00f3n oficial de la 9\u00aa edici\u00f3n del FEX"},"content":{"rendered":"<p style=\"text-align:justify\">\u00a1S\u00ed\u00ed\u00ed\u00ed\u00ed\u00ed, hab\u00e9is le\u00eddo bien!<\/p>\n<p style=\"text-align:justify\">La compa\u00f1\u00eda recibi\u00f3 un mail de Diego Mart\u00ednez, director del FIMDG (Festival de M\u00fasica y Danza de Granada), conovoc\u00e1ndola a la <strong>presentaci\u00f3n oficial de la 9\u00aa edici\u00f3n del FEX<\/strong>, en cuyo programa aparece la obra \u00bb Un viaje inesperado\u00bb de la compa\u00f1\u00eda de \u00f3pera \u00abLa Galaxia\u00bb.<\/p>\n<p style=\"text-align:justify\">\u00c9sta tendr\u00e1 lugar el <span style=\"color:#ff0000\">jueves 14 de junio en el Palacio de Quinta Alegre a las 11 h.<\/span> A dicho acto acompa\u00f1ar\u00e9 y acudir\u00e1n, en representaci\u00f3n de la compa\u00f1\u00eda, <span style=\"color:#3366ff\"><span style=\"color:#0000ff\">Pedro<\/span> <span style=\"color:#000000\">(jefe de producci\u00f3n),<\/span> <span style=\"color:#0000ff\">Isabel y Rub\u00e9n<\/span> <span style=\"color:#000000\">(relaciones p\u00fablicas y documentalistas)<\/span><\/span><span style=\"color:#000000\">.\u00a0 <\/span><\/p>\n<p style=\"text-align:justify\">Ya os contar\u00e1n qu\u00e9 tal les ha ido&#8230;<\/p>\n<p style=\"text-align:justify\">\n","protected":false},"excerpt":{"rendered":"<p>\u00a1S\u00ed\u00ed\u00ed\u00ed\u00ed\u00ed, hab\u00e9is le\u00eddo bien! La compa\u00f1\u00eda recibi\u00f3 un mail de Diego Mart\u00ednez, director del FIMDG (Festival de M\u00fasica y Danza de Granada), conovoc\u00e1ndola a la presentaci\u00f3n oficial de la 9\u00aa edici\u00f3n del FEX, en cuyo programa aparece la obra \u00bb Un viaje inesperado\u00bb de la compa\u00f1\u00eda de \u00f3pera \u00abLa Galaxia\u00bb. \u00c9sta tendr\u00e1 lugar el jueves &hellip; <a href=\"https:\/\/www.alqueria.es\/blogs\/alqueriasegundociclo\/2012\/06\/13\/la-galaxia-asistira-a-la-presentacion-oficial-de-la-9a-edicion-del-fex\/\" class=\"more-link\">Seguir leyendo <span class=\"screen-reader-text\">\u00abLA GALAXIA\u00bb asistir\u00e1 a la presentaci\u00f3n oficial de la 9\u00aa edici\u00f3n del FEX<\/span> <span class=\"meta-nav\">&rarr;<\/span><\/a><\/p>\n","protected":false},"author":14,"featured_media":0,"comment_status":"open","ping_status":"open","sticky":false,"template":"","format":"standard","meta":{"jetpack_post_was_ever_published":false,"_jetpack_newsletter_access":"","_jetpack_dont_email_post_to_subs":false,"_jetpack_newsletter_tier_id":0,"_jetpack_memberships_contains_paywalled_content":false,"_jetpack_memberships_contains_paid_content":false,"footnotes":"","jetpack_publicize_message":"","jetpack_publicize_feature_enabled":true,"jetpack_social_post_already_shared":true,"jetpack_social_options":{"image_generator_settings":{"template":"highway","default_image_id":0,"font":"","enabled":false},"version":2}},"categories":[47],"tags":[],"class_list":["post-1402","post","type-post","status-publish","format-standard","hentry","category-proyecto-lova"],"jetpack_publicize_connections":[],"jetpack_featured_media_url":"","jetpack_sharing_enabled":true,"jetpack_shortlink":"https:\/\/wp.me\/p4lw4c-mC","_links":{"self":[{"href":"https:\/\/www.alqueria.es\/blogs\/alqueriasegundociclo\/wp-json\/wp\/v2\/posts\/1402","targetHints":{"allow":["GET"]}}],"collection":[{"href":"https:\/\/www.alqueria.es\/blogs\/alqueriasegundociclo\/wp-json\/wp\/v2\/posts"}],"about":[{"href":"https:\/\/www.alqueria.es\/blogs\/alqueriasegundociclo\/wp-json\/wp\/v2\/types\/post"}],"author":[{"embeddable":true,"href":"https:\/\/www.alqueria.es\/blogs\/alqueriasegundociclo\/wp-json\/wp\/v2\/users\/14"}],"replies":[{"embeddable":true,"href":"https:\/\/www.alqueria.es\/blogs\/alqueriasegundociclo\/wp-json\/wp\/v2\/comments?post=1402"}],"version-history":[{"count":0,"href":"https:\/\/www.alqueria.es\/blogs\/alqueriasegundociclo\/wp-json\/wp\/v2\/posts\/1402\/revisions"}],"wp:attachment":[{"href":"https:\/\/www.alqueria.es\/blogs\/alqueriasegundociclo\/wp-json\/wp\/v2\/media?parent=1402"}],"wp:term":[{"taxonomy":"category","embeddable":true,"href":"https:\/\/www.alqueria.es\/blogs\/alqueriasegundociclo\/wp-json\/wp\/v2\/categories?post=1402"},{"taxonomy":"post_tag","embeddable":true,"href":"https:\/\/www.alqueria.es\/blogs\/alqueriasegundociclo\/wp-json\/wp\/v2\/tags?post=1402"}],"curies":[{"name":"wp","href":"https:\/\/api.w.org\/{rel}","templated":true}]}}