{"id":1412,"date":"2012-06-14T14:25:43","date_gmt":"2012-06-14T14:25:43","guid":{"rendered":"http:\/\/alqueriasegundociclo.wordpress.com\/?p=1412"},"modified":"2014-02-24T10:32:23","modified_gmt":"2014-02-24T10:32:23","slug":"un-viaje-inesperado","status":"publish","type":"post","link":"https:\/\/www.alqueria.es\/blogs\/alqueriasegundociclo\/2012\/06\/14\/un-viaje-inesperado\/","title":{"rendered":"\u00a1Un viaje inesperado!"},"content":{"rendered":"<p style=\"text-align:justify\">As\u00ed, inesperado, ha sido\u00a0 este acto para la compa\u00f1\u00eda.<\/p>\n<p style=\"text-align:justify\">Como ayer os anunci\u00e9, esta ma\u00f1ana la compa\u00f1\u00eda de \u00f3pera \u00abLa Galaxia\u00bb ha asistido a la presentaci\u00f3n del programa de la 9\u00aa edici\u00f3n del FEX.<\/p>\n<p style=\"text-align:justify\">Sobre las diez y media de la ma\u00f1ana nos dirigimos en taxi al Palacio de Quinta Alegre, lugar del acto de inauguraci\u00f3n (\u00a1uf, que nervios, no se o\u00eda una mosca, tan s\u00f3lo el aire acondicionado!). Ana D\u00edaz, la coordinadora del FEX, nos recibi\u00f3 en la puerta y de inmediato nos invit\u00f3 a pasar y tomar asientos reservados. All\u00ed mismo tuvimos la oportunidad de conocer a Mar\u00eda Jos\u00e9 Serrano, relaciones externas, que se interes\u00f3 por nuestra presencia. En s\u00f3lo unos minutos di\u00f3 comienzo el acto. Tuvieron lugar las palabras de los representantes de las instituciones que conforman el consejo rector del Festival de M\u00fasica y Danza de Granada (Ayuntamiento, Diputaci\u00f3n, Junta de Andaluc\u00eda, Patronato de la Alhambra y Gobierno central).<\/p>\n<p><a href=\"http:\/\/alqueriasegundociclo.files.wordpress.com\/2012\/06\/presentacion-fex-647x2312.jpg\"><img decoding=\"async\" data-attachment-id=\"1437\" data-permalink=\"https:\/\/www.alqueria.es\/blogs\/alqueriasegundociclo\/presentacion-fex-647x231-3\/\" data-orig-file=\"https:\/\/www.alqueria.es\/blogs\/alqueriasegundociclo\/wp-content\/uploads\/sites\/7\/2012\/06\/presentacion-fex-647x2312.jpg\" data-orig-size=\"647,231\" data-comments-opened=\"1\" data-image-meta=\"{&quot;aperture&quot;:&quot;0&quot;,&quot;credit&quot;:&quot;&quot;,&quot;camera&quot;:&quot;&quot;,&quot;caption&quot;:&quot;&quot;,&quot;created_timestamp&quot;:&quot;0&quot;,&quot;copyright&quot;:&quot;&quot;,&quot;focal_length&quot;:&quot;0&quot;,&quot;iso&quot;:&quot;0&quot;,&quot;shutter_speed&quot;:&quot;0&quot;,&quot;title&quot;:&quot;&quot;}\" data-image-title=\"presentacion-fex&amp;#8211;647&amp;#215;231\" data-image-description=\"\" data-image-caption=\"\" data-large-file=\"https:\/\/www.alqueria.es\/blogs\/alqueriasegundociclo\/wp-content\/uploads\/sites\/7\/2012\/06\/presentacion-fex-647x2312.jpg\" class=\"aligncenter size-medium wp-image-1437\" title=\"presentacion-fex--647x231\" src=\"https:\/\/cloud.alqueria.es\/wp-content\/uploads\/sites\/7\/2012\/06\/presentacion-fex-647x23121.jpg\" alt=\"\" width=\"300\" height=\"107\" \/><\/a><\/p>\n<p>&nbsp;<\/p>\n<p style=\"text-align:justify\">Una vez hubo acabado el acto, vinieron las presentaciones e inquietudes del porqu\u00e9 de nuestra presencia all\u00ed. As\u00ed pudieron explicar el proyecto y entablar conversaciones con: Diego Mart\u00ednez Mart\u00ednez, director del FIMDG; Mar\u00eda Jos\u00e9 Serrano, relaciones externas del FIMDG; Juan Mata, profesor de lengua y literatura de la UGR; profesores del Real Conservatorio de M\u00fasica de Granada; Miguel S\u00e1nchez, director de la Banda Municipal de M\u00fasica de Granada; Kherrous Boualem, de la orquesta andalus\u00ed en Kolea (Argelia); productores&#8230;<\/p>\n<p style=\"text-align:justify\">\u00c9stos son sus relatos e impresiones:<\/p>\n<p style=\"text-align:justify\"><span style=\"color:#ff0000\">Rub\u00e9n: \u00abCuando cogimos el taxi estaba un poco nervioso, pero cuando me iba acercando me tranquilizaba. Al llegar nos sentamos y estuvimos escuchando lo que dec\u00eda el alcalde, el director del FIMDG y m\u00e1s personas que estaban en la mesa. Esperaba que fuese m\u00e1s largo, pero no. Al salir, conocimos mucha gente relacionada con el festival como: Diego, director del FIMDG; Ana, coordinadora del FEX; Pilar, fot\u00f3grafa; Mar\u00eda Jos\u00e9, relaciones p\u00fablicas del FIMDG; etc. Me ha parecido un acto muy interesante.\u00bb<\/span><\/p>\n<p style=\"text-align:justify\"><span style=\"color:#339966\">Pedro: \u00abEsta ma\u00f1ana estaba un poco nervioso, por asistir a ese acto, pero una vez que comenzaron a hablar sobre el FEX y los espect\u00e1culos que se har\u00edan, me tranquilic\u00e9 un poco. Despu\u00e9s de la charla, Ana nos present\u00f3 a mucha gente, entre ellos a Diego, el director del FIMDG. Conocimos tambi\u00e9n a fot\u00f3grafas, a una jefa de producci\u00f3n, a un productor, a la relaciones p\u00fablicas del FIMDG&#8230; Para m\u00ed este acto ha sido bastante interesante porque pensar que est\u00e1bamos ah\u00ed con gente tan importante, y nosotros represetando a la compa\u00f1\u00eda de \u00f3pera \u00abLa Galaxia\u00bb&#8230;\u00bb<\/span><\/p>\n<p style=\"text-align:justify\"><span style=\"color:#00ccff\">Isabel: \u00abYo estaba muy nerviosa, pero cuando empezaron a hablar me fu\u00ed tranquilizando. Admiraba el lugar por su decoraci\u00f3n. Hablaron del FEX (Festival de Extensi\u00f3n) donde hab\u00eda j\u00f3venes int\u00e9rpretes. Cuando se acab\u00f3 la charla Ana nos present\u00f3 a mucha gente muy amable que nos preguntaba qu\u00e9 hac\u00edamos ah\u00ed, c\u00f3mo nos llam\u00e1bamos, qu\u00e9 profesi\u00f3n ten\u00edamos dentro de la compa\u00f1\u00eda&#8230; Al final, cuando nos hemos ido en el taxi, ya est\u00e1bamos charlando todo el rato, no como en el viaje de ida \u00a1se hab\u00edan pasado los nervios! Me he sentido muy especial por estar ah\u00ed representando a la compa\u00f1\u00eda. Todas las personas que hemos conocido nos han felicitado por el trabajo hecho y van a intentar asistir\u00bb<\/span><\/p>\n<p style=\"text-align:justify\"><span style=\"color:#000000\">Desde aqu\u00ed os traslado mi satisfacci\u00f3n personal y profesional con todos los componentes de la compa\u00f1\u00eda. <\/span><\/p>\n<p style=\"text-align:justify\">Han sido muchos los elogios y felicitaciones que han recibido, sin la puesta en escena,\u00a0 haci\u00e9ndoles ver que lo importante es el camino que han recorrido juntos y no el destino.<\/p>\n<p style=\"text-align:justify\"><span style=\"color:#000000\">Ha sido fabuloso poder compartir este momento con ellos, escuchar la defensa de su proyecto, de la compa\u00f1\u00eda, de sus responsabilidades, de la cooperaci\u00f3n y colaboraci\u00f3n como fuerza para sacar adelante demostrando en todo momento que el objetivo de este proyecto est\u00e1 m\u00e1s que conseguido. <\/span><\/p>\n<p style=\"text-align:justify\">\u00a1Enhorabuena una vez m\u00e1s !<\/p>\n<p style=\"text-align:justify\">\u00c9stas son las p\u00e1ginas del programa del FEX que hacen referencia a la obra \u00abUn viaje inesperado\u00bb de la compa\u00f1\u00eda de \u00f3pera \u00abLa Galaxia\u00bb<\/p>\n<p style=\"text-align:justify\"><a href=\"https:\/\/cloud.alqueria.es\/wp-content\/uploads\/sites\/7\/2012\/06\/fexprograma131.png\"><img decoding=\"async\" data-attachment-id=\"1432\" data-permalink=\"https:\/\/www.alqueria.es\/blogs\/alqueriasegundociclo\/fexprograma1-4\/\" data-orig-file=\"https:\/\/www.alqueria.es\/blogs\/alqueriasegundociclo\/wp-content\/uploads\/sites\/7\/2012\/06\/fexprograma13.png\" data-orig-size=\"489,655\" data-comments-opened=\"1\" data-image-meta=\"{&quot;aperture&quot;:&quot;0&quot;,&quot;credit&quot;:&quot;&quot;,&quot;camera&quot;:&quot;&quot;,&quot;caption&quot;:&quot;&quot;,&quot;created_timestamp&quot;:&quot;0&quot;,&quot;copyright&quot;:&quot;&quot;,&quot;focal_length&quot;:&quot;0&quot;,&quot;iso&quot;:&quot;0&quot;,&quot;shutter_speed&quot;:&quot;0&quot;,&quot;title&quot;:&quot;&quot;}\" data-image-title=\"fexprograma1\" data-image-description=\"\" data-image-caption=\"\" data-large-file=\"https:\/\/www.alqueria.es\/blogs\/alqueriasegundociclo\/wp-content\/uploads\/sites\/7\/2012\/06\/fexprograma13.png\" class=\"alignnone size-full wp-image-1432\" title=\"fexprograma1\" src=\"https:\/\/cloud.alqueria.es\/wp-content\/uploads\/sites\/7\/2012\/06\/fexprograma131.png\" alt=\"\" width=\"489\" height=\"655\" \/><\/a><a href=\"https:\/\/cloud.alqueria.es\/wp-content\/uploads\/sites\/7\/2012\/06\/fexprograma211.png\"><img decoding=\"async\" data-attachment-id=\"1433\" data-permalink=\"https:\/\/www.alqueria.es\/blogs\/alqueriasegundociclo\/fexprograma2-2\/\" data-orig-file=\"https:\/\/www.alqueria.es\/blogs\/alqueriasegundociclo\/wp-content\/uploads\/sites\/7\/2012\/06\/fexprograma21.png\" data-orig-size=\"486,652\" data-comments-opened=\"1\" data-image-meta=\"{&quot;aperture&quot;:&quot;0&quot;,&quot;credit&quot;:&quot;&quot;,&quot;camera&quot;:&quot;&quot;,&quot;caption&quot;:&quot;&quot;,&quot;created_timestamp&quot;:&quot;0&quot;,&quot;copyright&quot;:&quot;&quot;,&quot;focal_length&quot;:&quot;0&quot;,&quot;iso&quot;:&quot;0&quot;,&quot;shutter_speed&quot;:&quot;0&quot;,&quot;title&quot;:&quot;&quot;}\" data-image-title=\"fexprograma2\" data-image-description=\"\" data-image-caption=\"\" data-large-file=\"https:\/\/www.alqueria.es\/blogs\/alqueriasegundociclo\/wp-content\/uploads\/sites\/7\/2012\/06\/fexprograma21.png\" class=\"alignnone size-full wp-image-1433\" title=\"fexprograma2\" src=\"https:\/\/cloud.alqueria.es\/wp-content\/uploads\/sites\/7\/2012\/06\/fexprograma211.png\" alt=\"\" width=\"486\" height=\"652\" \/><\/a><\/p>\n<p style=\"text-align:justify\">Pod\u00e9is ver el programa completo del FEX en el siguiente enlace:<\/p>\n<p><a href=\"http:\/\/www.granadafestival.org\/2012\/programacion\/fex\/\"><img decoding=\"async\" data-attachment-id=\"1425\" data-permalink=\"https:\/\/www.alqueria.es\/blogs\/alqueriasegundociclo\/logo_fex___fest-ext\/\" data-orig-file=\"https:\/\/www.alqueria.es\/blogs\/alqueriasegundociclo\/wp-content\/uploads\/sites\/7\/2012\/06\/logo_fex___fest-ext.jpg\" data-orig-size=\"1024,273\" data-comments-opened=\"1\" data-image-meta=\"{&quot;aperture&quot;:&quot;0&quot;,&quot;credit&quot;:&quot;&quot;,&quot;camera&quot;:&quot;&quot;,&quot;caption&quot;:&quot;&quot;,&quot;created_timestamp&quot;:&quot;0&quot;,&quot;copyright&quot;:&quot;&quot;,&quot;focal_length&quot;:&quot;0&quot;,&quot;iso&quot;:&quot;0&quot;,&quot;shutter_speed&quot;:&quot;0&quot;,&quot;title&quot;:&quot;&quot;}\" data-image-title=\"logo_FEX___fest-ext\" data-image-description=\"\" data-image-caption=\"\" data-large-file=\"https:\/\/www.alqueria.es\/blogs\/alqueriasegundociclo\/wp-content\/uploads\/sites\/7\/2012\/06\/logo_fex___fest-ext-1024x273.jpg\" class=\"size-thumbnail wp-image-1425 aligncenter\" title=\"logo_FEX___fest-ext\" src=\"https:\/\/cloud.alqueria.es\/wp-content\/uploads\/sites\/7\/2012\/06\/logo_fex___fest-ext1.jpg\" alt=\"\" width=\"150\" height=\"40\" \/><\/a><\/p>\n<p style=\"text-align:justify\">Aqu\u00ed os dejo el enlace a algunas de las noticias relacionadas:<\/p>\n<p><a href=\"http:\/\/www.ideal.es\/granada\/20120614\/mas-actualidad\/cultura\/artistas-llevaran-calles-granada-201206141302.html\"><img decoding=\"async\" data-attachment-id=\"1423\" data-permalink=\"https:\/\/www.alqueria.es\/blogs\/alqueriasegundociclo\/ideal-2\/\" data-orig-file=\"https:\/\/www.alqueria.es\/blogs\/alqueriasegundociclo\/wp-content\/uploads\/sites\/7\/2012\/06\/ideal1.gif\" data-orig-size=\"192,100\" data-comments-opened=\"1\" data-image-meta=\"{&quot;aperture&quot;:&quot;0&quot;,&quot;credit&quot;:&quot;&quot;,&quot;camera&quot;:&quot;&quot;,&quot;caption&quot;:&quot;&quot;,&quot;created_timestamp&quot;:&quot;0&quot;,&quot;copyright&quot;:&quot;&quot;,&quot;focal_length&quot;:&quot;0&quot;,&quot;iso&quot;:&quot;0&quot;,&quot;shutter_speed&quot;:&quot;0&quot;,&quot;title&quot;:&quot;&quot;}\" data-image-title=\"Ideal\" data-image-description=\"\" data-image-caption=\"\" data-large-file=\"https:\/\/www.alqueria.es\/blogs\/alqueriasegundociclo\/wp-content\/uploads\/sites\/7\/2012\/06\/ideal1.gif\" class=\"size-thumbnail wp-image-1423 alignleft\" title=\"Ideal\" src=\"https:\/\/cloud.alqueria.es\/wp-content\/uploads\/sites\/7\/2012\/06\/ideal11.gif\" alt=\"\" width=\"119\" height=\"62\" \/><\/a><a href=\"http:\/\/www.granadahoy.com\/article\/ocio\/1283188\/mas\/artistas\/daran\/espectaculo\/por\/las\/calles\/granada.html\"><img decoding=\"async\" data-attachment-id=\"1420\" data-permalink=\"https:\/\/www.alqueria.es\/blogs\/alqueriasegundociclo\/content_logo%20granada%20hoy-2\/\" data-orig-file=\"https:\/\/www.alqueria.es\/blogs\/alqueriasegundociclo\/wp-content\/uploads\/sites\/7\/2012\/06\/content_logo20granada20hoy1.jpg\" data-orig-size=\"575,195\" data-comments-opened=\"1\" data-image-meta=\"{&quot;aperture&quot;:&quot;0&quot;,&quot;credit&quot;:&quot;&quot;,&quot;camera&quot;:&quot;&quot;,&quot;caption&quot;:&quot;&quot;,&quot;created_timestamp&quot;:&quot;0&quot;,&quot;copyright&quot;:&quot;&quot;,&quot;focal_length&quot;:&quot;0&quot;,&quot;iso&quot;:&quot;0&quot;,&quot;shutter_speed&quot;:&quot;0&quot;,&quot;title&quot;:&quot;&quot;}\" data-image-title=\"content_LOGO%20granada%20hoy\" data-image-description=\"\" data-image-caption=\"\" data-large-file=\"https:\/\/www.alqueria.es\/blogs\/alqueriasegundociclo\/wp-content\/uploads\/sites\/7\/2012\/06\/content_logo20granada20hoy1.jpg\" class=\"alignnone size-thumbnail wp-image-1420\" title=\"content_LOGO%20granada%20hoy\" src=\"https:\/\/cloud.alqueria.es\/wp-content\/uploads\/sites\/7\/2012\/06\/content_logo20granada20hoy11.jpg\" alt=\"\" width=\"150\" height=\"50\" \/><\/a><\/p>\n<p>Laura Justicia<\/p>\n","protected":false},"excerpt":{"rendered":"<p>As\u00ed, inesperado, ha sido\u00a0 este acto para la compa\u00f1\u00eda. Como ayer os anunci\u00e9, esta ma\u00f1ana la compa\u00f1\u00eda de \u00f3pera \u00abLa Galaxia\u00bb ha asistido a la presentaci\u00f3n del programa de la 9\u00aa edici\u00f3n del FEX. Sobre las diez y media de la ma\u00f1ana nos dirigimos en taxi al Palacio de Quinta Alegre, lugar del acto de &hellip; <a href=\"https:\/\/www.alqueria.es\/blogs\/alqueriasegundociclo\/2012\/06\/14\/un-viaje-inesperado\/\" class=\"more-link\">Seguir leyendo <span class=\"screen-reader-text\">\u00a1Un viaje inesperado!<\/span> <span class=\"meta-nav\">&rarr;<\/span><\/a><\/p>\n","protected":false},"author":14,"featured_media":0,"comment_status":"open","ping_status":"open","sticky":false,"template":"","format":"standard","meta":{"jetpack_post_was_ever_published":false,"_jetpack_newsletter_access":"","_jetpack_dont_email_post_to_subs":false,"_jetpack_newsletter_tier_id":0,"_jetpack_memberships_contains_paywalled_content":false,"_jetpack_memberships_contains_paid_content":false,"footnotes":"","jetpack_publicize_message":"","jetpack_publicize_feature_enabled":true,"jetpack_social_post_already_shared":true,"jetpack_social_options":{"image_generator_settings":{"template":"highway","default_image_id":0,"font":"","enabled":false},"version":2}},"categories":[6,47],"tags":[],"class_list":["post-1412","post","type-post","status-publish","format-standard","hentry","category-4o-epo","category-proyecto-lova"],"jetpack_publicize_connections":[],"jetpack_featured_media_url":"","jetpack_sharing_enabled":true,"jetpack_shortlink":"https:\/\/wp.me\/p4lw4c-mM","_links":{"self":[{"href":"https:\/\/www.alqueria.es\/blogs\/alqueriasegundociclo\/wp-json\/wp\/v2\/posts\/1412","targetHints":{"allow":["GET"]}}],"collection":[{"href":"https:\/\/www.alqueria.es\/blogs\/alqueriasegundociclo\/wp-json\/wp\/v2\/posts"}],"about":[{"href":"https:\/\/www.alqueria.es\/blogs\/alqueriasegundociclo\/wp-json\/wp\/v2\/types\/post"}],"author":[{"embeddable":true,"href":"https:\/\/www.alqueria.es\/blogs\/alqueriasegundociclo\/wp-json\/wp\/v2\/users\/14"}],"replies":[{"embeddable":true,"href":"https:\/\/www.alqueria.es\/blogs\/alqueriasegundociclo\/wp-json\/wp\/v2\/comments?post=1412"}],"version-history":[{"count":0,"href":"https:\/\/www.alqueria.es\/blogs\/alqueriasegundociclo\/wp-json\/wp\/v2\/posts\/1412\/revisions"}],"wp:attachment":[{"href":"https:\/\/www.alqueria.es\/blogs\/alqueriasegundociclo\/wp-json\/wp\/v2\/media?parent=1412"}],"wp:term":[{"taxonomy":"category","embeddable":true,"href":"https:\/\/www.alqueria.es\/blogs\/alqueriasegundociclo\/wp-json\/wp\/v2\/categories?post=1412"},{"taxonomy":"post_tag","embeddable":true,"href":"https:\/\/www.alqueria.es\/blogs\/alqueriasegundociclo\/wp-json\/wp\/v2\/tags?post=1412"}],"curies":[{"name":"wp","href":"https:\/\/api.w.org\/{rel}","templated":true}]}}