{"id":1439,"date":"2012-06-15T16:59:48","date_gmt":"2012-06-15T16:59:48","guid":{"rendered":"http:\/\/alqueriasegundociclo.wordpress.com\/?p=1439"},"modified":"2014-02-24T10:35:01","modified_gmt":"2014-02-24T10:35:01","slug":"semanario-3o-epo","status":"publish","type":"post","link":"https:\/\/www.alqueria.es\/blogs\/alqueriasegundociclo\/2012\/06\/15\/semanario-3o-epo\/","title":{"rendered":"SEMANARIO 3\u00ba EPO. Semana del 11 al 15 de junio."},"content":{"rendered":"<p>Queridas familias:<\/p>\n<p>En esta semana ha estado como protagonista la actividad deportiva de <strong>la nataci\u00f3n<\/strong>. Finalizada la actividad ,<\/p>\n<p><img decoding=\"async\" data-attachment-id=\"1446\" data-permalink=\"https:\/\/www.alqueria.es\/blogs\/alqueriasegundociclo\/canet\/\" data-orig-file=\"https:\/\/www.alqueria.es\/blogs\/alqueriasegundociclo\/wp-content\/uploads\/sites\/7\/2012\/06\/canet.jpg\" data-orig-size=\"448,299\" data-comments-opened=\"1\" data-image-meta=\"{&quot;aperture&quot;:&quot;0&quot;,&quot;credit&quot;:&quot;&quot;,&quot;camera&quot;:&quot;&quot;,&quot;caption&quot;:&quot;&quot;,&quot;created_timestamp&quot;:&quot;0&quot;,&quot;copyright&quot;:&quot;&quot;,&quot;focal_length&quot;:&quot;0&quot;,&quot;iso&quot;:&quot;0&quot;,&quot;shutter_speed&quot;:&quot;0&quot;,&quot;title&quot;:&quot;&quot;}\" data-image-title=\"Canet\" data-image-description=\"\" data-image-caption=\"\" data-large-file=\"https:\/\/www.alqueria.es\/blogs\/alqueriasegundociclo\/wp-content\/uploads\/sites\/7\/2012\/06\/canet.jpg\" class=\"size-thumbnail wp-image-1446 alignright\" style=\"border-style:initial;border-color:initial;cursor:default;float:right;border-width:0\" title=\"Canet\" src=\"https:\/\/cloud.alqueria.es\/wp-content\/uploads\/sites\/7\/2012\/06\/canet1.jpg\" alt=\"\" width=\"150\" height=\"100\" \/><\/p>\n<p>el resultado ha sido muy positivo para el grupo, la han valorado como muy interesante y preguntan por qu\u00e9 no se contin\u00faa. Las actividades han sido diversas, dependiendo del nivel de los grupos. Lo interesante es que, una vez terminada la semana, se sabe m\u00e1s que cuando se inici\u00f3. El deporte y la practica de la nataci\u00f3n es una actividad que siempre hay que practicar y m\u00e1s ahora que se acercan las vacaciones y hay m\u00e1s oportunidades.<\/p>\n<div>\n<div>\n<p>Paralelamente se han realizado las <strong>olimpiadas matem\u00e1ticas<\/strong>.<a href=\"http:\/\/alqueriasegundociclo.files.wordpress.com\/2012\/06\/olympic-games-logo.jpg\"><img decoding=\"async\" data-attachment-id=\"1442\" data-permalink=\"https:\/\/www.alqueria.es\/blogs\/alqueriasegundociclo\/olympic-games-logo\/\" data-orig-file=\"https:\/\/www.alqueria.es\/blogs\/alqueriasegundociclo\/wp-content\/uploads\/sites\/7\/2012\/06\/olympic-games-logo.jpg\" data-orig-size=\"300,300\" data-comments-opened=\"1\" data-image-meta=\"{&quot;aperture&quot;:&quot;0&quot;,&quot;credit&quot;:&quot;&quot;,&quot;camera&quot;:&quot;&quot;,&quot;caption&quot;:&quot;&quot;,&quot;created_timestamp&quot;:&quot;0&quot;,&quot;copyright&quot;:&quot;&quot;,&quot;focal_length&quot;:&quot;0&quot;,&quot;iso&quot;:&quot;0&quot;,&quot;shutter_speed&quot;:&quot;0&quot;,&quot;title&quot;:&quot;&quot;}\" data-image-title=\"Olympic-Games-Logo\" data-image-description=\"\" data-image-caption=\"\" data-large-file=\"https:\/\/www.alqueria.es\/blogs\/alqueriasegundociclo\/wp-content\/uploads\/sites\/7\/2012\/06\/olympic-games-logo.jpg\" class=\"alignright size-thumbnail wp-image-1442\" title=\"Olympic-Games-Logo\" src=\"https:\/\/cloud.alqueria.es\/wp-content\/uploads\/sites\/7\/2012\/06\/olympic-games-logo1.jpg\" alt=\"\" width=\"150\" height=\"150\" \/><\/a><\/p>\n<p>Ha consistido en unos ejercicios escritos, que han permitido realizar un gran repaso a todos los contenidos de matem\u00e1ticas trabajados durante el curso. Como preparaci\u00f3n, se ha realizado un breve recordatorio en el aula y gran parte del grupo ha participado en las actividades propuestas en el blog para recordar o afianzar el aprendizaje . Diariamente se ha ido realizando parte de la actividad. Los resultados han sido espectaculares, ya os habr\u00e1n contado sus logros conseguidos. La semana que viene se entregar\u00e1n los diplomas y las medallas conseguidas en un \u00abacto especial\u00bb.<\/p>\n<p style=\"text-align:center\">En <strong>conocimiento del medio<\/strong>, se contin\u00faa con el tema del paso del tiempo. Alexandra ha expuesto su conferencia sobre los Reyes Cat\u00f3licos y las consecuencias de su acci\u00f3n pol\u00edtica sobre nuestro pueblo.<a href=\"http:\/\/alqueriasegundociclo.files.wordpress.com\/2012\/06\/reyes-catolicos.jpg\"><img decoding=\"async\" data-attachment-id=\"1444\" data-permalink=\"https:\/\/www.alqueria.es\/blogs\/alqueriasegundociclo\/reyes-catolicos\/\" data-orig-file=\"https:\/\/www.alqueria.es\/blogs\/alqueriasegundociclo\/wp-content\/uploads\/sites\/7\/2012\/06\/reyes-catolicos.jpg\" data-orig-size=\"300,300\" data-comments-opened=\"1\" data-image-meta=\"{&quot;aperture&quot;:&quot;0&quot;,&quot;credit&quot;:&quot;&quot;,&quot;camera&quot;:&quot;&quot;,&quot;caption&quot;:&quot;&quot;,&quot;created_timestamp&quot;:&quot;0&quot;,&quot;copyright&quot;:&quot;&quot;,&quot;focal_length&quot;:&quot;0&quot;,&quot;iso&quot;:&quot;0&quot;,&quot;shutter_speed&quot;:&quot;0&quot;,&quot;title&quot;:&quot;&quot;}\" data-image-title=\"reyes-catolicos\" data-image-description=\"\" data-image-caption=\"\" data-large-file=\"https:\/\/www.alqueria.es\/blogs\/alqueriasegundociclo\/wp-content\/uploads\/sites\/7\/2012\/06\/reyes-catolicos.jpg\" class=\"size-thumbnail wp-image-1444 aligncenter\" title=\"reyes-catolicos\" src=\"https:\/\/cloud.alqueria.es\/wp-content\/uploads\/sites\/7\/2012\/06\/reyes-catolicos1.jpg\" alt=\"\" width=\"150\" height=\"150\" \/><\/a><\/p>\n<p>Alba ha participado con su conferencia sobre el personaje de Napole\u00f3n, introduciendo la Edad Moderna.<\/p>\n<p><a href=\"http:\/\/alqueriasegundociclo.files.wordpress.com\/2012\/06\/napoleon-bonaparte.jpg\"><img decoding=\"async\" data-attachment-id=\"1445\" data-permalink=\"https:\/\/www.alqueria.es\/blogs\/alqueriasegundociclo\/napoleon-bonaparte\/\" data-orig-file=\"https:\/\/www.alqueria.es\/blogs\/alqueriasegundociclo\/wp-content\/uploads\/sites\/7\/2012\/06\/napoleon-bonaparte.jpg\" data-orig-size=\"288,317\" data-comments-opened=\"1\" data-image-meta=\"{&quot;aperture&quot;:&quot;0&quot;,&quot;credit&quot;:&quot;&quot;,&quot;camera&quot;:&quot;&quot;,&quot;caption&quot;:&quot;&quot;,&quot;created_timestamp&quot;:&quot;0&quot;,&quot;copyright&quot;:&quot;&quot;,&quot;focal_length&quot;:&quot;0&quot;,&quot;iso&quot;:&quot;0&quot;,&quot;shutter_speed&quot;:&quot;0&quot;,&quot;title&quot;:&quot;&quot;}\" data-image-title=\"napoleon-bonaparte\" data-image-description=\"\" data-image-caption=\"\" data-large-file=\"https:\/\/www.alqueria.es\/blogs\/alqueriasegundociclo\/wp-content\/uploads\/sites\/7\/2012\/06\/napoleon-bonaparte.jpg\" class=\"alignleft size-thumbnail wp-image-1445\" title=\"napoleon-bonaparte\" src=\"https:\/\/cloud.alqueria.es\/wp-content\/uploads\/sites\/7\/2012\/06\/napoleon-bonaparte1.jpg\" alt=\"\" width=\"136\" height=\"150\" \/><\/a><\/p>\n<p>La semana que viene cerraremos el curso con la puesta en escena de la <strong>obra bufa<\/strong>.<a href=\"http:\/\/alqueriasegundociclo.files.wordpress.com\/2012\/06\/caratulas-a.jpg\"><img decoding=\"async\" data-attachment-id=\"1443\" data-permalink=\"https:\/\/www.alqueria.es\/blogs\/alqueriasegundociclo\/caratulas-a\/\" data-orig-file=\"https:\/\/www.alqueria.es\/blogs\/alqueriasegundociclo\/wp-content\/uploads\/sites\/7\/2012\/06\/caratulas-a.jpg\" data-orig-size=\"172,137\" data-comments-opened=\"1\" data-image-meta=\"{&quot;aperture&quot;:&quot;0&quot;,&quot;credit&quot;:&quot;&quot;,&quot;camera&quot;:&quot;&quot;,&quot;caption&quot;:&quot;&quot;,&quot;created_timestamp&quot;:&quot;0&quot;,&quot;copyright&quot;:&quot;&quot;,&quot;focal_length&quot;:&quot;0&quot;,&quot;iso&quot;:&quot;0&quot;,&quot;shutter_speed&quot;:&quot;0&quot;,&quot;title&quot;:&quot;&quot;}\" data-image-title=\"Caratulas-a\" data-image-description=\"\" data-image-caption=\"\" data-large-file=\"https:\/\/www.alqueria.es\/blogs\/alqueriasegundociclo\/wp-content\/uploads\/sites\/7\/2012\/06\/caratulas-a.jpg\" class=\"alignright size-thumbnail wp-image-1443\" title=\"Caratulas-a\" src=\"https:\/\/cloud.alqueria.es\/wp-content\/uploads\/sites\/7\/2012\/06\/caratulas-a1.jpg\" alt=\"\" width=\"150\" height=\"119\" \/><\/a>\u00a0Cada componente del grupo tiene asignado su papel a desempe\u00f1ar y la pareja con quien va a representar la obra. \u00a0Recomiendo que aporten aquel vestuario o enseres que consideren necesarios para la caracterizaci\u00f3n. El lunes se realizar\u00e1 un gran ensayo y se comenzar\u00e1 la representaci\u00f3n y grabaci\u00f3n de la escenificaci\u00f3n. Hay que repasar un poco el di\u00e1logo, hace tiempo que se realiz\u00f3 y puede haberse olvidado un poco.<\/p>\n<p>He recomendado en <strong>el diario<\/strong> una entrada especial, una reflexi\u00f3n sobre el curso transcurrido. Un relato sobre aspectos que hayan o no gustado, lo m\u00e1s o menos interesante, lo que se puede mejorar o continuar. Espero que participen con sus reflexiones y opiniones.<\/p>\n<p>Deseo que pas\u00e9is un buen fin de semana. Saludos.<\/p>\n<p>Juanjo.<\/p>\n<\/div>\n<\/div>\n","protected":false},"excerpt":{"rendered":"<p>Queridas familias: En esta semana ha estado como protagonista la actividad deportiva de la nataci\u00f3n. Finalizada la actividad , el resultado ha sido muy positivo para el grupo, la han valorado como muy interesante y preguntan por qu\u00e9 no se contin\u00faa. Las actividades han sido diversas, dependiendo del nivel de los grupos. Lo interesante es &hellip; <a href=\"https:\/\/www.alqueria.es\/blogs\/alqueriasegundociclo\/2012\/06\/15\/semanario-3o-epo\/\" class=\"more-link\">Seguir leyendo <span class=\"screen-reader-text\">SEMANARIO 3\u00ba EPO. Semana del 11 al 15 de junio.<\/span> <span class=\"meta-nav\">&rarr;<\/span><\/a><\/p>\n","protected":false},"author":15,"featured_media":0,"comment_status":"open","ping_status":"open","sticky":false,"template":"","format":"standard","meta":{"jetpack_post_was_ever_published":false,"_jetpack_newsletter_access":"","_jetpack_dont_email_post_to_subs":false,"_jetpack_newsletter_tier_id":0,"_jetpack_memberships_contains_paywalled_content":false,"_jetpack_memberships_contains_paid_content":false,"footnotes":"","jetpack_publicize_message":"","jetpack_publicize_feature_enabled":true,"jetpack_social_post_already_shared":true,"jetpack_social_options":{"image_generator_settings":{"template":"highway","default_image_id":0,"font":"","enabled":false},"version":2}},"categories":[5],"tags":[],"class_list":["post-1439","post","type-post","status-publish","format-standard","hentry","category-3o-epo"],"jetpack_publicize_connections":[],"jetpack_featured_media_url":"","jetpack_sharing_enabled":true,"jetpack_shortlink":"https:\/\/wp.me\/p4lw4c-nd","_links":{"self":[{"href":"https:\/\/www.alqueria.es\/blogs\/alqueriasegundociclo\/wp-json\/wp\/v2\/posts\/1439","targetHints":{"allow":["GET"]}}],"collection":[{"href":"https:\/\/www.alqueria.es\/blogs\/alqueriasegundociclo\/wp-json\/wp\/v2\/posts"}],"about":[{"href":"https:\/\/www.alqueria.es\/blogs\/alqueriasegundociclo\/wp-json\/wp\/v2\/types\/post"}],"author":[{"embeddable":true,"href":"https:\/\/www.alqueria.es\/blogs\/alqueriasegundociclo\/wp-json\/wp\/v2\/users\/15"}],"replies":[{"embeddable":true,"href":"https:\/\/www.alqueria.es\/blogs\/alqueriasegundociclo\/wp-json\/wp\/v2\/comments?post=1439"}],"version-history":[{"count":0,"href":"https:\/\/www.alqueria.es\/blogs\/alqueriasegundociclo\/wp-json\/wp\/v2\/posts\/1439\/revisions"}],"wp:attachment":[{"href":"https:\/\/www.alqueria.es\/blogs\/alqueriasegundociclo\/wp-json\/wp\/v2\/media?parent=1439"}],"wp:term":[{"taxonomy":"category","embeddable":true,"href":"https:\/\/www.alqueria.es\/blogs\/alqueriasegundociclo\/wp-json\/wp\/v2\/categories?post=1439"},{"taxonomy":"post_tag","embeddable":true,"href":"https:\/\/www.alqueria.es\/blogs\/alqueriasegundociclo\/wp-json\/wp\/v2\/tags?post=1439"}],"curies":[{"name":"wp","href":"https:\/\/api.w.org\/{rel}","templated":true}]}}