{"id":14584,"date":"2016-06-08T09:43:04","date_gmt":"2016-06-08T07:43:04","guid":{"rendered":"https:\/\/www.alqueria.es\/blogs\/alqueriasegundociclo\/?p=14584"},"modified":"2016-06-08T18:40:54","modified_gmt":"2016-06-08T16:40:54","slug":"el-diario","status":"publish","type":"post","link":"https:\/\/www.alqueria.es\/blogs\/alqueriasegundociclo\/2016\/06\/08\/el-diario\/","title":{"rendered":"EL DIARIO"},"content":{"rendered":"<p style=\"text-align: center\"><span style=\"color: #0000ff\">EL DIARIO<\/span><\/p>\n<p>El trabajo realizado a lo largo de todo el curso ha estado dando un resultado muy agradable y sorprendente. Los objetivos planteados sobre este trabajo se cumplen poco a poco. Los\u00a0textos han evolucionado con gran expresividad y riqueza ling\u00fc\u00edstica, sin dudar de la presentaci\u00f3n y la ortograf\u00eda. Hay un gran nivel.<\/p>\n<p>Os dejo aqu\u00ed una de las entradas espont\u00e1neas que la autora quiere compartir.<\/p>\n<h2 style=\"text-align: center\"><span style=\"color: #008000\">UN BONITO ATARDECER<\/span><\/h2>\n<h3><span style=\"color: #0000ff\">Esta tarde me he despertado y he visto un atardecer.<\/span><\/h3>\n<h3><span style=\"color: #0000ff\">Era impresionante. Los bordes de las hojas eran iluminados por el sol, parec\u00edan esmeraldas. El agua que se hab\u00eda derramado, parec\u00eda como un mar de esperanzas y mi piedra color hierro parec\u00eda un rub\u00ed entre topacios.<\/span><\/h3>\n<h3><span style=\"color: #0000ff\">El sol brillaba intensamente, el cielo se vuelve rosa, las monta\u00f1as rojas, el sol naranja y las nubes se apoderan del sol.<\/span><\/h3>\n<h3><span style=\"color: #0000ff\">Me meto en casa y \u2026 \u00a1A jugar!<\/span><\/h3>\n<p>&nbsp;<\/p>\n<p style=\"text-align: right\">Esperanza<\/p>\n","protected":false},"excerpt":{"rendered":"<p>EL DIARIO El trabajo realizado a lo largo de todo el curso ha estado dando un resultado muy agradable y sorprendente. Los objetivos planteados sobre este trabajo se cumplen poco a poco. Los\u00a0textos han evolucionado con gran expresividad y riqueza ling\u00fc\u00edstica, sin dudar de la presentaci\u00f3n y la ortograf\u00eda. Hay un gran nivel. Os dejo &hellip; <a href=\"https:\/\/www.alqueria.es\/blogs\/alqueriasegundociclo\/2016\/06\/08\/el-diario\/\" class=\"more-link\">Seguir leyendo <span class=\"screen-reader-text\">EL DIARIO<\/span> <span class=\"meta-nav\">&rarr;<\/span><\/a><\/p>\n","protected":false},"author":16,"featured_media":0,"comment_status":"open","ping_status":"open","sticky":false,"template":"","format":"standard","meta":{"jetpack_post_was_ever_published":false,"_jetpack_newsletter_access":"","_jetpack_dont_email_post_to_subs":false,"_jetpack_newsletter_tier_id":0,"_jetpack_memberships_contains_paywalled_content":false,"_jetpack_memberships_contains_paid_content":false,"footnotes":"","jetpack_publicize_message":"","jetpack_publicize_feature_enabled":true,"jetpack_social_post_already_shared":true,"jetpack_social_options":{"image_generator_settings":{"template":"highway","default_image_id":0,"font":"","enabled":false},"version":2}},"categories":[5,134,28,51,59],"tags":[],"class_list":["post-14584","post","type-post","status-publish","format-standard","hentry","category-3o-epo","category-lecturas-recomendadas","category-lengua-castellana-y-literatura-3o","category-recomendaciones-lengua-castellana-y-literatura","category-semanario-3o"],"jetpack_publicize_connections":[],"jetpack_featured_media_url":"","jetpack_sharing_enabled":true,"jetpack_shortlink":"https:\/\/wp.me\/p4lw4c-3Ne","_links":{"self":[{"href":"https:\/\/www.alqueria.es\/blogs\/alqueriasegundociclo\/wp-json\/wp\/v2\/posts\/14584","targetHints":{"allow":["GET"]}}],"collection":[{"href":"https:\/\/www.alqueria.es\/blogs\/alqueriasegundociclo\/wp-json\/wp\/v2\/posts"}],"about":[{"href":"https:\/\/www.alqueria.es\/blogs\/alqueriasegundociclo\/wp-json\/wp\/v2\/types\/post"}],"author":[{"embeddable":true,"href":"https:\/\/www.alqueria.es\/blogs\/alqueriasegundociclo\/wp-json\/wp\/v2\/users\/16"}],"replies":[{"embeddable":true,"href":"https:\/\/www.alqueria.es\/blogs\/alqueriasegundociclo\/wp-json\/wp\/v2\/comments?post=14584"}],"version-history":[{"count":0,"href":"https:\/\/www.alqueria.es\/blogs\/alqueriasegundociclo\/wp-json\/wp\/v2\/posts\/14584\/revisions"}],"wp:attachment":[{"href":"https:\/\/www.alqueria.es\/blogs\/alqueriasegundociclo\/wp-json\/wp\/v2\/media?parent=14584"}],"wp:term":[{"taxonomy":"category","embeddable":true,"href":"https:\/\/www.alqueria.es\/blogs\/alqueriasegundociclo\/wp-json\/wp\/v2\/categories?post=14584"},{"taxonomy":"post_tag","embeddable":true,"href":"https:\/\/www.alqueria.es\/blogs\/alqueriasegundociclo\/wp-json\/wp\/v2\/tags?post=14584"}],"curies":[{"name":"wp","href":"https:\/\/api.w.org\/{rel}","templated":true}]}}