{"id":1471,"date":"2012-06-20T05:49:24","date_gmt":"2012-06-20T05:49:24","guid":{"rendered":"http:\/\/alqueriasegundociclo.wordpress.com\/?p=1471"},"modified":"2014-02-24T10:41:23","modified_gmt":"2014-02-24T10:41:23","slug":"1471","status":"publish","type":"post","link":"https:\/\/www.alqueria.es\/blogs\/alqueriasegundociclo\/2012\/06\/20\/1471\/","title":{"rendered":"\u00a1\u00a1\u00a1ESTRENO, ESTRENO!!!"},"content":{"rendered":"<p style=\"text-align:justify\"><span style=\"color:#339966\">\u00a0\u00a0\u00a0\u00a0\u00a0\u00a0\u00a0\u00a0\u00a0\u00a0\u00a0\u00a0\u00a0\u00a0\u00a0\u00a0\u00a0\u00a0\u00a0\u00a0\u00a0\u00a0\u00a0\u00a0\u00a0\u00a0\u00a0\u00a0\u00a0\u00a0\u00a0\u00a0\u00a0\u00a0\u00a0\u00a0\u00a0\u00a0\u00a0\u00a0\u00a0\u00a0\u00a0\u00a0\u00a0\u00a0\u00a0\u00a0\u00a0\u00a0\u00a0\u00a0\u00a0\u00a0\u00a0\u00a0\u00a0\u00a0\u00a0\u00a0\u00a0\u00a0 \u00a0\u00a0 \u00a1Ha llegado el gran d\u00eda!<\/span><\/p>\n<p style=\"text-align:justify\"><a href=\"http:\/\/alqueriasegundociclo.files.wordpress.com\/2012\/06\/estreno-mundial-610x290.jpg\"><img decoding=\"async\" data-attachment-id=\"1472\" data-permalink=\"https:\/\/www.alqueria.es\/blogs\/alqueriasegundociclo\/estreno-mundial-610x290\/\" data-orig-file=\"https:\/\/www.alqueria.es\/blogs\/alqueriasegundociclo\/wp-content\/uploads\/sites\/7\/2012\/06\/estreno-mundial-610x290.jpg\" data-orig-size=\"610,290\" data-comments-opened=\"1\" data-image-meta=\"{&quot;aperture&quot;:&quot;0&quot;,&quot;credit&quot;:&quot;&quot;,&quot;camera&quot;:&quot;&quot;,&quot;caption&quot;:&quot;&quot;,&quot;created_timestamp&quot;:&quot;0&quot;,&quot;copyright&quot;:&quot;&quot;,&quot;focal_length&quot;:&quot;0&quot;,&quot;iso&quot;:&quot;0&quot;,&quot;shutter_speed&quot;:&quot;0&quot;,&quot;title&quot;:&quot;&quot;}\" data-image-title=\"estreno-mundial-610&amp;#215;290\" data-image-description=\"\" data-image-caption=\"\" data-large-file=\"https:\/\/www.alqueria.es\/blogs\/alqueriasegundociclo\/wp-content\/uploads\/sites\/7\/2012\/06\/estreno-mundial-610x290.jpg\" class=\"aligncenter size-medium wp-image-1472\" title=\"estreno-mundial-610x290\" src=\"https:\/\/cloud.alqueria.es\/wp-content\/uploads\/sites\/7\/2012\/06\/estreno-mundial-610x2901.jpg\" alt=\"\" width=\"300\" height=\"142\" \/><\/a><\/p>\n<p style=\"text-align:justify\">Hoy es el d\u00eda del gran <span style=\"color:#ff0000\">estreno \u00abUn viaje inesperado\u00bb<\/span> de nuestra compa\u00f1\u00eda de \u00f3pera, a las 20\u00b430h en el teatro Alhambra.<\/p>\n<p style=\"text-align:justify\">Tras mucho tiempo de esfuerzo y trabajo, ya est\u00e1 todo listo para que disfrut\u00e9is de este proyecto que nos ha tenido \u00abenredados\u00bb con much\u00ed\u00ed\u00ed\u00ed\u00ed\u00ed\u00edsima ilusi\u00f3n todo el curso. Ayer se realiz\u00f3 el primer ensayo general en el mismo teatro, fue \u00a1fenomenal!, dejamos algunos nervios en el bus, otros pocos en el teatro y otros nos los trajimos de vuelta. Esta ma\u00f1ana tenemos los \u00fatlimos pases de ensayo, ahora ya con todos los detalles, inclu\u00edda la iluminaci\u00f3n de nuestros t\u00e9cnicos Jaime y \u00c1lvaro R.<\/p>\n<p style=\"text-align:justify\">Esperamos que os guste y disfrut\u00e9is con nuestra obra, nosotros lo haremos.<\/p>\n<p style=\"text-align:justify\">Nos vemos esta tarde.<\/p>\n<p style=\"text-align:justify\">\n","protected":false},"excerpt":{"rendered":"<p>\u00a0\u00a0\u00a0\u00a0\u00a0\u00a0\u00a0\u00a0\u00a0\u00a0\u00a0\u00a0\u00a0\u00a0\u00a0\u00a0\u00a0\u00a0\u00a0\u00a0\u00a0\u00a0\u00a0\u00a0\u00a0\u00a0\u00a0\u00a0\u00a0\u00a0\u00a0\u00a0\u00a0\u00a0\u00a0\u00a0\u00a0\u00a0\u00a0\u00a0\u00a0\u00a0\u00a0\u00a0\u00a0\u00a0\u00a0\u00a0\u00a0\u00a0\u00a0\u00a0\u00a0\u00a0\u00a0\u00a0\u00a0\u00a0\u00a0\u00a0\u00a0\u00a0 \u00a0\u00a0 \u00a1Ha llegado el gran d\u00eda! Hoy es el d\u00eda del gran estreno \u00abUn viaje inesperado\u00bb de nuestra compa\u00f1\u00eda de \u00f3pera, a las 20\u00b430h en el teatro Alhambra. Tras mucho tiempo de esfuerzo y trabajo, ya est\u00e1 todo listo para que disfrut\u00e9is de este proyecto que nos ha tenido \u00abenredados\u00bb con much\u00ed\u00ed\u00ed\u00ed\u00ed\u00ed\u00edsima ilusi\u00f3n todo &hellip; <a href=\"https:\/\/www.alqueria.es\/blogs\/alqueriasegundociclo\/2012\/06\/20\/1471\/\" class=\"more-link\">Seguir leyendo <span class=\"screen-reader-text\">\u00a1\u00a1\u00a1ESTRENO, ESTRENO!!!<\/span> <span class=\"meta-nav\">&rarr;<\/span><\/a><\/p>\n","protected":false},"author":14,"featured_media":0,"comment_status":"open","ping_status":"open","sticky":false,"template":"","format":"standard","meta":{"jetpack_post_was_ever_published":false,"_jetpack_newsletter_access":"","_jetpack_dont_email_post_to_subs":false,"_jetpack_newsletter_tier_id":0,"_jetpack_memberships_contains_paywalled_content":false,"_jetpack_memberships_contains_paid_content":false,"footnotes":"","jetpack_publicize_message":"","jetpack_publicize_feature_enabled":true,"jetpack_social_post_already_shared":true,"jetpack_social_options":{"image_generator_settings":{"template":"highway","default_image_id":0,"font":"","enabled":false},"version":2}},"categories":[47],"tags":[],"class_list":["post-1471","post","type-post","status-publish","format-standard","hentry","category-proyecto-lova"],"jetpack_publicize_connections":[],"jetpack_featured_media_url":"","jetpack_sharing_enabled":true,"jetpack_shortlink":"https:\/\/wp.me\/s4lw4c-1471","_links":{"self":[{"href":"https:\/\/www.alqueria.es\/blogs\/alqueriasegundociclo\/wp-json\/wp\/v2\/posts\/1471","targetHints":{"allow":["GET"]}}],"collection":[{"href":"https:\/\/www.alqueria.es\/blogs\/alqueriasegundociclo\/wp-json\/wp\/v2\/posts"}],"about":[{"href":"https:\/\/www.alqueria.es\/blogs\/alqueriasegundociclo\/wp-json\/wp\/v2\/types\/post"}],"author":[{"embeddable":true,"href":"https:\/\/www.alqueria.es\/blogs\/alqueriasegundociclo\/wp-json\/wp\/v2\/users\/14"}],"replies":[{"embeddable":true,"href":"https:\/\/www.alqueria.es\/blogs\/alqueriasegundociclo\/wp-json\/wp\/v2\/comments?post=1471"}],"version-history":[{"count":0,"href":"https:\/\/www.alqueria.es\/blogs\/alqueriasegundociclo\/wp-json\/wp\/v2\/posts\/1471\/revisions"}],"wp:attachment":[{"href":"https:\/\/www.alqueria.es\/blogs\/alqueriasegundociclo\/wp-json\/wp\/v2\/media?parent=1471"}],"wp:term":[{"taxonomy":"category","embeddable":true,"href":"https:\/\/www.alqueria.es\/blogs\/alqueriasegundociclo\/wp-json\/wp\/v2\/categories?post=1471"},{"taxonomy":"post_tag","embeddable":true,"href":"https:\/\/www.alqueria.es\/blogs\/alqueriasegundociclo\/wp-json\/wp\/v2\/tags?post=1471"}],"curies":[{"name":"wp","href":"https:\/\/api.w.org\/{rel}","templated":true}]}}