{"id":1487,"date":"2012-06-22T00:10:28","date_gmt":"2012-06-22T00:10:28","guid":{"rendered":"http:\/\/alqueriasegundociclo.wordpress.com\/?p=1487"},"modified":"2012-06-22T00:10:28","modified_gmt":"2012-06-22T00:10:28","slug":"un-viaje-inesperado-en-prensa","status":"publish","type":"post","link":"https:\/\/www.alqueria.es\/blogs\/alqueriasegundociclo\/2012\/06\/22\/un-viaje-inesperado-en-prensa\/","title":{"rendered":"\u00abUN VIAJE INESPERADO\u00bb en prensa"},"content":{"rendered":"<p>Las actuaciones de la compa\u00f1\u00eda han sido maravillosas, han cubierto las expectativas que sobre su trabajo ten\u00eda todo el p\u00fablico asistente, el que no ha podido acompa\u00f1arlos en este maravilloso \u00abviaje inesperado\u00bb y las suyas propias.<\/p>\n<p>Han sabido dar lo mejor de cada cual, y eso ha quedado patente en su actuaci\u00f3n y, sobre todo, en sus caras, emociones y sentimientos expresados.<\/p>\n<p>La prensa se ha hecho eco de este fabuloso trabajo y aqu\u00ed est\u00e1n los enlaces a las rese\u00f1as que se han hecho.<\/p>\n<p>\u00a1Muchas gracias a todos!<\/p>\n<p><a href=\"http:\/\/www.granadahoy.com\/article\/ocio\/1288659\/como\/seria\/mundo\/sin\/adultos.html\"><span style=\"color:#ff0000\">GRANADA HOY<\/span><\/a><\/p>\n<p><a href=\"http:\/\/www.ideal.es\/agencias\/20120620\/mas-actualidad\/cultura\/alumnos-primaria-estrenan-opera-hecha_201206201803.html\"><span style=\"color:#ff9900\">IDEAL<\/span><\/a><\/p>\n<p><a href=\"http:\/\/www.granadafestival.org\/blog\/fex-2012-esta-en-marcha\"><span style=\"color:#339966\">FEX<\/span><\/a><\/p>\n<p><a href=\"http:\/\/www.facebook.com\/media\/set\/?set=a.10151004902949393.451115.356314174392&amp;type=1\"><span style=\"color:#ff00ff\">FACEBOOK FEX<\/span><\/a><\/p>\n<p><a href=\"http:\/\/www.radiogranada.es\/2012\/06\/alumnos-de-primaria-abren-este-jueves-en-fex-con-una-opera-hecha-por-ellos\/\"><span style=\"color:#00ff00\">RADIO GRANADA<\/span><\/a><\/p>\n<p><a href=\"http:\/\/granadaimedia.com\/proyecto-lova-teatro-alhambra\/\"><span style=\"color:#00ccff\">POR AMOR A LA \u00d3PERA<\/span><\/a><\/p>\n<p><a href=\"http:\/\/www.granadadigital.com\/alumnos-de-primaria-de-granada-estrenan-una-opera-hecha-por-ellos-en-el-marco-del-fex-212211\/\"><span style=\"color:#ff0000\">GRANADA DIGITAL<\/span><\/a><\/p>\n","protected":false},"excerpt":{"rendered":"<p>Las actuaciones de la compa\u00f1\u00eda han sido maravillosas, han cubierto las expectativas que sobre su trabajo ten\u00eda todo el p\u00fablico asistente, el que no ha podido acompa\u00f1arlos en este maravilloso \u00abviaje inesperado\u00bb y las suyas propias. Han sabido dar lo mejor de cada cual, y eso ha quedado patente en su actuaci\u00f3n y, sobre todo, &hellip; <a href=\"https:\/\/www.alqueria.es\/blogs\/alqueriasegundociclo\/2012\/06\/22\/un-viaje-inesperado-en-prensa\/\" class=\"more-link\">Seguir leyendo <span class=\"screen-reader-text\">\u00abUN VIAJE INESPERADO\u00bb en prensa<\/span> <span class=\"meta-nav\">&rarr;<\/span><\/a><\/p>\n","protected":false},"author":14,"featured_media":0,"comment_status":"open","ping_status":"open","sticky":false,"template":"","format":"standard","meta":{"jetpack_post_was_ever_published":false,"_jetpack_newsletter_access":"","_jetpack_dont_email_post_to_subs":false,"_jetpack_newsletter_tier_id":0,"_jetpack_memberships_contains_paywalled_content":false,"_jetpack_memberships_contains_paid_content":false,"footnotes":"","jetpack_publicize_message":"","jetpack_publicize_feature_enabled":true,"jetpack_social_post_already_shared":true,"jetpack_social_options":{"image_generator_settings":{"template":"highway","default_image_id":0,"font":"","enabled":false},"version":2}},"categories":[47],"tags":[],"class_list":["post-1487","post","type-post","status-publish","format-standard","hentry","category-proyecto-lova"],"jetpack_publicize_connections":[],"jetpack_featured_media_url":"","jetpack_sharing_enabled":true,"jetpack_shortlink":"https:\/\/wp.me\/p4lw4c-nZ","_links":{"self":[{"href":"https:\/\/www.alqueria.es\/blogs\/alqueriasegundociclo\/wp-json\/wp\/v2\/posts\/1487","targetHints":{"allow":["GET"]}}],"collection":[{"href":"https:\/\/www.alqueria.es\/blogs\/alqueriasegundociclo\/wp-json\/wp\/v2\/posts"}],"about":[{"href":"https:\/\/www.alqueria.es\/blogs\/alqueriasegundociclo\/wp-json\/wp\/v2\/types\/post"}],"author":[{"embeddable":true,"href":"https:\/\/www.alqueria.es\/blogs\/alqueriasegundociclo\/wp-json\/wp\/v2\/users\/14"}],"replies":[{"embeddable":true,"href":"https:\/\/www.alqueria.es\/blogs\/alqueriasegundociclo\/wp-json\/wp\/v2\/comments?post=1487"}],"version-history":[{"count":0,"href":"https:\/\/www.alqueria.es\/blogs\/alqueriasegundociclo\/wp-json\/wp\/v2\/posts\/1487\/revisions"}],"wp:attachment":[{"href":"https:\/\/www.alqueria.es\/blogs\/alqueriasegundociclo\/wp-json\/wp\/v2\/media?parent=1487"}],"wp:term":[{"taxonomy":"category","embeddable":true,"href":"https:\/\/www.alqueria.es\/blogs\/alqueriasegundociclo\/wp-json\/wp\/v2\/categories?post=1487"},{"taxonomy":"post_tag","embeddable":true,"href":"https:\/\/www.alqueria.es\/blogs\/alqueriasegundociclo\/wp-json\/wp\/v2\/tags?post=1487"}],"curies":[{"name":"wp","href":"https:\/\/api.w.org\/{rel}","templated":true}]}}