{"id":15563,"date":"2017-01-14T13:55:00","date_gmt":"2017-01-14T12:55:00","guid":{"rendered":"https:\/\/www.alqueria.es\/blogs\/alqueriasegundociclo\/?p=15563"},"modified":"2017-01-14T13:55:00","modified_gmt":"2017-01-14T12:55:00","slug":"semanario-de-4o-semana-del-9-al-13-de-enero","status":"publish","type":"post","link":"https:\/\/www.alqueria.es\/blogs\/alqueriasegundociclo\/2017\/01\/14\/semanario-de-4o-semana-del-9-al-13-de-enero\/","title":{"rendered":"Semanario de 4\u00ba. Semana del 9 al 13 de enero"},"content":{"rendered":"<p>Desde aqu\u00ed os felicitamos el a\u00f1o y en espacial a todas las familias que a\u00fan no hemos podido ver personalmente.<\/p>\n<p>Nuestro trimestre ha comenzado dando la bienvenida a Oscar, un nuevo alumno, que se ha incorporado al grupo. Nos presentamos y narramos ciertas actividades que se realizan en el aula, en el colegio. Lo orientamos en los distintos espacios en los que nos desenvolvemos y principalmente le ofrecemos nuestro cari\u00f1o y apoyo en todo aquello que necesite.<\/p>\n<p>Todo el grupo ha llegado con ganas de verse, y en especial, de relatar los lugares que se han visitado, lo que se ha hecho y, c\u00f3mo no, contar esos regalos recibidos en los d\u00edas especiales de navidad.<\/p>\n<p>Nos hemos centrado en los libros.<\/p>\n<p>\u00bfQui\u00e9n ha recibido libros de regalo?<\/p>\n<p style=\"text-align: center\"><span style=\"color: #0000ff\">\u00c1rea de matem\u00e1ticas.<\/span><\/p>\n<p>Comenzamos con la correcci\u00f3n del cuadernillo del <span style=\"color: #ff6600\">\u00abOcho y medio\u00bb<\/span> y aquellas actividades que han costado realizarlas. Las actividades m\u00e1s mec\u00e1nicas las han ido corrigiendo en parejas.<\/p>\n<p>Se ha entregado en nuevo cuadernillo y lo iniciamos en clase repasando la resta con llevada y la multiplicaci\u00f3n con varias cifras. Se pasa a la resoluci\u00f3n de un crucigrama num\u00e9rico, como resoluci\u00f3n de problemas, en el que es necesario la agilidad en operaciones mentales.<\/p>\n<p>Se les ha recordado c\u00f3mo y d\u00f3nde se puede ir haciendo el cuadernillo, la necesidad de administrar el trabajo controlando los tiempos y siendo aut\u00f3nomos. Todas aquellas dudas que se tengan, se pueden preguntar y resolver en clase. Lo que es necesario es que se vayan animando a trasladar las dudas y no llegar a \u00abbloqueos emocionales\u00bb.<\/p>\n<p>Se ha presentado el nuevo tema de investigaci\u00f3n de matem\u00e1ticas, <span style=\"color: #ff6600\">\u00abLa geometr\u00eda\u00bb<\/span>. Se inicia con las ideas previas y sorprendente la cantidad de contenidos que recuerdan del curso pasado. Este a\u00f1o la investigaci\u00f3n se va a trasladar a un peque\u00f1o proyecto. Cada grupo est\u00e1 encargado de la b\u00fasqueda de informaci\u00f3n sobre peque\u00f1os temas, organizarla y darla a conocer al grupo clase.<\/p>\n<p><span style=\"color: #800080\">Las rectas:<\/span> Vega, Marta y Abril.<\/p>\n<p><span style=\"color: #0000ff\">\u00c1ngulos y giros:<\/span> Marina, Irene y francis.<\/p>\n<p><span style=\"color: #339966\">Cuadril\u00e1teros:<\/span> Maya, Ania y Rafa.<\/p>\n<p><span style=\"color: #008000\">Tri\u00e1ngulos:<\/span> Dario, Sim\u00f3n y Ari.<\/p>\n<p><span style=\"color: #800080\">C\u00edrculo y circunferencia:<\/span> Ana, Dani y Oscar.<\/p>\n<p><span style=\"color: #ff6600\">Prismas:<\/span> Pepe y Pedro.<\/p>\n<p><span style=\"color: #993300\">Pir\u00e1mides:<\/span> Esther y Xenia.<\/p>\n<p><span style=\"color: #ff00ff\">Cilindros:<\/span> Espe y Leo.<\/p>\n<p><span style=\"color: #ff0000\">Conos:<\/span> Martina y Daniela.<\/p>\n<p><span style=\"color: #800000\">Esferas: <span style=\"color: #000000\">Ignacio y Jacobo.<\/span><\/span><\/p>\n<p style=\"text-align: center\"><span style=\"color: #0000ff\">\u00c1rea de ciencias.<\/span><\/p>\n<p style=\"text-align: left\">Continuamos con las ciencias naturales iniciando el tema de <span style=\"color: #ff6600\">\u00abLos materiales y minerales\u00bb.<\/span><\/p>\n<p style=\"text-align: left\">En ideas previas se han centrado, principalmente en sus colecciones de minerales, contando las caracter\u00edsticas que ven en ellos.<\/p>\n<p style=\"text-align: left\">Se ha ofrecido un gui\u00f3n y se ha comenzado la lectura e investigaci\u00f3n sobre el mismo en los distintos libros de texto.<\/p>\n<p style=\"text-align: left\">Ha sido muy intere<img decoding=\"async\" data-attachment-id=\"15603\" data-permalink=\"https:\/\/www.alqueria.es\/blogs\/alqueriasegundociclo\/2017\/01\/14\/semanario-de-4o-semana-del-9-al-13-de-enero\/img_4318\/\" data-orig-file=\"https:\/\/www.alqueria.es\/blogs\/alqueriasegundociclo\/wp-content\/uploads\/sites\/7\/2017\/01\/IMG_4318.jpg\" data-orig-size=\"1024,768\" data-comments-opened=\"1\" data-image-meta=\"{&quot;aperture&quot;:&quot;0&quot;,&quot;credit&quot;:&quot;&quot;,&quot;camera&quot;:&quot;&quot;,&quot;caption&quot;:&quot;&quot;,&quot;created_timestamp&quot;:&quot;0&quot;,&quot;copyright&quot;:&quot;&quot;,&quot;focal_length&quot;:&quot;0&quot;,&quot;iso&quot;:&quot;0&quot;,&quot;shutter_speed&quot;:&quot;0&quot;,&quot;title&quot;:&quot;&quot;,&quot;orientation&quot;:&quot;0&quot;}\" data-image-title=\"IMG_4318\" data-image-description=\"\" data-image-caption=\"\" data-large-file=\"https:\/\/www.alqueria.es\/blogs\/alqueriasegundociclo\/wp-content\/uploads\/sites\/7\/2017\/01\/IMG_4318-1024x768.jpg\" class=\"alignleft wp-image-15603 size-thumbnail\" src=\"https:\/\/cloud.alqueria.es\/wp-content\/uploads\/sites\/7\/2017\/01\/IMG_4318-150x150.jpg\" width=\"150\" height=\"150\" \/>sante experimentar la masa y el volumen de los materiales, recordando las unidades de medida.<\/p>\n<p style=\"text-align: left\">Este tema va a estar redactado y organizado en el cuaderno de ciencias, por lo que les he trasladado la idea de limpieza, orden y claridad de las ideas para poder leerlo o estudiarlo bien.<\/p>\n<p style=\"text-align: left\">Marta ha aportado su trabajo de investigaci\u00f3n. Ante su conferencia, les he pedido la m\u00e1xima atenci\u00f3n y <img decoding=\"async\" data-attachment-id=\"15574\" data-permalink=\"https:\/\/www.alqueria.es\/blogs\/alqueriasegundociclo\/2017\/01\/14\/semanario-de-4o-semana-del-9-al-13-de-enero\/img_4344\/\" data-orig-file=\"https:\/\/www.alqueria.es\/blogs\/alqueriasegundociclo\/wp-content\/uploads\/sites\/7\/2017\/01\/IMG_4344.jpg\" data-orig-size=\"1024,768\" data-comments-opened=\"1\" data-image-meta=\"{&quot;aperture&quot;:&quot;0&quot;,&quot;credit&quot;:&quot;&quot;,&quot;camera&quot;:&quot;&quot;,&quot;caption&quot;:&quot;&quot;,&quot;created_timestamp&quot;:&quot;0&quot;,&quot;copyright&quot;:&quot;&quot;,&quot;focal_length&quot;:&quot;0&quot;,&quot;iso&quot;:&quot;0&quot;,&quot;shutter_speed&quot;:&quot;0&quot;,&quot;title&quot;:&quot;&quot;,&quot;orientation&quot;:&quot;0&quot;}\" data-image-title=\"IMG_4344\" data-image-description=\"\" data-image-caption=\"\" data-large-file=\"https:\/\/www.alqueria.es\/blogs\/alqueriasegundociclo\/wp-content\/uploads\/sites\/7\/2017\/01\/IMG_4344-1024x768.jpg\" class=\"alignright wp-image-15574 size-thumbnail\" src=\"https:\/\/cloud.alqueria.es\/wp-content\/uploads\/sites\/7\/2017\/01\/IMG_4344-150x150.jpg\" width=\"150\" height=\"150\" \/>aprender de lo que se nos cuenta y transmite, ya que muchos de sus ideas, son contenidos del gui\u00f3n del tema a estudiar. Su colecci\u00f3n de minerales ha impactado, y sobre ella se ha comprobado algunas caracter\u00edsticas-propiedades de los minerales.<\/p>\n<p style=\"text-align: left\">Continuaremos con la investigaci\u00f3n y algunos experimentos.<\/p>\n<p style=\"text-align: center\"><span style=\"color: #0000ff\">\u00c1rea de Lengua y literatura.<\/span><\/p>\n<p style=\"text-align: left\"><span style=\"color: #ff6600\">El Texto escrito y relato oral.<\/span><\/p>\n<p style=\"text-align: left\">\n<p style=\"text-align: left\"><img decoding=\"async\" data-attachment-id=\"15613\" data-permalink=\"https:\/\/www.alqueria.es\/blogs\/alqueriasegundociclo\/2017\/01\/14\/semanario-de-4o-semana-del-9-al-13-de-enero\/hesperides_burnejones\/\" data-orig-file=\"https:\/\/www.alqueria.es\/blogs\/alqueriasegundociclo\/wp-content\/uploads\/sites\/7\/2017\/01\/Hesperides_burnejones.jpg\" data-orig-size=\"566,694\" data-comments-opened=\"1\" data-image-meta=\"{&quot;aperture&quot;:&quot;0&quot;,&quot;credit&quot;:&quot;&quot;,&quot;camera&quot;:&quot;&quot;,&quot;caption&quot;:&quot;&quot;,&quot;created_timestamp&quot;:&quot;0&quot;,&quot;copyright&quot;:&quot;&quot;,&quot;focal_length&quot;:&quot;0&quot;,&quot;iso&quot;:&quot;0&quot;,&quot;shutter_speed&quot;:&quot;0&quot;,&quot;title&quot;:&quot;&quot;,&quot;orientation&quot;:&quot;0&quot;}\" data-image-title=\"Hesperides_burnejones\" data-image-description=\"\" data-image-caption=\"\" data-large-file=\"https:\/\/www.alqueria.es\/blogs\/alqueriasegundociclo\/wp-content\/uploads\/sites\/7\/2017\/01\/Hesperides_burnejones.jpg\" class=\"alignleft wp-image-15613 size-medium\" src=\"https:\/\/cloud.alqueria.es\/wp-content\/uploads\/sites\/7\/2017\/01\/Hesperides_burnejones-245x300.jpg\" width=\"245\" height=\"300\" srcset=\"https:\/\/www.alqueria.es\/blogs\/alqueriasegundociclo\/wp-content\/uploads\/sites\/7\/2017\/01\/Hesperides_burnejones-245x300.jpg 245w, https:\/\/www.alqueria.es\/blogs\/alqueriasegundociclo\/wp-content\/uploads\/sites\/7\/2017\/01\/Hesperides_burnejones.jpg 566w\" sizes=\"(max-width: 245px) 100vw, 245px\" \/>Esperanza ha continuado con su trabajo de relatar los trabajos de Heracles. Esta semana ha correspondido a las aventuras de <span style=\"color: #008000\">\u00abLas manzanas de oro del jard\u00edn de las Hesp\u00e9rides\u00bb<\/span>. En \u00e9l se han centrado varias haza\u00f1as del h\u00e9roe como el encuentro con las ner\u00e9idas y Nereo, el enfrentamiento con Anteo, la lucha con Lad\u00f3n y la gran astucia para poder enga\u00f1ar al tit\u00e1n Atlas. El relato ha <img decoding=\"async\" data-attachment-id=\"15615\" data-permalink=\"https:\/\/www.alqueria.es\/blogs\/alqueriasegundociclo\/2017\/01\/14\/semanario-de-4o-semana-del-9-al-13-de-enero\/20061223030412-atlas\/\" data-orig-file=\"https:\/\/www.alqueria.es\/blogs\/alqueriasegundociclo\/wp-content\/uploads\/sites\/7\/2017\/01\/20061223030412-atlas.jpg\" data-orig-size=\"273,320\" data-comments-opened=\"1\" data-image-meta=\"{&quot;aperture&quot;:&quot;0&quot;,&quot;credit&quot;:&quot;&quot;,&quot;camera&quot;:&quot;&quot;,&quot;caption&quot;:&quot;&quot;,&quot;created_timestamp&quot;:&quot;0&quot;,&quot;copyright&quot;:&quot;&quot;,&quot;focal_length&quot;:&quot;0&quot;,&quot;iso&quot;:&quot;0&quot;,&quot;shutter_speed&quot;:&quot;0&quot;,&quot;title&quot;:&quot;&quot;,&quot;orientation&quot;:&quot;0&quot;}\" data-image-title=\"20061223030412-atlas\" data-image-description=\"\" data-image-caption=\"\" data-large-file=\"https:\/\/www.alqueria.es\/blogs\/alqueriasegundociclo\/wp-content\/uploads\/sites\/7\/2017\/01\/20061223030412-atlas.jpg\" class=\"alignright size-full wp-image-15615\" src=\"https:\/\/cloud.alqueria.es\/wp-content\/uploads\/sites\/7\/2017\/01\/20061223030412-atlas.jpg\" alt=\"\" width=\"273\" height=\"320\" srcset=\"https:\/\/www.alqueria.es\/blogs\/alqueriasegundociclo\/wp-content\/uploads\/sites\/7\/2017\/01\/20061223030412-atlas.jpg 273w, https:\/\/www.alqueria.es\/blogs\/alqueriasegundociclo\/wp-content\/uploads\/sites\/7\/2017\/01\/20061223030412-atlas-256x300.jpg 256w\" sizes=\"(max-width: 273px) 100vw, 273px\" \/>servido para visualizar en el espacio geogr\u00e1fico la ubicaci\u00f3n de la cordillera del Atlas (de ah\u00ed su nombre) y la regi\u00f3n de Mauritania.<\/p>\n<p style=\"text-align: left\"><img decoding=\"async\" data-attachment-id=\"15614\" data-permalink=\"https:\/\/www.alqueria.es\/blogs\/alqueriasegundociclo\/2017\/01\/14\/semanario-de-4o-semana-del-9-al-13-de-enero\/tumblr_inline_nl43wwgarj1t7ihdd\/\" data-orig-file=\"https:\/\/www.alqueria.es\/blogs\/alqueriasegundociclo\/wp-content\/uploads\/sites\/7\/2017\/01\/tumblr_inline_nl43wwgaRJ1t7ihdd.jpg\" data-orig-size=\"500,332\" data-comments-opened=\"1\" data-image-meta=\"{&quot;aperture&quot;:&quot;0&quot;,&quot;credit&quot;:&quot;&quot;,&quot;camera&quot;:&quot;&quot;,&quot;caption&quot;:&quot;&quot;,&quot;created_timestamp&quot;:&quot;0&quot;,&quot;copyright&quot;:&quot;&quot;,&quot;focal_length&quot;:&quot;0&quot;,&quot;iso&quot;:&quot;0&quot;,&quot;shutter_speed&quot;:&quot;0&quot;,&quot;title&quot;:&quot;&quot;,&quot;orientation&quot;:&quot;0&quot;}\" data-image-title=\"tumblr_inline_nl43wwgaRJ1t7ihdd\" data-image-description=\"\" data-image-caption=\"\" data-large-file=\"https:\/\/www.alqueria.es\/blogs\/alqueriasegundociclo\/wp-content\/uploads\/sites\/7\/2017\/01\/tumblr_inline_nl43wwgaRJ1t7ihdd.jpg\" class=\"alignright size-full wp-image-15614\" src=\"https:\/\/cloud.alqueria.es\/wp-content\/uploads\/sites\/7\/2017\/01\/tumblr_inline_nl43wwgaRJ1t7ihdd.jpg\" alt=\"\" width=\"500\" height=\"332\" srcset=\"https:\/\/www.alqueria.es\/blogs\/alqueriasegundociclo\/wp-content\/uploads\/sites\/7\/2017\/01\/tumblr_inline_nl43wwgaRJ1t7ihdd.jpg 500w, https:\/\/www.alqueria.es\/blogs\/alqueriasegundociclo\/wp-content\/uploads\/sites\/7\/2017\/01\/tumblr_inline_nl43wwgaRJ1t7ihdd-300x199.jpg 300w\" sizes=\"(max-width: 500px) 100vw, 500px\" \/><\/p>\n<p style=\"text-align: left\">Paralelamente se ha contado las leyendas de <span style=\"color: #008000\">\u00abLa manzana de oro de la discordia\u00bb<\/span> y <span style=\"color: #008000\">\u00abla diosa de la discordia Eris\u00bb.<\/span><\/p>\n<p style=\"text-align: left\">Seguro que os han narrado las aventuras con esas palabras regaladas, que han ido empleando y aprendiendo. Es muy importante mostrar inter\u00e9s por lo que hacen y aprenden.<\/p>\n<p style=\"text-align: left\"><span style=\"color: #ff6600\">Lectura compartida.<\/span><\/p>\n<p style=\"text-align: left\">Se ha iniciado el trabajo colaborativo de lectura compartida con 1\u00ba de EPO. Nos trasladamos al grupo de primero en donde se presenta este gran proyecto. El grupo de 4\u00ba tiene un extraordinaria experiencia al estar encargados, en parte, del acompa\u00f1amiento en la lectura del grupo de 1\u00ba.<\/p>\n<p style=\"text-align: left\">Todos los martes se dedicar\u00e1 un tiempo a acompa\u00f1ar en el desarrollo de la lectura. Este trimestre est\u00e1 dedicado a los cuentos tradicionales de nuestra tierra, en especial a los cuentos recopilados por A. R. Almodovar en el libro \u00abCuentos al amor de la lumbre\u00bb.<\/p>\n<p style=\"text-align: left\">Nada mejor que participar, en la primera sesi\u00f3n, al cuento le\u00eddo por la gran cuentacuentos Rosi. Ha le\u00eddo \u00abLa flor de Lilil\u00e1\u00bb.<\/p>\n<p style=\"text-align: left\"><span class=\"embed-youtube\" style=\"text-align:center; display: block;\"><div class=\"a25-CTUOC-hidding-box\" data-original-content=\"&lt;iframe loading=&quot;lazy&quot; class=&quot;youtube-player&quot; width=&quot;560&quot; height=&quot;315&quot; src=&quot;https:\/\/www.youtube.com\/embed\/gD7UEkELM9A?version=3&amp;#038;rel=1&amp;#038;showsearch=0&amp;#038;showinfo=1&amp;#038;iv_load_policy=1&amp;#038;fs=1&amp;#038;hl=es-ES&amp;#038;autohide=2&amp;#038;wmode=transparent&quot; allowfullscreen=&quot;true&quot; style=&quot;border:0;&quot; sandbox=&quot;allow-scripts allow-same-origin allow-popups allow-presentation allow-popups-to-escape-sandbox&quot;&gt;&lt;\/iframe&gt;\">Esta p\u00e1gina incluye contenido multimedia que requiere aceptar todas las cookies. Pulse aqu\u00ed para abrir la configuraci\u00f3n de cookies.<\/div><\/span><\/p>\n<p style=\"text-align: center\"><span style=\"color: #0000ff\">\u00c1rea de \u00e9tica.<\/span><\/p>\n<p>Continuamos trabajando con<span style=\"color: #ff6600\"> las emociones.<\/span><\/p>\n<p><img decoding=\"async\" data-attachment-id=\"15605\" data-permalink=\"https:\/\/www.alqueria.es\/blogs\/alqueriasegundociclo\/2017\/01\/14\/semanario-de-4o-semana-del-9-al-13-de-enero\/img_4353\/\" data-orig-file=\"https:\/\/www.alqueria.es\/blogs\/alqueriasegundociclo\/wp-content\/uploads\/sites\/7\/2017\/01\/IMG_4353.jpg\" data-orig-size=\"1024,768\" data-comments-opened=\"1\" data-image-meta=\"{&quot;aperture&quot;:&quot;0&quot;,&quot;credit&quot;:&quot;&quot;,&quot;camera&quot;:&quot;&quot;,&quot;caption&quot;:&quot;&quot;,&quot;created_timestamp&quot;:&quot;0&quot;,&quot;copyright&quot;:&quot;&quot;,&quot;focal_length&quot;:&quot;0&quot;,&quot;iso&quot;:&quot;0&quot;,&quot;shutter_speed&quot;:&quot;0&quot;,&quot;title&quot;:&quot;&quot;,&quot;orientation&quot;:&quot;0&quot;}\" data-image-title=\"IMG_4353\" data-image-description=\"\" data-image-caption=\"\" data-large-file=\"https:\/\/www.alqueria.es\/blogs\/alqueriasegundociclo\/wp-content\/uploads\/sites\/7\/2017\/01\/IMG_4353-1024x768.jpg\" class=\"alignleft wp-image-15605 size-thumbnail\" src=\"https:\/\/cloud.alqueria.es\/wp-content\/uploads\/sites\/7\/2017\/01\/IMG_4353-150x150.jpg\" width=\"150\" height=\"150\" \/><\/p>\n<p><img decoding=\"async\" data-attachment-id=\"15606\" data-permalink=\"https:\/\/www.alqueria.es\/blogs\/alqueriasegundociclo\/2017\/01\/14\/semanario-de-4o-semana-del-9-al-13-de-enero\/img_4354\/\" data-orig-file=\"https:\/\/www.alqueria.es\/blogs\/alqueriasegundociclo\/wp-content\/uploads\/sites\/7\/2017\/01\/IMG_4354.jpg\" data-orig-size=\"1024,768\" data-comments-opened=\"1\" data-image-meta=\"{&quot;aperture&quot;:&quot;0&quot;,&quot;credit&quot;:&quot;&quot;,&quot;camera&quot;:&quot;&quot;,&quot;caption&quot;:&quot;&quot;,&quot;created_timestamp&quot;:&quot;0&quot;,&quot;copyright&quot;:&quot;&quot;,&quot;focal_length&quot;:&quot;0&quot;,&quot;iso&quot;:&quot;0&quot;,&quot;shutter_speed&quot;:&quot;0&quot;,&quot;title&quot;:&quot;&quot;,&quot;orientation&quot;:&quot;0&quot;}\" data-image-title=\"IMG_4354\" data-image-description=\"\" data-image-caption=\"\" data-large-file=\"https:\/\/www.alqueria.es\/blogs\/alqueriasegundociclo\/wp-content\/uploads\/sites\/7\/2017\/01\/IMG_4354-1024x768.jpg\" class=\"alignright wp-image-15606 size-thumbnail\" src=\"https:\/\/cloud.alqueria.es\/wp-content\/uploads\/sites\/7\/2017\/01\/IMG_4354-150x150.jpg\" width=\"150\" height=\"150\" \/>En esta semana les he presentado un juego de comecocos titulado \u00bfJugamos a emocionarnos?<\/p>\n<p><img decoding=\"async\" data-attachment-id=\"15604\" data-permalink=\"https:\/\/www.alqueria.es\/blogs\/alqueriasegundociclo\/2017\/01\/14\/semanario-de-4o-semana-del-9-al-13-de-enero\/img_4352\/\" data-orig-file=\"https:\/\/www.alqueria.es\/blogs\/alqueriasegundociclo\/wp-content\/uploads\/sites\/7\/2017\/01\/IMG_4352.jpg\" data-orig-size=\"1024,768\" data-comments-opened=\"1\" data-image-meta=\"{&quot;aperture&quot;:&quot;0&quot;,&quot;credit&quot;:&quot;&quot;,&quot;camera&quot;:&quot;&quot;,&quot;caption&quot;:&quot;&quot;,&quot;created_timestamp&quot;:&quot;0&quot;,&quot;copyright&quot;:&quot;&quot;,&quot;focal_length&quot;:&quot;0&quot;,&quot;iso&quot;:&quot;0&quot;,&quot;shutter_speed&quot;:&quot;0&quot;,&quot;title&quot;:&quot;&quot;,&quot;orientation&quot;:&quot;0&quot;}\" data-image-title=\"IMG_4352\" data-image-description=\"\" data-image-caption=\"\" data-large-file=\"https:\/\/www.alqueria.es\/blogs\/alqueriasegundociclo\/wp-content\/uploads\/sites\/7\/2017\/01\/IMG_4352-1024x768.jpg\" class=\"aligncenter wp-image-15604 size-medium\" src=\"https:\/\/cloud.alqueria.es\/wp-content\/uploads\/sites\/7\/2017\/01\/IMG_4352-300x225.jpg\" width=\"300\" height=\"225\" srcset=\"https:\/\/www.alqueria.es\/blogs\/alqueriasegundociclo\/wp-content\/uploads\/sites\/7\/2017\/01\/IMG_4352-300x225.jpg 300w, https:\/\/www.alqueria.es\/blogs\/alqueriasegundociclo\/wp-content\/uploads\/sites\/7\/2017\/01\/IMG_4352-768x576.jpg 768w, https:\/\/www.alqueria.es\/blogs\/alqueriasegundociclo\/wp-content\/uploads\/sites\/7\/2017\/01\/IMG_4352.jpg 1024w\" sizes=\"(max-width: 300px) 100vw, 300px\" \/><\/p>\n<p><img decoding=\"async\" data-attachment-id=\"15568\" data-permalink=\"https:\/\/www.alqueria.es\/blogs\/alqueriasegundociclo\/2017\/01\/14\/semanario-de-4o-semana-del-9-al-13-de-enero\/img_4350\/\" data-orig-file=\"https:\/\/www.alqueria.es\/blogs\/alqueriasegundociclo\/wp-content\/uploads\/sites\/7\/2017\/01\/IMG_4350.jpg\" data-orig-size=\"1024,768\" data-comments-opened=\"1\" data-image-meta=\"{&quot;aperture&quot;:&quot;0&quot;,&quot;credit&quot;:&quot;&quot;,&quot;camera&quot;:&quot;&quot;,&quot;caption&quot;:&quot;&quot;,&quot;created_timestamp&quot;:&quot;0&quot;,&quot;copyright&quot;:&quot;&quot;,&quot;focal_length&quot;:&quot;0&quot;,&quot;iso&quot;:&quot;0&quot;,&quot;shutter_speed&quot;:&quot;0&quot;,&quot;title&quot;:&quot;&quot;,&quot;orientation&quot;:&quot;0&quot;}\" data-image-title=\"IMG_4350\" data-image-description=\"\" data-image-caption=\"\" data-large-file=\"https:\/\/www.alqueria.es\/blogs\/alqueriasegundociclo\/wp-content\/uploads\/sites\/7\/2017\/01\/IMG_4350-1024x768.jpg\" class=\"alignright size-full wp-image-15568\" src=\"https:\/\/cloud.alqueria.es\/wp-content\/uploads\/sites\/7\/2017\/01\/IMG_4350.jpg\" alt=\"\" width=\"1024\" height=\"768\" srcset=\"https:\/\/www.alqueria.es\/blogs\/alqueriasegundociclo\/wp-content\/uploads\/sites\/7\/2017\/01\/IMG_4350.jpg 1024w, https:\/\/www.alqueria.es\/blogs\/alqueriasegundociclo\/wp-content\/uploads\/sites\/7\/2017\/01\/IMG_4350-300x225.jpg 300w, https:\/\/www.alqueria.es\/blogs\/alqueriasegundociclo\/wp-content\/uploads\/sites\/7\/2017\/01\/IMG_4350-768x576.jpg 768w\" sizes=\"(max-width: 1024px) 100vw, 1024px\" \/><\/p>\n<p>Tras la presentaci\u00f3n del juego y la actividad, cada uno y una se ha fabricado su comecocos y, en parejas, han trabajado sobre <span style=\"color: #ff6600\">la alegr\u00eda.<\/span><\/p>\n<p><img decoding=\"async\" data-attachment-id=\"15607\" data-permalink=\"https:\/\/www.alqueria.es\/blogs\/alqueriasegundociclo\/2017\/01\/14\/semanario-de-4o-semana-del-9-al-13-de-enero\/img_4355\/\" data-orig-file=\"https:\/\/www.alqueria.es\/blogs\/alqueriasegundociclo\/wp-content\/uploads\/sites\/7\/2017\/01\/IMG_4355.jpg\" data-orig-size=\"1024,768\" data-comments-opened=\"1\" data-image-meta=\"{&quot;aperture&quot;:&quot;0&quot;,&quot;credit&quot;:&quot;&quot;,&quot;camera&quot;:&quot;&quot;,&quot;caption&quot;:&quot;&quot;,&quot;created_timestamp&quot;:&quot;0&quot;,&quot;copyright&quot;:&quot;&quot;,&quot;focal_length&quot;:&quot;0&quot;,&quot;iso&quot;:&quot;0&quot;,&quot;shutter_speed&quot;:&quot;0&quot;,&quot;title&quot;:&quot;&quot;,&quot;orientation&quot;:&quot;0&quot;}\" data-image-title=\"IMG_4355\" data-image-description=\"\" data-image-caption=\"\" data-large-file=\"https:\/\/www.alqueria.es\/blogs\/alqueriasegundociclo\/wp-content\/uploads\/sites\/7\/2017\/01\/IMG_4355-1024x768.jpg\" class=\"aligncenter wp-image-15607 size-medium\" src=\"https:\/\/cloud.alqueria.es\/wp-content\/uploads\/sites\/7\/2017\/01\/IMG_4355-300x225.jpg\" width=\"300\" height=\"225\" srcset=\"https:\/\/www.alqueria.es\/blogs\/alqueriasegundociclo\/wp-content\/uploads\/sites\/7\/2017\/01\/IMG_4355-300x225.jpg 300w, https:\/\/www.alqueria.es\/blogs\/alqueriasegundociclo\/wp-content\/uploads\/sites\/7\/2017\/01\/IMG_4355-768x576.jpg 768w, https:\/\/www.alqueria.es\/blogs\/alqueriasegundociclo\/wp-content\/uploads\/sites\/7\/2017\/01\/IMG_4355.jpg 1024w\" sizes=\"(max-width: 300px) 100vw, 300px\" \/><\/p>\n<p><img decoding=\"async\" data-attachment-id=\"15567\" data-permalink=\"https:\/\/www.alqueria.es\/blogs\/alqueriasegundociclo\/2017\/01\/14\/semanario-de-4o-semana-del-9-al-13-de-enero\/img_4351\/\" data-orig-file=\"https:\/\/www.alqueria.es\/blogs\/alqueriasegundociclo\/wp-content\/uploads\/sites\/7\/2017\/01\/IMG_4351.jpg\" data-orig-size=\"1024,768\" data-comments-opened=\"1\" data-image-meta=\"{&quot;aperture&quot;:&quot;0&quot;,&quot;credit&quot;:&quot;&quot;,&quot;camera&quot;:&quot;&quot;,&quot;caption&quot;:&quot;&quot;,&quot;created_timestamp&quot;:&quot;0&quot;,&quot;copyright&quot;:&quot;&quot;,&quot;focal_length&quot;:&quot;0&quot;,&quot;iso&quot;:&quot;0&quot;,&quot;shutter_speed&quot;:&quot;0&quot;,&quot;title&quot;:&quot;&quot;,&quot;orientation&quot;:&quot;0&quot;}\" data-image-title=\"IMG_4351\" data-image-description=\"\" data-image-caption=\"\" data-large-file=\"https:\/\/www.alqueria.es\/blogs\/alqueriasegundociclo\/wp-content\/uploads\/sites\/7\/2017\/01\/IMG_4351-1024x768.jpg\" class=\"alignright size-full wp-image-15567\" src=\"https:\/\/cloud.alqueria.es\/wp-content\/uploads\/sites\/7\/2017\/01\/IMG_4351.jpg\" alt=\"\" width=\"1024\" height=\"768\" srcset=\"https:\/\/www.alqueria.es\/blogs\/alqueriasegundociclo\/wp-content\/uploads\/sites\/7\/2017\/01\/IMG_4351.jpg 1024w, https:\/\/www.alqueria.es\/blogs\/alqueriasegundociclo\/wp-content\/uploads\/sites\/7\/2017\/01\/IMG_4351-300x225.jpg 300w, https:\/\/www.alqueria.es\/blogs\/alqueriasegundociclo\/wp-content\/uploads\/sites\/7\/2017\/01\/IMG_4351-768x576.jpg 768w\" sizes=\"(max-width: 1024px) 100vw, 1024px\" \/><\/p>\n<p>Se continuar\u00e1n trabajando las emociones con el fin de conocernos mejor y convivir armoniosamente.<\/p>\n<p><span style=\"color: #0000ff\">Agenda<\/span><\/p>\n<p><span style=\"color: #008000\">Diario.<\/span> Almudena, la alumna de practicas, se despide la semana que viene. Se les ha pedido un peque\u00f1o escrito en el diario en el que pueden agradecer la ayuda prestada, as\u00ed como todas aquellas ideas que deseen expresarle.<\/p>\n<p><span style=\"color: #008000\">Animar a leer, la importancia de leer, importancia de la literatura\u2026<\/span><\/p>\n<p>Se ha comenzado a trabajar para preparar la semana cultural. Les he pedido, con ayuda familiar, que busquen algunas frases o peque\u00f1os textos que indiquen la importancia de leer, importancia de los libros, c\u00f3mic, etc. Deben ser de autores importantes ejemplo:<\/p>\n<h2 style=\"text-align: center\"><span style=\"color: #800080\">\u00abEl que ama la lectura,<\/span><\/h2>\n<h2 style=\"text-align: center\"><span style=\"color: #800080\">tiene todo a su alcance\u00bb.<\/span><\/h2>\n<p style=\"text-align: right\"><span style=\"color: #993366\">Willian Godwin.<\/span><\/p>\n<p>&nbsp;<\/p>\n<p>Y con esta frase me despido.<\/p>\n<p>Os deseo un buen fin de semana.<\/p>\n<p>Juanjo<\/p>\n<p>&nbsp;<\/p>\n","protected":false},"excerpt":{"rendered":"<p>Desde aqu\u00ed os felicitamos el a\u00f1o y en espacial a todas las familias que a\u00fan no hemos podido ver personalmente. Nuestro trimestre ha comenzado dando la bienvenida a Oscar, un nuevo alumno, que se ha incorporado al grupo. Nos presentamos y narramos ciertas actividades que se realizan en el aula, en el colegio. Lo orientamos &hellip; <a href=\"https:\/\/www.alqueria.es\/blogs\/alqueriasegundociclo\/2017\/01\/14\/semanario-de-4o-semana-del-9-al-13-de-enero\/\" class=\"more-link\">Seguir leyendo <span class=\"screen-reader-text\">Semanario de 4\u00ba. Semana del 9 al 13 de enero<\/span> <span class=\"meta-nav\">&rarr;<\/span><\/a><\/p>\n","protected":false},"author":16,"featured_media":0,"comment_status":"open","ping_status":"open","sticky":false,"template":"","format":"standard","meta":{"jetpack_post_was_ever_published":false,"_jetpack_newsletter_access":"","_jetpack_dont_email_post_to_subs":false,"_jetpack_newsletter_tier_id":0,"_jetpack_memberships_contains_paywalled_content":false,"_jetpack_memberships_contains_paid_content":false,"footnotes":"","jetpack_publicize_message":"","jetpack_publicize_feature_enabled":true,"jetpack_social_post_already_shared":true,"jetpack_social_options":{"image_generator_settings":{"template":"highway","default_image_id":0,"font":"","enabled":false},"version":2}},"categories":[6,60],"tags":[],"class_list":["post-15563","post","type-post","status-publish","format-standard","hentry","category-4o-epo","category-semanario-4o"],"jetpack_publicize_connections":[],"jetpack_featured_media_url":"","jetpack_sharing_enabled":true,"jetpack_shortlink":"https:\/\/wp.me\/p4lw4c-431","_links":{"self":[{"href":"https:\/\/www.alqueria.es\/blogs\/alqueriasegundociclo\/wp-json\/wp\/v2\/posts\/15563","targetHints":{"allow":["GET"]}}],"collection":[{"href":"https:\/\/www.alqueria.es\/blogs\/alqueriasegundociclo\/wp-json\/wp\/v2\/posts"}],"about":[{"href":"https:\/\/www.alqueria.es\/blogs\/alqueriasegundociclo\/wp-json\/wp\/v2\/types\/post"}],"author":[{"embeddable":true,"href":"https:\/\/www.alqueria.es\/blogs\/alqueriasegundociclo\/wp-json\/wp\/v2\/users\/16"}],"replies":[{"embeddable":true,"href":"https:\/\/www.alqueria.es\/blogs\/alqueriasegundociclo\/wp-json\/wp\/v2\/comments?post=15563"}],"version-history":[{"count":0,"href":"https:\/\/www.alqueria.es\/blogs\/alqueriasegundociclo\/wp-json\/wp\/v2\/posts\/15563\/revisions"}],"wp:attachment":[{"href":"https:\/\/www.alqueria.es\/blogs\/alqueriasegundociclo\/wp-json\/wp\/v2\/media?parent=15563"}],"wp:term":[{"taxonomy":"category","embeddable":true,"href":"https:\/\/www.alqueria.es\/blogs\/alqueriasegundociclo\/wp-json\/wp\/v2\/categories?post=15563"},{"taxonomy":"post_tag","embeddable":true,"href":"https:\/\/www.alqueria.es\/blogs\/alqueriasegundociclo\/wp-json\/wp\/v2\/tags?post=15563"}],"curies":[{"name":"wp","href":"https:\/\/api.w.org\/{rel}","templated":true}]}}