{"id":16237,"date":"2017-03-13T16:48:59","date_gmt":"2017-03-13T15:48:59","guid":{"rendered":"https:\/\/www.alqueria.es\/blogs\/alqueriasegundociclo\/?p=16237"},"modified":"2017-03-13T16:48:59","modified_gmt":"2017-03-13T15:48:59","slug":"historia-de-la-navegacion-y-los-nudos","status":"publish","type":"post","link":"https:\/\/www.alqueria.es\/blogs\/alqueriasegundociclo\/2017\/03\/13\/historia-de-la-navegacion-y-los-nudos\/","title":{"rendered":"HISTORIA DE LA NAVEGACI\u00d3N Y LOS NUDOS"},"content":{"rendered":"<p>Gabriela nos ofreci\u00f3 una conferencia muy interesante sobre la historia de la navegaci\u00f3n y los nudos que en ella se emplean. \u00a0Hizo un recorrido sobre los primeros navegantes, se centr\u00f3 en los barcos de vela: tipos, herramientas&#8230; Y una de las cosas que entusiasm\u00f3 a sus compa\u00f1eros fue los tipos de nudos y que ella misma nos ense\u00f1\u00f3 a hacerlos.<\/p>\n<p>Enhorabuena por tan fant\u00e1stica conferencia y gracias Gabriela<\/p>\n<div class=\"a25-CTUOC-hidding-box\" data-original-content=\"&lt;iframe title=&quot;Historia de la navegaci\u00f3n y los nudos...&quot; src=&quot;https:\/\/www.slideshare.net\/slideshow\/embed_code\/key\/aCdtxzOnqEjnGU&quot; width=&quot;427&quot; height=&quot;356&quot; frameborder=&quot;0&quot; marginwidth=&quot;0&quot; marginheight=&quot;0&quot; scrolling=&quot;no&quot; style=&quot;border:1px solid #CCC; border-width:1px; margin-bottom:5px; max-width: 100%;&quot; allowfullscreen&gt; &lt;\/iframe&gt;\">Esta p\u00e1gina incluye contenido multimedia que requiere aceptar todas las cookies. Pulse aqu\u00ed para abrir la configuraci\u00f3n de cookies.<\/div>\n<div style=\"margin-bottom:5px\"> <strong> <a href=\"https:\/\/es.slideshare.net\/slideshow\/historia-de-la-navegacin-y-los-nudos-73098071\/73098071\" title=\"Historia de la navegaci\u00f3n y los nudos...\" target=\"_blank\">Historia de la navegaci\u00f3n y los nudos&#8230;<\/a> <\/strong> from <strong><a href=\"https:\/\/www.slideshare.net\/laurajj\" target=\"_blank\">laurajj<\/a><\/strong> <\/div>\n<p>&nbsp;<\/p>\n","protected":false},"excerpt":{"rendered":"<p>Gabriela nos ofreci\u00f3 una conferencia muy interesante sobre la historia de la navegaci\u00f3n y los nudos que en ella se emplean. \u00a0Hizo un recorrido sobre los primeros navegantes, se centr\u00f3 en los barcos de vela: tipos, herramientas&#8230; Y una de las cosas que entusiasm\u00f3 a sus compa\u00f1eros fue los tipos de nudos y que ella &hellip; <a href=\"https:\/\/www.alqueria.es\/blogs\/alqueriasegundociclo\/2017\/03\/13\/historia-de-la-navegacion-y-los-nudos\/\" class=\"more-link\">Seguir leyendo <span class=\"screen-reader-text\">HISTORIA DE LA NAVEGACI\u00d3N Y LOS NUDOS<\/span> <span class=\"meta-nav\">&rarr;<\/span><\/a><\/p>\n","protected":false},"author":16,"featured_media":0,"comment_status":"open","ping_status":"open","sticky":false,"template":"","format":"standard","meta":{"jetpack_post_was_ever_published":false,"_jetpack_newsletter_access":"","_jetpack_dont_email_post_to_subs":false,"_jetpack_newsletter_tier_id":0,"_jetpack_memberships_contains_paywalled_content":false,"_jetpack_memberships_contains_paid_content":false,"footnotes":"","jetpack_publicize_message":"","jetpack_publicize_feature_enabled":true,"jetpack_social_post_already_shared":true,"jetpack_social_options":{"image_generator_settings":{"template":"highway","default_image_id":0,"font":"","enabled":false},"version":2}},"categories":[5,10],"tags":[],"class_list":["post-16237","post","type-post","status-publish","format-standard","hentry","category-3o-epo","category-conocimiento-del-medio-y-social-3o"],"jetpack_publicize_connections":[],"jetpack_featured_media_url":"","jetpack_sharing_enabled":true,"jetpack_shortlink":"https:\/\/wp.me\/p4lw4c-4dT","_links":{"self":[{"href":"https:\/\/www.alqueria.es\/blogs\/alqueriasegundociclo\/wp-json\/wp\/v2\/posts\/16237","targetHints":{"allow":["GET"]}}],"collection":[{"href":"https:\/\/www.alqueria.es\/blogs\/alqueriasegundociclo\/wp-json\/wp\/v2\/posts"}],"about":[{"href":"https:\/\/www.alqueria.es\/blogs\/alqueriasegundociclo\/wp-json\/wp\/v2\/types\/post"}],"author":[{"embeddable":true,"href":"https:\/\/www.alqueria.es\/blogs\/alqueriasegundociclo\/wp-json\/wp\/v2\/users\/16"}],"replies":[{"embeddable":true,"href":"https:\/\/www.alqueria.es\/blogs\/alqueriasegundociclo\/wp-json\/wp\/v2\/comments?post=16237"}],"version-history":[{"count":0,"href":"https:\/\/www.alqueria.es\/blogs\/alqueriasegundociclo\/wp-json\/wp\/v2\/posts\/16237\/revisions"}],"wp:attachment":[{"href":"https:\/\/www.alqueria.es\/blogs\/alqueriasegundociclo\/wp-json\/wp\/v2\/media?parent=16237"}],"wp:term":[{"taxonomy":"category","embeddable":true,"href":"https:\/\/www.alqueria.es\/blogs\/alqueriasegundociclo\/wp-json\/wp\/v2\/categories?post=16237"},{"taxonomy":"post_tag","embeddable":true,"href":"https:\/\/www.alqueria.es\/blogs\/alqueriasegundociclo\/wp-json\/wp\/v2\/tags?post=16237"}],"curies":[{"name":"wp","href":"https:\/\/api.w.org\/{rel}","templated":true}]}}