{"id":16250,"date":"2017-03-13T13:32:38","date_gmt":"2017-03-13T12:32:38","guid":{"rendered":"https:\/\/www.alqueria.es\/blogs\/alqueriasegundociclo\/?p=16250"},"modified":"2017-03-13T13:32:38","modified_gmt":"2017-03-13T12:32:38","slug":"semanario-de-41-semana-del-6-al-10-de-marzo","status":"publish","type":"post","link":"https:\/\/www.alqueria.es\/blogs\/alqueriasegundociclo\/2017\/03\/13\/semanario-de-41-semana-del-6-al-10-de-marzo\/","title":{"rendered":"Semanario de 41. Semana del 6 al 10 de marzo."},"content":{"rendered":"<p style=\"text-align: center\"><span style=\"color: #0000ff\">\u00c1rea de matem\u00e1ticas<\/span><\/p>\n<p>Hace tiempo que se comenz\u00f3 a recordar y repasar <span style=\"color: #ff6600\">la divisi\u00f3n<\/span> que se trabaj\u00f3 en 3\u00ba, la divisi\u00f3n con una cifra en el divisor.<\/p>\n<p>Se retoma:<\/p>\n<ul>\n<li><span style=\"color: #800000\">\u00bfQu\u00e9 es dividir?<\/span><\/li>\n<li><span style=\"color: #ff0000\">La divisi\u00f3n como resta.<\/span><\/li>\n<li><span style=\"color: #ff9900\">La divisi\u00f3n para facilitar la resta.<\/span><\/li>\n<li><span style=\"color: #003300\">Los pasos de la divisi\u00f3n.<\/span><\/li>\n<li><span style=\"color: #0000ff\">la terminolog\u00eda (nombre de \u00a0los t\u00e9rminos).<\/span><\/li>\n<li><span style=\"color: #800080\">La propiedad: cualquier dividendo y divisor multiplicado o dividido por un mismo n\u00famero, el cociente siempre es el mismo.<\/span><\/li>\n<\/ul>\n<p>Se practica la operaci\u00f3n \u00a0y resulta que ya \u00a0realizan las actividades de forma muy fluida. Es hora de abordar la divisi\u00f3n de 4\u00ba, la divisi\u00f3n por dos cifras en el divisor. Para ello hay que ser pacientes, recordar los pasos a seguir , tantear mentalmente, comprobar y sobre todo <span style=\"color: #008000\">DOMINAR CON MUCHA FLUIDEZ LAS TABLAS DE MULTIPLICAR.<\/span><\/p>\n<p>Os dejo unos sencillos v\u00eddeos. Recordad que parte del alumnado no realiza la resta mental por lo que necesita colocar la resta.<br \/>\n<span class=\"embed-youtube\" style=\"text-align:center; display: block;\"><div class=\"a25-CTUOC-hidding-box\" data-original-content=\"&lt;iframe loading=&quot;lazy&quot; class=&quot;youtube-player&quot; width=&quot;474&quot; height=&quot;267&quot; src=&quot;https:\/\/www.youtube.com\/embed\/ttYNgurISjA?version=3&amp;#038;rel=1&amp;#038;showsearch=0&amp;#038;showinfo=1&amp;#038;iv_load_policy=1&amp;#038;fs=1&amp;#038;hl=es-ES&amp;#038;autohide=2&amp;#038;wmode=transparent&quot; allowfullscreen=&quot;true&quot; style=&quot;border:0;&quot; sandbox=&quot;allow-scripts allow-same-origin allow-popups allow-presentation allow-popups-to-escape-sandbox&quot;&gt;&lt;\/iframe&gt;\">Esta p\u00e1gina incluye contenido multimedia que requiere aceptar todas las cookies. Pulse aqu\u00ed para abrir la configuraci\u00f3n de cookies.<\/div><\/span><br \/>\n<span class=\"embed-youtube\" style=\"text-align:center; display: block;\"><div class=\"a25-CTUOC-hidding-box\" data-original-content=\"&lt;iframe loading=&quot;lazy&quot; class=&quot;youtube-player&quot; width=&quot;474&quot; height=&quot;267&quot; src=&quot;https:\/\/www.youtube.com\/embed\/VXjn6z4AfVw?version=3&amp;#038;rel=1&amp;#038;showsearch=0&amp;#038;showinfo=1&amp;#038;iv_load_policy=1&amp;#038;fs=1&amp;#038;hl=es-ES&amp;#038;autohide=2&amp;#038;wmode=transparent&quot; allowfullscreen=&quot;true&quot; style=&quot;border:0;&quot; sandbox=&quot;allow-scripts allow-same-origin allow-popups allow-presentation allow-popups-to-escape-sandbox&quot;&gt;&lt;\/iframe&gt;\">Esta p\u00e1gina incluye contenido multimedia que requiere aceptar todas las cookies. Pulse aqu\u00ed para abrir la configuraci\u00f3n de cookies.<\/div><\/span><br \/>\nCuadernillo del 8,5<\/p>\n<p>Se dedica tiempo a la correcci\u00f3n de las actividades y al planteamiento de dudas o ejercicios que no se han sabido hacer. Entre los compa\u00f1eros y compa\u00f1eras se ayudan a resolver dudas.<\/p>\n<p>El ritmo de realizaci\u00f3n ay administraci\u00f3n de la tarea en clase y en casa es muy dispar, por lo que aconsejo \u00a0que se contin\u00fae animando en casa.<\/p>\n<p style=\"text-align: center\"><span style=\"color: #0000ff\">\u00c1rea de ciencias sociales<\/span><\/p>\n<p>Se continua trabajando con <span style=\"color: #ff6600\">el territorio de Andaluc\u00eda y de Espa\u00f1a<\/span>. Se dominan bien las comunidades aut\u00f3nomas y sus capitales, ahora estamos con las provincias que las componen.<\/p>\n<p><img decoding=\"async\" data-attachment-id=\"16253\" data-permalink=\"https:\/\/www.alqueria.es\/blogs\/alqueriasegundociclo\/2017\/03\/13\/semanario-de-41-semana-del-6-al-10-de-marzo\/provincias-de-espac3b1a-2\/\" data-orig-file=\"https:\/\/cloud.alqueria.es\/wp-content\/uploads\/sites\/7\/2017\/03\/provincias-de-espac3b1a.jpg\" data-orig-size=\"1024,717\" data-comments-opened=\"1\" data-image-meta=\"{&quot;aperture&quot;:&quot;0&quot;,&quot;credit&quot;:&quot;&quot;,&quot;camera&quot;:&quot;&quot;,&quot;caption&quot;:&quot;&quot;,&quot;created_timestamp&quot;:&quot;0&quot;,&quot;copyright&quot;:&quot;&quot;,&quot;focal_length&quot;:&quot;0&quot;,&quot;iso&quot;:&quot;0&quot;,&quot;shutter_speed&quot;:&quot;0&quot;,&quot;title&quot;:&quot;&quot;,&quot;orientation&quot;:&quot;0&quot;}\" data-image-title=\"provincias-de-espac3b1a\" data-image-description=\"\" data-image-caption=\"\" data-large-file=\"https:\/\/cloud.alqueria.es\/wp-content\/uploads\/sites\/7\/2017\/03\/provincias-de-espac3b1a-1024x717.jpg\" class=\"alignright size-full wp-image-16253\" src=\"https:\/\/cloud.alqueria.es\/wp-content\/uploads\/sites\/7\/2017\/03\/provincias-de-espac3b1a.jpg\" alt=\"\" width=\"1024\" height=\"717\" srcset=\"https:\/\/cloud.alqueria.es\/wp-content\/uploads\/sites\/7\/2017\/03\/provincias-de-espac3b1a.jpg 1024w, https:\/\/cloud.alqueria.es\/wp-content\/uploads\/sites\/7\/2017\/03\/provincias-de-espac3b1a.jpg 300w, https:\/\/cloud.alqueria.es\/wp-content\/uploads\/sites\/7\/2017\/03\/provincias-de-espac3b1a.jpg 768w\" sizes=\"(max-width: 1024px) 100vw, 1024px\" \/><\/p>\n<p>Jugamos con los juegos que est\u00e1n insertados en el blog y con los mapas mudos.<\/p>\n<p>Martina nos ha expuesto una interesante conferencia sobre C\u00f3rdoba y Dario sobre las banderas, pod\u00e9is volver a verlas para recordar y afianzar lo ense\u00f1ado.<br \/>\n<div class=\"a25-CTUOC-hidding-box\" data-original-content=\"&lt;iframe src=&quot;https:\/\/www.slideshare.net\/slideshow\/embed_code\/73090712&quot; width=&quot;474&quot; height=&quot;389&quot; sandbox=&quot;allow-popups allow-scripts allow-same-origin allow-presentation&quot; allowfullscreen webkitallowfullscreen mozallowfullscreen&gt;&lt;\/iframe&gt;\">Esta p\u00e1gina incluye contenido multimedia que requiere aceptar todas las cookies. Pulse aqu\u00ed para abrir la configuraci\u00f3n de cookies.<\/div><br \/>\n<div class=\"a25-CTUOC-hidding-box\" data-original-content=\"&lt;iframe src=&quot;https:\/\/www.slideshare.net\/slideshow\/embed_code\/73091726&quot; width=&quot;474&quot; height=&quot;389&quot; sandbox=&quot;allow-popups allow-scripts allow-same-origin allow-presentation&quot; allowfullscreen webkitallowfullscreen mozallowfullscreen&gt;&lt;\/iframe&gt;\">Esta p\u00e1gina incluye contenido multimedia que requiere aceptar todas las cookies. Pulse aqu\u00ed para abrir la configuraci\u00f3n de cookies.<\/div><\/p>\n<p style=\"text-align: center\"><span style=\"color: #0000ff\">\u00c1rea de lengua y literatura<\/span><\/p>\n<p style=\"text-align: left\">Se contin\u00faa con el uso de la tilde.<\/p>\n<p style=\"text-align: left\">Se ha trabajado las palabras llanas jugando a identificar una palabra llana, las s\u00edlaba t\u00f3nica y si lleva tilde o no.<\/p>\n<p style=\"text-align: center\"><span style=\"color: #ff6600\">La Odisea<\/span><\/p>\n<p style=\"text-align: center\"><img decoding=\"async\" data-attachment-id=\"16255\" data-permalink=\"https:\/\/www.alqueria.es\/blogs\/alqueriasegundociclo\/2017\/03\/13\/semanario-de-41-semana-del-6-al-10-de-marzo\/la-odisea-2\/\" data-orig-file=\"https:\/\/cloud.alqueria.es\/wp-content\/uploads\/sites\/7\/2017\/03\/la-odisea.jpg\" data-orig-size=\"450,286\" data-comments-opened=\"1\" data-image-meta=\"{&quot;aperture&quot;:&quot;0&quot;,&quot;credit&quot;:&quot;&quot;,&quot;camera&quot;:&quot;&quot;,&quot;caption&quot;:&quot;&quot;,&quot;created_timestamp&quot;:&quot;0&quot;,&quot;copyright&quot;:&quot;&quot;,&quot;focal_length&quot;:&quot;0&quot;,&quot;iso&quot;:&quot;0&quot;,&quot;shutter_speed&quot;:&quot;0&quot;,&quot;title&quot;:&quot;&quot;,&quot;orientation&quot;:&quot;0&quot;}\" data-image-title=\"la-odisea\" data-image-description=\"\" data-image-caption=\"\" data-large-file=\"https:\/\/cloud.alqueria.es\/wp-content\/uploads\/sites\/7\/2017\/03\/la-odisea.jpg\" class=\"alignright size-full wp-image-16255\" src=\"https:\/\/cloud.alqueria.es\/wp-content\/uploads\/sites\/7\/2017\/03\/la-odisea.jpg\" alt=\"\" width=\"450\" height=\"286\" srcset=\"https:\/\/cloud.alqueria.es\/wp-content\/uploads\/sites\/7\/2017\/03\/la-odisea.jpg 450w, https:\/\/cloud.alqueria.es\/wp-content\/uploads\/sites\/7\/2017\/03\/la-odisea.jpg 300w\" sizes=\"(max-width: 450px) 100vw, 450px\" \/><\/p>\n<p style=\"text-align: left\">Irene ha comenzado su trabajo de investigaci\u00f3n sobre<span style=\"color: #0000ff\"> la Odisea<\/span>.<\/p>\n<p style=\"text-align: left\">Es el nuevo libro que se va a realizar hasta el final de curso. Cada semana nos expondr\u00e1 una parte sobre la que se trabajar\u00e1 en texto escrito.<\/p>\n<p style=\"text-align: left\">En su introducci\u00f3n nos ha expuesto:<\/p>\n<ul>\n<li style=\"text-align: left\"><span style=\"color: #800000\">\u00a1Qu\u00e9 es la Odisea?<\/span><\/li>\n<li style=\"text-align: left\"><span style=\"color: #ff0000\">Homero.<\/span><\/li>\n<li style=\"text-align: left\"><span style=\"color: #808000\">El mundo hom\u00e9rico.<\/span><\/li>\n<li style=\"text-align: left\"><span style=\"color: #800080\">La Iliada y la Odisea.<\/span><\/li>\n<li style=\"text-align: left\"><span style=\"color: #003366\">Las rapsodias.<\/span><\/li>\n<\/ul>\n<p>El trabajo contin\u00faa siendo apasionante, seguro que se disfrutar\u00e1 y aprender\u00e1 mucho.<\/p>\n<p>Un saludo.<\/p>\n<p>Juanjo<\/p>\n","protected":false},"excerpt":{"rendered":"<p>\u00c1rea de matem\u00e1ticas Hace tiempo que se comenz\u00f3 a recordar y repasar la divisi\u00f3n que se trabaj\u00f3 en 3\u00ba, la divisi\u00f3n con una cifra en el divisor. Se retoma: \u00bfQu\u00e9 es dividir? La divisi\u00f3n como resta. La divisi\u00f3n para facilitar la resta. Los pasos de la divisi\u00f3n. la terminolog\u00eda (nombre de \u00a0los t\u00e9rminos). La propiedad: &hellip; <a href=\"https:\/\/www.alqueria.es\/blogs\/alqueriasegundociclo\/2017\/03\/13\/semanario-de-41-semana-del-6-al-10-de-marzo\/\" class=\"more-link\">Seguir leyendo <span class=\"screen-reader-text\">Semanario de 41. Semana del 6 al 10 de marzo.<\/span> <span class=\"meta-nav\">&rarr;<\/span><\/a><\/p>\n","protected":false},"author":16,"featured_media":0,"comment_status":"open","ping_status":"open","sticky":false,"template":"","format":"standard","meta":{"jetpack_post_was_ever_published":false,"_jetpack_newsletter_access":"","_jetpack_dont_email_post_to_subs":false,"_jetpack_newsletter_tier_id":0,"_jetpack_memberships_contains_paywalled_content":false,"_jetpack_memberships_contains_paid_content":false,"footnotes":"","jetpack_publicize_message":"","jetpack_publicize_feature_enabled":true,"jetpack_social_post_already_shared":true,"jetpack_social_options":{"image_generator_settings":{"template":"highway","default_image_id":0,"font":"","enabled":false},"version":2}},"categories":[6,60,1],"tags":[],"class_list":["post-16250","post","type-post","status-publish","format-standard","hentry","category-4o-epo","category-semanario-4o","category-sin-categoria"],"jetpack_publicize_connections":[],"jetpack_featured_media_url":"","jetpack_sharing_enabled":true,"jetpack_shortlink":"https:\/\/wp.me\/p4lw4c-4e6","_links":{"self":[{"href":"https:\/\/www.alqueria.es\/blogs\/alqueriasegundociclo\/wp-json\/wp\/v2\/posts\/16250","targetHints":{"allow":["GET"]}}],"collection":[{"href":"https:\/\/www.alqueria.es\/blogs\/alqueriasegundociclo\/wp-json\/wp\/v2\/posts"}],"about":[{"href":"https:\/\/www.alqueria.es\/blogs\/alqueriasegundociclo\/wp-json\/wp\/v2\/types\/post"}],"author":[{"embeddable":true,"href":"https:\/\/www.alqueria.es\/blogs\/alqueriasegundociclo\/wp-json\/wp\/v2\/users\/16"}],"replies":[{"embeddable":true,"href":"https:\/\/www.alqueria.es\/blogs\/alqueriasegundociclo\/wp-json\/wp\/v2\/comments?post=16250"}],"version-history":[{"count":0,"href":"https:\/\/www.alqueria.es\/blogs\/alqueriasegundociclo\/wp-json\/wp\/v2\/posts\/16250\/revisions"}],"wp:attachment":[{"href":"https:\/\/www.alqueria.es\/blogs\/alqueriasegundociclo\/wp-json\/wp\/v2\/media?parent=16250"}],"wp:term":[{"taxonomy":"category","embeddable":true,"href":"https:\/\/www.alqueria.es\/blogs\/alqueriasegundociclo\/wp-json\/wp\/v2\/categories?post=16250"},{"taxonomy":"post_tag","embeddable":true,"href":"https:\/\/www.alqueria.es\/blogs\/alqueriasegundociclo\/wp-json\/wp\/v2\/tags?post=16250"}],"curies":[{"name":"wp","href":"https:\/\/api.w.org\/{rel}","templated":true}]}}