{"id":16391,"date":"2017-04-27T12:27:33","date_gmt":"2017-04-27T10:27:33","guid":{"rendered":"https:\/\/www.alqueria.es\/blogs\/alqueriasegundociclo\/?p=16391"},"modified":"2017-04-27T12:27:54","modified_gmt":"2017-04-27T10:27:54","slug":"salida-sacromonte","status":"publish","type":"post","link":"https:\/\/www.alqueria.es\/blogs\/alqueriasegundociclo\/2017\/04\/27\/salida-sacromonte\/","title":{"rendered":"SALIDA SACROMONTE"},"content":{"rendered":"<p><img decoding=\"async\" data-attachment-id=\"16392\" data-permalink=\"https:\/\/www.alqueria.es\/blogs\/alqueriasegundociclo\/2017\/04\/27\/salida-sacromonte\/aplazado\/\" data-orig-file=\"https:\/\/cloud.alqueria.es\/wp-content\/uploads\/sites\/7\/2017\/04\/aplazado-.jpg\" data-orig-size=\"500,150\" data-comments-opened=\"1\" data-image-meta=\"{&quot;aperture&quot;:&quot;0&quot;,&quot;credit&quot;:&quot;&quot;,&quot;camera&quot;:&quot;&quot;,&quot;caption&quot;:&quot;&quot;,&quot;created_timestamp&quot;:&quot;0&quot;,&quot;copyright&quot;:&quot;&quot;,&quot;focal_length&quot;:&quot;0&quot;,&quot;iso&quot;:&quot;0&quot;,&quot;shutter_speed&quot;:&quot;0&quot;,&quot;title&quot;:&quot;&quot;,&quot;orientation&quot;:&quot;0&quot;}\" data-image-title=\"aplazado-\" data-image-description=\"\" data-image-caption=\"\" data-large-file=\"https:\/\/cloud.alqueria.es\/wp-content\/uploads\/sites\/7\/2017\/04\/aplazado-.jpg\" class=\"alignright size-full wp-image-16392\" src=\"https:\/\/cloud.alqueria.es\/wp-content\/uploads\/sites\/7\/2017\/04\/aplazado-.jpg\" alt=\"\" width=\"500\" height=\"150\" srcset=\"https:\/\/cloud.alqueria.es\/wp-content\/uploads\/sites\/7\/2017\/04\/aplazado-.jpg 500w, https:\/\/cloud.alqueria.es\/wp-content\/uploads\/sites\/7\/2017\/04\/aplazado-.jpg 300w\" sizes=\"(max-width: 500px) 100vw, 500px\" \/><\/p>\n<p>&nbsp;<\/p>\n<h3 style=\"text-align: center\">La salida que estaba prevista para ma\u00f1ana, <span style=\"color: #3366ff\">viernes 28 de abril<\/span> al barrio del <span style=\"color: #ff0000\">Sacromonte,<\/span> queda aplazada debido a las previsiones meteorol\u00f3gicas para la jornada de ma\u00f1ana.<\/h3>\n<h3 style=\"text-align: center\">La fecha ser\u00e1 el pr\u00f3ximo lunes 8 de mayo.<\/h3>\n<h3 style=\"text-align: center\">Sentimos las molestias, esperamos que el tiempo nos permita disfrutar de esta maravillosa salida.<\/h3>\n<p style=\"text-align: left\">Laura<\/p>\n","protected":false},"excerpt":{"rendered":"<p>&nbsp; La salida que estaba prevista para ma\u00f1ana, viernes 28 de abril al barrio del Sacromonte, queda aplazada debido a las previsiones meteorol\u00f3gicas para la jornada de ma\u00f1ana. La fecha ser\u00e1 el pr\u00f3ximo lunes 8 de mayo. Sentimos las molestias, esperamos que el tiempo nos permita disfrutar de esta maravillosa salida. Laura<\/p>\n","protected":false},"author":16,"featured_media":0,"comment_status":"open","ping_status":"open","sticky":false,"template":"","format":"standard","meta":{"jetpack_post_was_ever_published":false,"_jetpack_newsletter_access":"","_jetpack_dont_email_post_to_subs":false,"_jetpack_newsletter_tier_id":0,"_jetpack_memberships_contains_paywalled_content":false,"_jetpack_memberships_contains_paid_content":false,"footnotes":"","jetpack_publicize_message":"","jetpack_publicize_feature_enabled":true,"jetpack_social_post_already_shared":true,"jetpack_social_options":{"image_generator_settings":{"template":"highway","default_image_id":0,"font":"","enabled":false},"version":2}},"categories":[5,59],"tags":[],"class_list":["post-16391","post","type-post","status-publish","format-standard","hentry","category-3o-epo","category-semanario-3o"],"jetpack_publicize_connections":[],"jetpack_featured_media_url":"","jetpack_sharing_enabled":true,"jetpack_shortlink":"https:\/\/wp.me\/p4lw4c-4gn","_links":{"self":[{"href":"https:\/\/www.alqueria.es\/blogs\/alqueriasegundociclo\/wp-json\/wp\/v2\/posts\/16391","targetHints":{"allow":["GET"]}}],"collection":[{"href":"https:\/\/www.alqueria.es\/blogs\/alqueriasegundociclo\/wp-json\/wp\/v2\/posts"}],"about":[{"href":"https:\/\/www.alqueria.es\/blogs\/alqueriasegundociclo\/wp-json\/wp\/v2\/types\/post"}],"author":[{"embeddable":true,"href":"https:\/\/www.alqueria.es\/blogs\/alqueriasegundociclo\/wp-json\/wp\/v2\/users\/16"}],"replies":[{"embeddable":true,"href":"https:\/\/www.alqueria.es\/blogs\/alqueriasegundociclo\/wp-json\/wp\/v2\/comments?post=16391"}],"version-history":[{"count":0,"href":"https:\/\/www.alqueria.es\/blogs\/alqueriasegundociclo\/wp-json\/wp\/v2\/posts\/16391\/revisions"}],"wp:attachment":[{"href":"https:\/\/www.alqueria.es\/blogs\/alqueriasegundociclo\/wp-json\/wp\/v2\/media?parent=16391"}],"wp:term":[{"taxonomy":"category","embeddable":true,"href":"https:\/\/www.alqueria.es\/blogs\/alqueriasegundociclo\/wp-json\/wp\/v2\/categories?post=16391"},{"taxonomy":"post_tag","embeddable":true,"href":"https:\/\/www.alqueria.es\/blogs\/alqueriasegundociclo\/wp-json\/wp\/v2\/tags?post=16391"}],"curies":[{"name":"wp","href":"https:\/\/api.w.org\/{rel}","templated":true}]}}