{"id":16888,"date":"2017-09-15T10:33:39","date_gmt":"2017-09-15T08:33:39","guid":{"rendered":"https:\/\/www.alqueria.es\/blogs\/alqueriasegundociclo\/?p=16888"},"modified":"2017-09-15T10:33:39","modified_gmt":"2017-09-15T08:33:39","slug":"inicio-del-curso-en-4o","status":"publish","type":"post","link":"https:\/\/www.alqueria.es\/blogs\/alqueriasegundociclo\/2017\/09\/15\/inicio-del-curso-en-4o\/","title":{"rendered":"Inicio del curso en 4\u00ba"},"content":{"rendered":"<h1 style=\"text-align: center\"><span style=\"color: #0000ff\">\u00a1Ya estamos en 4\u00ba!<\/span><\/h1>\n<p>Queridas familias.<\/p>\n<p>Desde aqu\u00ed, toda la comunidad educativa, os da la bienvenida al nuevo curso escolar y, yo especialmente, saludo a aquellas familias que a\u00fan no he tenido la oportunidad de hacerlo personalmente.<\/p>\n<p>El lunes tuvimos un entra\u00f1able encuentro toda primaria. En \u00e9l la direcci\u00f3n nos dio la bienvenida y todo el equipo educativo se present\u00f3. Se dio especial acogida a primero ya que son los que m\u00e1s mimo necesitan en estos d\u00edas por su gran paso a la etapa.<\/p>\n<p>Ha habido gran emoci\u00f3n en saludar a las compa\u00f1eras y los compa\u00f1eros e ir relatando aquello que ha sucedido en el periodo de vacaciones.<\/p>\n<p>Igual sentimiento ha surgido hacia dos compa\u00f1eras nuevas que se han incorporado para este curso y a las que le deseamos que disfruten aprendiendo con nuestro grupo y colegio. La integraci\u00f3n y acogimiento cari\u00f1oso ha surgido desde el primer instante. \u00a1Ah!, las dos se llaman Candela.<\/p>\n<p>La adaptaci\u00f3n y la toma de ritmo de trabajo en 4\u00ba ser\u00e1 muy r\u00e1pido, todo contin\u00faa, los cambios son m\u00ednimos.\u00a0La primera semana ha servido para retomar el contacto con el aula, compa\u00f1eros y compa\u00f1eras, tutor y especialistas, contarnos nuestras experiencias de las vacaciones, ir introduciendo las novedades, contenidos que se van a trabajar, recordar lo trabajado en el curso anterior, as\u00ed como el reparto del material escolar y personalizaci\u00f3n de los mismos.<\/p>\n<p><span style=\"color: #0000ff\"><strong>Matem\u00e1ticas<\/strong>.<\/span><\/p>\n<p>En matem\u00e1ticas recordamos un poco lo estudiado en el curso anterior. Nos hemos centrado en los cuadernillos del \u00abOcho y medio\u00bb, en especial en las estrategias para resolver los juegos de razonamiento.<\/p>\n<p>un ejemplo:<\/p>\n<p><span style=\"color: #008000\">\u00bfQu\u00e9 tienen en com\u00fan estos cuatro grupos de n\u00fameros?<\/span><\/p>\n<p><img decoding=\"async\" data-attachment-id=\"16892\" data-permalink=\"https:\/\/www.alqueria.es\/blogs\/alqueriasegundociclo\/2017\/09\/15\/inicio-del-curso-en-4o\/dsc07700\/\" data-orig-file=\"https:\/\/cloud.alqueria.es\/wp-content\/uploads\/sites\/7\/2017\/09\/DSC07700.jpg\" data-orig-size=\"1920,1080\" data-comments-opened=\"1\" data-image-meta=\"{&quot;aperture&quot;:&quot;0&quot;,&quot;credit&quot;:&quot;&quot;,&quot;camera&quot;:&quot;&quot;,&quot;caption&quot;:&quot;&quot;,&quot;created_timestamp&quot;:&quot;0&quot;,&quot;copyright&quot;:&quot;&quot;,&quot;focal_length&quot;:&quot;0&quot;,&quot;iso&quot;:&quot;0&quot;,&quot;shutter_speed&quot;:&quot;0&quot;,&quot;title&quot;:&quot;&quot;,&quot;orientation&quot;:&quot;0&quot;}\" data-image-title=\"DSC07700\" data-image-description=\"\" data-image-caption=\"\" data-large-file=\"https:\/\/cloud.alqueria.es\/wp-content\/uploads\/sites\/7\/2017\/09\/DSC07700-1024x576.jpg\" class=\"alignleft wp-image-16892\" src=\"https:\/\/cloud.alqueria.es\/wp-content\/uploads\/sites\/7\/2017\/09\/DSC07700.jpg\" alt=\"\" width=\"286\" height=\"161\" srcset=\"https:\/\/cloud.alqueria.es\/wp-content\/uploads\/sites\/7\/2017\/09\/DSC07700.jpg 1920w, https:\/\/cloud.alqueria.es\/wp-content\/uploads\/sites\/7\/2017\/09\/DSC07700.jpg 300w, https:\/\/cloud.alqueria.es\/wp-content\/uploads\/sites\/7\/2017\/09\/DSC07700.jpg 768w, https:\/\/cloud.alqueria.es\/wp-content\/uploads\/sites\/7\/2017\/09\/DSC07700.jpg 1024w\" sizes=\"(max-width: 286px) 100vw, 286px\" \/><\/p>\n<p>Despu\u00e9s de aclarar qu\u00e9 se demanda en el enunciado, en especial la palabra com\u00fan, se han puesto a pensar y a expresar aquello en lo que conclu\u00edan.<\/p>\n<p>Han apuntado:<\/p>\n<ul>\n<li>Los cuatro grupos de n\u00fameros est\u00e1n en una televisi\u00f3n.<\/li>\n<li>Las cuatro televisiones tienen enchufes.<\/li>\n<li>Los cuatro grupos de n\u00fameros est\u00e1n sobre un fondo en blanco.<\/li>\n<li>Los grupos tienen como m\u00ednimo cuatro n\u00fameros.<\/li>\n<li>La suma de los grupos de n\u00fameros dan 22.<\/li>\n<li>Etc.<\/li>\n<\/ul>\n<p>Ahora os toca pensad a las familias, con pensamiento l\u00f3gico, qu\u00e9 respuesta es la correcta.<\/p>\n<p><span style=\"color: #800080\">Para llegar a un lugar, se pueden utilizar muchos caminos y lo m\u00e1s bonito es dejar discurrir el pensamiento y ser capaces de ver la diversidad del razonamiento.<\/span><\/p>\n<p style=\"text-align: center\"><span style=\"color: #008000\">El \u00abOcho y medio\u00bb<\/span><\/p>\n<p>Este cuadernillo es para que nos acompa\u00f1e a lo largo de cierto tiempo en el aula. Ser\u00e1n muchos los momentos en los que se pondr\u00e1n a trabajar sobre \u00e9l, en especial cuando se aborden estrategias, lecturas y descodificaci\u00f3n de enunciados, pistas que se dan en un juego sin palabras, etc.<\/p>\n<p>He apuntado que en casa se puede ir haciendo alg\u00fan ejercicio, pero que deben resolverlo por s\u00ed, y si alg\u00fan ejercicio no se sabe, se deje para que en clase, entre todos nos ayudemos a resolverlo.<\/p>\n<p><img decoding=\"async\" data-attachment-id=\"16893\" data-permalink=\"https:\/\/www.alqueria.es\/blogs\/alqueriasegundociclo\/2017\/09\/15\/inicio-del-curso-en-4o\/querido-diario-2\/\" data-orig-file=\"https:\/\/cloud.alqueria.es\/wp-content\/uploads\/sites\/7\/2017\/09\/querido-diario.jpg\" data-orig-size=\"500,356\" data-comments-opened=\"1\" data-image-meta=\"{&quot;aperture&quot;:&quot;0&quot;,&quot;credit&quot;:&quot;&quot;,&quot;camera&quot;:&quot;&quot;,&quot;caption&quot;:&quot;&quot;,&quot;created_timestamp&quot;:&quot;0&quot;,&quot;copyright&quot;:&quot;&quot;,&quot;focal_length&quot;:&quot;0&quot;,&quot;iso&quot;:&quot;0&quot;,&quot;shutter_speed&quot;:&quot;0&quot;,&quot;title&quot;:&quot;&quot;,&quot;orientation&quot;:&quot;0&quot;}\" data-image-title=\"querido-diario\" data-image-description=\"\" data-image-caption=\"\" data-large-file=\"https:\/\/cloud.alqueria.es\/wp-content\/uploads\/sites\/7\/2017\/09\/querido-diario.jpg\" class=\"alignleft wp-image-16893 \" src=\"https:\/\/cloud.alqueria.es\/wp-content\/uploads\/sites\/7\/2017\/09\/querido-diario.jpg\" alt=\"\" width=\"256\" height=\"182\" srcset=\"https:\/\/cloud.alqueria.es\/wp-content\/uploads\/sites\/7\/2017\/09\/querido-diario.jpg 500w, https:\/\/cloud.alqueria.es\/wp-content\/uploads\/sites\/7\/2017\/09\/querido-diario.jpg 300w\" sizes=\"(max-width: 256px) 100vw, 256px\" \/><\/p>\n<p><span style=\"color: #0000ff\"><strong>El diario. <\/strong><\/span><\/p>\n<p>Se presenta y personaliza el diario.\u00a0Releer las indicaciones del mismo que est\u00e1n adosadas en \u00e9l. Se han aclarado todas aquellas dudas que ten\u00edan sobre el trabajo. En un principio les voy a indicar los temas sobre los que tienen que realizar el texto, pero son bienvenidas todas aquellas entradas que deseen.<\/p>\n<p>Para la primera entrada les he apuntado, que lo normal es presentarse, contar qui\u00e9n es cada uno y cada una utilizado todos aquellos recursos literarios que conozcan (un texto rico en vocabulario y expresiones). Cuando llega el momento de decir su nombre, al diario, les he pedido que investiguen una peque\u00f1a historia sobre por qu\u00e9 se llaman as\u00ed, por lo tanto os demandar\u00e1n que les narr\u00e9is esa decisi\u00f3n vuestra de ponerle el nombre que tienen.<\/p>\n<p>Desde aqu\u00ed os animo a que le prest\u00e9is atenci\u00f3n para que realicen la actividad l\u00fadica y sistem\u00e1ticamente. \u00a0 Os recuerdo que la finalidad del mismo es tomar el gusto por escribir, relatar y aprender todos aquellos aspectos \u00a0de la herramienta instrumental de la escritura.<\/p>\n<p>Los diarios se entregan al profesor los lunes y se suelen devolver el martes o el mi\u00e9rcoles para que desde su entrega ya puedan hacer uso de \u00e9l.<\/p>\n<p><strong><a href=\"http:\/\/alqueriasegundociclo.files.wordpress.com\/2012\/09\/26338_i_picasso1.jpg\"><img decoding=\"async\" data-attachment-id=\"1938\" data-permalink=\"https:\/\/www.alqueria.es\/blogs\/alqueriasegundociclo\/26338_i_picasso-2\/\" data-orig-file=\"https:\/\/www.alqueria.es\/blogs\/alqueriasegundociclo\/wp-content\/uploads\/sites\/7\/2012\/09\/26338_i_picasso1.jpg\" data-orig-size=\"806,1024\" data-comments-opened=\"1\" data-image-meta=\"{&quot;aperture&quot;:&quot;0&quot;,&quot;credit&quot;:&quot;&quot;,&quot;camera&quot;:&quot;&quot;,&quot;caption&quot;:&quot;&quot;,&quot;created_timestamp&quot;:&quot;0&quot;,&quot;copyright&quot;:&quot;&quot;,&quot;focal_length&quot;:&quot;0&quot;,&quot;iso&quot;:&quot;0&quot;,&quot;shutter_speed&quot;:&quot;0&quot;,&quot;title&quot;:&quot;&quot;}\" data-image-title=\"26338_I_picasso\" data-image-description=\"\" data-image-caption=\"\" data-large-file=\"https:\/\/www.alqueria.es\/blogs\/alqueriasegundociclo\/wp-content\/uploads\/sites\/7\/2012\/09\/26338_i_picasso1-806x1024.jpg\" class=\"size-thumbnail wp-image-1938 alignright\" title=\"26338_I_picasso\" src=\"https:\/\/cloud.alqueria.es\/wp-content\/uploads\/sites\/7\/2012\/09\/26338_i_picasso11.jpg\" alt=\"\" width=\"118\" height=\"150\" \/><\/a><span style=\"color: #0000ff\">Conferencias.<\/span><\/strong><\/p>\n<p>Se ha ido viendo y comentando algunos temas que se van a investigar y trabajar a lo largo del curso para animar a la elecci\u00f3n del tema estrella de la conferencia individual.\u00a0Es numeroso el grupo que ya ha elegido tema definitivo a investigar. Pr\u00f3ximamente os indicar\u00e9 los temas para este curso escolar as\u00ed como las pautas sobre las conferencias.<\/p>\n<p>Os recuerdo que para cualquier consulta puntual estoy a vuestra disposici\u00f3n todos los d\u00edas a partir de las 17:oo h.<\/p>\n<p>Buen fin de semana.<\/p>\n<p>Juanjo.<\/p>\n<p>&nbsp;<\/p>\n<p>&nbsp;<\/p>\n<p>&nbsp;<\/p>\n<p>&nbsp;<\/p>\n<p>&nbsp;<\/p>\n<p>&nbsp;<\/p>\n<p>&nbsp;<\/p>\n<p>&nbsp;<\/p>\n","protected":false},"excerpt":{"rendered":"<p>\u00a1Ya estamos en 4\u00ba! Queridas familias. Desde aqu\u00ed, toda la comunidad educativa, os da la bienvenida al nuevo curso escolar y, yo especialmente, saludo a aquellas familias que a\u00fan no he tenido la oportunidad de hacerlo personalmente. El lunes tuvimos un entra\u00f1able encuentro toda primaria. En \u00e9l la direcci\u00f3n nos dio la bienvenida y todo &hellip; <a href=\"https:\/\/www.alqueria.es\/blogs\/alqueriasegundociclo\/2017\/09\/15\/inicio-del-curso-en-4o\/\" class=\"more-link\">Seguir leyendo <span class=\"screen-reader-text\">Inicio del curso en 4\u00ba<\/span> <span class=\"meta-nav\">&rarr;<\/span><\/a><\/p>\n","protected":false},"author":16,"featured_media":0,"comment_status":"open","ping_status":"open","sticky":false,"template":"","format":"standard","meta":{"jetpack_post_was_ever_published":false,"_jetpack_newsletter_access":"","_jetpack_dont_email_post_to_subs":false,"_jetpack_newsletter_tier_id":0,"_jetpack_memberships_contains_paywalled_content":false,"_jetpack_memberships_contains_paid_content":false,"footnotes":"","jetpack_publicize_message":"","jetpack_publicize_feature_enabled":true,"jetpack_social_post_already_shared":true,"jetpack_social_options":{"image_generator_settings":{"template":"highway","default_image_id":0,"font":"","enabled":false},"version":2}},"categories":[6,60],"tags":[],"class_list":["post-16888","post","type-post","status-publish","format-standard","hentry","category-4o-epo","category-semanario-4o"],"jetpack_publicize_connections":[],"jetpack_featured_media_url":"","jetpack_sharing_enabled":true,"jetpack_shortlink":"https:\/\/wp.me\/p4lw4c-4oo","_links":{"self":[{"href":"https:\/\/www.alqueria.es\/blogs\/alqueriasegundociclo\/wp-json\/wp\/v2\/posts\/16888","targetHints":{"allow":["GET"]}}],"collection":[{"href":"https:\/\/www.alqueria.es\/blogs\/alqueriasegundociclo\/wp-json\/wp\/v2\/posts"}],"about":[{"href":"https:\/\/www.alqueria.es\/blogs\/alqueriasegundociclo\/wp-json\/wp\/v2\/types\/post"}],"author":[{"embeddable":true,"href":"https:\/\/www.alqueria.es\/blogs\/alqueriasegundociclo\/wp-json\/wp\/v2\/users\/16"}],"replies":[{"embeddable":true,"href":"https:\/\/www.alqueria.es\/blogs\/alqueriasegundociclo\/wp-json\/wp\/v2\/comments?post=16888"}],"version-history":[{"count":0,"href":"https:\/\/www.alqueria.es\/blogs\/alqueriasegundociclo\/wp-json\/wp\/v2\/posts\/16888\/revisions"}],"wp:attachment":[{"href":"https:\/\/www.alqueria.es\/blogs\/alqueriasegundociclo\/wp-json\/wp\/v2\/media?parent=16888"}],"wp:term":[{"taxonomy":"category","embeddable":true,"href":"https:\/\/www.alqueria.es\/blogs\/alqueriasegundociclo\/wp-json\/wp\/v2\/categories?post=16888"},{"taxonomy":"post_tag","embeddable":true,"href":"https:\/\/www.alqueria.es\/blogs\/alqueriasegundociclo\/wp-json\/wp\/v2\/tags?post=16888"}],"curies":[{"name":"wp","href":"https:\/\/api.w.org\/{rel}","templated":true}]}}