{"id":16902,"date":"2017-11-14T21:22:31","date_gmt":"2017-11-14T20:22:31","guid":{"rendered":"https:\/\/www.alqueria.es\/blogs\/alqueriasegundociclo\/?p=16902"},"modified":"2017-11-14T21:22:31","modified_gmt":"2017-11-14T20:22:31","slug":"otono-llego","status":"publish","type":"post","link":"https:\/\/www.alqueria.es\/blogs\/alqueriasegundociclo\/2017\/11\/14\/otono-llego\/","title":{"rendered":"OTO\u00d1O LLEG\u00d3&#8230;"},"content":{"rendered":"<p>El pasado viernes fue nuestra esperad\u00edsima Fiesta de Oto\u00f1o. Disfrutamos de un agradable d\u00eda entre <span style=\"color: #ff9900\">colores, olores, sabores,\u00a0 ritmos y palabras<\/span> de oto\u00f1o \u00a1un maridaje para los sentidos!<\/p>\n<p>Para ello, el jueves preparamos nuestras ya archifamosas GALLETAS DE COCO.\u00a0 Son el dulce estrella del cole, as\u00ed que tooooooodos los grupos sin excepci\u00f3n han decidido esta vez hacerlas. \u00a1Est\u00e1n tan buenas!<\/p>\n<p class=\"jetpack-slideshow-noscript robots-nocontent\">El pase de diapositivas requiere JavaScript.<\/p><div id=\"gallery-16902-1-slideshow\" class=\"jetpack-slideshow-window jetpack-slideshow jetpack-slideshow-black\" data-trans=\"fade\" data-autostart=\"1\" data-gallery=\"[{&quot;src&quot;:&quot;https:\\\/\\\/cloud.alqueria.es\\\/wp-content\\\/uploads\\\/sites\\\/7\\\/2017\\\/11\\\/20171109_104204_HDR-2.jpg&quot;,&quot;id&quot;:&quot;17127&quot;,&quot;title&quot;:&quot;20171109_104204_HDR-2&quot;,&quot;alt&quot;:&quot;&quot;,&quot;caption&quot;:&quot;&quot;,&quot;itemprop&quot;:&quot;image&quot;},{&quot;src&quot;:&quot;https:\\\/\\\/cloud.alqueria.es\\\/wp-content\\\/uploads\\\/sites\\\/7\\\/2017\\\/11\\\/20171109_104158_HDR.jpg&quot;,&quot;id&quot;:&quot;17126&quot;,&quot;title&quot;:&quot;20171109_104158_HDR&quot;,&quot;alt&quot;:&quot;&quot;,&quot;caption&quot;:&quot;&quot;,&quot;itemprop&quot;:&quot;image&quot;},{&quot;src&quot;:&quot;https:\\\/\\\/cloud.alqueria.es\\\/wp-content\\\/uploads\\\/sites\\\/7\\\/2017\\\/11\\\/20171109_101744_HDR-3.jpg&quot;,&quot;id&quot;:&quot;17125&quot;,&quot;title&quot;:&quot;20171109_101744_HDR-3&quot;,&quot;alt&quot;:&quot;&quot;,&quot;caption&quot;:&quot;&quot;,&quot;itemprop&quot;:&quot;image&quot;},{&quot;src&quot;:&quot;https:\\\/\\\/cloud.alqueria.es\\\/wp-content\\\/uploads\\\/sites\\\/7\\\/2017\\\/11\\\/20171109_101730_HDR-3.jpg&quot;,&quot;id&quot;:&quot;17124&quot;,&quot;title&quot;:&quot;20171109_101730_HDR-3&quot;,&quot;alt&quot;:&quot;&quot;,&quot;caption&quot;:&quot;&quot;,&quot;itemprop&quot;:&quot;image&quot;},{&quot;src&quot;:&quot;https:\\\/\\\/cloud.alqueria.es\\\/wp-content\\\/uploads\\\/sites\\\/7\\\/2017\\\/11\\\/20171109_101717_HDR.jpg&quot;,&quot;id&quot;:&quot;17123&quot;,&quot;title&quot;:&quot;20171109_101717_HDR&quot;,&quot;alt&quot;:&quot;&quot;,&quot;caption&quot;:&quot;&quot;,&quot;itemprop&quot;:&quot;image&quot;},{&quot;src&quot;:&quot;https:\\\/\\\/cloud.alqueria.es\\\/wp-content\\\/uploads\\\/sites\\\/7\\\/2017\\\/11\\\/20171109_101428_HDR.jpg&quot;,&quot;id&quot;:&quot;17122&quot;,&quot;title&quot;:&quot;20171109_101428_HDR&quot;,&quot;alt&quot;:&quot;&quot;,&quot;caption&quot;:&quot;&quot;,&quot;itemprop&quot;:&quot;image&quot;},{&quot;src&quot;:&quot;https:\\\/\\\/cloud.alqueria.es\\\/wp-content\\\/uploads\\\/sites\\\/7\\\/2017\\\/11\\\/20171109_101442_HDR.jpg&quot;,&quot;id&quot;:&quot;17121&quot;,&quot;title&quot;:&quot;20171109_101442_HDR&quot;,&quot;alt&quot;:&quot;&quot;,&quot;caption&quot;:&quot;&quot;,&quot;itemprop&quot;:&quot;image&quot;},{&quot;src&quot;:&quot;https:\\\/\\\/cloud.alqueria.es\\\/wp-content\\\/uploads\\\/sites\\\/7\\\/2017\\\/11\\\/20171109_100719_HDR.jpg&quot;,&quot;id&quot;:&quot;17120&quot;,&quot;title&quot;:&quot;20171109_100719_HDR&quot;,&quot;alt&quot;:&quot;&quot;,&quot;caption&quot;:&quot;&quot;,&quot;itemprop&quot;:&quot;image&quot;},{&quot;src&quot;:&quot;https:\\\/\\\/cloud.alqueria.es\\\/wp-content\\\/uploads\\\/sites\\\/7\\\/2017\\\/11\\\/20171109_100712_HDR.jpg&quot;,&quot;id&quot;:&quot;17119&quot;,&quot;title&quot;:&quot;20171109_100712_HDR&quot;,&quot;alt&quot;:&quot;&quot;,&quot;caption&quot;:&quot;&quot;,&quot;itemprop&quot;:&quot;image&quot;},{&quot;src&quot;:&quot;https:\\\/\\\/cloud.alqueria.es\\\/wp-content\\\/uploads\\\/sites\\\/7\\\/2017\\\/11\\\/IMG_2702-1024x768.jpg&quot;,&quot;id&quot;:&quot;17114&quot;,&quot;title&quot;:&quot;IMG_2702&quot;,&quot;alt&quot;:&quot;&quot;,&quot;caption&quot;:&quot;&quot;,&quot;itemprop&quot;:&quot;image&quot;},{&quot;src&quot;:&quot;https:\\\/\\\/cloud.alqueria.es\\\/wp-content\\\/uploads\\\/sites\\\/7\\\/2017\\\/11\\\/IMG_2695-1024x768.jpg&quot;,&quot;id&quot;:&quot;17113&quot;,&quot;title&quot;:&quot;IMG_2695&quot;,&quot;alt&quot;:&quot;&quot;,&quot;caption&quot;:&quot;&quot;,&quot;itemprop&quot;:&quot;image&quot;},{&quot;src&quot;:&quot;https:\\\/\\\/cloud.alqueria.es\\\/wp-content\\\/uploads\\\/sites\\\/7\\\/2017\\\/11\\\/IMG_2694-1024x768.jpg&quot;,&quot;id&quot;:&quot;17112&quot;,&quot;title&quot;:&quot;IMG_2694&quot;,&quot;alt&quot;:&quot;&quot;,&quot;caption&quot;:&quot;&quot;,&quot;itemprop&quot;:&quot;image&quot;},{&quot;src&quot;:&quot;https:\\\/\\\/cloud.alqueria.es\\\/wp-content\\\/uploads\\\/sites\\\/7\\\/2017\\\/11\\\/IMG_2693-1024x768.jpg&quot;,&quot;id&quot;:&quot;17111&quot;,&quot;title&quot;:&quot;IMG_2693&quot;,&quot;alt&quot;:&quot;&quot;,&quot;caption&quot;:&quot;&quot;,&quot;itemprop&quot;:&quot;image&quot;},{&quot;src&quot;:&quot;https:\\\/\\\/cloud.alqueria.es\\\/wp-content\\\/uploads\\\/sites\\\/7\\\/2017\\\/11\\\/IMG_2692-1024x768.jpg&quot;,&quot;id&quot;:&quot;17110&quot;,&quot;title&quot;:&quot;IMG_2692&quot;,&quot;alt&quot;:&quot;&quot;,&quot;caption&quot;:&quot;&quot;,&quot;itemprop&quot;:&quot;image&quot;},{&quot;src&quot;:&quot;https:\\\/\\\/cloud.alqueria.es\\\/wp-content\\\/uploads\\\/sites\\\/7\\\/2017\\\/11\\\/IMG_2691-1024x768.jpg&quot;,&quot;id&quot;:&quot;17109&quot;,&quot;title&quot;:&quot;IMG_2691&quot;,&quot;alt&quot;:&quot;&quot;,&quot;caption&quot;:&quot;&quot;,&quot;itemprop&quot;:&quot;image&quot;}]\" itemscope itemtype=\"https:\/\/schema.org\/ImageGallery\"><\/div>\n<p>Ya en la jornada del viernes, para empezar la ma\u00f1ana, nos reunimos con algunos grupos de infantil para representarles nuestros trabajos, que formaran parte del encuentro literario de primaria.<\/p>\n<div class=\"tiled-gallery type-square tiled-gallery-unresized\" data-original-width=\"474\" data-carousel-extra='{&quot;blog_id&quot;:7,&quot;permalink&quot;:&quot;https:\\\/\\\/www.alqueria.es\\\/blogs\\\/alqueriasegundociclo\\\/2017\\\/11\\\/14\\\/otono-llego\\\/&quot;,&quot;likes_blog_id&quot;:64233500}' itemscope itemtype=\"http:\/\/schema.org\/ImageGallery\" > <div class=\"gallery-row\" style=\"width: 474px; height: 237px;\" data-original-width=\"474\" data-original-height=\"237\" > <div class=\"gallery-group\" style=\"width: 237px; height: 237px;\" data-original-width=\"237\" data-original-height=\"237\" > <div class=\"tiled-gallery-item \" itemprop=\"associatedMedia\" itemscope itemtype=\"http:\/\/schema.org\/ImageObject\"> <meta itemprop=\"width\" content=\"233\"> <meta itemprop=\"height\" content=\"233\"> <img decoding=\"async\" class=\"\" data-attachment-id=\"17128\" data-orig-file=\"https:\/\/cloud.alqueria.es\/wp-content\/uploads\/sites\/7\/2017\/11\/20171110_110655_HDR-2.jpg\" data-orig-size=\"1024,1024\" data-comments-opened=\"1\" data-image-meta=\"{&quot;aperture&quot;:&quot;0&quot;,&quot;credit&quot;:&quot;&quot;,&quot;camera&quot;:&quot;&quot;,&quot;caption&quot;:&quot;&quot;,&quot;created_timestamp&quot;:&quot;0&quot;,&quot;copyright&quot;:&quot;&quot;,&quot;focal_length&quot;:&quot;0&quot;,&quot;iso&quot;:&quot;0&quot;,&quot;shutter_speed&quot;:&quot;0&quot;,&quot;title&quot;:&quot;&quot;,&quot;orientation&quot;:&quot;0&quot;}\" data-image-title=\"20171110_110655_HDR-2\" data-image-description=\"\" data-medium-file=\"https:\/\/cloud.alqueria.es\/wp-content\/uploads\/sites\/7\/2017\/11\/20171110_110655_HDR-2-300x300.jpg\" data-large-file=\"https:\/\/cloud.alqueria.es\/wp-content\/uploads\/sites\/7\/2017\/11\/20171110_110655_HDR-2.jpg\" src=\"https:\/\/i0.wp.com\/cloud.alqueria.es\/wp-content\/uploads\/sites\/7\/2017\/11\/20171110_110655_HDR-2.jpg?w=233&#038;h=233&#038;crop=1&#038;ssl=1\" srcset=\"https:\/\/cloud.alqueria.es\/wp-content\/uploads\/sites\/7\/2017\/11\/20171110_110655_HDR-2.jpg 1024w, https:\/\/cloud.alqueria.es\/wp-content\/uploads\/sites\/7\/2017\/11\/20171110_110655_HDR-2.jpg 150w, https:\/\/cloud.alqueria.es\/wp-content\/uploads\/sites\/7\/2017\/11\/20171110_110655_HDR-2.jpg 300w, https:\/\/cloud.alqueria.es\/wp-content\/uploads\/sites\/7\/2017\/11\/20171110_110655_HDR-2.jpg 768w\" width=\"233\" height=\"233\" loading=\"lazy\" data-original-width=\"233\" data-original-height=\"233\" itemprop=\"http:\/\/schema.org\/image\" title=\"20171110_110655_HDR-2\" alt=\"20171110_110655_HDR-2\" style=\"width: 233px; height: 233px;\" \/> <\/div> <\/div> <div class=\"gallery-group\" style=\"width: 237px; height: 237px;\" data-original-width=\"237\" data-original-height=\"237\" > <div class=\"tiled-gallery-item \" itemprop=\"associatedMedia\" itemscope itemtype=\"http:\/\/schema.org\/ImageObject\"> <meta itemprop=\"width\" content=\"233\"> <meta itemprop=\"height\" content=\"233\"> <img decoding=\"async\" class=\"\" data-attachment-id=\"17133\" data-orig-file=\"https:\/\/cloud.alqueria.es\/wp-content\/uploads\/sites\/7\/2017\/11\/20171110_110915_HDR-2.jpg\" data-orig-size=\"1024,1024\" data-comments-opened=\"1\" data-image-meta=\"{&quot;aperture&quot;:&quot;0&quot;,&quot;credit&quot;:&quot;&quot;,&quot;camera&quot;:&quot;&quot;,&quot;caption&quot;:&quot;&quot;,&quot;created_timestamp&quot;:&quot;0&quot;,&quot;copyright&quot;:&quot;&quot;,&quot;focal_length&quot;:&quot;0&quot;,&quot;iso&quot;:&quot;0&quot;,&quot;shutter_speed&quot;:&quot;0&quot;,&quot;title&quot;:&quot;&quot;,&quot;orientation&quot;:&quot;0&quot;}\" data-image-title=\"20171110_110915_HDR-2\" data-image-description=\"\" data-medium-file=\"https:\/\/cloud.alqueria.es\/wp-content\/uploads\/sites\/7\/2017\/11\/20171110_110915_HDR-2-300x300.jpg\" data-large-file=\"https:\/\/cloud.alqueria.es\/wp-content\/uploads\/sites\/7\/2017\/11\/20171110_110915_HDR-2.jpg\" src=\"https:\/\/i0.wp.com\/cloud.alqueria.es\/wp-content\/uploads\/sites\/7\/2017\/11\/20171110_110915_HDR-2.jpg?w=233&#038;h=233&#038;crop=1&#038;ssl=1\" srcset=\"https:\/\/cloud.alqueria.es\/wp-content\/uploads\/sites\/7\/2017\/11\/20171110_110915_HDR-2.jpg 1024w, https:\/\/cloud.alqueria.es\/wp-content\/uploads\/sites\/7\/2017\/11\/20171110_110915_HDR-2.jpg 150w, https:\/\/cloud.alqueria.es\/wp-content\/uploads\/sites\/7\/2017\/11\/20171110_110915_HDR-2.jpg 300w, https:\/\/cloud.alqueria.es\/wp-content\/uploads\/sites\/7\/2017\/11\/20171110_110915_HDR-2.jpg 768w\" width=\"233\" height=\"233\" loading=\"lazy\" data-original-width=\"233\" data-original-height=\"233\" itemprop=\"http:\/\/schema.org\/image\" title=\"20171110_110915_HDR-2\" alt=\"20171110_110915_HDR-2\" style=\"width: 233px; height: 233px;\" \/> <\/div> <\/div> <\/div> <\/div>\n<p>&nbsp;<\/p>\n<p>&nbsp;<\/p>\n<p><span style=\"color: #0000ff\">El grupo de 4\u00ba les ofrece un repertorio de canciones tradicionales acompa\u00f1adas de coreograf\u00eda de corro, como: LA CHACHA BERENG\u00fcELA, LA P\u00c1JARA PINTA, SOY CAPIT\u00c1N\u2026 entre otras.<\/span><\/p>\n<h6><span style=\"color: #339966\">El grupo de 3\u00ba representante \u00a0el cuento \u00abEL \u00c1RBOL QUE NO TEN\u00cdA HOJAS\u00bb con un final muy sonoro.<\/span><\/h6>\n<p>Todos los grupos quedaron encantados, incluso nos dedicaron un OZ\u00da QUE BIEN!!! y nos cantaron algunas canciones de la estaci\u00f3n que ellos hab\u00edan preparado.<\/p>\n<p>Fue un momento entra\u00f1able, muy emotivo, ver c\u00f3mo grupos de diferentes de etapas se escuchan y embelesan con sus compa\u00f1eros (mayores o peque\u00f1os), sus caras&#8230;dignas de una buena foto.<\/p>\n<p>Ahora s\u00ed, llega el momento del encuentro literario. Nos reunimos en el jard\u00edn, bajo un marco acogedor, para disfrutar de las creaciones y representaciones de todos los grupos. Cada a\u00f1o resulta igual de fascinante, ver el entusiasmo, el trabajo, la responsabilidad y el disfrute con el que todos se exponen delante de un p\u00fablico expectante.<\/p>\n<p>Aqu\u00ed os dejamos los v\u00eddeos de ambos grupos del ciclo, para que disfrut\u00e9is. Son unos verdaderos artistas, que han trabajado mucho para conseguir su mejor resultado, eso s\u00ed, sin perder la gracia y la espontaneidad \u00a0de ni\u00f1os de 7-9 a\u00f1os.<\/p>\n<p><div class=\"a25-CTUOC-hidding-box\" data-original-content=\"&lt;iframe loading=&quot;lazy&quot; title=&quot;El \u00e1rbol que no ten\u00eda hojas&quot; src=&quot;https:\/\/player.vimeo.com\/video\/242755794?dnt=1&amp;amp;app_id=122963&quot; width=&quot;474&quot; height=&quot;267&quot; frameborder=&quot;0&quot; allow=&quot;autoplay; fullscreen; picture-in-picture; clipboard-write&quot;&gt;&lt;\/iframe&gt;\">Esta p\u00e1gina incluye contenido multimedia que requiere aceptar todas las cookies. Pulse aqu\u00ed para abrir la configuraci\u00f3n de cookies.<\/div><\/p>\n<p><div class=\"a25-CTUOC-hidding-box\" data-original-content=\"&lt;iframe loading=&quot;lazy&quot; title=&quot;20171110_122211Canciones infantiles&quot; src=&quot;https:\/\/player.vimeo.com\/video\/242557345?dnt=1&amp;amp;app_id=122963&quot; width=&quot;474&quot; height=&quot;267&quot; frameborder=&quot;0&quot; allow=&quot;autoplay; fullscreen; picture-in-picture; clipboard-write&quot;&gt;&lt;\/iframe&gt;\">Esta p\u00e1gina incluye contenido multimedia que requiere aceptar todas las cookies. Pulse aqu\u00ed para abrir la configuraci\u00f3n de cookies.<\/div><\/p>\n<p>Por la tarde disfrutamos de una merienda deliciosa, donde pudimos degustar los m\u00e1s sabrosos manjares que hab\u00edais elaborado. Muchas gracias, una vez m\u00e1s, por vuestra colaboraci\u00f3n e implicaci\u00f3n,. as\u00ed como de la maravillosa de tertulia que pasamos, es una manera formidable de\u00a0 que vuestros hijos sigan percibiendo la conexi\u00f3n\u00a0 entre ambos.<\/p>\n<p>Juanjo y Laura<\/p>\n<p>&nbsp;<\/p>\n","protected":false},"excerpt":{"rendered":"<p>El pasado viernes fue nuestra esperad\u00edsima Fiesta de Oto\u00f1o. Disfrutamos de un agradable d\u00eda entre colores, olores, sabores,\u00a0 ritmos y palabras de oto\u00f1o \u00a1un maridaje para los sentidos! Para ello, el jueves preparamos nuestras ya archifamosas GALLETAS DE COCO.\u00a0 Son el dulce estrella del cole, as\u00ed que tooooooodos los grupos sin excepci\u00f3n han decidido esta &hellip; <a href=\"https:\/\/www.alqueria.es\/blogs\/alqueriasegundociclo\/2017\/11\/14\/otono-llego\/\" class=\"more-link\">Seguir leyendo <span class=\"screen-reader-text\">OTO\u00d1O LLEG\u00d3&#8230;<\/span> <span class=\"meta-nav\">&rarr;<\/span><\/a><\/p>\n","protected":false},"author":16,"featured_media":0,"comment_status":"open","ping_status":"open","sticky":false,"template":"","format":"standard","meta":{"jetpack_post_was_ever_published":false,"_jetpack_newsletter_access":"","_jetpack_dont_email_post_to_subs":false,"_jetpack_newsletter_tier_id":0,"_jetpack_memberships_contains_paywalled_content":false,"_jetpack_memberships_contains_paid_content":false,"footnotes":"","jetpack_publicize_message":"","jetpack_publicize_feature_enabled":true,"jetpack_social_post_already_shared":true,"jetpack_social_options":{"image_generator_settings":{"template":"highway","default_image_id":0,"font":"","enabled":false},"version":2}},"categories":[5,6],"tags":[],"class_list":["post-16902","post","type-post","status-publish","format-standard","hentry","category-3o-epo","category-4o-epo"],"jetpack_publicize_connections":[],"jetpack_featured_media_url":"","jetpack_sharing_enabled":true,"jetpack_shortlink":"https:\/\/wp.me\/p4lw4c-4oC","_links":{"self":[{"href":"https:\/\/www.alqueria.es\/blogs\/alqueriasegundociclo\/wp-json\/wp\/v2\/posts\/16902","targetHints":{"allow":["GET"]}}],"collection":[{"href":"https:\/\/www.alqueria.es\/blogs\/alqueriasegundociclo\/wp-json\/wp\/v2\/posts"}],"about":[{"href":"https:\/\/www.alqueria.es\/blogs\/alqueriasegundociclo\/wp-json\/wp\/v2\/types\/post"}],"author":[{"embeddable":true,"href":"https:\/\/www.alqueria.es\/blogs\/alqueriasegundociclo\/wp-json\/wp\/v2\/users\/16"}],"replies":[{"embeddable":true,"href":"https:\/\/www.alqueria.es\/blogs\/alqueriasegundociclo\/wp-json\/wp\/v2\/comments?post=16902"}],"version-history":[{"count":0,"href":"https:\/\/www.alqueria.es\/blogs\/alqueriasegundociclo\/wp-json\/wp\/v2\/posts\/16902\/revisions"}],"wp:attachment":[{"href":"https:\/\/www.alqueria.es\/blogs\/alqueriasegundociclo\/wp-json\/wp\/v2\/media?parent=16902"}],"wp:term":[{"taxonomy":"category","embeddable":true,"href":"https:\/\/www.alqueria.es\/blogs\/alqueriasegundociclo\/wp-json\/wp\/v2\/categories?post=16902"},{"taxonomy":"post_tag","embeddable":true,"href":"https:\/\/www.alqueria.es\/blogs\/alqueriasegundociclo\/wp-json\/wp\/v2\/tags?post=16902"}],"curies":[{"name":"wp","href":"https:\/\/api.w.org\/{rel}","templated":true}]}}