{"id":16913,"date":"2017-09-23T10:52:49","date_gmt":"2017-09-23T08:52:49","guid":{"rendered":"https:\/\/www.alqueria.es\/blogs\/alqueriasegundociclo\/?p=16913"},"modified":"2017-09-28T18:14:47","modified_gmt":"2017-09-28T16:14:47","slug":"semanario-4o-semana-del-18-al-22-de-septiembre","status":"publish","type":"post","link":"https:\/\/www.alqueria.es\/blogs\/alqueriasegundociclo\/2017\/09\/23\/semanario-4o-semana-del-18-al-22-de-septiembre\/","title":{"rendered":"Semanario 4\u00ba. Semana del 18 al 22 de septiembre."},"content":{"rendered":"<p>&nbsp;<\/p>\n<p><span style=\"color: #000000;\">Arrancamos la semana con ganas de saber que se va hacer, y poco a poco se les ha ido indicando.<\/span><\/p>\n<p><span style=\"color: #0000ff;\">\u00c1rea de matem\u00e1ticas.<\/span><\/p>\n<p>Continuamos repasando contenidos anteriores, en especial el c\u00e1lculo y el recordatorio de los pasos a seguir en las distintas operaciones.<\/p>\n<p>Se inicia los contenidos por temas. El tema I, corresponde al los n\u00fameros naturales, <span style=\"color: #ff6600;\">el sistema de numeraci\u00f3n decimal. <\/span><\/p>\n<p>Despu\u00e9s de aclarar qu\u00e9 es un sistema con la ejemplificaci\u00f3n del orden que cada uno y una tiene en clase (n\u00fameros dados que acompa\u00f1ar\u00e1n a lo largo del curso), se pasa a aclarar cierto lenguaje como la diferencia entre <span style=\"color: #ff00ff;\">n\u00famero y cifra<\/span> para realizar la correcta <span style=\"color: #800080;\">lectura, escritura, valor posicional, composici\u00f3n y descomposici\u00f3n<\/span> de los n\u00fameros de cuatro, cinco y seis cifras.<\/p>\n<p><img decoding=\"async\" data-attachment-id=\"16915\" data-permalink=\"https:\/\/www.alqueria.es\/blogs\/alqueriasegundociclo\/2017\/09\/23\/semanario-4o-semana-del-18-al-22-de-septiembre\/2298_95211-b\/\" data-orig-file=\"https:\/\/cloud.alqueria.es\/wp-content\/uploads\/sites\/7\/2017\/09\/2298_95211-b.gif\" data-orig-size=\"407,174\" data-comments-opened=\"1\" data-image-meta=\"{&quot;aperture&quot;:&quot;0&quot;,&quot;credit&quot;:&quot;&quot;,&quot;camera&quot;:&quot;&quot;,&quot;caption&quot;:&quot;&quot;,&quot;created_timestamp&quot;:&quot;0&quot;,&quot;copyright&quot;:&quot;&quot;,&quot;focal_length&quot;:&quot;0&quot;,&quot;iso&quot;:&quot;0&quot;,&quot;shutter_speed&quot;:&quot;0&quot;,&quot;title&quot;:&quot;&quot;,&quot;orientation&quot;:&quot;0&quot;}\" data-image-title=\"2298_95211-b\" data-image-description=\"\" data-image-caption=\"\" data-large-file=\"https:\/\/cloud.alqueria.es\/wp-content\/uploads\/sites\/7\/2017\/09\/2298_95211-b.gif\" class=\"size-full wp-image-16915 alignleft\" src=\"https:\/\/cloud.alqueria.es\/wp-content\/uploads\/sites\/7\/2017\/09\/2298_95211-b.gif\" alt=\"\" width=\"407\" height=\"174\" \/><\/p>\n<p>&nbsp;<\/p>\n<p>&nbsp;<\/p>\n<p>&nbsp;<\/p>\n<p>&nbsp;<\/p>\n<p>Comparamos la unidad con la decena, centena y el millar, llegando a conseguir la decena de millar con los cubos de base 10.<\/p>\n<p style=\"text-align: center;\"><span style=\"color: #ff0000;\">\u00a1Menuda diferencia!<\/span><\/p>\n<p><img decoding=\"async\" data-attachment-id=\"16942\" data-permalink=\"https:\/\/www.alqueria.es\/blogs\/alqueriasegundociclo\/2017\/09\/23\/semanario-4o-semana-del-18-al-22-de-septiembre\/20170919_1004491\/\" data-orig-file=\"https:\/\/cloud.alqueria.es\/wp-content\/uploads\/sites\/7\/2017\/09\/20170919_1004491.jpg\" data-orig-size=\"1024,768\" data-comments-opened=\"1\" data-image-meta=\"{&quot;aperture&quot;:&quot;0&quot;,&quot;credit&quot;:&quot;&quot;,&quot;camera&quot;:&quot;&quot;,&quot;caption&quot;:&quot;&quot;,&quot;created_timestamp&quot;:&quot;0&quot;,&quot;copyright&quot;:&quot;&quot;,&quot;focal_length&quot;:&quot;0&quot;,&quot;iso&quot;:&quot;0&quot;,&quot;shutter_speed&quot;:&quot;0&quot;,&quot;title&quot;:&quot;&quot;,&quot;orientation&quot;:&quot;0&quot;}\" data-image-title=\"20170919_1004491\" data-image-description=\"\" data-image-caption=\"\" data-large-file=\"https:\/\/cloud.alqueria.es\/wp-content\/uploads\/sites\/7\/2017\/09\/20170919_1004491-1024x768.jpg\" class=\"size-medium wp-image-16942 aligncenter\" src=\"https:\/\/cloud.alqueria.es\/wp-content\/uploads\/sites\/7\/2017\/09\/20170919_1004491.jpg\" alt=\"\" width=\"300\" height=\"225\" srcset=\"https:\/\/cloud.alqueria.es\/wp-content\/uploads\/sites\/7\/2017\/09\/20170919_1004491.jpg 1024w, https:\/\/cloud.alqueria.es\/wp-content\/uploads\/sites\/7\/2017\/09\/20170919_1004491.jpg 300w, https:\/\/cloud.alqueria.es\/wp-content\/uploads\/sites\/7\/2017\/09\/20170919_1004491.jpg 768w\" sizes=\"(max-width: 300px) 100vw, 300px\" \/><\/p>\n<p>Se aborda la resoluci\u00f3n de problemas sencillos en los que los c\u00e1lculos pueden ser mentales, para ello hay que realizar una correcta lectura comprensiva del enunciado, prestar atenci\u00f3n en lo que se demanda y resolver. Algunos problemas nos han hecho pensar y discutir sobre la correcta soluci\u00f3n.<\/p>\n<p>Recordamos algunos juegos matem\u00e1ticos que se realizaron en 3\u00ba, en especial los enigmas y se plantean otros como:<\/p>\n<p style=\"text-align: center;\"><em><span style=\"color: #ff00ff;\">Cuando yo ten\u00eda 6 a\u00f1os mi hermana ten\u00eda la mitad.<\/span><\/em><\/p>\n<p style=\"text-align: center;\"><em><span style=\"color: #ff00ff;\">Ahora que tengo 40 a\u00f1os.\u00a0<\/span><\/em><\/p>\n<p style=\"text-align: center;\"><em><span style=\"color: #ff00ff;\">\u00bfCu\u00e1ntos a\u00f1os tiene mi hermana?<\/span><\/em><\/p>\n<p>Las respuestas han sido muy particulares, pero entre ellos y ellas han ido discutiendo y razonando hasta dar y ver la respuesta correcta.<\/p>\n<p>Son muy bien venidos todos aquellos enigmas que se quieran aportar a la clase para jugar y hacer pensar.<\/p>\n<p><span style=\"color: #0000ff;\">\u00c1rea de lengua.<\/span><\/p>\n<p><span style=\"color: #ff6600;\">El abecedario,<\/span> la escritura de \u00e9l sobre la pauta doble de la libreta ha sido interesante para que comprendan lo que se les va a pedir en los sucesivos textos escritos.<\/p>\n<p>Buscamos por qu\u00e9 es necesario saber el orden, el sistema del abecedario, para buscar correctamente y r\u00e1pido cualquier palabra en <span style=\"color: #ff6600;\">el diccionario<\/span>.<\/p>\n<p>Jugamos con las distintas <span style=\"color: #ff6600;\">formas verbales<\/span> para buscar su <span style=\"color: #ff6600;\">infinitivo<\/span>, que es la forma que se busca para saber su significado. Se a\u00f1ade, que todos los nombres propios no se pueden buscar\u00a0debido a que nunca los vamos a encontrar en esos diccionarios.<\/p>\n<p><span style=\"color: #ff6600;\">Lectura expresiva:<\/span> se ha hecho entrega de unas lecturas cortas que se deben practicar en voz alta. Los viernes, en clase se leer\u00e1n y as\u00ed poder indicar los distintos aspectos a mejorar como:<\/p>\n<ul>\n<li><span style=\"color: #800000;\">La correcta entonaci\u00f3n.<\/span><\/li>\n<li><span style=\"color: #ff0000;\">La fluidez.<\/span><\/li>\n<li><span style=\"color: #808000;\">La omisi\u00f3n de letras o palabras.<\/span><\/li>\n<li><span style=\"color: #800080;\">La invenci\u00f3n de fonemas o palabras.<\/span><\/li>\n<li><span style=\"color: #008000;\">El tono.<\/span><\/li>\n<li><span style=\"color: #993366;\">\u00a0Etc.<\/span><\/li>\n<\/ul>\n<p>Ante la actividad, es importante trabajar la relajaci\u00f3n, los nervios para abordarla correctamente, \u00a0sobre todo tener una buena actitud para aceptar los consejos de mejora dados por el tutor y el grupo. Estas lecturas suelen ir acompa\u00f1adas de unas actividades de comprensi\u00f3n que entre todo el grupo se van corrigiendo o haciendo.<\/p>\n<p>Les ha gustado mucho el <span style=\"color: #ff00ff;\">romance de las tres cautivas<\/span> al escuchar este mismo texto cantado. Entre todo el grupo se ha le\u00eddo y cantado.<\/p>\n<p>Algunos y algunas se han atrevido a leerlo-cantarlo en solitario.<\/p>\n<p><span class=\"embed-youtube\" style=\"text-align:center; display: block;\"><div class=\"a25-CTUOC-hidding-box\" data-original-content=\"&lt;iframe loading=&quot;lazy&quot; class=&quot;youtube-player&quot; width=&quot;474&quot; height=&quot;267&quot; src=&quot;https:\/\/www.youtube.com\/embed\/t7y7dmJVicY?version=3&amp;#038;rel=1&amp;#038;showsearch=0&amp;#038;showinfo=1&amp;#038;iv_load_policy=1&amp;#038;fs=1&amp;#038;hl=es-ES&amp;#038;autohide=2&amp;#038;wmode=transparent&quot; allowfullscreen=&quot;true&quot; style=&quot;border:0;&quot; sandbox=&quot;allow-scripts allow-same-origin allow-popups allow-presentation allow-popups-to-escape-sandbox&quot;&gt;&lt;\/iframe&gt;\">Esta p\u00e1gina incluye contenido multimedia que requiere aceptar todas las cookies. Pulse aqu\u00ed para abrir la configuraci\u00f3n de cookies.<\/div><\/span><\/p>\n<p><span style=\"color: #0000ff;\">\u00c1rea de ciencias<\/span><\/p>\n<p>A lo largo de la semana se han presentado los temas que se van a trabajar. Sobre estos, parte del grupo ha elegido su investigaci\u00f3n para <span style=\"color: #ff6600;\">la conferencia. <span style=\"color: #000000;\">Ya casi tenemos cerradas las conferencias, pero a\u00fan no son fijas, ya que van cambiando de opini\u00f3n por no tenerlo a\u00fan muy claro.<\/span><\/span><\/p>\n<p><span style=\"color: #ff6600;\">La vega, la nutrici\u00f3n y el cuerpo humano<\/span> es el primer bloque que vamos a investigar por lo que he indicado que esas conferencias deben comenzarse a trabajar. Sobre sus cuadernos, han comenzado a exponer las ideas que tienen de lo que quieren investigar y exponer. Es un borrador de indice que poco a poco lo ir\u00e1n viendo conmigo para tener una gu\u00eda adecuada, todas las ideas son buenas.<\/p>\n<p>Se ha realizado un recorrido sobre los distintos alimentos que nos da la vega y aquellos que se encuentran en el colegio, ya sean en \u00e1rboles o en el huerto. Cada miembro del grupo ha elegido uno para realizar una peque\u00f1a investigaci\u00f3n y una ficha t\u00e9cnica:<\/p>\n<ul>\n<li><span style=\"color: #800000;\">Origen.<\/span><\/li>\n<li><span style=\"color: #ff0000;\">\u00c9poca en que se da.<\/span><\/li>\n<li><span style=\"color: #808000;\">Caracter\u00edsticas.<\/span><\/li>\n<li><span style=\"color: #800080;\">Nutrientes.<\/span><\/li>\n<li><span style=\"color: #339966;\">Beneficios para el ser humano.<\/span><\/li>\n<li>Etc.<\/li>\n<\/ul>\n<p>Se continuar\u00e1 trabajando y apreciaremos a las conclusiones que se llegan.<\/p>\n<p><span style=\"color: #0000ff;\">\u00c9tica.<\/span><\/p>\n<p><span style=\"color: #ff6600;\">\u00bfQu\u00e9 es la \u00e9tica?<\/span><\/p>\n<p>Ante esta pregunta las respuestas han sido varias y se les ha pedido que investiguen un poco sobre el t\u00e9rmino ya que hay cierta confusi\u00f3n. Les he indicado que se puede buscar en el diccionario, pero ojo con los t\u00e9rminos, ya que se debe realizar una lectura comprensiva para la comprensi\u00f3n. En la siguiente sesi\u00f3n continuaremos con las ideas que aporten.<\/p>\n<p style=\"text-align: center;\"><span style=\"color: #0000ff;\">REUNI\u00d3N DE GRUPO<\/span><\/p>\n<p>Os esperamos el mi\u00e9rcoles 27 de septiembre, a las 16h., en la reuni\u00f3n de presentaci\u00f3n del curso en el aula de usos m\u00faltiples.<\/p>\n<p>Un saludo cordial y os deseo que pas\u00e9is un buen fin de semana.<\/p>\n<p>Juanjo<\/p>\n<p>&nbsp;<\/p>\n<p>&nbsp;<\/p>\n","protected":false},"excerpt":{"rendered":"<p>&nbsp; Arrancamos la semana con ganas de saber que se va hacer, y poco a poco se les ha ido indicando. \u00c1rea de matem\u00e1ticas. Continuamos repasando contenidos anteriores, en especial el c\u00e1lculo y el recordatorio de los pasos a seguir en las distintas operaciones. Se inicia los contenidos por temas. El tema I, corresponde al &hellip; <a href=\"https:\/\/www.alqueria.es\/blogs\/alqueriasegundociclo\/2017\/09\/23\/semanario-4o-semana-del-18-al-22-de-septiembre\/\" class=\"more-link\">Seguir leyendo <span class=\"screen-reader-text\">Semanario 4\u00ba. Semana del 18 al 22 de septiembre.<\/span> <span class=\"meta-nav\">&rarr;<\/span><\/a><\/p>\n","protected":false},"author":16,"featured_media":0,"comment_status":"open","ping_status":"open","sticky":false,"template":"","format":"standard","meta":{"jetpack_post_was_ever_published":false,"_jetpack_newsletter_access":"","_jetpack_dont_email_post_to_subs":false,"_jetpack_newsletter_tier_id":0,"_jetpack_memberships_contains_paywalled_content":false,"_jetpack_memberships_contains_paid_content":false,"footnotes":"","jetpack_publicize_message":"","jetpack_publicize_feature_enabled":true,"jetpack_social_post_already_shared":true,"jetpack_social_options":{"image_generator_settings":{"template":"highway","default_image_id":0,"font":"","enabled":false},"version":2}},"categories":[6,22,60],"tags":[],"class_list":["post-16913","post","type-post","status-publish","format-standard","hentry","category-4o-epo","category-inicio","category-semanario-4o"],"jetpack_publicize_connections":[],"jetpack_featured_media_url":"","jetpack_sharing_enabled":true,"jetpack_shortlink":"https:\/\/wp.me\/p4lw4c-4oN","_links":{"self":[{"href":"https:\/\/www.alqueria.es\/blogs\/alqueriasegundociclo\/wp-json\/wp\/v2\/posts\/16913","targetHints":{"allow":["GET"]}}],"collection":[{"href":"https:\/\/www.alqueria.es\/blogs\/alqueriasegundociclo\/wp-json\/wp\/v2\/posts"}],"about":[{"href":"https:\/\/www.alqueria.es\/blogs\/alqueriasegundociclo\/wp-json\/wp\/v2\/types\/post"}],"author":[{"embeddable":true,"href":"https:\/\/www.alqueria.es\/blogs\/alqueriasegundociclo\/wp-json\/wp\/v2\/users\/16"}],"replies":[{"embeddable":true,"href":"https:\/\/www.alqueria.es\/blogs\/alqueriasegundociclo\/wp-json\/wp\/v2\/comments?post=16913"}],"version-history":[{"count":0,"href":"https:\/\/www.alqueria.es\/blogs\/alqueriasegundociclo\/wp-json\/wp\/v2\/posts\/16913\/revisions"}],"wp:attachment":[{"href":"https:\/\/www.alqueria.es\/blogs\/alqueriasegundociclo\/wp-json\/wp\/v2\/media?parent=16913"}],"wp:term":[{"taxonomy":"category","embeddable":true,"href":"https:\/\/www.alqueria.es\/blogs\/alqueriasegundociclo\/wp-json\/wp\/v2\/categories?post=16913"},{"taxonomy":"post_tag","embeddable":true,"href":"https:\/\/www.alqueria.es\/blogs\/alqueriasegundociclo\/wp-json\/wp\/v2\/tags?post=16913"}],"curies":[{"name":"wp","href":"https:\/\/api.w.org\/{rel}","templated":true}]}}