{"id":17106,"date":"2017-11-14T15:31:58","date_gmt":"2017-11-14T14:31:58","guid":{"rendered":"https:\/\/www.alqueria.es\/blogs\/alqueriasegundociclo\/?p=17106"},"modified":"2017-11-21T13:30:55","modified_gmt":"2017-11-21T12:30:55","slug":"noviembre-en-tercero","status":"publish","type":"post","link":"https:\/\/www.alqueria.es\/blogs\/alqueriasegundociclo\/2017\/11\/14\/noviembre-en-tercero\/","title":{"rendered":"Noviembre en tercero&#8230;"},"content":{"rendered":"<p>El mes de noviembre continua con fuerza y ritmo en el grupo de tercero.<\/p>\n<p>La fiesta de oto\u00f1o ha sido el eje de la mayor\u00eda de las actividades llevadas a cabo. As\u00ed&#8230;<\/p>\n<h6><span style=\"color: #339966\">En el \u00e1rea de ciencias&#8230;<\/span><\/h6>\n<p>Empezamos el tema de las plantas, que da lugar a palabras e ideas propias de la estaci\u00f3n. Lo primero que hacemos es una lluvia de ideas, literalmente, pues en un enorme papel dejamos plasmado, en forma de gota, todo lo que creemos saber sobre ellas.<\/p>\n<p class=\"jetpack-slideshow-noscript robots-nocontent\">El pase de diapositivas requiere JavaScript.<\/p><div id=\"gallery-17106-1-slideshow\" class=\"jetpack-slideshow-window jetpack-slideshow jetpack-slideshow-black\" data-trans=\"fade\" data-autostart=\"1\" data-gallery=\"[{&quot;src&quot;:&quot;https:\\\/\\\/cloud.alqueria.es\\\/wp-content\\\/uploads\\\/sites\\\/7\\\/2017\\\/11\\\/IMG_2532-225x300.jpg&quot;,&quot;id&quot;:&quot;17187&quot;,&quot;title&quot;:&quot;IMG_2532&quot;,&quot;alt&quot;:&quot;&quot;,&quot;caption&quot;:&quot;&quot;,&quot;itemprop&quot;:&quot;image&quot;},{&quot;src&quot;:&quot;https:\\\/\\\/cloud.alqueria.es\\\/wp-content\\\/uploads\\\/sites\\\/7\\\/2017\\\/11\\\/IMG_2531-225x300.jpg&quot;,&quot;id&quot;:&quot;17186&quot;,&quot;title&quot;:&quot;IMG_2531&quot;,&quot;alt&quot;:&quot;&quot;,&quot;caption&quot;:&quot;&quot;,&quot;itemprop&quot;:&quot;image&quot;},{&quot;src&quot;:&quot;https:\\\/\\\/cloud.alqueria.es\\\/wp-content\\\/uploads\\\/sites\\\/7\\\/2017\\\/11\\\/IMG_2514-225x300.jpg&quot;,&quot;id&quot;:&quot;17168&quot;,&quot;title&quot;:&quot;IMG_2514&quot;,&quot;alt&quot;:&quot;&quot;,&quot;caption&quot;:&quot;&quot;,&quot;itemprop&quot;:&quot;image&quot;},{&quot;src&quot;:&quot;https:\\\/\\\/cloud.alqueria.es\\\/wp-content\\\/uploads\\\/sites\\\/7\\\/2017\\\/11\\\/IMG_2513-300x225.jpg&quot;,&quot;id&quot;:&quot;17167&quot;,&quot;title&quot;:&quot;IMG_2513&quot;,&quot;alt&quot;:&quot;&quot;,&quot;caption&quot;:&quot;&quot;,&quot;itemprop&quot;:&quot;image&quot;},{&quot;src&quot;:&quot;https:\\\/\\\/cloud.alqueria.es\\\/wp-content\\\/uploads\\\/sites\\\/7\\\/2017\\\/11\\\/IMG_2511-300x225.jpg&quot;,&quot;id&quot;:&quot;17166&quot;,&quot;title&quot;:&quot;IMG_2511&quot;,&quot;alt&quot;:&quot;&quot;,&quot;caption&quot;:&quot;&quot;,&quot;itemprop&quot;:&quot;image&quot;},{&quot;src&quot;:&quot;https:\\\/\\\/cloud.alqueria.es\\\/wp-content\\\/uploads\\\/sites\\\/7\\\/2017\\\/11\\\/IMG_2507-300x225.jpg&quot;,&quot;id&quot;:&quot;17162&quot;,&quot;title&quot;:&quot;IMG_2507&quot;,&quot;alt&quot;:&quot;&quot;,&quot;caption&quot;:&quot;&quot;,&quot;itemprop&quot;:&quot;image&quot;},{&quot;src&quot;:&quot;https:\\\/\\\/cloud.alqueria.es\\\/wp-content\\\/uploads\\\/sites\\\/7\\\/2017\\\/11\\\/IMG_2509-225x300.jpg&quot;,&quot;id&quot;:&quot;17164&quot;,&quot;title&quot;:&quot;IMG_2509&quot;,&quot;alt&quot;:&quot;&quot;,&quot;caption&quot;:&quot;&quot;,&quot;itemprop&quot;:&quot;image&quot;},{&quot;src&quot;:&quot;https:\\\/\\\/cloud.alqueria.es\\\/wp-content\\\/uploads\\\/sites\\\/7\\\/2017\\\/11\\\/IMG_2510-300x225.jpg&quot;,&quot;id&quot;:&quot;17165&quot;,&quot;title&quot;:&quot;IMG_2510&quot;,&quot;alt&quot;:&quot;&quot;,&quot;caption&quot;:&quot;&quot;,&quot;itemprop&quot;:&quot;image&quot;},{&quot;src&quot;:&quot;https:\\\/\\\/cloud.alqueria.es\\\/wp-content\\\/uploads\\\/sites\\\/7\\\/2017\\\/11\\\/IMG_2505-300x225.jpg&quot;,&quot;id&quot;:&quot;17161&quot;,&quot;title&quot;:&quot;IMG_2505&quot;,&quot;alt&quot;:&quot;&quot;,&quot;caption&quot;:&quot;&quot;,&quot;itemprop&quot;:&quot;image&quot;},{&quot;src&quot;:&quot;https:\\\/\\\/cloud.alqueria.es\\\/wp-content\\\/uploads\\\/sites\\\/7\\\/2017\\\/11\\\/IMG_2504-225x300.jpg&quot;,&quot;id&quot;:&quot;17160&quot;,&quot;title&quot;:&quot;IMG_2504&quot;,&quot;alt&quot;:&quot;&quot;,&quot;caption&quot;:&quot;&quot;,&quot;itemprop&quot;:&quot;image&quot;}]\" itemscope itemtype=\"https:\/\/schema.org\/ImageGallery\"><\/div>\n<p><strong>\u00a0<\/strong><\/p>\n<p>&nbsp;<\/p>\n<p>Observamos las plantas del cole, las del jard\u00edn, la del patio, las del parque&#8230; Ahora mismo nos resulta muy llamativo sus distintas formas y colores, y as\u00ed lo dejan plasmado en el cartel de ideas.<\/p>\n<p>El pr\u00f3ximo 21 de noviembre tendremos nuestra salida a la potabilizadora, tema que hemos estado tratando previamente.<\/p>\n<h6><span style=\"color: #ff9900\">En lengua y literatura&#8230;<\/span><\/h6>\n<p>Puesto que soy un \u00abpoco-mucho\u00bb refranera y dado que los utilizo en nuestro d\u00eda a d\u00eda, ellos mismos se han ido interesando por el significado de estos. Algunos compa\u00f1eros empezaron a decir, de manera espont\u00e1nea los que conocen, y nos pareci\u00f3 muy interesante darle cabida en nuestra aula a este tipo de literatura oral.<\/p>\n<p><strong>Los refranes, decir m\u00e1s hablando menos.<\/strong><\/p>\n<p><strong>Son\u00a0 un tesoro de la cultura tradicional,\u00a0 expresiones de origen popular que encierran sabidur\u00eda y ense\u00f1anzas. Son capaces de explicar o aconsejar sobre algo mediante una simple frase, pudiendo ense\u00f1arles a\u00a0actuar en determinados momentos de la vida.\u00a0<\/strong><\/p>\n<p>La gran mayor\u00eda los habr\u00e1n escuchado de boca de sus abuelos o incluso por vosotros mismos, as\u00ed que aprovechar para explicarles su significado, ya que ser\u00e1 una lecci\u00f3n que no olvidar\u00e1n jam\u00e1s.<\/p>\n<p>Despu\u00e9s de leer y escribir sobre ellos, hacemos una actividad pl\u00e1stica relacionada.\u00a0Utilizamos diferentes formas de hojas (a\u00fan tenemos que estudiar sus nombre y caracter\u00edsticas), cada uno la que m\u00e1s le gusta, como base para escribir dichos y\/o refranes propios de la estaci\u00f3n que estamos trabajando. De este modo trabajamos varias \u00e1reas simult\u00e1neamente: lengua, ciencias y pl\u00e1stica.<\/p>\n<p class=\"jetpack-slideshow-noscript robots-nocontent\">El pase de diapositivas requiere JavaScript.<\/p><div id=\"gallery-17106-2-slideshow\" class=\"jetpack-slideshow-window jetpack-slideshow jetpack-slideshow-black\" data-trans=\"fade\" data-autostart=\"1\" data-gallery=\"[{&quot;src&quot;:&quot;https:\\\/\\\/cloud.alqueria.es\\\/wp-content\\\/uploads\\\/sites\\\/7\\\/2017\\\/11\\\/IMG_2515-300x225.jpg&quot;,&quot;id&quot;:&quot;17182&quot;,&quot;title&quot;:&quot;IMG_2515&quot;,&quot;alt&quot;:&quot;&quot;,&quot;caption&quot;:&quot;&quot;,&quot;itemprop&quot;:&quot;image&quot;},{&quot;src&quot;:&quot;https:\\\/\\\/cloud.alqueria.es\\\/wp-content\\\/uploads\\\/sites\\\/7\\\/2017\\\/11\\\/IMG_2516-300x225.jpg&quot;,&quot;id&quot;:&quot;17183&quot;,&quot;title&quot;:&quot;IMG_2516&quot;,&quot;alt&quot;:&quot;&quot;,&quot;caption&quot;:&quot;&quot;,&quot;itemprop&quot;:&quot;image&quot;},{&quot;src&quot;:&quot;https:\\\/\\\/cloud.alqueria.es\\\/wp-content\\\/uploads\\\/sites\\\/7\\\/2017\\\/11\\\/IMG_2518-300x225.jpg&quot;,&quot;id&quot;:&quot;17185&quot;,&quot;title&quot;:&quot;IMG_2518&quot;,&quot;alt&quot;:&quot;&quot;,&quot;caption&quot;:&quot;&quot;,&quot;itemprop&quot;:&quot;image&quot;},{&quot;src&quot;:&quot;https:\\\/\\\/cloud.alqueria.es\\\/wp-content\\\/uploads\\\/sites\\\/7\\\/2017\\\/11\\\/IMG_2517-300x225.jpg&quot;,&quot;id&quot;:&quot;17184&quot;,&quot;title&quot;:&quot;IMG_2517&quot;,&quot;alt&quot;:&quot;&quot;,&quot;caption&quot;:&quot;&quot;,&quot;itemprop&quot;:&quot;image&quot;},{&quot;src&quot;:&quot;https:\\\/\\\/cloud.alqueria.es\\\/wp-content\\\/uploads\\\/sites\\\/7\\\/2017\\\/11\\\/IMG_2534-300x225.jpg&quot;,&quot;id&quot;:&quot;17170&quot;,&quot;title&quot;:&quot;IMG_2534&quot;,&quot;alt&quot;:&quot;&quot;,&quot;caption&quot;:&quot;&quot;,&quot;itemprop&quot;:&quot;image&quot;},{&quot;src&quot;:&quot;https:\\\/\\\/cloud.alqueria.es\\\/wp-content\\\/uploads\\\/sites\\\/7\\\/2017\\\/11\\\/IMG_2533-300x225.jpg&quot;,&quot;id&quot;:&quot;17169&quot;,&quot;title&quot;:&quot;IMG_2533&quot;,&quot;alt&quot;:&quot;&quot;,&quot;caption&quot;:&quot;&quot;,&quot;itemprop&quot;:&quot;image&quot;},{&quot;src&quot;:&quot;https:\\\/\\\/cloud.alqueria.es\\\/wp-content\\\/uploads\\\/sites\\\/7\\\/2017\\\/11\\\/IMG_2535-225x300.jpg&quot;,&quot;id&quot;:&quot;17171&quot;,&quot;title&quot;:&quot;IMG_2535&quot;,&quot;alt&quot;:&quot;&quot;,&quot;caption&quot;:&quot;&quot;,&quot;itemprop&quot;:&quot;image&quot;}]\" itemscope itemtype=\"https:\/\/schema.org\/ImageGallery\"><\/div>\n<p>&nbsp;<\/p>\n<h6>\u00abEl \u00e1rbol que no ten\u00eda hojas\u00bb<\/h6>\n<p>Trabajamos la expresi\u00f3n oral. Escuchamos muchos cuentos de boca de un cuenta cuentos profesional, nos fijamos en la dicci\u00f3n, las pausas, la entonaci\u00f3n, el entusiasmo&#8230; consigue meternos de lleno en la historia durante el tiempo que dura. Tras muchas audiciones, decidimos preparar un bonito cuento de oto\u00f1o \u00abEL \u00c1RBOL QUE NO TEN\u00cdA HOJAS\u00bb, \u00e9sta fue nuestra aportaci\u00f3n al emotivo encuentro literario que realizamos cada a\u00f1o en la ma\u00f1ana de la fiesta.<\/p>\n<p>Lo practicamos entre todos, lo leemos y releemos varias veces. Ahora llega el momento de organizarse, no hay personajes para todos, as\u00ed que integramos un coro que har\u00e1 una bonita canci\u00f3n de esta estaci\u00f3n como broche final, los dem\u00e1s (a sorteo) hacen reparto de papeles.<\/p>\n<p>Ahora s\u00ed, llega el momento del trabajo individual, hay que practicar y memorizar para luego representar. Toman esta tarea con mucha responsabilidad y entusiasmo, as\u00ed que pronto podemos hacer ensayos todos juntos. El vestuario tambi\u00e9n ha sido algo acordado en grupo.<\/p>\n<div class=\"tiled-gallery type-square tiled-gallery-unresized\" data-original-width=\"474\" data-carousel-extra='{&quot;blog_id&quot;:7,&quot;permalink&quot;:&quot;https:\\\/\\\/www.alqueria.es\\\/blogs\\\/alqueriasegundociclo\\\/2017\\\/11\\\/14\\\/noviembre-en-tercero\\\/&quot;,&quot;likes_blog_id&quot;:64233500}' itemscope itemtype=\"http:\/\/schema.org\/ImageGallery\" > <div class=\"gallery-row\" style=\"width: 474px; height: 237px;\" data-original-width=\"474\" data-original-height=\"237\" > <div class=\"gallery-group\" style=\"width: 237px; height: 237px;\" data-original-width=\"237\" data-original-height=\"237\" > <div class=\"tiled-gallery-item \" itemprop=\"associatedMedia\" itemscope itemtype=\"http:\/\/schema.org\/ImageObject\"> <meta itemprop=\"width\" content=\"233\"> <meta itemprop=\"height\" content=\"233\"> <img decoding=\"async\" class=\"\" data-attachment-id=\"17181\" data-orig-file=\"https:\/\/cloud.alqueria.es\/wp-content\/uploads\/sites\/7\/2017\/11\/IMG_2686.jpg\" data-orig-size=\"1024,576\" data-comments-opened=\"1\" data-image-meta=\"{&quot;aperture&quot;:&quot;0&quot;,&quot;credit&quot;:&quot;&quot;,&quot;camera&quot;:&quot;&quot;,&quot;caption&quot;:&quot;&quot;,&quot;created_timestamp&quot;:&quot;0&quot;,&quot;copyright&quot;:&quot;&quot;,&quot;focal_length&quot;:&quot;0&quot;,&quot;iso&quot;:&quot;0&quot;,&quot;shutter_speed&quot;:&quot;0&quot;,&quot;title&quot;:&quot;&quot;,&quot;orientation&quot;:&quot;0&quot;}\" data-image-title=\"IMG_2686\" data-image-description=\"\" data-medium-file=\"https:\/\/cloud.alqueria.es\/wp-content\/uploads\/sites\/7\/2017\/11\/IMG_2686-300x169.jpg\" data-large-file=\"https:\/\/cloud.alqueria.es\/wp-content\/uploads\/sites\/7\/2017\/11\/IMG_2686-1024x576.jpg\" src=\"https:\/\/i0.wp.com\/cloud.alqueria.es\/wp-content\/uploads\/sites\/7\/2017\/11\/IMG_2686.jpg?w=233&#038;h=233&#038;crop=1&#038;ssl=1\" width=\"233\" height=\"233\" loading=\"lazy\" data-original-width=\"233\" data-original-height=\"233\" itemprop=\"http:\/\/schema.org\/image\" title=\"IMG_2686\" alt=\"IMG_2686\" style=\"width: 233px; height: 233px;\" \/> <\/div> <\/div> <div class=\"gallery-group\" style=\"width: 237px; height: 237px;\" data-original-width=\"237\" data-original-height=\"237\" > <div class=\"tiled-gallery-item \" itemprop=\"associatedMedia\" itemscope itemtype=\"http:\/\/schema.org\/ImageObject\"> <meta itemprop=\"width\" content=\"233\"> <meta itemprop=\"height\" content=\"233\"> <img decoding=\"async\" class=\"\" data-attachment-id=\"17180\" data-orig-file=\"https:\/\/cloud.alqueria.es\/wp-content\/uploads\/sites\/7\/2017\/11\/IMG_2683.jpg\" data-orig-size=\"1024,576\" data-comments-opened=\"1\" data-image-meta=\"{&quot;aperture&quot;:&quot;0&quot;,&quot;credit&quot;:&quot;&quot;,&quot;camera&quot;:&quot;&quot;,&quot;caption&quot;:&quot;&quot;,&quot;created_timestamp&quot;:&quot;0&quot;,&quot;copyright&quot;:&quot;&quot;,&quot;focal_length&quot;:&quot;0&quot;,&quot;iso&quot;:&quot;0&quot;,&quot;shutter_speed&quot;:&quot;0&quot;,&quot;title&quot;:&quot;&quot;,&quot;orientation&quot;:&quot;0&quot;}\" data-image-title=\"IMG_2683\" data-image-description=\"\" data-medium-file=\"https:\/\/cloud.alqueria.es\/wp-content\/uploads\/sites\/7\/2017\/11\/IMG_2683-300x169.jpg\" data-large-file=\"https:\/\/cloud.alqueria.es\/wp-content\/uploads\/sites\/7\/2017\/11\/IMG_2683-1024x576.jpg\" src=\"https:\/\/i0.wp.com\/cloud.alqueria.es\/wp-content\/uploads\/sites\/7\/2017\/11\/IMG_2683.jpg?w=233&#038;h=233&#038;crop=1&#038;ssl=1\" width=\"233\" height=\"233\" loading=\"lazy\" data-original-width=\"233\" data-original-height=\"233\" itemprop=\"http:\/\/schema.org\/image\" title=\"IMG_2683\" alt=\"IMG_2683\" style=\"width: 233px; height: 233px;\" \/> <\/div> <\/div> <\/div> <\/div>\n<p>El v\u00eddeo est\u00e1 en proceso de edici\u00f3n, espero poder ponerlo a lo largo del d\u00eda de hoy.<\/p>\n<h6><span style=\"color: #3366ff\">En matem\u00e1ticas&#8230;<\/span><\/h6>\n<p>Puesto que tenemos nuestro taller de cocina, utilizamos el mismo para resolver problemas y operaciones sencillas.<\/p>\n<ol>\n<li>Si hay 9 paquetes de galletas y cada uno tiene 21 galletas, \u00bfcu\u00e1ntas galletas tenemos en total? 21&#215;9= 189 galletas<\/li>\n<li>\u00bfCu\u00e1ntas galletas vamos a hacer para la fiesta ? No todos caen en que van dobles, tipo sandwich&#8230; as\u00ed que ser\u00e1n la mitad del resultado anterior 84 galletas de coco y sobra una, je!<\/li>\n<li>\u00bfCu\u00e1ntas galletas de coco debe hacer cada uno para que todos hagamos las mismas? 84:17 ufff que dif\u00edcil!! tras un largo per\u00edodo de pruebas y discusiones matem\u00e1ticas llegan a la conclusi\u00f3n de que son 4 cada uno y los m\u00e1s r\u00e1pidos har\u00e1n 5 (es una divisi\u00f3n inexacta pero ellos a\u00fan no lo saben! shh)<\/li>\n<\/ol>\n<p>Con los cartuchos para las casta\u00f1as, que hacemos con papel de peri\u00f3dico haciendo uso de su destreza motriz (jajajaj) les planteo que deben hacer 4 decenas, y cada uno debe ir calculando cu\u00e1ntas lleva y cu\u00e1ntas le quedan.<\/p>\n<p>Calculamos tambi\u00e9n cu\u00e1ntos cartuchos haremos entre todos.\u00a0 Eso es 40 x17&#8230; menuda operaci\u00f3n tan dif\u00edcil! Pues con ingenio y estrategias propias alguno consigui\u00f3 el resultado correcto 680 nada m\u00e1s y nada menos!<\/p>\n<p>Como veis, cualquier tema y situaci\u00f3n es id\u00f3nea para trabajar el pensamiento, la creatividad, la reflexi\u00f3n, el esp\u00edritu cr\u00edtico, la colaboraci\u00f3n y todo cuanto creemos fundamental en el desarrollo de vuestros hijos.<\/p>\n<p>Adem\u00e1s de todo esto, seguimos haciendo operaciones de c\u00e1lculo en rejilla.<\/p>\n<ul>\n<li>sumas y restas<\/li>\n<li>restas ascendentes (algo nuevo que han practicado en el recurso EL RINC\u00d3N DE LUCA)<\/li>\n<li>empezamos con los dobles para dar paso a la multiplicaci\u00f3n por 2 (deben ir estudiando las tablas de multiplicar que se las facilitar\u00e9 en papel para an\u00e1lisis y trabajo)<\/li>\n<li>c\u00e1lculo r\u00e1pido, 60 operaciones en 2 minutos<\/li>\n<li>tuvimos la estupenda experiencia de poder disfrutar con TUTAKABOO de una \u00absesi\u00f3n de geometr\u00eda\u00bb , del plano al 3D.<\/li>\n<\/ul>\n<p class=\"jetpack-slideshow-noscript robots-nocontent\">El pase de diapositivas requiere JavaScript.<\/p><div id=\"gallery-17106-3-slideshow\" class=\"jetpack-slideshow-window jetpack-slideshow jetpack-slideshow-black\" data-trans=\"fade\" data-autostart=\"1\" data-gallery=\"[{&quot;src&quot;:&quot;https:\\\/\\\/cloud.alqueria.es\\\/wp-content\\\/uploads\\\/sites\\\/7\\\/2017\\\/11\\\/IMG_2681-300x225.jpg&quot;,&quot;id&quot;:&quot;17199&quot;,&quot;title&quot;:&quot;IMG_2681&quot;,&quot;alt&quot;:&quot;&quot;,&quot;caption&quot;:&quot;&quot;,&quot;itemprop&quot;:&quot;image&quot;},{&quot;src&quot;:&quot;https:\\\/\\\/cloud.alqueria.es\\\/wp-content\\\/uploads\\\/sites\\\/7\\\/2017\\\/11\\\/IMG_2680-300x225.jpg&quot;,&quot;id&quot;:&quot;17198&quot;,&quot;title&quot;:&quot;IMG_2680&quot;,&quot;alt&quot;:&quot;&quot;,&quot;caption&quot;:&quot;&quot;,&quot;itemprop&quot;:&quot;image&quot;},{&quot;src&quot;:&quot;https:\\\/\\\/cloud.alqueria.es\\\/wp-content\\\/uploads\\\/sites\\\/7\\\/2017\\\/11\\\/IMG_2677-300x225.jpg&quot;,&quot;id&quot;:&quot;17197&quot;,&quot;title&quot;:&quot;IMG_2677&quot;,&quot;alt&quot;:&quot;&quot;,&quot;caption&quot;:&quot;&quot;,&quot;itemprop&quot;:&quot;image&quot;},{&quot;src&quot;:&quot;https:\\\/\\\/cloud.alqueria.es\\\/wp-content\\\/uploads\\\/sites\\\/7\\\/2017\\\/11\\\/IMG_2676-225x300.jpg&quot;,&quot;id&quot;:&quot;17196&quot;,&quot;title&quot;:&quot;IMG_2676&quot;,&quot;alt&quot;:&quot;&quot;,&quot;caption&quot;:&quot;&quot;,&quot;itemprop&quot;:&quot;image&quot;},{&quot;src&quot;:&quot;https:\\\/\\\/cloud.alqueria.es\\\/wp-content\\\/uploads\\\/sites\\\/7\\\/2017\\\/11\\\/IMG_2669-300x225.jpg&quot;,&quot;id&quot;:&quot;17192&quot;,&quot;title&quot;:&quot;IMG_2669&quot;,&quot;alt&quot;:&quot;&quot;,&quot;caption&quot;:&quot;&quot;,&quot;itemprop&quot;:&quot;image&quot;},{&quot;src&quot;:&quot;https:\\\/\\\/cloud.alqueria.es\\\/wp-content\\\/uploads\\\/sites\\\/7\\\/2017\\\/11\\\/IMG_2670-225x300.jpg&quot;,&quot;id&quot;:&quot;17193&quot;,&quot;title&quot;:&quot;IMG_2670&quot;,&quot;alt&quot;:&quot;&quot;,&quot;caption&quot;:&quot;&quot;,&quot;itemprop&quot;:&quot;image&quot;},{&quot;src&quot;:&quot;https:\\\/\\\/cloud.alqueria.es\\\/wp-content\\\/uploads\\\/sites\\\/7\\\/2017\\\/11\\\/IMG_2671-300x225.jpg&quot;,&quot;id&quot;:&quot;17194&quot;,&quot;title&quot;:&quot;IMG_2671&quot;,&quot;alt&quot;:&quot;&quot;,&quot;caption&quot;:&quot;&quot;,&quot;itemprop&quot;:&quot;image&quot;},{&quot;src&quot;:&quot;https:\\\/\\\/cloud.alqueria.es\\\/wp-content\\\/uploads\\\/sites\\\/7\\\/2017\\\/11\\\/IMG_2672-225x300.jpg&quot;,&quot;id&quot;:&quot;17195&quot;,&quot;title&quot;:&quot;IMG_2672&quot;,&quot;alt&quot;:&quot;&quot;,&quot;caption&quot;:&quot;&quot;,&quot;itemprop&quot;:&quot;image&quot;},{&quot;src&quot;:&quot;https:\\\/\\\/cloud.alqueria.es\\\/wp-content\\\/uploads\\\/sites\\\/7\\\/2017\\\/11\\\/IMG_2666-300x225.jpg&quot;,&quot;id&quot;:&quot;17191&quot;,&quot;title&quot;:&quot;IMG_2666&quot;,&quot;alt&quot;:&quot;&quot;,&quot;caption&quot;:&quot;&quot;,&quot;itemprop&quot;:&quot;image&quot;},{&quot;src&quot;:&quot;https:\\\/\\\/cloud.alqueria.es\\\/wp-content\\\/uploads\\\/sites\\\/7\\\/2017\\\/11\\\/IMG_2664-300x225.jpg&quot;,&quot;id&quot;:&quot;17190&quot;,&quot;title&quot;:&quot;IMG_2664&quot;,&quot;alt&quot;:&quot;&quot;,&quot;caption&quot;:&quot;&quot;,&quot;itemprop&quot;:&quot;image&quot;},{&quot;src&quot;:&quot;https:\\\/\\\/cloud.alqueria.es\\\/wp-content\\\/uploads\\\/sites\\\/7\\\/2017\\\/11\\\/IMG_2663-225x300.jpg&quot;,&quot;id&quot;:&quot;17189&quot;,&quot;title&quot;:&quot;IMG_2663&quot;,&quot;alt&quot;:&quot;&quot;,&quot;caption&quot;:&quot;&quot;,&quot;itemprop&quot;:&quot;image&quot;},{&quot;src&quot;:&quot;https:\\\/\\\/cloud.alqueria.es\\\/wp-content\\\/uploads\\\/sites\\\/7\\\/2017\\\/11\\\/IMG_2675-300x225.jpg&quot;,&quot;id&quot;:&quot;17178&quot;,&quot;title&quot;:&quot;IMG_2675&quot;,&quot;alt&quot;:&quot;&quot;,&quot;caption&quot;:&quot;&quot;,&quot;itemprop&quot;:&quot;image&quot;},{&quot;src&quot;:&quot;https:\\\/\\\/cloud.alqueria.es\\\/wp-content\\\/uploads\\\/sites\\\/7\\\/2017\\\/11\\\/IMG_2674-300x225.jpg&quot;,&quot;id&quot;:&quot;17177&quot;,&quot;title&quot;:&quot;IMG_2674&quot;,&quot;alt&quot;:&quot;&quot;,&quot;caption&quot;:&quot;&quot;,&quot;itemprop&quot;:&quot;image&quot;},{&quot;src&quot;:&quot;https:\\\/\\\/cloud.alqueria.es\\\/wp-content\\\/uploads\\\/sites\\\/7\\\/2017\\\/11\\\/IMG_2668-300x225.jpg&quot;,&quot;id&quot;:&quot;17176&quot;,&quot;title&quot;:&quot;IMG_2668&quot;,&quot;alt&quot;:&quot;&quot;,&quot;caption&quot;:&quot;&quot;,&quot;itemprop&quot;:&quot;image&quot;},{&quot;src&quot;:&quot;https:\\\/\\\/cloud.alqueria.es\\\/wp-content\\\/uploads\\\/sites\\\/7\\\/2017\\\/11\\\/IMG_2667-300x225.jpg&quot;,&quot;id&quot;:&quot;17175&quot;,&quot;title&quot;:&quot;IMG_2667&quot;,&quot;alt&quot;:&quot;&quot;,&quot;caption&quot;:&quot;&quot;,&quot;itemprop&quot;:&quot;image&quot;},{&quot;src&quot;:&quot;https:\\\/\\\/cloud.alqueria.es\\\/wp-content\\\/uploads\\\/sites\\\/7\\\/2017\\\/11\\\/IMG_2665-300x225.jpg&quot;,&quot;id&quot;:&quot;17174&quot;,&quot;title&quot;:&quot;IMG_2665&quot;,&quot;alt&quot;:&quot;&quot;,&quot;caption&quot;:&quot;&quot;,&quot;itemprop&quot;:&quot;image&quot;},{&quot;src&quot;:&quot;https:\\\/\\\/cloud.alqueria.es\\\/wp-content\\\/uploads\\\/sites\\\/7\\\/2017\\\/11\\\/IMG_2662-225x300.jpg&quot;,&quot;id&quot;:&quot;17173&quot;,&quot;title&quot;:&quot;IMG_2662&quot;,&quot;alt&quot;:&quot;&quot;,&quot;caption&quot;:&quot;&quot;,&quot;itemprop&quot;:&quot;image&quot;}]\" itemscope itemtype=\"https:\/\/schema.org\/ImageGallery\"><\/div>\n<p>&nbsp;<\/p>\n<p>Bueno, pues todo esto unido a\u00a0 lectura silenciosa;sesi\u00f3n de biblioteca semanal para intercambio de libro; clase de inform\u00e1tica donde el uso de recursos es nuestra principal actividad; \u00e9tica donde tratamos temas de convivencia, de buena \u00e9tica, de respeto, de normativa&#8230;; y nuestra clase de estudio donde se trabaja de manera individual sobre aquellos aspectos personales sobre los que considero que debo incidir m\u00e1s&#8230; son un resumen de nuestras semanas.<\/p>\n<p>Un saludo.<\/p>\n<p>Laura<\/p>\n<p>&nbsp;<\/p>\n","protected":false},"excerpt":{"rendered":"<p>El mes de noviembre continua con fuerza y ritmo en el grupo de tercero. La fiesta de oto\u00f1o ha sido el eje de la mayor\u00eda de las actividades llevadas a cabo. As\u00ed&#8230; En el \u00e1rea de ciencias&#8230; Empezamos el tema de las plantas, que da lugar a palabras e ideas propias de la estaci\u00f3n. Lo &hellip; <a href=\"https:\/\/www.alqueria.es\/blogs\/alqueriasegundociclo\/2017\/11\/14\/noviembre-en-tercero\/\" class=\"more-link\">Seguir leyendo <span class=\"screen-reader-text\">Noviembre en tercero&#8230;<\/span> <span class=\"meta-nav\">&rarr;<\/span><\/a><\/p>\n","protected":false},"author":16,"featured_media":0,"comment_status":"open","ping_status":"open","sticky":false,"template":"","format":"standard","meta":{"jetpack_post_was_ever_published":false,"_jetpack_newsletter_access":"","_jetpack_dont_email_post_to_subs":false,"_jetpack_newsletter_tier_id":0,"_jetpack_memberships_contains_paywalled_content":false,"_jetpack_memberships_contains_paid_content":false,"footnotes":"","jetpack_publicize_message":"","jetpack_publicize_feature_enabled":true,"jetpack_social_post_already_shared":true,"jetpack_social_options":{"image_generator_settings":{"template":"highway","default_image_id":0,"font":"","enabled":false},"version":2}},"categories":[5,59],"tags":[],"class_list":["post-17106","post","type-post","status-publish","format-standard","hentry","category-3o-epo","category-semanario-3o"],"jetpack_publicize_connections":[],"jetpack_featured_media_url":"","jetpack_sharing_enabled":true,"jetpack_shortlink":"https:\/\/wp.me\/p4lw4c-4rU","_links":{"self":[{"href":"https:\/\/www.alqueria.es\/blogs\/alqueriasegundociclo\/wp-json\/wp\/v2\/posts\/17106","targetHints":{"allow":["GET"]}}],"collection":[{"href":"https:\/\/www.alqueria.es\/blogs\/alqueriasegundociclo\/wp-json\/wp\/v2\/posts"}],"about":[{"href":"https:\/\/www.alqueria.es\/blogs\/alqueriasegundociclo\/wp-json\/wp\/v2\/types\/post"}],"author":[{"embeddable":true,"href":"https:\/\/www.alqueria.es\/blogs\/alqueriasegundociclo\/wp-json\/wp\/v2\/users\/16"}],"replies":[{"embeddable":true,"href":"https:\/\/www.alqueria.es\/blogs\/alqueriasegundociclo\/wp-json\/wp\/v2\/comments?post=17106"}],"version-history":[{"count":0,"href":"https:\/\/www.alqueria.es\/blogs\/alqueriasegundociclo\/wp-json\/wp\/v2\/posts\/17106\/revisions"}],"wp:attachment":[{"href":"https:\/\/www.alqueria.es\/blogs\/alqueriasegundociclo\/wp-json\/wp\/v2\/media?parent=17106"}],"wp:term":[{"taxonomy":"category","embeddable":true,"href":"https:\/\/www.alqueria.es\/blogs\/alqueriasegundociclo\/wp-json\/wp\/v2\/categories?post=17106"},{"taxonomy":"post_tag","embeddable":true,"href":"https:\/\/www.alqueria.es\/blogs\/alqueriasegundociclo\/wp-json\/wp\/v2\/tags?post=17106"}],"curies":[{"name":"wp","href":"https:\/\/api.w.org\/{rel}","templated":true}]}}