{"id":17605,"date":"2018-01-27T11:14:53","date_gmt":"2018-01-27T10:14:53","guid":{"rendered":"https:\/\/www.alqueria.es\/blogs\/alqueriasegundociclo\/?p=17605"},"modified":"2018-01-27T11:15:31","modified_gmt":"2018-01-27T10:15:31","slug":"que-es-la-ayuda-humanitaria","status":"publish","type":"post","link":"https:\/\/www.alqueria.es\/blogs\/alqueriasegundociclo\/2018\/01\/27\/que-es-la-ayuda-humanitaria\/","title":{"rendered":"\u00bfQu\u00e9 es la ayuda humanitaria?"},"content":{"rendered":"<p><img decoding=\"async\" data-attachment-id=\"17597\" data-permalink=\"https:\/\/www.alqueria.es\/blogs\/alqueriasegundociclo\/img_4852-2\/\" data-orig-file=\"https:\/\/cloud.alqueria.es\/wp-content\/uploads\/sites\/7\/2018\/01\/IMG_4852.jpg\" data-orig-size=\"1024,768\" data-comments-opened=\"1\" data-image-meta=\"{&quot;aperture&quot;:&quot;0&quot;,&quot;credit&quot;:&quot;&quot;,&quot;camera&quot;:&quot;&quot;,&quot;caption&quot;:&quot;&quot;,&quot;created_timestamp&quot;:&quot;0&quot;,&quot;copyright&quot;:&quot;&quot;,&quot;focal_length&quot;:&quot;0&quot;,&quot;iso&quot;:&quot;0&quot;,&quot;shutter_speed&quot;:&quot;0&quot;,&quot;title&quot;:&quot;&quot;,&quot;orientation&quot;:&quot;0&quot;}\" data-image-title=\"IMG_4852\" data-image-description=\"\" data-image-caption=\"\" data-large-file=\"https:\/\/cloud.alqueria.es\/wp-content\/uploads\/sites\/7\/2018\/01\/IMG_4852-1024x768.jpg\" class=\"aligncenter wp-image-17597 size-medium\" src=\"https:\/\/cloud.alqueria.es\/wp-content\/uploads\/sites\/7\/2018\/01\/IMG_4852.jpg\" alt=\"\" width=\"300\" height=\"225\" srcset=\"https:\/\/cloud.alqueria.es\/wp-content\/uploads\/sites\/7\/2018\/01\/IMG_4852.jpg 1024w, https:\/\/cloud.alqueria.es\/wp-content\/uploads\/sites\/7\/2018\/01\/IMG_4852.jpg 300w, https:\/\/cloud.alqueria.es\/wp-content\/uploads\/sites\/7\/2018\/01\/IMG_4852.jpg 768w\" sizes=\"(max-width: 300px) 100vw, 300px\" \/>El martes, 3\u00ba y 4\u00ba, tuvimos una interesant\u00edsima charla a cargo de Jes\u00fas Toro, t\u00edo de Irene que colabora en una ONG.<\/p>\n<p>Se aclar\u00f3 el t\u00e9rmino de <span style=\"color: #0000ff\">ayuda humanitaria<\/span> y qu\u00e9 es una <span style=\"color: #0000ff\">ONG<\/span>.<\/p>\n<p><span style=\"color: #000000\">Eran muchas las ONG conocidas, como: Caritas, Cruz Roja, Unicef\u2026 \u00a0otras menos conocidas: Acnur, Manos unidas, Oxfam. Tuvimos una breve rese\u00f1as de las mismas y las ayudas que realizan.<\/span><\/p>\n<p>Se continu\u00f3 hablando de:<\/p>\n<ul>\n<li><span style=\"color: #800000\">\u00bfQu\u00e9 es ser humanitario?<\/span><\/li>\n<li><span style=\"color: #ff0000\">\u00bfCu\u00e1ndo y d\u00f3nde act\u00faa la ayuda humanitaria?<\/span><\/li>\n<li><span style=\"color: #008000\">Las emergencias.<\/span><\/li>\n<li><span style=\"color: #800080\">Ayuda al desarrollo.<\/span><\/li>\n<\/ul>\n<p>Jes\u00fas nos mostr\u00f3 diferentes im\u00e1genes y aclaraciones sobre los campos de refugiados, c\u00f3mo se vive en ellos, c\u00f3mo se construyen, la ayuda que reciben, y haciendo hincapi\u00e9 en la diferencia del t\u00e9rmino refugiado y el de emigrante.<\/p>\n<p>Se aclararon las distintas dudas que expresaron, el inter\u00e9s era grande y seguro que os han comentado lo aprendido.<\/p>\n<p>Desde aqu\u00ed le damos las gracias a Jes\u00fas por acercarnos a la <span style=\"color: #0000ff\">Ayuda Humanitaria<\/span> y hacernos ver la necesidad de la misma. Hemos aprendido mucho.<\/p>\n<p>Gracias Jes\u00fas.<\/p>\n<p><img decoding=\"async\" data-attachment-id=\"17596\" data-permalink=\"https:\/\/www.alqueria.es\/blogs\/alqueriasegundociclo\/img_4851-3\/\" data-orig-file=\"https:\/\/cloud.alqueria.es\/wp-content\/uploads\/sites\/7\/2018\/01\/IMG_4851.jpg\" data-orig-size=\"1024,768\" data-comments-opened=\"1\" data-image-meta=\"{&quot;aperture&quot;:&quot;0&quot;,&quot;credit&quot;:&quot;&quot;,&quot;camera&quot;:&quot;&quot;,&quot;caption&quot;:&quot;&quot;,&quot;created_timestamp&quot;:&quot;0&quot;,&quot;copyright&quot;:&quot;&quot;,&quot;focal_length&quot;:&quot;0&quot;,&quot;iso&quot;:&quot;0&quot;,&quot;shutter_speed&quot;:&quot;0&quot;,&quot;title&quot;:&quot;&quot;,&quot;orientation&quot;:&quot;0&quot;}\" data-image-title=\"IMG_4851\" data-image-description=\"\" data-image-caption=\"\" data-large-file=\"https:\/\/cloud.alqueria.es\/wp-content\/uploads\/sites\/7\/2018\/01\/IMG_4851-1024x768.jpg\" class=\"alignleft wp-image-17596 size-thumbnail\" src=\"https:\/\/cloud.alqueria.es\/wp-content\/uploads\/sites\/7\/2018\/01\/IMG_4851.jpg\" alt=\"\" width=\"150\" height=\"150\" \/> <img decoding=\"async\" data-attachment-id=\"17595\" data-permalink=\"https:\/\/www.alqueria.es\/blogs\/alqueriasegundociclo\/img_4850-3\/\" data-orig-file=\"https:\/\/cloud.alqueria.es\/wp-content\/uploads\/sites\/7\/2018\/01\/IMG_4850.jpg\" data-orig-size=\"1024,768\" data-comments-opened=\"1\" data-image-meta=\"{&quot;aperture&quot;:&quot;0&quot;,&quot;credit&quot;:&quot;&quot;,&quot;camera&quot;:&quot;&quot;,&quot;caption&quot;:&quot;&quot;,&quot;created_timestamp&quot;:&quot;0&quot;,&quot;copyright&quot;:&quot;&quot;,&quot;focal_length&quot;:&quot;0&quot;,&quot;iso&quot;:&quot;0&quot;,&quot;shutter_speed&quot;:&quot;0&quot;,&quot;title&quot;:&quot;&quot;,&quot;orientation&quot;:&quot;0&quot;}\" data-image-title=\"IMG_4850\" data-image-description=\"\" data-image-caption=\"\" data-large-file=\"https:\/\/cloud.alqueria.es\/wp-content\/uploads\/sites\/7\/2018\/01\/IMG_4850-1024x768.jpg\" class=\"alignright wp-image-17595 size-thumbnail\" src=\"https:\/\/cloud.alqueria.es\/wp-content\/uploads\/sites\/7\/2018\/01\/IMG_4850.jpg\" alt=\"\" width=\"150\" height=\"150\" \/><\/p>\n","protected":false},"excerpt":{"rendered":"<p>El martes, 3\u00ba y 4\u00ba, tuvimos una interesant\u00edsima charla a cargo de Jes\u00fas Toro, t\u00edo de Irene que colabora en una ONG. Se aclar\u00f3 el t\u00e9rmino de ayuda humanitaria y qu\u00e9 es una ONG. Eran muchas las ONG conocidas, como: Caritas, Cruz Roja, Unicef\u2026 \u00a0otras menos conocidas: Acnur, Manos unidas, Oxfam. Tuvimos una breve rese\u00f1as &hellip; <a href=\"https:\/\/www.alqueria.es\/blogs\/alqueriasegundociclo\/2018\/01\/27\/que-es-la-ayuda-humanitaria\/\" class=\"more-link\">Seguir leyendo <span class=\"screen-reader-text\">\u00bfQu\u00e9 es la ayuda humanitaria?<\/span> <span class=\"meta-nav\">&rarr;<\/span><\/a><\/p>\n","protected":false},"author":16,"featured_media":0,"comment_status":"open","ping_status":"open","sticky":false,"template":"","format":"standard","meta":{"jetpack_post_was_ever_published":false,"_jetpack_newsletter_access":"","_jetpack_dont_email_post_to_subs":false,"_jetpack_newsletter_tier_id":0,"_jetpack_memberships_contains_paywalled_content":false,"_jetpack_memberships_contains_paid_content":false,"footnotes":"","jetpack_publicize_message":"","jetpack_publicize_feature_enabled":true,"jetpack_social_post_already_shared":true,"jetpack_social_options":{"image_generator_settings":{"template":"highway","default_image_id":0,"font":"","enabled":false},"version":2}},"categories":[5,6,384,22,59,60],"tags":[],"class_list":["post-17605","post","type-post","status-publish","format-standard","hentry","category-3o-epo","category-4o-epo","category-ayuda-humanitaria","category-inicio","category-semanario-3o","category-semanario-4o"],"jetpack_publicize_connections":[],"jetpack_featured_media_url":"","jetpack_sharing_enabled":true,"jetpack_shortlink":"https:\/\/wp.me\/p4lw4c-4zX","_links":{"self":[{"href":"https:\/\/www.alqueria.es\/blogs\/alqueriasegundociclo\/wp-json\/wp\/v2\/posts\/17605","targetHints":{"allow":["GET"]}}],"collection":[{"href":"https:\/\/www.alqueria.es\/blogs\/alqueriasegundociclo\/wp-json\/wp\/v2\/posts"}],"about":[{"href":"https:\/\/www.alqueria.es\/blogs\/alqueriasegundociclo\/wp-json\/wp\/v2\/types\/post"}],"author":[{"embeddable":true,"href":"https:\/\/www.alqueria.es\/blogs\/alqueriasegundociclo\/wp-json\/wp\/v2\/users\/16"}],"replies":[{"embeddable":true,"href":"https:\/\/www.alqueria.es\/blogs\/alqueriasegundociclo\/wp-json\/wp\/v2\/comments?post=17605"}],"version-history":[{"count":0,"href":"https:\/\/www.alqueria.es\/blogs\/alqueriasegundociclo\/wp-json\/wp\/v2\/posts\/17605\/revisions"}],"wp:attachment":[{"href":"https:\/\/www.alqueria.es\/blogs\/alqueriasegundociclo\/wp-json\/wp\/v2\/media?parent=17605"}],"wp:term":[{"taxonomy":"category","embeddable":true,"href":"https:\/\/www.alqueria.es\/blogs\/alqueriasegundociclo\/wp-json\/wp\/v2\/categories?post=17605"},{"taxonomy":"post_tag","embeddable":true,"href":"https:\/\/www.alqueria.es\/blogs\/alqueriasegundociclo\/wp-json\/wp\/v2\/tags?post=17605"}],"curies":[{"name":"wp","href":"https:\/\/api.w.org\/{rel}","templated":true}]}}