{"id":17736,"date":"2018-02-14T19:04:38","date_gmt":"2018-02-14T18:04:38","guid":{"rendered":"https:\/\/www.alqueria.es\/blogs\/alqueriasegundociclo\/?p=17736"},"modified":"2018-02-14T19:04:38","modified_gmt":"2018-02-14T18:04:38","slug":"primera-jornada-semana-cultural-geometria","status":"publish","type":"post","link":"https:\/\/www.alqueria.es\/blogs\/alqueriasegundociclo\/2018\/02\/14\/primera-jornada-semana-cultural-geometria\/","title":{"rendered":"Primera jornada. Semana Cultural \u00abGEOMETR\u00cdA\u00bb"},"content":{"rendered":"<p><em style=\"font-size: 18px;font-weight: bold\">\u00a0\u00abLa ense\u00f1anza debe ser tal que pueda recibirse como un regalo, no como una amarga obligaci\u00f3n\u00bb Einstein<\/em><\/p>\n<div id=\"atatags-370373-5a82f9aa20af2\">La ense\u00f1anza de la geometr\u00eda es\u00a0 muy importante ya que\u00a0nuestro lenguaje verbal diario posee muchos t\u00e9rminos geom\u00e9tricos, como punto, paralela o recta.\u00a0 Si nosotros debemos comunicarnos con otros acerca de la ubicaci\u00f3n, el tama\u00f1o o la forma de un objeto la terminolog\u00eda geom\u00e9trica es fundamental, pues el conocimiento geom\u00e9trico es b\u00e1sico para orientarse\u00a0adecuadamente en el espacio, haciendo estimaciones sobre formas y distancias, para distribuir objetos en el espacio y aprender a organizarse y orientarse mentalmente.<\/div>\n<div class=\"wpcnt\">\n<div class=\"wpa wpmrec\"><\/div>\n<\/div>\n<p>Su ense\u00f1anza es fundamental pues, gracias a la Geometr\u00eda, el estudiante adquiere un criterio al escuchar, leer y pensar, ya que cuando estudia geometr\u00eda, deja de aceptar a ciegas proposiciones e ideas y se le ense\u00f1a a pensar\u00a0de forma clara y cr\u00edtica, antes de hacer conclusiones.<\/p>\n<p>As\u00ed transcurri\u00f3 la primera jornada de esta interesant\u00edsima semana.<\/p>\n<p><span style=\"color: #0000ff\"><strong>MONTAJE DE EXPOSICIONES<\/strong><\/span><\/p>\n<p>Durante las primeras horas de la ma\u00f1ana nos dedicamos, de pleno,a ultimar los detalles de lo que han sido nuestros proyectos desde que comenzamos el segundo trimestre.<\/p>\n<p><em><span style=\"color: #0000ff\">Edad Media y geometr\u00eda en 3\u00ba\u00a0<\/span><\/em><\/p>\n<p>Nuestros castillos reciben los \u00faltimos mimos por parte de sus creadores, de modo que dedicamos un buen rato a los detalles que han marcado las diferencias, ventanas, enredaderas, antorchas, balcones, detalles para envejecerlos&#8230;y una buena mano de silicona \u00a0caliente hacen que est\u00e9n listos para el disfrute de todos.<\/p>\n<p>&nbsp;<\/p>\n<p>Luego terminamos los escudos, perfilando los detalles que llevan por dentro, pegando los \u00faltimos detalles, d\u00e1ndoles un aspecto met\u00e1lico con el perfil y preparando el asa para poder llevarlos c\u00f3modamente el viernes.<\/p>\n<p>Una vez tenemos todo esto, \u00a0todos colaboran en la organizaci\u00f3n de la clase, \u00a0la reubicaci\u00f3n de muebles y la clasificaci\u00f3n de materiales para convertir nuestra clase en un \u00a1aut\u00e9ntico museo medieval! Son tantos los castillos y con tanto volumen que no caben todos dentro del aula, as\u00ed \u00a0que preparamos un espacio fuera para exponer y que decoramos con el escudo que dise\u00f1aron, eso s\u00ed, previamente los hab\u00edamos puesto en papel de aspecto antiguo que conseguimos gracias a una t\u00e9cnica muy profesional, je.<\/p>\n<p>Los escudos hemos decidido que formen parte de la decoraci\u00f3n del aula pero en la altura, pues es tanta la emoci\u00f3n que yo misma dudaba que llegasen al viernes! (Como sab\u00e9is forman parte de su disfraz!)<\/p>\n<p><em><span style=\"color: #0000ff\">Arquitectura, casas nidos y geometr\u00eda en 4\u00ba.<\/span><\/em><\/p>\n<p><span style=\"color: #000000\"><em><img decoding=\"async\" data-attachment-id=\"17739\" data-permalink=\"https:\/\/www.alqueria.es\/blogs\/alqueriasegundociclo\/2018\/02\/14\/primera-jornada-semana-cultural-geometria\/20180213_135203\/\" data-orig-file=\"https:\/\/cloud.alqueria.es\/wp-content\/uploads\/sites\/7\/2018\/02\/20180213_135203.jpg\" data-orig-size=\"1024,1024\" data-comments-opened=\"1\" data-image-meta=\"{&quot;aperture&quot;:&quot;0&quot;,&quot;credit&quot;:&quot;&quot;,&quot;camera&quot;:&quot;&quot;,&quot;caption&quot;:&quot;&quot;,&quot;created_timestamp&quot;:&quot;0&quot;,&quot;copyright&quot;:&quot;&quot;,&quot;focal_length&quot;:&quot;0&quot;,&quot;iso&quot;:&quot;0&quot;,&quot;shutter_speed&quot;:&quot;0&quot;,&quot;title&quot;:&quot;&quot;,&quot;orientation&quot;:&quot;0&quot;}\" data-image-title=\"20180213_135203\" data-image-description=\"\" data-image-caption=\"\" data-large-file=\"https:\/\/cloud.alqueria.es\/wp-content\/uploads\/sites\/7\/2018\/02\/20180213_135203.jpg\" class=\"alignleft wp-image-17739 size-thumbnail\" src=\"https:\/\/cloud.alqueria.es\/wp-content\/uploads\/sites\/7\/2018\/02\/20180213_135203.jpg\" alt=\"\" width=\"150\" height=\"150\" srcset=\"https:\/\/cloud.alqueria.es\/wp-content\/uploads\/sites\/7\/2018\/02\/20180213_135203.jpg 1024w, https:\/\/cloud.alqueria.es\/wp-content\/uploads\/sites\/7\/2018\/02\/20180213_135203.jpg 150w, https:\/\/cloud.alqueria.es\/wp-content\/uploads\/sites\/7\/2018\/02\/20180213_135203.jpg 300w, https:\/\/cloud.alqueria.es\/wp-content\/uploads\/sites\/7\/2018\/02\/20180213_135203.jpg 768w\" sizes=\"(max-width: 150px) 100vw, 150px\" \/>Hemos dedicado la ma\u00f1ana a ultimar parte del trabajo para ambientar los distintos espacios de la escuela con todos aquellos trabajos realizados previamente a la semana cultural y darlos a conocer a toda la comunidad educativa.<\/em><\/span><\/p>\n<p><span style=\"color: #000000\"><em><br \/>\nContinuamos con el trabajo por equipos para dejar listos los prismas <img decoding=\"async\" data-attachment-id=\"17756\" data-permalink=\"https:\/\/www.alqueria.es\/blogs\/alqueriasegundociclo\/2018\/02\/14\/primera-jornada-semana-cultural-geometria\/20180208_161533\/\" data-orig-file=\"https:\/\/cloud.alqueria.es\/wp-content\/uploads\/sites\/7\/2018\/02\/20180208_161533.jpg\" data-orig-size=\"1024,1024\" data-comments-opened=\"1\" data-image-meta=\"{&quot;aperture&quot;:&quot;0&quot;,&quot;credit&quot;:&quot;&quot;,&quot;camera&quot;:&quot;&quot;,&quot;caption&quot;:&quot;&quot;,&quot;created_timestamp&quot;:&quot;0&quot;,&quot;copyright&quot;:&quot;&quot;,&quot;focal_length&quot;:&quot;0&quot;,&quot;iso&quot;:&quot;0&quot;,&quot;shutter_speed&quot;:&quot;0&quot;,&quot;title&quot;:&quot;&quot;,&quot;orientation&quot;:&quot;0&quot;}\" data-image-title=\"20180208_161533\" data-image-description=\"\" data-image-caption=\"\" data-large-file=\"https:\/\/cloud.alqueria.es\/wp-content\/uploads\/sites\/7\/2018\/02\/20180208_161533.jpg\" class=\"alignright wp-image-17756 size-thumbnail\" src=\"https:\/\/cloud.alqueria.es\/wp-content\/uploads\/sites\/7\/2018\/02\/20180208_161533.jpg\" alt=\"\" width=\"150\" height=\"150\" srcset=\"https:\/\/cloud.alqueria.es\/wp-content\/uploads\/sites\/7\/2018\/02\/20180208_161533.jpg 1024w, https:\/\/cloud.alqueria.es\/wp-content\/uploads\/sites\/7\/2018\/02\/20180208_161533.jpg 150w, https:\/\/cloud.alqueria.es\/wp-content\/uploads\/sites\/7\/2018\/02\/20180208_161533.jpg 300w, https:\/\/cloud.alqueria.es\/wp-content\/uploads\/sites\/7\/2018\/02\/20180208_161533.jpg 768w\" sizes=\"(max-width: 150px) 100vw, 150px\" \/>nidos definitivos. <\/em><\/span><\/p>\n<p>&nbsp;<\/p>\n<p>&nbsp;<\/p>\n<p>&nbsp;<\/p>\n<p><span style=\"color: #000000\"><em><img decoding=\"async\" data-attachment-id=\"17758\" data-permalink=\"https:\/\/www.alqueria.es\/blogs\/alqueriasegundociclo\/2018\/02\/14\/primera-jornada-semana-cultural-geometria\/20180212_130745\/\" data-orig-file=\"https:\/\/cloud.alqueria.es\/wp-content\/uploads\/sites\/7\/2018\/02\/20180212_130745.jpg\" data-orig-size=\"1024,1024\" data-comments-opened=\"1\" data-image-meta=\"{&quot;aperture&quot;:&quot;0&quot;,&quot;credit&quot;:&quot;&quot;,&quot;camera&quot;:&quot;&quot;,&quot;caption&quot;:&quot;&quot;,&quot;created_timestamp&quot;:&quot;0&quot;,&quot;copyright&quot;:&quot;&quot;,&quot;focal_length&quot;:&quot;0&quot;,&quot;iso&quot;:&quot;0&quot;,&quot;shutter_speed&quot;:&quot;0&quot;,&quot;title&quot;:&quot;&quot;,&quot;orientation&quot;:&quot;0&quot;}\" data-image-title=\"20180212_130745\" data-image-description=\"\" data-image-caption=\"\" data-large-file=\"https:\/\/cloud.alqueria.es\/wp-content\/uploads\/sites\/7\/2018\/02\/20180212_130745.jpg\" class=\"alignleft wp-image-17758 size-thumbnail\" src=\"https:\/\/cloud.alqueria.es\/wp-content\/uploads\/sites\/7\/2018\/02\/20180212_130745.jpg\" alt=\"\" width=\"150\" height=\"150\" srcset=\"https:\/\/cloud.alqueria.es\/wp-content\/uploads\/sites\/7\/2018\/02\/20180212_130745.jpg 1024w, https:\/\/cloud.alqueria.es\/wp-content\/uploads\/sites\/7\/2018\/02\/20180212_130745.jpg 150w, https:\/\/cloud.alqueria.es\/wp-content\/uploads\/sites\/7\/2018\/02\/20180212_130745.jpg 300w, https:\/\/cloud.alqueria.es\/wp-content\/uploads\/sites\/7\/2018\/02\/20180212_130745.jpg 768w\" sizes=\"(max-width: 150px) 100vw, 150px\" \/>Se trabaja la medida a escala sobre papel cuadriculado.<\/em><\/span><\/p>\n<p>&nbsp;<\/p>\n<p>&nbsp;<\/p>\n<p>&nbsp;<\/p>\n<p><strong><span style=\"color: #0000ff\">EXPOSICI\u00d3N DE AMBOS GRUPOS<\/span><\/strong><\/p>\n<p>Llevamos muchas semanas trabajando, cada uno en su clase, intuyendo, observando y escuchando pinceladas sobre el proyecto que se trae entre manos el otro grupo, pero ha llegado la hora de que sus protagonistas, vuestros hijos, cuenten a sus compa\u00f1eros de ciclo su experiencia propia.<\/p>\n<p>El grupo de cuarto, explica a los compa\u00f1eros de tercero en qu\u00e9 ha consistido su proyecto, \u00a0cuales han sido los pasos seguidos, sus errores y, por tanto, sus significativos aprendizajes. Los nidos est\u00e1n en proceso, pues se necesita mucho tiempo para el dise\u00f1o y mucho m\u00e1s para la consecuci\u00f3n y preparaci\u00f3n de cada uno de los materiales necesarios. Esperamos ansiosos las casas que albergaran a los p\u00e1jaros de nuestro cole.<\/p>\n<p>Por su parte, el grupo de tercero, explica \u00a0todo lo aprendido en su estudio de la her\u00e1ldica: forma o boca, particiones, esmaltes, figuras y significado de los mismos. Tambi\u00e9n les explicaron en qu\u00e9 han consistido las elaboraciones de sus construcciones medievales y entre todos reconocieron todos y cada uno de los elementos geom\u00e9tricos que los componen.<\/p>\n<p class=\"jetpack-slideshow-noscript robots-nocontent\">El pase de diapositivas requiere JavaScript.<\/p><div id=\"gallery-17736-1-slideshow\" class=\"jetpack-slideshow-window jetpack-slideshow jetpack-slideshow-black\" data-trans=\"fade\" data-autostart=\"1\" data-gallery=\"[{&quot;src&quot;:&quot;https:\\\/\\\/cloud.alqueria.es\\\/wp-content\\\/uploads\\\/sites\\\/7\\\/2018\\\/02\\\/IMG_53081-1024x768.jpg&quot;,&quot;id&quot;:&quot;17773&quot;,&quot;title&quot;:&quot;IMG_53081&quot;,&quot;alt&quot;:&quot;&quot;,&quot;caption&quot;:&quot;&quot;,&quot;itemprop&quot;:&quot;image&quot;},{&quot;src&quot;:&quot;https:\\\/\\\/cloud.alqueria.es\\\/wp-content\\\/uploads\\\/sites\\\/7\\\/2018\\\/02\\\/20180212_155744.jpg&quot;,&quot;id&quot;:&quot;17752&quot;,&quot;title&quot;:&quot;20180212_155744&quot;,&quot;alt&quot;:&quot;&quot;,&quot;caption&quot;:&quot;&quot;,&quot;itemprop&quot;:&quot;image&quot;},{&quot;src&quot;:&quot;https:\\\/\\\/cloud.alqueria.es\\\/wp-content\\\/uploads\\\/sites\\\/7\\\/2018\\\/02\\\/20180212_155717.jpg&quot;,&quot;id&quot;:&quot;17750&quot;,&quot;title&quot;:&quot;20180212_155717&quot;,&quot;alt&quot;:&quot;&quot;,&quot;caption&quot;:&quot;&quot;,&quot;itemprop&quot;:&quot;image&quot;},{&quot;src&quot;:&quot;https:\\\/\\\/cloud.alqueria.es\\\/wp-content\\\/uploads\\\/sites\\\/7\\\/2018\\\/02\\\/20180212_155726.jpg&quot;,&quot;id&quot;:&quot;17749&quot;,&quot;title&quot;:&quot;20180212_155726&quot;,&quot;alt&quot;:&quot;&quot;,&quot;caption&quot;:&quot;&quot;,&quot;itemprop&quot;:&quot;image&quot;},{&quot;src&quot;:&quot;https:\\\/\\\/cloud.alqueria.es\\\/wp-content\\\/uploads\\\/sites\\\/7\\\/2018\\\/02\\\/20180212_155706.jpg&quot;,&quot;id&quot;:&quot;17751&quot;,&quot;title&quot;:&quot;20180212_155706&quot;,&quot;alt&quot;:&quot;&quot;,&quot;caption&quot;:&quot;&quot;,&quot;itemprop&quot;:&quot;image&quot;},{&quot;src&quot;:&quot;https:\\\/\\\/cloud.alqueria.es\\\/wp-content\\\/uploads\\\/sites\\\/7\\\/2018\\\/02\\\/IMG_5304-1024x768.jpg&quot;,&quot;id&quot;:&quot;17769&quot;,&quot;title&quot;:&quot;IMG_5304&quot;,&quot;alt&quot;:&quot;&quot;,&quot;caption&quot;:&quot;&quot;,&quot;itemprop&quot;:&quot;image&quot;},{&quot;src&quot;:&quot;https:\\\/\\\/cloud.alqueria.es\\\/wp-content\\\/uploads\\\/sites\\\/7\\\/2018\\\/02\\\/IMG_5291-1024x768.jpg&quot;,&quot;id&quot;:&quot;17765&quot;,&quot;title&quot;:&quot;IMG_5291&quot;,&quot;alt&quot;:&quot;&quot;,&quot;caption&quot;:&quot;&quot;,&quot;itemprop&quot;:&quot;image&quot;},{&quot;src&quot;:&quot;https:\\\/\\\/cloud.alqueria.es\\\/wp-content\\\/uploads\\\/sites\\\/7\\\/2018\\\/02\\\/IMG_5306-1024x768.jpg&quot;,&quot;id&quot;:&quot;17770&quot;,&quot;title&quot;:&quot;IMG_5306&quot;,&quot;alt&quot;:&quot;&quot;,&quot;caption&quot;:&quot;&quot;,&quot;itemprop&quot;:&quot;image&quot;},{&quot;src&quot;:&quot;https:\\\/\\\/cloud.alqueria.es\\\/wp-content\\\/uploads\\\/sites\\\/7\\\/2018\\\/02\\\/IMG_5302-1024x768.jpg&quot;,&quot;id&quot;:&quot;17768&quot;,&quot;title&quot;:&quot;IMG_5302&quot;,&quot;alt&quot;:&quot;&quot;,&quot;caption&quot;:&quot;&quot;,&quot;itemprop&quot;:&quot;image&quot;},{&quot;src&quot;:&quot;https:\\\/\\\/cloud.alqueria.es\\\/wp-content\\\/uploads\\\/sites\\\/7\\\/2018\\\/02\\\/IMG_5290-1024x768.jpg&quot;,&quot;id&quot;:&quot;17764&quot;,&quot;title&quot;:&quot;IMG_5290&quot;,&quot;alt&quot;:&quot;&quot;,&quot;caption&quot;:&quot;&quot;,&quot;itemprop&quot;:&quot;image&quot;},{&quot;src&quot;:&quot;https:\\\/\\\/cloud.alqueria.es\\\/wp-content\\\/uploads\\\/sites\\\/7\\\/2018\\\/02\\\/20180212_155633.jpg&quot;,&quot;id&quot;:&quot;17748&quot;,&quot;title&quot;:&quot;20180212_155633&quot;,&quot;alt&quot;:&quot;&quot;,&quot;caption&quot;:&quot;&quot;,&quot;itemprop&quot;:&quot;image&quot;},{&quot;src&quot;:&quot;https:\\\/\\\/cloud.alqueria.es\\\/wp-content\\\/uploads\\\/sites\\\/7\\\/2018\\\/02\\\/20180212_155647.jpg&quot;,&quot;id&quot;:&quot;17747&quot;,&quot;title&quot;:&quot;20180212_155647&quot;,&quot;alt&quot;:&quot;&quot;,&quot;caption&quot;:&quot;&quot;,&quot;itemprop&quot;:&quot;image&quot;},{&quot;src&quot;:&quot;https:\\\/\\\/cloud.alqueria.es\\\/wp-content\\\/uploads\\\/sites\\\/7\\\/2018\\\/02\\\/20180212_155656.jpg&quot;,&quot;id&quot;:&quot;17746&quot;,&quot;title&quot;:&quot;20180212_155656&quot;,&quot;alt&quot;:&quot;&quot;,&quot;caption&quot;:&quot;&quot;,&quot;itemprop&quot;:&quot;image&quot;}]\" itemscope itemtype=\"https:\/\/schema.org\/ImageGallery\"><\/div>\n<p>Ambos grupos est\u00e1n plet\u00f3ricos con sus proyectos, con lo aprendido, lo vivenciado, lo superado y, como no, con sus producciones, con poder compartirlas con los dem\u00e1s, con ser maestros de sus propios compa\u00f1eros, con sentir la admiraci\u00f3n de los dem\u00e1s ante su trabajo y el reconocimiento del mismo. Han sido unas semanas muy intensas, pero estamos muy orgullosos de los procesos personales y grupales que han seguido, un aprendizaje realmente significativo con unos proyectos que los han mantenido motivados un largo per\u00edodo de tiempo.<\/p>\n<p>La inauguraci\u00f3n de la Semana Cultural ha sido aplazada al martes por inclemencias meteorol\u00f3gicas.<\/p>\n<p>Continuaremos informando.<\/p>\n<p>Laura y Juanjo<\/p>\n","protected":false},"excerpt":{"rendered":"<p>\u00a0\u00abLa ense\u00f1anza debe ser tal que pueda recibirse como un regalo, no como una amarga obligaci\u00f3n\u00bb Einstein La ense\u00f1anza de la geometr\u00eda es\u00a0 muy importante ya que\u00a0nuestro lenguaje verbal diario posee muchos t\u00e9rminos geom\u00e9tricos, como punto, paralela o recta.\u00a0 Si nosotros debemos comunicarnos con otros acerca de la ubicaci\u00f3n, el tama\u00f1o o la forma de &hellip; <a href=\"https:\/\/www.alqueria.es\/blogs\/alqueriasegundociclo\/2018\/02\/14\/primera-jornada-semana-cultural-geometria\/\" class=\"more-link\">Seguir leyendo <span class=\"screen-reader-text\">Primera jornada. Semana Cultural \u00abGEOMETR\u00cdA\u00bb<\/span> <span class=\"meta-nav\">&rarr;<\/span><\/a><\/p>\n","protected":false},"author":16,"featured_media":0,"comment_status":"open","ping_status":"open","sticky":false,"template":"","format":"standard","meta":{"jetpack_post_was_ever_published":false,"_jetpack_newsletter_access":"","_jetpack_dont_email_post_to_subs":false,"_jetpack_newsletter_tier_id":0,"_jetpack_memberships_contains_paywalled_content":false,"_jetpack_memberships_contains_paid_content":false,"footnotes":"","jetpack_publicize_message":"","jetpack_publicize_feature_enabled":true,"jetpack_social_post_already_shared":true,"jetpack_social_options":{"image_generator_settings":{"template":"highway","default_image_id":0,"font":"","enabled":false},"version":2}},"categories":[5,6,388],"tags":[389,179,390,391,392],"class_list":["post-17736","post","type-post","status-publish","format-standard","hentry","category-3o-epo","category-4o-epo","category-semana-cultural-geometria","tag-castillos","tag-geometria-2","tag-heraldica","tag-nidos","tag-semana-cultural-geometria"],"jetpack_publicize_connections":[],"jetpack_featured_media_url":"","jetpack_sharing_enabled":true,"jetpack_shortlink":"https:\/\/wp.me\/p4lw4c-4C4","_links":{"self":[{"href":"https:\/\/www.alqueria.es\/blogs\/alqueriasegundociclo\/wp-json\/wp\/v2\/posts\/17736","targetHints":{"allow":["GET"]}}],"collection":[{"href":"https:\/\/www.alqueria.es\/blogs\/alqueriasegundociclo\/wp-json\/wp\/v2\/posts"}],"about":[{"href":"https:\/\/www.alqueria.es\/blogs\/alqueriasegundociclo\/wp-json\/wp\/v2\/types\/post"}],"author":[{"embeddable":true,"href":"https:\/\/www.alqueria.es\/blogs\/alqueriasegundociclo\/wp-json\/wp\/v2\/users\/16"}],"replies":[{"embeddable":true,"href":"https:\/\/www.alqueria.es\/blogs\/alqueriasegundociclo\/wp-json\/wp\/v2\/comments?post=17736"}],"version-history":[{"count":0,"href":"https:\/\/www.alqueria.es\/blogs\/alqueriasegundociclo\/wp-json\/wp\/v2\/posts\/17736\/revisions"}],"wp:attachment":[{"href":"https:\/\/www.alqueria.es\/blogs\/alqueriasegundociclo\/wp-json\/wp\/v2\/media?parent=17736"}],"wp:term":[{"taxonomy":"category","embeddable":true,"href":"https:\/\/www.alqueria.es\/blogs\/alqueriasegundociclo\/wp-json\/wp\/v2\/categories?post=17736"},{"taxonomy":"post_tag","embeddable":true,"href":"https:\/\/www.alqueria.es\/blogs\/alqueriasegundociclo\/wp-json\/wp\/v2\/tags?post=17736"}],"curies":[{"name":"wp","href":"https:\/\/api.w.org\/{rel}","templated":true}]}}