{"id":17761,"date":"2018-02-19T10:56:45","date_gmt":"2018-02-19T09:56:45","guid":{"rendered":"https:\/\/www.alqueria.es\/blogs\/alqueriasegundociclo\/?p=17761"},"modified":"2018-02-19T12:17:54","modified_gmt":"2018-02-19T11:17:54","slug":"segunda-jornada-semana-cultural-geometria","status":"publish","type":"post","link":"https:\/\/www.alqueria.es\/blogs\/alqueriasegundociclo\/2018\/02\/19\/segunda-jornada-semana-cultural-geometria\/","title":{"rendered":"Segunda jornada.  Semana cultural \u00abGEOMETR\u00cdA\u00bb"},"content":{"rendered":"<p>En nuestra segunda jornada las actividades giran en torno a lo que llamamos ciclo de conferencias, donde el alumnado es el protagonista.<\/p>\n<p><strong><span style=\"color: #008000\">Conferencia de Mateo M. sobre GEOMETR\u00cdA DE LA VIDA<\/span><\/strong><\/p>\n<p>Mateo nos cuenta la importancia de la geometr\u00eda para las personas de distintas religiones y culturas, como por ejemplo LA FLOR DE LA<img decoding=\"async\" data-attachment-id=\"17786\" data-permalink=\"https:\/\/www.alqueria.es\/blogs\/alqueriasegundociclo\/2018\/02\/14\/primera-jornada-semana-cultural-geometria\/20180213_093312\/\" data-orig-file=\"https:\/\/cloud.alqueria.es\/wp-content\/uploads\/sites\/7\/2018\/02\/20180213_093312.jpg\" data-orig-size=\"1024,1024\" data-comments-opened=\"1\" data-image-meta=\"{&quot;aperture&quot;:&quot;0&quot;,&quot;credit&quot;:&quot;&quot;,&quot;camera&quot;:&quot;&quot;,&quot;caption&quot;:&quot;&quot;,&quot;created_timestamp&quot;:&quot;0&quot;,&quot;copyright&quot;:&quot;&quot;,&quot;focal_length&quot;:&quot;0&quot;,&quot;iso&quot;:&quot;0&quot;,&quot;shutter_speed&quot;:&quot;0&quot;,&quot;title&quot;:&quot;&quot;,&quot;orientation&quot;:&quot;0&quot;}\" data-image-title=\"20180213_093312\" data-image-description=\"\" data-image-caption=\"\" data-large-file=\"https:\/\/cloud.alqueria.es\/wp-content\/uploads\/sites\/7\/2018\/02\/20180213_093312.jpg\" class=\"alignright wp-image-17786 size-thumbnail\" src=\"https:\/\/cloud.alqueria.es\/wp-content\/uploads\/sites\/7\/2018\/02\/20180213_093312.jpg\" alt=\"\" width=\"150\" height=\"150\" srcset=\"https:\/\/cloud.alqueria.es\/wp-content\/uploads\/sites\/7\/2018\/02\/20180213_093312.jpg 1024w, https:\/\/cloud.alqueria.es\/wp-content\/uploads\/sites\/7\/2018\/02\/20180213_093312.jpg 150w, https:\/\/cloud.alqueria.es\/wp-content\/uploads\/sites\/7\/2018\/02\/20180213_093312.jpg 300w, https:\/\/cloud.alqueria.es\/wp-content\/uploads\/sites\/7\/2018\/02\/20180213_093312.jpg 768w\" sizes=\"(max-width: 150px) 100vw, 150px\" \/> VIDA, de la que nos explica su composici\u00f3n, forma, historia y los importantes artistas que la han usado o creado s\u00edmbolos parecidos.\u00a0 Igualmente importante fue para los artesanos de la Alhambra, que usaban la geometr\u00eda en sus composiciones. El Taj Majal y la Sagrada Familia son ejemplos de la geometr\u00eda en la arquitectura. Por \u00faltimo nos habl\u00f3 de c\u00f3mo est\u00e1 presente la geometr\u00eda en la naturaleza, es decir, nos cont\u00f3 muchas <img decoding=\"async\" data-attachment-id=\"17787\" data-permalink=\"https:\/\/www.alqueria.es\/blogs\/alqueriasegundociclo\/2018\/02\/14\/primera-jornada-semana-cultural-geometria\/20180213_093333\/\" data-orig-file=\"https:\/\/cloud.alqueria.es\/wp-content\/uploads\/sites\/7\/2018\/02\/20180213_093333.jpg\" data-orig-size=\"1024,1024\" data-comments-opened=\"1\" data-image-meta=\"{&quot;aperture&quot;:&quot;0&quot;,&quot;credit&quot;:&quot;&quot;,&quot;camera&quot;:&quot;&quot;,&quot;caption&quot;:&quot;&quot;,&quot;created_timestamp&quot;:&quot;0&quot;,&quot;copyright&quot;:&quot;&quot;,&quot;focal_length&quot;:&quot;0&quot;,&quot;iso&quot;:&quot;0&quot;,&quot;shutter_speed&quot;:&quot;0&quot;,&quot;title&quot;:&quot;&quot;,&quot;orientation&quot;:&quot;0&quot;}\" data-image-title=\"20180213_093333\" data-image-description=\"\" data-image-caption=\"\" data-large-file=\"https:\/\/cloud.alqueria.es\/wp-content\/uploads\/sites\/7\/2018\/02\/20180213_093333.jpg\" class=\" wp-image-17787 alignleft\" src=\"https:\/\/cloud.alqueria.es\/wp-content\/uploads\/sites\/7\/2018\/02\/20180213_093333.jpg\" alt=\"\" width=\"230\" height=\"230\" srcset=\"https:\/\/cloud.alqueria.es\/wp-content\/uploads\/sites\/7\/2018\/02\/20180213_093333.jpg 1024w, https:\/\/cloud.alqueria.es\/wp-content\/uploads\/sites\/7\/2018\/02\/20180213_093333.jpg 150w, https:\/\/cloud.alqueria.es\/wp-content\/uploads\/sites\/7\/2018\/02\/20180213_093333.jpg 300w, https:\/\/cloud.alqueria.es\/wp-content\/uploads\/sites\/7\/2018\/02\/20180213_093333.jpg 768w\" sizes=\"(max-width: 230px) 100vw, 230px\" \/>cosas interesantes sobre la GEOMETR\u00cdA FRACTAL, nos trajo ejemplos reales: una pi\u00f1a, una col lombarda que abrimos para verla y un br\u00e9col romanesco que nos deja asombrados de tan maravillosa creaci\u00f3n natural, de c\u00f3mo sigue el mismo patr\u00f3n que se repite una y otra vez.<\/p>\n<div class=\"a25-CTUOC-hidding-box\" data-original-content=\"&lt;iframe title=&quot;Geometr\u00eda de la vida&quot; src=&quot;https:\/\/www.slideshare.net\/slideshow\/embed_code\/key\/jRMRDzqbpvbNoA&quot; width=&quot;427&quot; height=&quot;356&quot; frameborder=&quot;0&quot; marginwidth=&quot;0&quot; marginheight=&quot;0&quot; scrolling=&quot;no&quot; style=&quot;border:1px solid #CCC; border-width:1px; margin-bottom:5px; max-width: 100%;&quot; allowfullscreen&gt; &lt;\/iframe&gt;\">Esta p\u00e1gina incluye contenido multimedia que requiere aceptar todas las cookies. Pulse aqu\u00ed para abrir la configuraci\u00f3n de cookies.<\/div>\n<div style=\"margin-bottom:5px\"> <strong> <a href=\"https:\/\/es.slideshare.net\/laurajj\/geometria-en-la-naturaleza-88275344\" title=\"Geometr\u00eda de la vida\" target=\"_blank\">Geometr\u00eda de la vida<\/a> <\/strong> from <strong><a href=\"https:\/\/www.slideshare.net\/laurajj\" target=\"_blank\">laurajj<\/a><\/strong> <\/div>\n<p>&nbsp;<\/p>\n<p><strong><span style=\"color: #0000ff\">Conferencia de Guillermo M. sobre KANDINSKY Y LA SINESTESIA<\/span><\/strong><\/p>\n<p>Guillermo de 4\u00ba nos ha ense\u00f1ado que la m\u00fasica se puede ver en colores,\u00a0 que se puede escuchar la pintura, incluso que se puede asociar los colores a n\u00fameros, letras o palabras. Ha sido muy instructiva\u00a0 su informaci\u00f3n, aportando la primera persona que investig\u00f3 Mary Whiton y centr\u00e1ndose en los cuadros del pintor Kandisky y en los mensajes que \u00e9ste nos quer\u00eda transmitir.<\/p>\n<p><img decoding=\"async\" data-attachment-id=\"17789\" data-permalink=\"https:\/\/www.alqueria.es\/blogs\/alqueriasegundociclo\/2018\/02\/14\/primera-jornada-semana-cultural-geometria\/20180213_100511\/\" data-orig-file=\"https:\/\/cloud.alqueria.es\/wp-content\/uploads\/sites\/7\/2018\/02\/20180213_100511.jpg\" data-orig-size=\"1024,1024\" data-comments-opened=\"1\" data-image-meta=\"{&quot;aperture&quot;:&quot;0&quot;,&quot;credit&quot;:&quot;&quot;,&quot;camera&quot;:&quot;&quot;,&quot;caption&quot;:&quot;&quot;,&quot;created_timestamp&quot;:&quot;0&quot;,&quot;copyright&quot;:&quot;&quot;,&quot;focal_length&quot;:&quot;0&quot;,&quot;iso&quot;:&quot;0&quot;,&quot;shutter_speed&quot;:&quot;0&quot;,&quot;title&quot;:&quot;&quot;,&quot;orientation&quot;:&quot;0&quot;}\" data-image-title=\"20180213_100511\" data-image-description=\"\" data-image-caption=\"\" data-large-file=\"https:\/\/cloud.alqueria.es\/wp-content\/uploads\/sites\/7\/2018\/02\/20180213_100511.jpg\" class=\"wp-image-17789 size-thumbnail alignright\" src=\"https:\/\/cloud.alqueria.es\/wp-content\/uploads\/sites\/7\/2018\/02\/20180213_100511.jpg\" alt=\"\" width=\"150\" height=\"150\" srcset=\"https:\/\/cloud.alqueria.es\/wp-content\/uploads\/sites\/7\/2018\/02\/20180213_100511.jpg 1024w, https:\/\/cloud.alqueria.es\/wp-content\/uploads\/sites\/7\/2018\/02\/20180213_100511.jpg 150w, https:\/\/cloud.alqueria.es\/wp-content\/uploads\/sites\/7\/2018\/02\/20180213_100511.jpg 300w, https:\/\/cloud.alqueria.es\/wp-content\/uploads\/sites\/7\/2018\/02\/20180213_100511.jpg 768w\" sizes=\"(max-width: 150px) 100vw, 150px\" \/> <img decoding=\"async\" data-attachment-id=\"17788\" data-permalink=\"https:\/\/www.alqueria.es\/blogs\/alqueriasegundociclo\/2018\/02\/14\/primera-jornada-semana-cultural-geometria\/20180213_100218\/\" data-orig-file=\"https:\/\/cloud.alqueria.es\/wp-content\/uploads\/sites\/7\/2018\/02\/20180213_100218.jpg\" data-orig-size=\"1024,1024\" data-comments-opened=\"1\" data-image-meta=\"{&quot;aperture&quot;:&quot;0&quot;,&quot;credit&quot;:&quot;&quot;,&quot;camera&quot;:&quot;&quot;,&quot;caption&quot;:&quot;&quot;,&quot;created_timestamp&quot;:&quot;0&quot;,&quot;copyright&quot;:&quot;&quot;,&quot;focal_length&quot;:&quot;0&quot;,&quot;iso&quot;:&quot;0&quot;,&quot;shutter_speed&quot;:&quot;0&quot;,&quot;title&quot;:&quot;&quot;,&quot;orientation&quot;:&quot;0&quot;}\" data-image-title=\"20180213_100218\" data-image-description=\"\" data-image-caption=\"\" data-large-file=\"https:\/\/cloud.alqueria.es\/wp-content\/uploads\/sites\/7\/2018\/02\/20180213_100218.jpg\" class=\"alignleft wp-image-17788 size-thumbnail\" src=\"https:\/\/cloud.alqueria.es\/wp-content\/uploads\/sites\/7\/2018\/02\/20180213_100218.jpg\" alt=\"\" width=\"150\" height=\"150\" srcset=\"https:\/\/cloud.alqueria.es\/wp-content\/uploads\/sites\/7\/2018\/02\/20180213_100218.jpg 1024w, https:\/\/cloud.alqueria.es\/wp-content\/uploads\/sites\/7\/2018\/02\/20180213_100218.jpg 150w, https:\/\/cloud.alqueria.es\/wp-content\/uploads\/sites\/7\/2018\/02\/20180213_100218.jpg 300w, https:\/\/cloud.alqueria.es\/wp-content\/uploads\/sites\/7\/2018\/02\/20180213_100218.jpg 768w\" sizes=\"(max-width: 150px) 100vw, 150px\" \/><\/p>\n<p>&nbsp;<\/p>\n<p>&nbsp;<\/p>\n<p>&nbsp;<\/p>\n<p>&nbsp;<\/p>\n<div class=\"a25-CTUOC-hidding-box\" data-original-content=\"&lt;iframe title=&quot;Sinestesia y kandinsky&quot; src=&quot;https:\/\/www.slideshare.net\/slideshow\/embed_code\/key\/ieQZ5PtB8VZjU4&quot; width=&quot;427&quot; height=&quot;356&quot; frameborder=&quot;0&quot; marginwidth=&quot;0&quot; marginheight=&quot;0&quot; scrolling=&quot;no&quot; style=&quot;border:1px solid #CCC; border-width:1px; margin-bottom:5px; max-width: 100%;&quot; allowfullscreen&gt; &lt;\/iframe&gt;\">Esta p\u00e1gina incluye contenido multimedia que requiere aceptar todas las cookies. Pulse aqu\u00ed para abrir la configuraci\u00f3n de cookies.<\/div>\n<div style=\"margin-bottom:5px\"> <strong> <a href=\"https:\/\/es.slideshare.net\/laurajj\/sinestesia-y-kandinsky-88276638\" title=\"Sinestesia y kandinsky\" target=\"_blank\">Sinestesia y kandinsky<\/a> <\/strong> from <strong><a href=\"https:\/\/www.slideshare.net\/laurajj\" target=\"_blank\">laurajj<\/a><\/strong> <\/div>\n<p><span style=\"color: #0000ff\"><b>Inauguraci\u00f3n<\/b><\/span><\/p>\n<p>Como el lunes el tiempo lo impidi\u00f3, celebramos el martes la inauguraci\u00f3n de nuestra semana cultural. Para ello\u00a0Sonia y Alberto han organizado el acto inaugural en el han participado todos los grupos de primaria , formando seis mandalas diferentes al mismo tiempo y formando una imagen preciosa en el patio.<\/p>\n<p class=\"jetpack-slideshow-noscript robots-nocontent\">El pase de diapositivas requiere JavaScript.<\/p><div id=\"gallery-17761-1-slideshow\" class=\"jetpack-slideshow-window jetpack-slideshow jetpack-slideshow-black\" data-trans=\"fade\" data-autostart=\"1\" data-gallery=\"[{&quot;src&quot;:&quot;https:\\\/\\\/cloud.alqueria.es\\\/wp-content\\\/uploads\\\/sites\\\/7\\\/2018\\\/02\\\/IMG_5585-1024x768.jpg&quot;,&quot;id&quot;:&quot;17868&quot;,&quot;title&quot;:&quot;IMG_5585&quot;,&quot;alt&quot;:&quot;&quot;,&quot;caption&quot;:&quot;&quot;,&quot;itemprop&quot;:&quot;image&quot;},{&quot;src&quot;:&quot;https:\\\/\\\/cloud.alqueria.es\\\/wp-content\\\/uploads\\\/sites\\\/7\\\/2018\\\/02\\\/IMG_5593-1024x768.jpg&quot;,&quot;id&quot;:&quot;17876&quot;,&quot;title&quot;:&quot;IMG_5593&quot;,&quot;alt&quot;:&quot;&quot;,&quot;caption&quot;:&quot;&quot;,&quot;itemprop&quot;:&quot;image&quot;},{&quot;src&quot;:&quot;https:\\\/\\\/cloud.alqueria.es\\\/wp-content\\\/uploads\\\/sites\\\/7\\\/2018\\\/02\\\/20180213_111157.jpg&quot;,&quot;id&quot;:&quot;17783&quot;,&quot;title&quot;:&quot;20180213_111157&quot;,&quot;alt&quot;:&quot;&quot;,&quot;caption&quot;:&quot;&quot;,&quot;itemprop&quot;:&quot;image&quot;},{&quot;src&quot;:&quot;https:\\\/\\\/cloud.alqueria.es\\\/wp-content\\\/uploads\\\/sites\\\/7\\\/2018\\\/02\\\/IMG_5587-1024x768.jpg&quot;,&quot;id&quot;:&quot;17870&quot;,&quot;title&quot;:&quot;IMG_5587&quot;,&quot;alt&quot;:&quot;&quot;,&quot;caption&quot;:&quot;&quot;,&quot;itemprop&quot;:&quot;image&quot;},{&quot;src&quot;:&quot;https:\\\/\\\/cloud.alqueria.es\\\/wp-content\\\/uploads\\\/sites\\\/7\\\/2018\\\/02\\\/20180213_110812.jpg&quot;,&quot;id&quot;:&quot;17784&quot;,&quot;title&quot;:&quot;20180213_110812&quot;,&quot;alt&quot;:&quot;&quot;,&quot;caption&quot;:&quot;&quot;,&quot;itemprop&quot;:&quot;image&quot;},{&quot;src&quot;:&quot;https:\\\/\\\/cloud.alqueria.es\\\/wp-content\\\/uploads\\\/sites\\\/7\\\/2018\\\/02\\\/IMG_5584-1024x768.jpg&quot;,&quot;id&quot;:&quot;17867&quot;,&quot;title&quot;:&quot;IMG_5584&quot;,&quot;alt&quot;:&quot;&quot;,&quot;caption&quot;:&quot;&quot;,&quot;itemprop&quot;:&quot;image&quot;},{&quot;src&quot;:&quot;https:\\\/\\\/cloud.alqueria.es\\\/wp-content\\\/uploads\\\/sites\\\/7\\\/2018\\\/02\\\/IMG_5590-1024x768.jpg&quot;,&quot;id&quot;:&quot;17873&quot;,&quot;title&quot;:&quot;IMG_5590&quot;,&quot;alt&quot;:&quot;&quot;,&quot;caption&quot;:&quot;&quot;,&quot;itemprop&quot;:&quot;image&quot;},{&quot;src&quot;:&quot;https:\\\/\\\/cloud.alqueria.es\\\/wp-content\\\/uploads\\\/sites\\\/7\\\/2018\\\/02\\\/20180213_110753.jpg&quot;,&quot;id&quot;:&quot;17785&quot;,&quot;title&quot;:&quot;20180213_110753&quot;,&quot;alt&quot;:&quot;&quot;,&quot;caption&quot;:&quot;&quot;,&quot;itemprop&quot;:&quot;image&quot;}]\" itemscope itemtype=\"https:\/\/schema.org\/ImageGallery\"><\/div>\n<p><strong><span style=\"color: #0000ff\">La flor de la vida 3\u00ba<\/span><\/strong><\/p>\n<p>Mateo nos ense\u00f1a el uso del comp\u00e1s y c\u00f3mo crear la flor de la vida. Ha sido una tarea ardua, pues el comp\u00e1s no es f\u00e1cil, la precisi\u00f3n, la exactitud, limpieza en los trazos&#8230; pero lo han conseguido, les han encantado la experiencia.<\/p>\n<p class=\"jetpack-slideshow-noscript robots-nocontent\">El pase de diapositivas requiere JavaScript.<\/p><div id=\"gallery-17761-2-slideshow\" class=\"jetpack-slideshow-window jetpack-slideshow jetpack-slideshow-black\" data-trans=\"fade\" data-autostart=\"1\" data-gallery=\"[{&quot;src&quot;:&quot;https:\\\/\\\/cloud.alqueria.es\\\/wp-content\\\/uploads\\\/sites\\\/7\\\/2018\\\/02\\\/IMG_55831-1024x768.jpg&quot;,&quot;id&quot;:&quot;17883&quot;,&quot;title&quot;:&quot;IMG_55831&quot;,&quot;alt&quot;:&quot;&quot;,&quot;caption&quot;:&quot;&quot;,&quot;itemprop&quot;:&quot;image&quot;},{&quot;src&quot;:&quot;https:\\\/\\\/cloud.alqueria.es\\\/wp-content\\\/uploads\\\/sites\\\/7\\\/2018\\\/02\\\/IMG_55821-1024x768.jpg&quot;,&quot;id&quot;:&quot;17882&quot;,&quot;title&quot;:&quot;IMG_55821&quot;,&quot;alt&quot;:&quot;&quot;,&quot;caption&quot;:&quot;&quot;,&quot;itemprop&quot;:&quot;image&quot;},{&quot;src&quot;:&quot;https:\\\/\\\/cloud.alqueria.es\\\/wp-content\\\/uploads\\\/sites\\\/7\\\/2018\\\/02\\\/IMG_55811-1024x768.jpg&quot;,&quot;id&quot;:&quot;17881&quot;,&quot;title&quot;:&quot;IMG_55811&quot;,&quot;alt&quot;:&quot;&quot;,&quot;caption&quot;:&quot;&quot;,&quot;itemprop&quot;:&quot;image&quot;},{&quot;src&quot;:&quot;https:\\\/\\\/cloud.alqueria.es\\\/wp-content\\\/uploads\\\/sites\\\/7\\\/2018\\\/02\\\/IMG_55801-1024x768.jpg&quot;,&quot;id&quot;:&quot;17880&quot;,&quot;title&quot;:&quot;IMG_55801&quot;,&quot;alt&quot;:&quot;&quot;,&quot;caption&quot;:&quot;&quot;,&quot;itemprop&quot;:&quot;image&quot;},{&quot;src&quot;:&quot;https:\\\/\\\/cloud.alqueria.es\\\/wp-content\\\/uploads\\\/sites\\\/7\\\/2018\\\/02\\\/IMG_55791-1024x768.jpg&quot;,&quot;id&quot;:&quot;17879&quot;,&quot;title&quot;:&quot;IMG_55791&quot;,&quot;alt&quot;:&quot;&quot;,&quot;caption&quot;:&quot;&quot;,&quot;itemprop&quot;:&quot;image&quot;},{&quot;src&quot;:&quot;https:\\\/\\\/cloud.alqueria.es\\\/wp-content\\\/uploads\\\/sites\\\/7\\\/2018\\\/02\\\/IMG_5439-768x1024.jpg&quot;,&quot;id&quot;:&quot;17878&quot;,&quot;title&quot;:&quot;IMG_5439&quot;,&quot;alt&quot;:&quot;&quot;,&quot;caption&quot;:&quot;&quot;,&quot;itemprop&quot;:&quot;image&quot;}]\" itemscope itemtype=\"https:\/\/schema.org\/ImageGallery\"><\/div>\n<p><span style=\"color: #0000ff\"><strong>Geometric symmetry 4\u00ba<\/strong><\/span><\/p>\n<p>En lengua inglesa se ha hablado sobre la simetr\u00eda.<\/p>\n<p>Se han visualizado diferentes im\u00e1genes y fotos para ver la posible simetr\u00eda.<\/p>\n<p>Se trabajan diferentes dibujos sim\u00e9tricos.<\/p>\n<p>&nbsp;<\/p>\n<p><img decoding=\"async\" data-attachment-id=\"17799\" data-permalink=\"https:\/\/www.alqueria.es\/blogs\/alqueriasegundociclo\/2018\/02\/14\/primera-jornada-semana-cultural-geometria\/20180213_165338\/\" data-orig-file=\"https:\/\/cloud.alqueria.es\/wp-content\/uploads\/sites\/7\/2018\/02\/20180213_165338.jpg\" data-orig-size=\"1024,1024\" data-comments-opened=\"1\" data-image-meta=\"{&quot;aperture&quot;:&quot;0&quot;,&quot;credit&quot;:&quot;&quot;,&quot;camera&quot;:&quot;&quot;,&quot;caption&quot;:&quot;&quot;,&quot;created_timestamp&quot;:&quot;0&quot;,&quot;copyright&quot;:&quot;&quot;,&quot;focal_length&quot;:&quot;0&quot;,&quot;iso&quot;:&quot;0&quot;,&quot;shutter_speed&quot;:&quot;0&quot;,&quot;title&quot;:&quot;&quot;,&quot;orientation&quot;:&quot;0&quot;}\" data-image-title=\"20180213_165338\" data-image-description=\"\" data-image-caption=\"\" data-large-file=\"https:\/\/cloud.alqueria.es\/wp-content\/uploads\/sites\/7\/2018\/02\/20180213_165338.jpg\" class=\"aligncenter wp-image-17799 size-thumbnail\" src=\"https:\/\/cloud.alqueria.es\/wp-content\/uploads\/sites\/7\/2018\/02\/20180213_165338.jpg\" alt=\"\" width=\"150\" height=\"150\" srcset=\"https:\/\/cloud.alqueria.es\/wp-content\/uploads\/sites\/7\/2018\/02\/20180213_165338.jpg 1024w, https:\/\/cloud.alqueria.es\/wp-content\/uploads\/sites\/7\/2018\/02\/20180213_165338.jpg 150w, https:\/\/cloud.alqueria.es\/wp-content\/uploads\/sites\/7\/2018\/02\/20180213_165338.jpg 300w, https:\/\/cloud.alqueria.es\/wp-content\/uploads\/sites\/7\/2018\/02\/20180213_165338.jpg 768w\" sizes=\"(max-width: 150px) 100vw, 150px\" \/><\/p>\n<p class=\"jetpack-slideshow-noscript robots-nocontent\">El pase de diapositivas requiere JavaScript.<\/p><div id=\"gallery-17761-3-slideshow\" class=\"jetpack-slideshow-window jetpack-slideshow jetpack-slideshow-black\" data-trans=\"fade\" data-autostart=\"1\" data-gallery=\"[{&quot;src&quot;:&quot;https:\\\/\\\/cloud.alqueria.es\\\/wp-content\\\/uploads\\\/sites\\\/7\\\/2018\\\/02\\\/20180213_160945.jpg&quot;,&quot;id&quot;:&quot;17798&quot;,&quot;title&quot;:&quot;20180213_160945&quot;,&quot;alt&quot;:&quot;&quot;,&quot;caption&quot;:&quot;&quot;,&quot;itemprop&quot;:&quot;image&quot;},{&quot;src&quot;:&quot;https:\\\/\\\/cloud.alqueria.es\\\/wp-content\\\/uploads\\\/sites\\\/7\\\/2018\\\/02\\\/20180213_160932.jpg&quot;,&quot;id&quot;:&quot;17797&quot;,&quot;title&quot;:&quot;20180213_160932&quot;,&quot;alt&quot;:&quot;&quot;,&quot;caption&quot;:&quot;&quot;,&quot;itemprop&quot;:&quot;image&quot;},{&quot;src&quot;:&quot;https:\\\/\\\/cloud.alqueria.es\\\/wp-content\\\/uploads\\\/sites\\\/7\\\/2018\\\/02\\\/20180213_160912.jpg&quot;,&quot;id&quot;:&quot;17796&quot;,&quot;title&quot;:&quot;20180213_160912&quot;,&quot;alt&quot;:&quot;&quot;,&quot;caption&quot;:&quot;&quot;,&quot;itemprop&quot;:&quot;image&quot;},{&quot;src&quot;:&quot;https:\\\/\\\/cloud.alqueria.es\\\/wp-content\\\/uploads\\\/sites\\\/7\\\/2018\\\/02\\\/20180213_160926.jpg&quot;,&quot;id&quot;:&quot;17795&quot;,&quot;title&quot;:&quot;20180213_160926&quot;,&quot;alt&quot;:&quot;&quot;,&quot;caption&quot;:&quot;&quot;,&quot;itemprop&quot;:&quot;image&quot;}]\" itemscope itemtype=\"https:\/\/schema.org\/ImageGallery\"><\/div>\n<p><strong><span style=\"color: #0000ff\">Conferencia para 3\u00ba de Sim\u00f3n \u00abCUBO DE RUBIK\u00bb<\/span><\/strong><\/p>\n<p>Sim\u00f3n, compa\u00f1ero de quinto, ofrece a la clase de tercero una conferencia sobre la historia del cubo de Rubik. Este rompecabezas lanzado en 1984 como un juguete, ha evolucionado a lo largo de los a\u00f1os ofreciendo distintos formatos de dise\u00f1o y complejidad como el cubo de 3x3x3 o incluso 22x22x22.<\/p>\n<p>El autor del cubo, sus partes y las posibilidades que ofrece el cubo en nosotros respecto al pensamiento l\u00f3gico matem\u00e1tico mediante secuencias o c\u00f3digos junto a la memoria, es una herramienta perfecta para trabajar a estas edades.<\/p>\n<p>Gracias Sim\u00f3n por compartir tus conocimientos sobre este tema con nosotros.<\/p>\n<p><a href=\"https:\/\/es.scribd.com\/presentation\/371500307\/Cubos-de-Rubik\"><img decoding=\"async\" class=\"aligncenter\" src=\"https:\/\/http2.mlstatic.com\/rubik-D_Q_NP_815807-MLA26154329306_102017-Q.webp\" alt=\"Cubos Rubik Originales Combo Imperdible Importador Oficial\" \/><\/a><\/p>\n<p><span style=\"color: #0000ff\"><strong>Geometr\u00eda recreativa de 4\u00ba con 2\u00ba<\/strong><\/span><\/p>\n<p>El grupo de 4\u00ba ha sido anfitri\u00f3n del grupo de 2\u00ba y le ha ense\u00f1ado a construir diferentes cuerpos geom\u00e9tricos con tiras de cartulinas. Ha sido un momento agradable el poder ense\u00f1ar lo que se ha aprendido sobre la geometr\u00eda, en especial se ha hablado de las caras, las bases, los v\u00e9rtices y las aristas desde las cuales se trabajan para crear diferentes cuerpos geom\u00e9tricos.<\/p>\n<p><img decoding=\"async\" data-attachment-id=\"17793\" data-permalink=\"https:\/\/www.alqueria.es\/blogs\/alqueriasegundociclo\/2018\/02\/14\/primera-jornada-semana-cultural-geometria\/20180213_124459\/\" data-orig-file=\"https:\/\/cloud.alqueria.es\/wp-content\/uploads\/sites\/7\/2018\/02\/20180213_124459.jpg\" data-orig-size=\"1024,1024\" data-comments-opened=\"1\" data-image-meta=\"{&quot;aperture&quot;:&quot;0&quot;,&quot;credit&quot;:&quot;&quot;,&quot;camera&quot;:&quot;&quot;,&quot;caption&quot;:&quot;&quot;,&quot;created_timestamp&quot;:&quot;0&quot;,&quot;copyright&quot;:&quot;&quot;,&quot;focal_length&quot;:&quot;0&quot;,&quot;iso&quot;:&quot;0&quot;,&quot;shutter_speed&quot;:&quot;0&quot;,&quot;title&quot;:&quot;&quot;,&quot;orientation&quot;:&quot;0&quot;}\" data-image-title=\"20180213_124459\" data-image-description=\"\" data-image-caption=\"\" data-large-file=\"https:\/\/cloud.alqueria.es\/wp-content\/uploads\/sites\/7\/2018\/02\/20180213_124459.jpg\" class=\"alignleft wp-image-17793 size-thumbnail\" src=\"https:\/\/cloud.alqueria.es\/wp-content\/uploads\/sites\/7\/2018\/02\/20180213_124459.jpg\" alt=\"\" width=\"150\" height=\"150\" srcset=\"https:\/\/cloud.alqueria.es\/wp-content\/uploads\/sites\/7\/2018\/02\/20180213_124459.jpg 1024w, https:\/\/cloud.alqueria.es\/wp-content\/uploads\/sites\/7\/2018\/02\/20180213_124459.jpg 150w, https:\/\/cloud.alqueria.es\/wp-content\/uploads\/sites\/7\/2018\/02\/20180213_124459.jpg 300w, https:\/\/cloud.alqueria.es\/wp-content\/uploads\/sites\/7\/2018\/02\/20180213_124459.jpg 768w\" sizes=\"(max-width: 150px) 100vw, 150px\" \/> <img decoding=\"async\" data-attachment-id=\"17792\" data-permalink=\"https:\/\/www.alqueria.es\/blogs\/alqueriasegundociclo\/2018\/02\/14\/primera-jornada-semana-cultural-geometria\/20180213_124515\/\" data-orig-file=\"https:\/\/cloud.alqueria.es\/wp-content\/uploads\/sites\/7\/2018\/02\/20180213_124515.jpg\" data-orig-size=\"1024,1024\" data-comments-opened=\"1\" data-image-meta=\"{&quot;aperture&quot;:&quot;0&quot;,&quot;credit&quot;:&quot;&quot;,&quot;camera&quot;:&quot;&quot;,&quot;caption&quot;:&quot;&quot;,&quot;created_timestamp&quot;:&quot;0&quot;,&quot;copyright&quot;:&quot;&quot;,&quot;focal_length&quot;:&quot;0&quot;,&quot;iso&quot;:&quot;0&quot;,&quot;shutter_speed&quot;:&quot;0&quot;,&quot;title&quot;:&quot;&quot;,&quot;orientation&quot;:&quot;0&quot;}\" data-image-title=\"20180213_124515\" data-image-description=\"\" data-image-caption=\"\" data-large-file=\"https:\/\/cloud.alqueria.es\/wp-content\/uploads\/sites\/7\/2018\/02\/20180213_124515.jpg\" class=\"alignright wp-image-17792 size-thumbnail\" src=\"https:\/\/cloud.alqueria.es\/wp-content\/uploads\/sites\/7\/2018\/02\/20180213_124515.jpg\" alt=\"\" width=\"150\" height=\"150\" srcset=\"https:\/\/cloud.alqueria.es\/wp-content\/uploads\/sites\/7\/2018\/02\/20180213_124515.jpg 1024w, https:\/\/cloud.alqueria.es\/wp-content\/uploads\/sites\/7\/2018\/02\/20180213_124515.jpg 150w, https:\/\/cloud.alqueria.es\/wp-content\/uploads\/sites\/7\/2018\/02\/20180213_124515.jpg 300w, https:\/\/cloud.alqueria.es\/wp-content\/uploads\/sites\/7\/2018\/02\/20180213_124515.jpg 768w\" sizes=\"(max-width: 150px) 100vw, 150px\" \/> <img decoding=\"async\" data-attachment-id=\"17791\" data-permalink=\"https:\/\/www.alqueria.es\/blogs\/alqueriasegundociclo\/2018\/02\/14\/primera-jornada-semana-cultural-geometria\/20180213_124533\/\" data-orig-file=\"https:\/\/cloud.alqueria.es\/wp-content\/uploads\/sites\/7\/2018\/02\/20180213_124533.jpg\" data-orig-size=\"1024,1024\" data-comments-opened=\"1\" data-image-meta=\"{&quot;aperture&quot;:&quot;0&quot;,&quot;credit&quot;:&quot;&quot;,&quot;camera&quot;:&quot;&quot;,&quot;caption&quot;:&quot;&quot;,&quot;created_timestamp&quot;:&quot;0&quot;,&quot;copyright&quot;:&quot;&quot;,&quot;focal_length&quot;:&quot;0&quot;,&quot;iso&quot;:&quot;0&quot;,&quot;shutter_speed&quot;:&quot;0&quot;,&quot;title&quot;:&quot;&quot;,&quot;orientation&quot;:&quot;0&quot;}\" data-image-title=\"20180213_124533\" data-image-description=\"\" data-image-caption=\"\" data-large-file=\"https:\/\/cloud.alqueria.es\/wp-content\/uploads\/sites\/7\/2018\/02\/20180213_124533.jpg\" class=\"alignleft wp-image-17791 size-thumbnail\" src=\"https:\/\/cloud.alqueria.es\/wp-content\/uploads\/sites\/7\/2018\/02\/20180213_124533.jpg\" alt=\"\" width=\"150\" height=\"150\" srcset=\"https:\/\/cloud.alqueria.es\/wp-content\/uploads\/sites\/7\/2018\/02\/20180213_124533.jpg 1024w, https:\/\/cloud.alqueria.es\/wp-content\/uploads\/sites\/7\/2018\/02\/20180213_124533.jpg 150w, https:\/\/cloud.alqueria.es\/wp-content\/uploads\/sites\/7\/2018\/02\/20180213_124533.jpg 300w, https:\/\/cloud.alqueria.es\/wp-content\/uploads\/sites\/7\/2018\/02\/20180213_124533.jpg 768w\" sizes=\"(max-width: 150px) 100vw, 150px\" \/> <img decoding=\"async\" data-attachment-id=\"17790\" data-permalink=\"https:\/\/www.alqueria.es\/blogs\/alqueriasegundociclo\/2018\/02\/14\/primera-jornada-semana-cultural-geometria\/20180213_124452\/\" data-orig-file=\"https:\/\/cloud.alqueria.es\/wp-content\/uploads\/sites\/7\/2018\/02\/20180213_124452.jpg\" data-orig-size=\"1024,1024\" data-comments-opened=\"1\" data-image-meta=\"{&quot;aperture&quot;:&quot;0&quot;,&quot;credit&quot;:&quot;&quot;,&quot;camera&quot;:&quot;&quot;,&quot;caption&quot;:&quot;&quot;,&quot;created_timestamp&quot;:&quot;0&quot;,&quot;copyright&quot;:&quot;&quot;,&quot;focal_length&quot;:&quot;0&quot;,&quot;iso&quot;:&quot;0&quot;,&quot;shutter_speed&quot;:&quot;0&quot;,&quot;title&quot;:&quot;&quot;,&quot;orientation&quot;:&quot;0&quot;}\" data-image-title=\"20180213_124452\" data-image-description=\"\" data-image-caption=\"\" data-large-file=\"https:\/\/cloud.alqueria.es\/wp-content\/uploads\/sites\/7\/2018\/02\/20180213_124452.jpg\" class=\"alignright wp-image-17790 size-thumbnail\" src=\"https:\/\/cloud.alqueria.es\/wp-content\/uploads\/sites\/7\/2018\/02\/20180213_124452.jpg\" alt=\"\" width=\"150\" height=\"150\" srcset=\"https:\/\/cloud.alqueria.es\/wp-content\/uploads\/sites\/7\/2018\/02\/20180213_124452.jpg 1024w, https:\/\/cloud.alqueria.es\/wp-content\/uploads\/sites\/7\/2018\/02\/20180213_124452.jpg 150w, https:\/\/cloud.alqueria.es\/wp-content\/uploads\/sites\/7\/2018\/02\/20180213_124452.jpg 300w, https:\/\/cloud.alqueria.es\/wp-content\/uploads\/sites\/7\/2018\/02\/20180213_124452.jpg 768w\" sizes=\"(max-width: 150px) 100vw, 150px\" \/><\/p>\n","protected":false},"excerpt":{"rendered":"<p>En nuestra segunda jornada las actividades giran en torno a lo que llamamos ciclo de conferencias, donde el alumnado es el protagonista. Conferencia de Mateo M. sobre GEOMETR\u00cdA DE LA VIDA Mateo nos cuenta la importancia de la geometr\u00eda para las personas de distintas religiones y culturas, como por ejemplo LA FLOR DE LA VIDA, &hellip; <a href=\"https:\/\/www.alqueria.es\/blogs\/alqueriasegundociclo\/2018\/02\/19\/segunda-jornada-semana-cultural-geometria\/\" class=\"more-link\">Seguir leyendo <span class=\"screen-reader-text\">Segunda jornada.  Semana cultural \u00abGEOMETR\u00cdA\u00bb<\/span> <span class=\"meta-nav\">&rarr;<\/span><\/a><\/p>\n","protected":false},"author":16,"featured_media":0,"comment_status":"open","ping_status":"open","sticky":false,"template":"","format":"standard","meta":{"jetpack_post_was_ever_published":false,"_jetpack_newsletter_access":"","_jetpack_dont_email_post_to_subs":false,"_jetpack_newsletter_tier_id":0,"_jetpack_memberships_contains_paywalled_content":false,"_jetpack_memberships_contains_paid_content":false,"footnotes":"","jetpack_publicize_message":"","jetpack_publicize_feature_enabled":true,"jetpack_social_post_already_shared":true,"jetpack_social_options":{"image_generator_settings":{"template":"highway","default_image_id":0,"font":"","enabled":false},"version":2}},"categories":[5,6,388],"tags":[393,394,397,395,396],"class_list":["post-17761","post","type-post","status-publish","format-standard","hentry","category-3o-epo","category-4o-epo","category-semana-cultural-geometria","tag-geometria-fractal","tag-kandinsky-y-la-sinestesia","tag-mandalas","tag-rubik","tag-simetria"],"jetpack_publicize_connections":[],"jetpack_featured_media_url":"","jetpack_sharing_enabled":true,"jetpack_shortlink":"https:\/\/wp.me\/p4lw4c-4Ct","_links":{"self":[{"href":"https:\/\/www.alqueria.es\/blogs\/alqueriasegundociclo\/wp-json\/wp\/v2\/posts\/17761","targetHints":{"allow":["GET"]}}],"collection":[{"href":"https:\/\/www.alqueria.es\/blogs\/alqueriasegundociclo\/wp-json\/wp\/v2\/posts"}],"about":[{"href":"https:\/\/www.alqueria.es\/blogs\/alqueriasegundociclo\/wp-json\/wp\/v2\/types\/post"}],"author":[{"embeddable":true,"href":"https:\/\/www.alqueria.es\/blogs\/alqueriasegundociclo\/wp-json\/wp\/v2\/users\/16"}],"replies":[{"embeddable":true,"href":"https:\/\/www.alqueria.es\/blogs\/alqueriasegundociclo\/wp-json\/wp\/v2\/comments?post=17761"}],"version-history":[{"count":0,"href":"https:\/\/www.alqueria.es\/blogs\/alqueriasegundociclo\/wp-json\/wp\/v2\/posts\/17761\/revisions"}],"wp:attachment":[{"href":"https:\/\/www.alqueria.es\/blogs\/alqueriasegundociclo\/wp-json\/wp\/v2\/media?parent=17761"}],"wp:term":[{"taxonomy":"category","embeddable":true,"href":"https:\/\/www.alqueria.es\/blogs\/alqueriasegundociclo\/wp-json\/wp\/v2\/categories?post=17761"},{"taxonomy":"post_tag","embeddable":true,"href":"https:\/\/www.alqueria.es\/blogs\/alqueriasegundociclo\/wp-json\/wp\/v2\/tags?post=17761"}],"curies":[{"name":"wp","href":"https:\/\/api.w.org\/{rel}","templated":true}]}}